{"id":86,"date":"2013-02-19T00:01:57","date_gmt":"2013-02-19T03:01:57","guid":{"rendered":"http:\/\/www.encontramaceio.com.br\/noticias\/?p=86"},"modified":"2019-04-15T10:50:48","modified_gmt":"2019-04-15T13:50:48","slug":"maceio-recebe-quinta-edicao-da-mostra-de-cinema-festival-do-juri-popular","status":"publish","type":"post","link":"https:\/\/www.encontramaceio.com.br\/sobre\/maceio-recebe-quinta-edicao-da-mostra-de-cinema-festival-do-juri-popular\/","title":{"rendered":"Macei\u00f3 recebe quinta edi\u00e7\u00e3o da mostra de cinema Festival do J\u00fari Popular"},"content":{"rendered":"<div class=\"dcb782f0616bca5484400fea6b37e93d\" data-index=\"1\" style=\"float: none; margin:0px;\">\n<script async src=\"https:\/\/pagead2.googlesyndication.com\/pagead\/js\/adsbygoogle.js?client=ca-pub-8585364105181520\"\r\n     crossorigin=\"anonymous\"><\/script>\r\n<!-- Anuncio display - global -->\r\n<ins class=\"adsbygoogle\"\r\n     style=\"display:block\"\r\n     data-ad-client=\"ca-pub-8585364105181520\"\r\n     data-ad-slot=\"8789329856\"\r\n     data-ad-format=\"auto\"\r\n     data-full-width-responsive=\"true\"><\/ins>\r\n<script>\r\n     (adsbygoogle = window.adsbygoogle || []).push({});\r\n<\/script>\n<\/div>\n<p>Macei\u00f3\u00a0sedia desde ontem (18) a 5\u00aa edi\u00e7\u00e3o do Festival do J\u00fari Popular (FJP), no Museu da Imagem e do Som de\u00a0Alagoas\u00a0(Misa), localizado na Rua S\u00e1 e Albuquerque, em frente \u00e0 Pra\u00e7a Dois Le\u00f5es, no bairro do Jaragu\u00e1. O <a title=\"Eventos em Macei\u00f3\" href=\"http:\/\/www.encontramaceio.com.br\/e\/eventos-em-maceio.shtml\" target=\"_blank\">evento na cidade de Macei\u00f3<\/a> segue at\u00e9 s\u00e1bado (23), com apresenta\u00e7\u00e3o de 6 curtas-metragens por noite. A entrada \u00e9 franca.<\/p>\n<p>O FJP \u00e9 um festival competitivo, sem j\u00fari oficial, em que o espectador, al\u00e9m do tradicional Melhor Filme, vota em todas as categorias: dire\u00e7\u00e3o, roteiro, fotografia, montagem, dire\u00e7\u00e3o de arte, ator\/atriz e trilha sonora. Al\u00e9m da competi\u00e7\u00e3o de curtas, este ano tamb\u00e9m vai haver a mostra competitiva de longas-metragens.<\/p>\n<div>Dois filmes de cineastas alagoanos est\u00e3o concorrendo na mostra. Um deles \u00e9 &#8220;O que lembro, tenho&#8221;, de Rafhael Barbosa, premiado no Festiva Sururu, e o outro \u00e9 \u201cQuem tem medo de Cris Neg\u00e3o?&#8221;, de Ren\u00e9 Guerra.<\/div>\n<p>O coordenador do FJP, Marcos Sampaio, disse que o festival \u00e9 uma janela para que o p\u00fablico tenha acesso de forma gratuita ao melhor da produ\u00e7\u00e3o de curtas-metragens do cinema brasileiro. \u201cO publico vai ter a oportunidade n\u00e3o apenas de assistir, mas de ser o jurado. Ele vai poder dar a nota ao filme em seus v\u00e1rios aspectos. \u00c9 um festival interativo\u201d, ressaltou.<\/p>\n<div>Os filmes selecionados est\u00e3o divididos em seis programas competitivos, com dura\u00e7\u00e3o m\u00e9dia de 90 minutos. Al\u00e9m de Macei\u00f3, tomam parte do circuito outras 18 cidades do pa\u00eds.\u00a0Clique aqui\u00a0e confira a programa\u00e7\u00e3o dos filmes.<\/div>\n<p>Vota\u00e7\u00e3o<\/p>\n<p>Na entrada de cada sess\u00e3o, o p\u00fablico vai receber uma c\u00e9dula de vota\u00e7\u00e3o com a rela\u00e7\u00e3o dos filmes a serem exibidos. Nela, constar\u00e3o informa\u00e7\u00f5es sobre a categoria de cada filme (nome do diretor, fot\u00f3grafo, roteirista, personagens) e as respectivas op\u00e7\u00f5es de avalia\u00e7\u00e3o. Esta avalia\u00e7\u00e3o passa por quatro crit\u00e9rios: ruim, regular, bom, \u00f3timo. Ao fim da proje\u00e7\u00e3o, as c\u00e9dulas devem ser depositadas em uma urna que vai estar na sa\u00edda da sala de exibi\u00e7\u00e3o.<\/p>\n<p><em>Fonte: G1<\/em><\/p>\n\n<div style=\"font-size: 0px; height: 0px; line-height: 0px; margin: 0; padding: 0; clear: both;\"><\/div>","protected":false},"excerpt":{"rendered":"<p>Macei\u00f3\u00a0sedia desde ontem (18) a 5\u00aa edi\u00e7\u00e3o do Festival do J\u00fari Popular (FJP), no Museu da Imagem e do Som de\u00a0Alagoas\u00a0(Misa), localizado na Rua S\u00e1 e Albuquerque, em frente \u00e0 Pra\u00e7a Dois Le\u00f5es, no bairro do Jaragu\u00e1. O evento na cidade de Macei\u00f3 segue at\u00e9 s\u00e1bado (23), com apresenta\u00e7\u00e3o de 6 curtas-metragens por noite. A entrada \u00e9 franca. O FJP \u00e9 um festival competitivo, sem j\u00fari oficial, em que o espectador, al\u00e9m do tradicional Melhor Filme, vota em todas as categorias: dire\u00e7\u00e3o, roteiro, fotografia, montagem, dire\u00e7\u00e3o de arte, ator\/atriz e trilha sonora. Al\u00e9m da competi\u00e7\u00e3o de curtas, este ano tamb\u00e9m <\/p>\n","protected":false},"author":1,"featured_media":0,"comment_status":"open","ping_status":"closed","sticky":false,"template":"","format":"standard","meta":{"footnotes":""},"categories":[1,7],"tags":[10],"class_list":["post-86","post","type-post","status-publish","format-standard","hentry","category-noticias-em-maceio","category-servicos-em-maceio","tag-maceio"],"aioseo_notices":[],"_links":{"self":[{"href":"https:\/\/www.encontramaceio.com.br\/sobre\/wp-json\/wp\/v2\/posts\/86","targetHints":{"allow":["GET"]}}],"collection":[{"href":"https:\/\/www.encontramaceio.com.br\/sobre\/wp-json\/wp\/v2\/posts"}],"about":[{"href":"https:\/\/www.encontramaceio.com.br\/sobre\/wp-json\/wp\/v2\/types\/post"}],"author":[{"embeddable":true,"href":"https:\/\/www.encontramaceio.com.br\/sobre\/wp-json\/wp\/v2\/users\/1"}],"replies":[{"embeddable":true,"href":"https:\/\/www.encontramaceio.com.br\/sobre\/wp-json\/wp\/v2\/comments?post=86"}],"version-history":[{"count":3,"href":"https:\/\/www.encontramaceio.com.br\/sobre\/wp-json\/wp\/v2\/posts\/86\/revisions"}],"predecessor-version":[{"id":429,"href":"https:\/\/www.encontramaceio.com.br\/sobre\/wp-json\/wp\/v2\/posts\/86\/revisions\/429"}],"wp:attachment":[{"href":"https:\/\/www.encontramaceio.com.br\/sobre\/wp-json\/wp\/v2\/media?parent=86"}],"wp:term":[{"taxonomy":"category","embeddable":true,"href":"https:\/\/www.encontramaceio.com.br\/sobre\/wp-json\/wp\/v2\/categories?post=86"},{"taxonomy":"post_tag","embeddable":true,"href":"https:\/\/www.encontramaceio.com.br\/sobre\/wp-json\/wp\/v2\/tags?post=86"}],"curies":[{"name":"wp","href":"https:\/\/api.w.org\/{rel}","templated":true}]}}