{"id":712,"date":"2017-08-31T11:20:22","date_gmt":"2017-08-31T14:20:22","guid":{"rendered":"http:\/\/www.encontramaceio.com.br\/sobre\/?p=712"},"modified":"2019-04-15T10:49:55","modified_gmt":"2019-04-15T13:49:55","slug":"cvc-maceio","status":"publish","type":"post","link":"https:\/\/www.encontramaceio.com.br\/sobre\/cvc-maceio\/","title":{"rendered":"CVC Macei\u00f3"},"content":{"rendered":"<div class=\"dcb782f0616bca5484400fea6b37e93d\" data-index=\"1\" style=\"float: none; margin:0px;\">\n<script async src=\"https:\/\/pagead2.googlesyndication.com\/pagead\/js\/adsbygoogle.js?client=ca-pub-8585364105181520\"\r\n     crossorigin=\"anonymous\"><\/script>\r\n<!-- Anuncio display - global -->\r\n<ins class=\"adsbygoogle\"\r\n     style=\"display:block\"\r\n     data-ad-client=\"ca-pub-8585364105181520\"\r\n     data-ad-slot=\"8789329856\"\r\n     data-ad-format=\"auto\"\r\n     data-full-width-responsive=\"true\"><\/ins>\r\n<script>\r\n     (adsbygoogle = window.adsbygoogle || []).push({});\r\n<\/script>\n<\/div>\n<p>A CVC faz tudo por uma boa viagem. Por isso trabalha para transformar essa experi\u00eancia na melhor conquista de sua vida, atrav\u00e9s de novas tend\u00eancias e ampla rede de produtos e servi\u00e7os tur\u00edsticos. \u00c9 essa forma de pensar que estabelece a CVC como a maior operadora de turismo da Am\u00e9rica Latina.<\/p>\n<p>O comprometimento social, a solidez e a inova\u00e7\u00e3o da<strong> CVC Macei\u00f3\u00a0<\/strong>propiciaram notoriedade e visibilidade junto ao p\u00fablico.<\/p>\n<p><img loading=\"lazy\" decoding=\"async\" class=\"alignnone wp-image-713 size-full\" title=\"CVC Macei\u00f3\" src=\"http:\/\/www.encontramaceio.com.br\/sobre\/wp-content\/uploads\/2017\/08\/cvc-maceio.jpg\" alt=\"CVC Macei\u00f3\" width=\"680\" height=\"189\" srcset=\"https:\/\/www.encontramaceio.com.br\/sobre\/wp-content\/uploads\/2017\/08\/cvc-maceio.jpg 680w, https:\/\/www.encontramaceio.com.br\/sobre\/wp-content\/uploads\/2017\/08\/cvc-maceio-300x83.jpg 300w\" sizes=\"auto, (max-width: 680px) 100vw, 680px\" \/><\/p>\n<h2>CVC Macei\u00f3 Pacotes e Hot\u00e9is<\/h2>\n<p>Para consultar pacotes, passeios e valores dispon\u00edveis\u00a0para <span style=\"text-decoration: underline;\">Macei\u00f3<\/span> consulte o site da CVC. Os valores podem variar de acordo com as datas, n\u00famero de di\u00e1rias e \u00e9poca do ano escolhida para realizar sua viagem.<\/p>\n<h3>CVC Macei\u00f3 Fotos<\/h3>\n<p>Veja algumas fotos\u00a0de\u00a0CVC Macei\u00f3.<\/p>\n<p><em><img loading=\"lazy\" decoding=\"async\" class=\"alignnone wp-image-714 size-full\" title=\"CVC Macei\u00f3\" src=\"http:\/\/www.encontramaceio.com.br\/sobre\/wp-content\/uploads\/2017\/08\/cvc-maceio1.jpg\" alt=\"CVC Macei\u00f3\" width=\"680\" height=\"189\" \/><\/em><\/p>\n<p><img loading=\"lazy\" decoding=\"async\" class=\"alignnone wp-image-715 size-full\" title=\"CVC Macei\u00f3\" src=\"http:\/\/www.encontramaceio.com.br\/sobre\/wp-content\/uploads\/2017\/08\/cvc-maceio2.jpg\" alt=\"CVC Macei\u00f3\" width=\"680\" height=\"189\" \/><\/p>\n<h3>Vagas CVC Macei\u00f3 &#8211; Trabalhe Conosco<\/h3>\n<p>A CVC Macei\u00f3 disponibiliza vagas de trabalho durante todo ano. Para se informar sobre os processos seletivos e se candidatar as vagas acompanhe o site da empresa, onde \u00e9 poss\u00edvel se informar sobre vagas abertas, sal\u00e1rios e compet\u00eancias necess\u00e1rias para se candidatar ao processo.<\/p>\n<h3>Hor\u00e1rio de Funcionamento CVC Macei\u00f3<\/h3>\n<ul>\n<li><strong>CVC Centro<\/strong>: Segunda a S\u00e1bado 10h \u00e0s\u00a022h \u00a0e Domingo 14h \u00e0s 22h<\/li>\n<li><strong>CVC Loja Ponta Verde<\/strong>:\u00a0Segunda a S\u00e1bado 10h \u00e0s\u00a022h \u00a0e Domingo 14h \u00e0s 22h<\/li>\n<li><strong>CVC Macei\u00f3 Hiper Farol<\/strong>:\u00a0Segunda a S\u00e1bado 10h \u00e0s\u00a022h \u00a0e Domingo 14h \u00e0s 22h<\/li>\n<li><strong>CVC Parque Shopping Macei\u00f3<\/strong>:\u00a0Segunda a S\u00e1bado 10h \u00e0s\u00a022h \u00a0e Domingo 14h \u00e0s 22h<\/li>\n<li><strong>CVC Shopping Patio Macei\u00f3<\/strong>:\u00a0Segunda a S\u00e1bado 10h \u00e0s\u00a022h \u00a0e Domingo 14h \u00e0s 22h<\/li>\n<\/ul>\n<h3>Endere\u00e7o e Telefone CVC Macei\u00f3<\/h3>\n<ul>\n<li><strong>CVC Hiper Farol<\/strong>:\u00a0Av. Fernandes Lima, 3700 &#8211; Gruta<\/li>\n<li><strong>CVC Loja Ponta Verde<\/strong>:\u00a0Rua Engenheiro M\u00e1rio de Gusm\u00e3o, 466 &#8211; Sala 5 &#8211; Ponta Verde<\/li>\n<li><strong>CVC Macei\u00f3 Centro<\/strong>: Rua do Sol, 581 &#8211; Centro<\/li>\n<li><strong>CVC Parque Shopping Macei\u00f3<\/strong>:\u00a0Av Comendador Gustavo Paiva 5945 &#8211; LOJA 1044<\/li>\n<li><strong>CVC Shopping Patio Macei\u00f3<\/strong>: Av. Menino Marcelo, 3800 &#8211; 106 &#8211; Cidade Universit\u00e1ria<\/li>\n<\/ul>\n<h3>Outras informa\u00e7\u00f5es e site<\/h3>\n<ul>\n<li>Mais informa\u00e7\u00f5es:\u00a0<a href=\"http:\/\/www.cvc.com.br\/hoteis\/hoteis-em-maceio.aspx\" target=\"_blank\" rel=\"noopener noreferrer\">www.cvc.com.br<\/a><\/li>\n<\/ul>\n<h4>Mapa de localiza\u00e7\u00e3o\u00a0CVC Hiper Farol<\/h4>\n<a class=\"wp-colorbox-iframe\" href=\"https:\/\/www.google.com\/maps\/embed?pb=!1m18!1m12!1m3!1d62941.3363494885!2d-35.757622438064665!3d-9.609599177659861!2m3!1f0!2f0!3f0!3m2!1i1024!2i768!4f13.1!3m3!1m2!1s0x7014602d7d68a030x9cfb633c3e5f3778!2sCVC+HIPER+FAROL!5e0!3m2!1spt-BR!2sbr!4v1504188447822\"><img decoding=\"async\" src=\"http:\/\/www.encontramaceio.com.br\/imgs\/maps-post.png\"><\/a>\n\n<div style=\"font-size: 0px; height: 0px; line-height: 0px; margin: 0; padding: 0; clear: both;\"><\/div>","protected":false},"excerpt":{"rendered":"<p>A CVC faz tudo por uma boa viagem. Por isso trabalha para transformar essa experi\u00eancia na melhor conquista de sua vida, atrav\u00e9s de novas tend\u00eancias e ampla rede de produtos e servi\u00e7os tur\u00edsticos. \u00c9 essa forma de pensar que estabelece a CVC como a maior operadora de turismo da Am\u00e9rica Latina. O comprometimento social, a solidez e a inova\u00e7\u00e3o da CVC Macei\u00f3\u00a0propiciaram notoriedade e visibilidade junto ao p\u00fablico. CVC Macei\u00f3 Pacotes e Hot\u00e9is Para consultar pacotes, passeios e valores dispon\u00edveis\u00a0para Macei\u00f3 consulte o site da CVC. Os valores podem variar de acordo com as datas, n\u00famero de di\u00e1rias e \u00e9poca <\/p>\n","protected":false},"author":1,"featured_media":713,"comment_status":"open","ping_status":"closed","sticky":false,"template":"","format":"standard","meta":{"footnotes":""},"categories":[17],"tags":[],"class_list":["post-712","post","type-post","status-publish","format-standard","has-post-thumbnail","hentry","category-lugares-em-maceio","has_thumb"],"aioseo_notices":[],"_links":{"self":[{"href":"https:\/\/www.encontramaceio.com.br\/sobre\/wp-json\/wp\/v2\/posts\/712","targetHints":{"allow":["GET"]}}],"collection":[{"href":"https:\/\/www.encontramaceio.com.br\/sobre\/wp-json\/wp\/v2\/posts"}],"about":[{"href":"https:\/\/www.encontramaceio.com.br\/sobre\/wp-json\/wp\/v2\/types\/post"}],"author":[{"embeddable":true,"href":"https:\/\/www.encontramaceio.com.br\/sobre\/wp-json\/wp\/v2\/users\/1"}],"replies":[{"embeddable":true,"href":"https:\/\/www.encontramaceio.com.br\/sobre\/wp-json\/wp\/v2\/comments?post=712"}],"version-history":[{"count":7,"href":"https:\/\/www.encontramaceio.com.br\/sobre\/wp-json\/wp\/v2\/posts\/712\/revisions"}],"predecessor-version":[{"id":966,"href":"https:\/\/www.encontramaceio.com.br\/sobre\/wp-json\/wp\/v2\/posts\/712\/revisions\/966"}],"wp:featuredmedia":[{"embeddable":true,"href":"https:\/\/www.encontramaceio.com.br\/sobre\/wp-json\/wp\/v2\/media\/713"}],"wp:attachment":[{"href":"https:\/\/www.encontramaceio.com.br\/sobre\/wp-json\/wp\/v2\/media?parent=712"}],"wp:term":[{"taxonomy":"category","embeddable":true,"href":"https:\/\/www.encontramaceio.com.br\/sobre\/wp-json\/wp\/v2\/categories?post=712"},{"taxonomy":"post_tag","embeddable":true,"href":"https:\/\/www.encontramaceio.com.br\/sobre\/wp-json\/wp\/v2\/tags?post=712"}],"curies":[{"name":"wp","href":"https:\/\/api.w.org\/{rel}","templated":true}]}}