{"id":618,"date":"2017-08-29T13:31:37","date_gmt":"2017-08-29T16:31:37","guid":{"rendered":"http:\/\/www.encontramaceio.com.br\/sobre\/?p=618"},"modified":"2019-04-15T10:49:55","modified_gmt":"2019-04-15T13:49:55","slug":"carajas-maceio","status":"publish","type":"post","link":"https:\/\/www.encontramaceio.com.br\/sobre\/carajas-maceio\/","title":{"rendered":"Caraj\u00e1s Macei\u00f3"},"content":{"rendered":"<div class=\"dcb782f0616bca5484400fea6b37e93d\" data-index=\"1\" style=\"float: none; margin:0px;\">\n<script async src=\"https:\/\/pagead2.googlesyndication.com\/pagead\/js\/adsbygoogle.js?client=ca-pub-8585364105181520\"\r\n     crossorigin=\"anonymous\"><\/script>\r\n<!-- Anuncio display - global -->\r\n<ins class=\"adsbygoogle\"\r\n     style=\"display:block\"\r\n     data-ad-client=\"ca-pub-8585364105181520\"\r\n     data-ad-slot=\"8789329856\"\r\n     data-ad-format=\"auto\"\r\n     data-full-width-responsive=\"true\"><\/ins>\r\n<script>\r\n     (adsbygoogle = window.adsbygoogle || []).push({});\r\n<\/script>\n<\/div>\n<p>H\u00e1 quarenta anos, ou mais exatamente em 1974, no in\u00edcio de tudo, a <strong>Caraj\u00e1s Macei\u00f3<\/strong> era uma pequena empresa dedicada a comercializar madeira. Quatro d\u00e9cadas depois, um s\u00f3lido grupo familiar composto de cinco grandes lojas Caraj\u00e1s voltadas para home center e material de constru\u00e7\u00e3o.<\/p>\n<p>Em Macei\u00f3 e Arapiraca \u2013 em Alagoas \u2013 e Jo\u00e3o Pessoa, Cabedelo e Campina Grande \u2013 na Para\u00edba, todas com ampla \u00e1reas de vendas e estacionamento. Al\u00e9m de um moderno Centro de Distribui\u00e7\u00e3o localizado em Alagoas.<\/p>\n<p><img loading=\"lazy\" decoding=\"async\" class=\"alignnone wp-image-628 size-full\" title=\"Caraj\u00e1s Macei\u00f3\" src=\"http:\/\/www.encontramaceio.com.br\/sobre\/wp-content\/uploads\/2017\/08\/carajas-maceio.jpg\" alt=\"Caraj\u00e1s Macei\u00f3\" width=\"680\" height=\"189\" srcset=\"https:\/\/www.encontramaceio.com.br\/sobre\/wp-content\/uploads\/2017\/08\/carajas-maceio.jpg 680w, https:\/\/www.encontramaceio.com.br\/sobre\/wp-content\/uploads\/2017\/08\/carajas-maceio-300x83.jpg 300w\" sizes=\"auto, (max-width: 680px) 100vw, 680px\" \/><\/p>\n<h2>Caraj\u00e1s Macei\u00f3 Lojas<\/h2>\n<ul>\n<li>Macei\u00f3<\/li>\n<li>Arapiraca<\/li>\n<li>Jo\u00e3o Pessoa<\/li>\n<li>Campina Grande<\/li>\n<li>Cabedelo<\/li>\n<\/ul>\n<h3>Caraj\u00e1s Macei\u00f3 Pisos<\/h3>\n<p><em>Pisos<\/em> s\u00e3o revestimentos utilizados no ch\u00e3o que podem ser utilizados em \u00e1reas internas e externas. Na <span style=\"text-decoration: underline;\">Caraj\u00e1s Macei\u00f3<\/span>\u00a0voc\u00ea encontra\u00a0pisos cer\u00e2micos, porcelanatos,\u00a0pisos laminados, \u00a0pisos vin\u00edlicos e pisos para jardim.<\/p>\n<h3>Caraj\u00e1s Macei\u00f3 Promo\u00e7\u00f5es<\/h3>\n<p>O <span style=\"text-decoration: underline;\">Caraj\u00e1s Macei\u00f3<\/span> procura sempre oferecer produtos com descontos a seus clientes! Para n\u00e3o perder nenhuma promo\u00e7\u00e3o acesse o site e acompanhe as redes sociais do Caraj\u00e1s na internet.<\/p>\n<h3>Vagas Caraj\u00e1s Macei\u00f3 &#8211; Trabalhe Conosco<\/h3>\n<p>A Caraj\u00e1s Macei\u00f3 disponibiliza vagas de trabalho durante todo ano. Para se informar sobre os processos seletivos e se candidatar as vagas acompanhe o site da empresa, onde \u00e9 poss\u00edvel se informar sobre vagas abertas, sal\u00e1rios e compet\u00eancias necess\u00e1rias para se candidatar ao processo.<\/p>\n<h3>Hor\u00e1rio de Funcionamento Caraj\u00e1s Macei\u00f3<\/h3>\n<ul>\n<li>\u00a0Segunda a Sexta: das 08h \u00e0s 20h00<\/li>\n<li>S\u00e1bado:\u00a008h \u00e0s 19h00<\/li>\n<li>Domingo:\u00a008h \u00e0s 17h00<\/li>\n<\/ul>\n<h3>Endere\u00e7o e Telefone Caraj\u00e1s Macei\u00f3<\/h3>\n<ul>\n<li>Av. Durval de G\u00f3es Monteiro, 1896 &#8211; Tabuleiro do Martins, Macei\u00f3 &#8211; AL, 57061-000<\/li>\n<li>Telefone:\u00a0(82) 4009-2292<\/li>\n<\/ul>\n<h3>Outras informa\u00e7\u00f5es e site<\/h3>\n<ul>\n<li>Mais informa\u00e7\u00f5es:\u00a0<a href=\"http:\/\/www.carajasonline.com\/\" target=\"_blank\" rel=\"noopener noreferrer\">www.carajasonline.com<\/a><\/li>\n<\/ul>\n<h4>Mapa de localiza\u00e7\u00e3o<\/h4>\n<a class=\"wp-colorbox-iframe\" href=\"https:\/\/www.google.com\/maps\/embed?pb=!1m14!1m8!1m3!1d15736.229803912513!2d-35.7613301!3d-9.5903165!3m2!1i1024!2i768!4f13.1!3m3!1m2!1s0x00x8b596557ba2d4b8c!2sCarajs+Home+Center!5e0!3m2!1spt-BR!2sbr!4v1504023651418\"><img decoding=\"async\" src=\"http:\/\/www.encontramaceio.com.br\/imgs\/maps-post.png\"><\/a>\n\n<div style=\"font-size: 0px; height: 0px; line-height: 0px; margin: 0; padding: 0; clear: both;\"><\/div>","protected":false},"excerpt":{"rendered":"<p>H\u00e1 quarenta anos, ou mais exatamente em 1974, no in\u00edcio de tudo, a Caraj\u00e1s Macei\u00f3 era uma pequena empresa dedicada a comercializar madeira. Quatro d\u00e9cadas depois, um s\u00f3lido grupo familiar composto de cinco grandes lojas Caraj\u00e1s voltadas para home center e material de constru\u00e7\u00e3o. Em Macei\u00f3 e Arapiraca \u2013 em Alagoas \u2013 e Jo\u00e3o Pessoa, Cabedelo e Campina Grande \u2013 na Para\u00edba, todas com ampla \u00e1reas de vendas e estacionamento. Al\u00e9m de um moderno Centro de Distribui\u00e7\u00e3o localizado em Alagoas. Caraj\u00e1s Macei\u00f3 Lojas Macei\u00f3 Arapiraca Jo\u00e3o Pessoa Campina Grande Cabedelo Caraj\u00e1s Macei\u00f3 Pisos Pisos s\u00e3o revestimentos utilizados no ch\u00e3o que <\/p>\n","protected":false},"author":1,"featured_media":628,"comment_status":"open","ping_status":"closed","sticky":false,"template":"","format":"standard","meta":{"footnotes":""},"categories":[14],"tags":[],"class_list":["post-618","post","type-post","status-publish","format-standard","has-post-thumbnail","hentry","category-construcao-em-maceio","has_thumb"],"aioseo_notices":[],"_links":{"self":[{"href":"https:\/\/www.encontramaceio.com.br\/sobre\/wp-json\/wp\/v2\/posts\/618","targetHints":{"allow":["GET"]}}],"collection":[{"href":"https:\/\/www.encontramaceio.com.br\/sobre\/wp-json\/wp\/v2\/posts"}],"about":[{"href":"https:\/\/www.encontramaceio.com.br\/sobre\/wp-json\/wp\/v2\/types\/post"}],"author":[{"embeddable":true,"href":"https:\/\/www.encontramaceio.com.br\/sobre\/wp-json\/wp\/v2\/users\/1"}],"replies":[{"embeddable":true,"href":"https:\/\/www.encontramaceio.com.br\/sobre\/wp-json\/wp\/v2\/comments?post=618"}],"version-history":[{"count":4,"href":"https:\/\/www.encontramaceio.com.br\/sobre\/wp-json\/wp\/v2\/posts\/618\/revisions"}],"predecessor-version":[{"id":671,"href":"https:\/\/www.encontramaceio.com.br\/sobre\/wp-json\/wp\/v2\/posts\/618\/revisions\/671"}],"wp:featuredmedia":[{"embeddable":true,"href":"https:\/\/www.encontramaceio.com.br\/sobre\/wp-json\/wp\/v2\/media\/628"}],"wp:attachment":[{"href":"https:\/\/www.encontramaceio.com.br\/sobre\/wp-json\/wp\/v2\/media?parent=618"}],"wp:term":[{"taxonomy":"category","embeddable":true,"href":"https:\/\/www.encontramaceio.com.br\/sobre\/wp-json\/wp\/v2\/categories?post=618"},{"taxonomy":"post_tag","embeddable":true,"href":"https:\/\/www.encontramaceio.com.br\/sobre\/wp-json\/wp\/v2\/tags?post=618"}],"curies":[{"name":"wp","href":"https:\/\/api.w.org\/{rel}","templated":true}]}}