{"id":4574,"date":"2026-09-02T02:03:42","date_gmt":"2026-09-02T05:03:42","guid":{"rendered":"https:\/\/www.encontramaceio.com.br\/sobre\/sine-maceio-abre-775-vagas-de-emprego-nesta-segunda\/"},"modified":"2026-09-02T02:03:42","modified_gmt":"2026-09-02T05:03:42","slug":"sine-maceio-abre-775-vagas-de-emprego-nesta-segunda","status":"publish","type":"post","link":"https:\/\/www.encontramaceio.com.br\/sobre\/sine-maceio-abre-775-vagas-de-emprego-nesta-segunda\/","title":{"rendered":"Sine Macei\u00f3 abre 775 vagas de emprego nesta segunda"},"content":{"rendered":"<div class=\"dcb782f0616bca5484400fea6b37e93d\" data-index=\"1\" style=\"float: none; margin:0px;\">\n<script async src=\"https:\/\/pagead2.googlesyndication.com\/pagead\/js\/adsbygoogle.js?client=ca-pub-8585364105181520\"\r\n     crossorigin=\"anonymous\"><\/script>\r\n<!-- Anuncio display - global -->\r\n<ins class=\"adsbygoogle\"\r\n     style=\"display:block\"\r\n     data-ad-client=\"ca-pub-8585364105181520\"\r\n     data-ad-slot=\"8789329856\"\r\n     data-ad-format=\"auto\"\r\n     data-full-width-responsive=\"true\"><\/ins>\r\n<script>\r\n     (adsbygoogle = window.adsbygoogle || []).push({});\r\n<\/script>\n<\/div>\n<h2>Oportunidades Dispon\u00edveis no Sine Macei\u00f3<\/h2>\n<p>No dia 10 de agosto de 2026, o Sine Macei\u00f3 disponibiliza um total de <strong>775 vagas de emprego<\/strong> para aqueles que est\u00e3o em busca de uma nova oportunidade no mercado de trabalho ou que desejam iniciar sua carreira. Esse levantamento, realizado pela <strong>Ag\u00eancia Tatu<\/strong>, revela que as ofertas est\u00e3o principalmente concentradas em algumas localidades espec\u00edficas da cidade.<\/p>\n<h2>Principais Vagas em Destaque<\/h2>\n<p>Os tipos de emprego mais procurados incluem:<\/p>\n<ul>\n<li><strong>Operador de telemarketing ativo e receptivo:<\/strong> com <strong>400 vagas<\/strong> dispon\u00edveis.<\/li>\n<li><strong>Pessoas com defici\u00eancia (PcD):<\/strong> s\u00e3o oferecidas <strong>100 vagas<\/strong> para a fun\u00e7\u00e3o de telemarketing, ressaltando a demanda por inclus\u00e3o.<\/li>\n<li>Vagas para a primeira experi\u00eancia profissional e jovem aprendiz: <strong>20<\/strong> cada uma.<\/li>\n<li><strong>Auxiliar de cozinha:<\/strong> <strong>19 vagas<\/strong>.<\/li>\n<\/ul>\n<h2>Como Se Candidatar \u00e0s Vagas<\/h2>\n<p>Existem duas maneiras de se candidatar \u00e0s posi\u00e7\u00f5es dispon\u00edveis no Sine Macei\u00f3:<\/p>\n<p><img decoding=\"async\" src=\"https:\/\/www.encontramaceio.com.br\/sobre\/wp-content\/uploads\/2026\/09\/sine-maceio-abre-775-vagas-de-emprego-nesta-segunda.webp\" alt=\"Sine Macei\u00f3\" loading=\"lazy\" \/><\/p>\n<ul>\n<li><strong>Online:<\/strong> Acesse o portal oficial do Sine Macei\u00f3 em <a href=\"https:\/\/online.maceio.al.gov.br\/n\/talentos\/\">https:\/\/online.maceio.al.gov.br\/n\/talentos\/<\/a> para consultar vagas e realizar o cadastro.<\/li>\n<li><strong>Presencial:<\/strong> V\u00e1 ao 2\u00ba piso do Shopping Popular, localizado no centro de Macei\u00f3, de segunda a sexta-feira, das 8h \u00e0s 17h.<\/li>\n<\/ul>\n<h2>Profiss\u00f5es com Maior Demanda<\/h2>\n<p>As exig\u00eancias para as fun\u00e7\u00f5es dispon\u00edveis variam, mas a maioria delas requer:<\/p>\n<ul>\n<li><strong>Ensino m\u00e9dio completo:<\/strong> Necess\u00e1rio para <strong>637 vagas<\/strong>.<\/li>\n<li><strong>Ensino fundamental completo:<\/strong> Pedidos para <strong>53 vagas<\/strong>.<\/li>\n<li><strong>Ensino superior completo:<\/strong> <strong>51 vagas<\/strong>.<\/li>\n<li>Oportunidades tamb\u00e9m est\u00e3o dispon\u00edveis para aqueles com ensino m\u00e9dio incompleto, ensino superior incompleto e p\u00f3s-gradua\u00e7\u00e3o.<\/li>\n<\/ul>\n<h2>Locais com Mais Ofertas de Trabalho<\/h2>\n<p>A distribui\u00e7\u00e3o das vagas ao redor da cidade \u00e9 a seguinte:<\/p>\n<ul>\n<li><strong>Benedito Bentes:<\/strong> <strong>501 vagas<\/strong> \u2013 bairro com a maior concentra\u00e7\u00e3o.<\/li>\n<li><strong>Centro:<\/strong> <strong>109 vagas<\/strong>.<\/li>\n<li><strong>Jati\u00faca:<\/strong> <strong>48 vagas<\/strong>.<\/li>\n<li><strong>Clima Bom:<\/strong> <strong>24 vagas<\/strong>.<\/li>\n<li><strong>Farol:<\/strong> <strong>23 vagas<\/strong>.<\/li>\n<\/ul>\n<p>Al\u00e9m desses, h\u00e1 oportunidades em outras regi\u00f5es como Pinheiro, Ponta Verde, e mais, aumentando o alcance para os candidatos de diversas \u00e1reas.<\/p>\n<h2>Import\u00e2ncia do Ensino M\u00e9dio<\/h2>\n<p>A predomin\u00e2ncia de vagas que pedem ensino m\u00e9dio completo reflete a demanda do mercado para posi\u00e7\u00f5es que exigem alguma forma\u00e7\u00e3o. Isso significa que os candidatos com esse n\u00edvel de escolaridade t\u00eam a possibilidade de encontrar uma ampla gama de oportunidades.<\/p>\n<h2>Empregos Para Pessoas com Defici\u00eancia<\/h2>\n<p>A inclus\u00e3o no mercado de trabalho \u00e9 uma preocupa\u00e7\u00e3o crescente, e as <strong>100 vagas<\/strong> destinadas a pessoas com defici\u00eancia demonstram um esfor\u00e7o significativo para proporcionar acesso a todas as esferas da sociedade. Tal iniciativa \u00e9 essencial para garantir oportunidades equitativas.<\/p>\n<h2>Dicas para Elaborar um Curr\u00edculo<\/h2>\n<p>Um curr\u00edculo bem elaborado \u00e9 crucial para se destacar na busca por emprego. Algumas dicas incluem:<\/p>\n<ul>\n<li><strong>Estrutura clara:<\/strong> Utilize um formato limpo e f\u00e1cil de ler.<\/li>\n<li><strong>Objetividade:<\/strong> Seja conciso e v\u00e1 direto ao ponto.<\/li>\n<li><strong>Personaliza\u00e7\u00e3o:<\/strong> Adapte seu curr\u00edculo para cada vaga, enfatizando experi\u00eancias relevantes.<\/li>\n<li><strong>Avalie o que \u00e9 relevante:<\/strong> Inclua experi\u00eancias que se relacionem diretamente com a vaga desejada.<\/li>\n<\/ul>\n<h2>Atendimento Presencial no Sine<\/h2>\n<p>Para o atendimento presencial, \u00e9 necess\u00e1rio levar alguns documentos:<\/p>\n<ul>\n<li>RG e CPF.<\/li>\n<li>Carteira de Trabalho (f\u00edsica ou digital).<\/li>\n<li>Comprovante de resid\u00eancia.<\/li>\n<li>Curr\u00edculo atualizado.<\/li>\n<li>Comprovantes de cursos complementares (se possuir).<\/li>\n<\/ul>\n<p>Se n\u00e3o tiver um curr\u00edculo, o Sine oferece assist\u00eancia para a elabora\u00e7\u00e3o no local.<\/p>\n<h2>Contato e Informa\u00e7\u00f5es Adicionais<\/h2>\n<p>A assist\u00eancia do Sine Macei\u00f3 \u00e9 gratuita, e empresas tamb\u00e9m s\u00e3o incentivadas a cadastrar novas vagas. Para mais informa\u00e7\u00f5es, entre em contato via WhatsApp pelo n\u00famero <strong>(82) 98879-1919<\/strong> ou pelo telefone <strong>0800 082 6205<\/strong>.<\/p>\n\n<div style=\"font-size: 0px; height: 0px; line-height: 0px; margin: 0; padding: 0; clear: both;\"><\/div>","protected":false},"excerpt":{"rendered":"<p>Sine Macei\u00f3 abre 775 vagas de emprego nesta segunda-feira para novos candidatos!<\/p>\n","protected":false},"author":1,"featured_media":4573,"comment_status":"closed","ping_status":"closed","sticky":false,"template":"","format":"standard","meta":{"footnotes":""},"categories":[4],"tags":[],"class_list":["post-4574","post","type-post","status-publish","format-standard","has-post-thumbnail","hentry","category-empregos-em-maceio","has_thumb"],"aioseo_notices":[],"aioseo_head":"\n\t\t<!-- All in One SEO 5.0.0.1 - aioseo.com -->\n\t<meta name=\"description\" content=\"Sine Macei\u00f3 abre 775 vagas de emprego nesta segunda-feira para novos candidatos!\" \/>\n\t<meta name=\"robots\" content=\"max-image-preview:large\" \/>\n\t<meta name=\"author\" content=\"Encontra Macei\u00f3\"\/>\n\t<link rel=\"canonical\" href=\"https:\/\/www.encontramaceio.com.br\/sobre\/sine-maceio-abre-775-vagas-de-emprego-nesta-segunda\/\" \/>\n\t<meta name=\"generator\" content=\"All in One SEO (AIOSEO) 5.0.0.1\" \/>\n\t\t<meta property=\"og:locale\" content=\"pt_BR\" \/>\n\t\t<meta property=\"og:site_name\" content=\"Encontra Macei\u00f3 | Not\u00edcias, eventos, informa\u00e7\u00f5es e dicas na cidade Macei\u00f3 e regi\u00e3o.\" \/>\n\t\t<meta property=\"og:type\" content=\"article\" \/>\n\t\t<meta property=\"og:title\" content=\"Sine Macei\u00f3 abre 775 vagas de emprego nesta segunda | Encontra Macei\u00f3\" \/>\n\t\t<meta property=\"og:description\" content=\"Sine Macei\u00f3 abre 775 vagas de emprego nesta segunda-feira para novos candidatos!\" \/>\n\t\t<meta property=\"og:url\" content=\"https:\/\/www.encontramaceio.com.br\/sobre\/sine-maceio-abre-775-vagas-de-emprego-nesta-segunda\/\" \/>\n\t\t<meta property=\"article:published_time\" content=\"2026-09-02T05:03:42+00:00\" \/>\n\t\t<meta property=\"article:modified_time\" content=\"2026-09-02T05:03:42+00:00\" \/>\n\t\t<meta name=\"twitter:card\" content=\"summary\" \/>\n\t\t<meta name=\"twitter:title\" content=\"Sine Macei\u00f3 abre 775 vagas de emprego nesta segunda | Encontra Macei\u00f3\" \/>\n\t\t<meta name=\"twitter:description\" content=\"Sine Macei\u00f3 abre 775 vagas de emprego nesta segunda-feira para novos candidatos!\" \/>\n\t\t<script type=\"application\/ld+json\" class=\"aioseo-schema\">\n\t\t\t{\"@context\":\"https:\\\/\\\/schema.org\",\"@graph\":[{\"@type\":\"Article\",\"@id\":\"https:\\\/\\\/www.encontramaceio.com.br\\\/sobre\\\/sine-maceio-abre-775-vagas-de-emprego-nesta-segunda\\\/#article\",\"name\":\"Sine Macei\\u00f3 abre 775 vagas de emprego nesta segunda | Encontra Macei\\u00f3\",\"headline\":\"Sine Macei\\u00f3 abre 775 vagas de emprego nesta segunda\",\"author\":{\"@id\":\"https:\\\/\\\/www.encontramaceio.com.br\\\/sobre\\\/author\\\/emaceio\\\/#author\"},\"publisher\":{\"@id\":\"https:\\\/\\\/www.encontramaceio.com.br\\\/sobre\\\/#organization\"},\"image\":{\"@type\":\"ImageObject\",\"url\":\"https:\\\/\\\/www.encontramaceio.com.br\\\/sobre\\\/wp-content\\\/uploads\\\/2026\\\/09\\\/sine-maceio-abre-775-vagas-de-emprego-nesta-segunda.webp\",\"width\":280,\"height\":280,\"caption\":\"Sine Macei\\u00f3\"},\"datePublished\":\"2026-09-02T02:03:42-03:00\",\"dateModified\":\"2026-09-02T02:03:42-03:00\",\"inLanguage\":\"pt-BR\",\"mainEntityOfPage\":{\"@id\":\"https:\\\/\\\/www.encontramaceio.com.br\\\/sobre\\\/sine-maceio-abre-775-vagas-de-emprego-nesta-segunda\\\/#webpage\"},\"isPartOf\":{\"@id\":\"https:\\\/\\\/www.encontramaceio.com.br\\\/sobre\\\/sine-maceio-abre-775-vagas-de-emprego-nesta-segunda\\\/#webpage\"},\"articleSection\":\"Empregos Macei\\u00f3\"},{\"@type\":\"BreadcrumbList\",\"@id\":\"https:\\\/\\\/www.encontramaceio.com.br\\\/sobre\\\/sine-maceio-abre-775-vagas-de-emprego-nesta-segunda\\\/#breadcrumblist\",\"itemListElement\":[{\"@type\":\"ListItem\",\"@id\":\"https:\\\/\\\/www.encontramaceio.com.br\\\/sobre#listItem\",\"position\":1,\"name\":\"In\\u00edcio\",\"item\":\"https:\\\/\\\/www.encontramaceio.com.br\\\/sobre\",\"nextItem\":{\"@type\":\"ListItem\",\"@id\":\"https:\\\/\\\/www.encontramaceio.com.br\\\/sobre\\\/empregos-em-maceio\\\/#listItem\",\"name\":\"Empregos Macei\\u00f3\"}},{\"@type\":\"ListItem\",\"@id\":\"https:\\\/\\\/www.encontramaceio.com.br\\\/sobre\\\/empregos-em-maceio\\\/#listItem\",\"position\":2,\"name\":\"Empregos Macei\\u00f3\",\"item\":\"https:\\\/\\\/www.encontramaceio.com.br\\\/sobre\\\/empregos-em-maceio\\\/\",\"nextItem\":{\"@type\":\"ListItem\",\"@id\":\"https:\\\/\\\/www.encontramaceio.com.br\\\/sobre\\\/sine-maceio-abre-775-vagas-de-emprego-nesta-segunda\\\/#listItem\",\"name\":\"Sine Macei\\u00f3 abre 775 vagas de emprego nesta segunda\"},\"previousItem\":{\"@type\":\"ListItem\",\"@id\":\"https:\\\/\\\/www.encontramaceio.com.br\\\/sobre#listItem\",\"name\":\"In\\u00edcio\"}},{\"@type\":\"ListItem\",\"@id\":\"https:\\\/\\\/www.encontramaceio.com.br\\\/sobre\\\/sine-maceio-abre-775-vagas-de-emprego-nesta-segunda\\\/#listItem\",\"position\":3,\"name\":\"Sine Macei\\u00f3 abre 775 vagas de emprego nesta segunda\",\"previousItem\":{\"@type\":\"ListItem\",\"@id\":\"https:\\\/\\\/www.encontramaceio.com.br\\\/sobre\\\/empregos-em-maceio\\\/#listItem\",\"name\":\"Empregos Macei\\u00f3\"}}]},{\"@type\":\"Organization\",\"@id\":\"https:\\\/\\\/www.encontramaceio.com.br\\\/sobre\\\/#organization\",\"name\":\"Encontra Macei\\u00f3\",\"description\":\"Not\\u00edcias, eventos, informa\\u00e7\\u00f5es e dicas na cidade Macei\\u00f3 e regi\\u00e3o.\",\"url\":\"https:\\\/\\\/www.encontramaceio.com.br\\\/sobre\\\/\"},{\"@type\":\"Person\",\"@id\":\"https:\\\/\\\/www.encontramaceio.com.br\\\/sobre\\\/author\\\/emaceio\\\/#author\",\"url\":\"https:\\\/\\\/www.encontramaceio.com.br\\\/sobre\\\/author\\\/emaceio\\\/\",\"name\":\"Encontra Macei\\u00f3\",\"image\":{\"@type\":\"ImageObject\",\"@id\":\"https:\\\/\\\/www.encontramaceio.com.br\\\/sobre\\\/sine-maceio-abre-775-vagas-de-emprego-nesta-segunda\\\/#authorImage\",\"url\":\"https:\\\/\\\/secure.gravatar.com\\\/avatar\\\/507340682b8270222e1f208e23198b6ae7e2c6a1033ae84e99bc6bce4f82a387?s=96&d=mm&r=g\",\"width\":96,\"height\":96,\"caption\":\"Encontra Macei\\u00f3\"}},{\"@type\":\"WebPage\",\"@id\":\"https:\\\/\\\/www.encontramaceio.com.br\\\/sobre\\\/sine-maceio-abre-775-vagas-de-emprego-nesta-segunda\\\/#webpage\",\"url\":\"https:\\\/\\\/www.encontramaceio.com.br\\\/sobre\\\/sine-maceio-abre-775-vagas-de-emprego-nesta-segunda\\\/\",\"name\":\"Sine Macei\\u00f3 abre 775 vagas de emprego nesta segunda | Encontra Macei\\u00f3\",\"description\":\"Sine Macei\\u00f3 abre 775 vagas de emprego nesta segunda-feira para novos candidatos!\",\"inLanguage\":\"pt-BR\",\"isPartOf\":{\"@id\":\"https:\\\/\\\/www.encontramaceio.com.br\\\/sobre\\\/#website\"},\"breadcrumb\":{\"@id\":\"https:\\\/\\\/www.encontramaceio.com.br\\\/sobre\\\/sine-maceio-abre-775-vagas-de-emprego-nesta-segunda\\\/#breadcrumblist\"},\"author\":{\"@id\":\"https:\\\/\\\/www.encontramaceio.com.br\\\/sobre\\\/author\\\/emaceio\\\/#author\"},\"creator\":{\"@id\":\"https:\\\/\\\/www.encontramaceio.com.br\\\/sobre\\\/author\\\/emaceio\\\/#author\"},\"image\":{\"@type\":\"ImageObject\",\"url\":\"https:\\\/\\\/www.encontramaceio.com.br\\\/sobre\\\/wp-content\\\/uploads\\\/2026\\\/09\\\/sine-maceio-abre-775-vagas-de-emprego-nesta-segunda.webp\",\"@id\":\"https:\\\/\\\/www.encontramaceio.com.br\\\/sobre\\\/sine-maceio-abre-775-vagas-de-emprego-nesta-segunda\\\/#mainImage\",\"width\":280,\"height\":280,\"caption\":\"Sine Macei\\u00f3\"},\"primaryImageOfPage\":{\"@id\":\"https:\\\/\\\/www.encontramaceio.com.br\\\/sobre\\\/sine-maceio-abre-775-vagas-de-emprego-nesta-segunda\\\/#mainImage\"},\"datePublished\":\"2026-09-02T02:03:42-03:00\",\"dateModified\":\"2026-09-02T02:03:42-03:00\"},{\"@type\":\"WebSite\",\"@id\":\"https:\\\/\\\/www.encontramaceio.com.br\\\/sobre\\\/#website\",\"url\":\"https:\\\/\\\/www.encontramaceio.com.br\\\/sobre\\\/\",\"name\":\"Encontra Macei\\u00f3\",\"description\":\"Not\\u00edcias, eventos, informa\\u00e7\\u00f5es e dicas na cidade Macei\\u00f3 e regi\\u00e3o.\",\"inLanguage\":\"pt-BR\",\"publisher\":{\"@id\":\"https:\\\/\\\/www.encontramaceio.com.br\\\/sobre\\\/#organization\"}}]}\n\t\t<\/script>\n\t\t<!-- All in One SEO -->\n\n","aioseo_head_json":{"title":"Sine Macei\u00f3 abre 775 vagas de emprego nesta segunda | Encontra Macei\u00f3","description":"Sine Macei\u00f3 abre 775 vagas de emprego nesta segunda-feira para novos candidatos!","canonical_url":"https:\/\/www.encontramaceio.com.br\/sobre\/sine-maceio-abre-775-vagas-de-emprego-nesta-segunda\/","robots":"max-image-preview:large","keywords":"","webmasterTools":{"miscellaneous":""},"schema":{"@context":"https:\/\/schema.org","@graph":[{"@type":"Article","@id":"https:\/\/www.encontramaceio.com.br\/sobre\/sine-maceio-abre-775-vagas-de-emprego-nesta-segunda\/#article","name":"Sine Macei\u00f3 abre 775 vagas de emprego nesta segunda | Encontra Macei\u00f3","headline":"Sine Macei\u00f3 abre 775 vagas de emprego nesta segunda","author":{"@id":"https:\/\/www.encontramaceio.com.br\/sobre\/author\/emaceio\/#author"},"publisher":{"@id":"https:\/\/www.encontramaceio.com.br\/sobre\/#organization"},"image":{"@type":"ImageObject","url":"https:\/\/www.encontramaceio.com.br\/sobre\/wp-content\/uploads\/2026\/09\/sine-maceio-abre-775-vagas-de-emprego-nesta-segunda.webp","width":280,"height":280,"caption":"Sine Macei\u00f3"},"datePublished":"2026-09-02T02:03:42-03:00","dateModified":"2026-09-02T02:03:42-03:00","inLanguage":"pt-BR","mainEntityOfPage":{"@id":"https:\/\/www.encontramaceio.com.br\/sobre\/sine-maceio-abre-775-vagas-de-emprego-nesta-segunda\/#webpage"},"isPartOf":{"@id":"https:\/\/www.encontramaceio.com.br\/sobre\/sine-maceio-abre-775-vagas-de-emprego-nesta-segunda\/#webpage"},"articleSection":"Empregos Macei\u00f3"},{"@type":"BreadcrumbList","@id":"https:\/\/www.encontramaceio.com.br\/sobre\/sine-maceio-abre-775-vagas-de-emprego-nesta-segunda\/#breadcrumblist","itemListElement":[{"@type":"ListItem","@id":"https:\/\/www.encontramaceio.com.br\/sobre#listItem","position":1,"name":"In\u00edcio","item":"https:\/\/www.encontramaceio.com.br\/sobre","nextItem":{"@type":"ListItem","@id":"https:\/\/www.encontramaceio.com.br\/sobre\/empregos-em-maceio\/#listItem","name":"Empregos Macei\u00f3"}},{"@type":"ListItem","@id":"https:\/\/www.encontramaceio.com.br\/sobre\/empregos-em-maceio\/#listItem","position":2,"name":"Empregos Macei\u00f3","item":"https:\/\/www.encontramaceio.com.br\/sobre\/empregos-em-maceio\/","nextItem":{"@type":"ListItem","@id":"https:\/\/www.encontramaceio.com.br\/sobre\/sine-maceio-abre-775-vagas-de-emprego-nesta-segunda\/#listItem","name":"Sine Macei\u00f3 abre 775 vagas de emprego nesta segunda"},"previousItem":{"@type":"ListItem","@id":"https:\/\/www.encontramaceio.com.br\/sobre#listItem","name":"In\u00edcio"}},{"@type":"ListItem","@id":"https:\/\/www.encontramaceio.com.br\/sobre\/sine-maceio-abre-775-vagas-de-emprego-nesta-segunda\/#listItem","position":3,"name":"Sine Macei\u00f3 abre 775 vagas de emprego nesta segunda","previousItem":{"@type":"ListItem","@id":"https:\/\/www.encontramaceio.com.br\/sobre\/empregos-em-maceio\/#listItem","name":"Empregos Macei\u00f3"}}]},{"@type":"Organization","@id":"https:\/\/www.encontramaceio.com.br\/sobre\/#organization","name":"Encontra Macei\u00f3","description":"Not\u00edcias, eventos, informa\u00e7\u00f5es e dicas na cidade Macei\u00f3 e regi\u00e3o.","url":"https:\/\/www.encontramaceio.com.br\/sobre\/"},{"@type":"Person","@id":"https:\/\/www.encontramaceio.com.br\/sobre\/author\/emaceio\/#author","url":"https:\/\/www.encontramaceio.com.br\/sobre\/author\/emaceio\/","name":"Encontra Macei\u00f3","image":{"@type":"ImageObject","@id":"https:\/\/www.encontramaceio.com.br\/sobre\/sine-maceio-abre-775-vagas-de-emprego-nesta-segunda\/#authorImage","url":"https:\/\/secure.gravatar.com\/avatar\/507340682b8270222e1f208e23198b6ae7e2c6a1033ae84e99bc6bce4f82a387?s=96&d=mm&r=g","width":96,"height":96,"caption":"Encontra Macei\u00f3"}},{"@type":"WebPage","@id":"https:\/\/www.encontramaceio.com.br\/sobre\/sine-maceio-abre-775-vagas-de-emprego-nesta-segunda\/#webpage","url":"https:\/\/www.encontramaceio.com.br\/sobre\/sine-maceio-abre-775-vagas-de-emprego-nesta-segunda\/","name":"Sine Macei\u00f3 abre 775 vagas de emprego nesta segunda | Encontra Macei\u00f3","description":"Sine Macei\u00f3 abre 775 vagas de emprego nesta segunda-feira para novos candidatos!","inLanguage":"pt-BR","isPartOf":{"@id":"https:\/\/www.encontramaceio.com.br\/sobre\/#website"},"breadcrumb":{"@id":"https:\/\/www.encontramaceio.com.br\/sobre\/sine-maceio-abre-775-vagas-de-emprego-nesta-segunda\/#breadcrumblist"},"author":{"@id":"https:\/\/www.encontramaceio.com.br\/sobre\/author\/emaceio\/#author"},"creator":{"@id":"https:\/\/www.encontramaceio.com.br\/sobre\/author\/emaceio\/#author"},"image":{"@type":"ImageObject","url":"https:\/\/www.encontramaceio.com.br\/sobre\/wp-content\/uploads\/2026\/09\/sine-maceio-abre-775-vagas-de-emprego-nesta-segunda.webp","@id":"https:\/\/www.encontramaceio.com.br\/sobre\/sine-maceio-abre-775-vagas-de-emprego-nesta-segunda\/#mainImage","width":280,"height":280,"caption":"Sine Macei\u00f3"},"primaryImageOfPage":{"@id":"https:\/\/www.encontramaceio.com.br\/sobre\/sine-maceio-abre-775-vagas-de-emprego-nesta-segunda\/#mainImage"},"datePublished":"2026-09-02T02:03:42-03:00","dateModified":"2026-09-02T02:03:42-03:00"},{"@type":"WebSite","@id":"https:\/\/www.encontramaceio.com.br\/sobre\/#website","url":"https:\/\/www.encontramaceio.com.br\/sobre\/","name":"Encontra Macei\u00f3","description":"Not\u00edcias, eventos, informa\u00e7\u00f5es e dicas na cidade Macei\u00f3 e regi\u00e3o.","inLanguage":"pt-BR","publisher":{"@id":"https:\/\/www.encontramaceio.com.br\/sobre\/#organization"}}]},"og:locale":"pt_BR","og:site_name":"Encontra Macei\u00f3 | Not\u00edcias, eventos, informa\u00e7\u00f5es e dicas na cidade Macei\u00f3 e regi\u00e3o.","og:type":"article","og:title":"Sine Macei\u00f3 abre 775 vagas de emprego nesta segunda | Encontra Macei\u00f3","og:description":"Sine Macei\u00f3 abre 775 vagas de emprego nesta segunda-feira para novos candidatos!","og:url":"https:\/\/www.encontramaceio.com.br\/sobre\/sine-maceio-abre-775-vagas-de-emprego-nesta-segunda\/","article:published_time":"2026-09-02T05:03:42+00:00","article:modified_time":"2026-09-02T05:03:42+00:00","twitter:card":"summary","twitter:title":"Sine Macei\u00f3 abre 775 vagas de emprego nesta segunda | Encontra Macei\u00f3","twitter:description":"Sine Macei\u00f3 abre 775 vagas de emprego nesta segunda-feira para novos candidatos!"},"aioseo_meta_data":{"post_id":"4574","title":null,"description":null,"keywords":null,"keyphrases":null,"primary_term":null,"canonical_url":null,"og_title":null,"og_description":null,"og_object_type":"default","og_image_type":"default","og_image_url":null,"og_image_width":null,"og_image_height":null,"og_image_custom_url":null,"og_image_custom_fields":null,"og_video":null,"og_custom_url":null,"og_article_section":null,"og_article_tags":null,"twitter_use_og":false,"twitter_card":"default","twitter_image_type":"default","twitter_image_url":null,"twitter_image_custom_url":null,"twitter_image_custom_fields":null,"twitter_title":null,"twitter_description":null,"schema":{"blockGraphs":[],"customGraphs":[],"default":{"data":{"Article":[],"Course":[],"Dataset":[],"FAQPage":[],"Movie":[],"Person":[],"Product":[],"ProductReview":[],"Car":[],"Recipe":[],"Service":[],"SoftwareApplication":[],"WebPage":[]},"graphName":"Article","isEnabled":true},"graphs":[]},"schema_type":"default","schema_type_options":null,"pillar_content":false,"robots_default":true,"robots_noindex":false,"robots_noarchive":false,"robots_nosnippet":false,"robots_nofollow":false,"robots_noimageindex":false,"robots_noodp":false,"robots_notranslate":false,"robots_max_snippet":null,"robots_max_videopreview":null,"robots_max_imagepreview":"large","priority":null,"frequency":null,"local_seo":null,"limit_modified_date":false,"created":"2026-09-02 05:03:42","updated":"2026-09-02 05:03:42","focus_keyword":null,"additional_keywords":null,"truseo_locale":null,"ai":null,"breadcrumb_settings":null,"seo_analyzer_scan_date":null},"aioseo_breadcrumb":"<div class=\"aioseo-breadcrumbs\"><span class=\"aioseo-breadcrumb\">\n\t\t\t<a href=\"https:\/\/www.encontramaceio.com.br\/sobre\" title=\"In\u00edcio\">In\u00edcio<\/a>\n\t\t<\/span><span class=\"aioseo-breadcrumb-separator\">&raquo;<\/span><span class=\"aioseo-breadcrumb\">\n\t\t\t<a href=\"https:\/\/www.encontramaceio.com.br\/sobre\/empregos-em-maceio\/\" title=\"Empregos Macei\u00f3\">Empregos Macei\u00f3<\/a>\n\t\t<\/span><span class=\"aioseo-breadcrumb-separator\">&raquo;<\/span><span class=\"aioseo-breadcrumb\">\n\t\t\tSine Macei\u00f3 abre 775 vagas de emprego nesta segunda\n\t\t<\/span><\/div>","aioseo_breadcrumb_json":[{"label":"In\u00edcio","link":"https:\/\/www.encontramaceio.com.br\/sobre"},{"label":"Empregos Macei\u00f3","link":"https:\/\/www.encontramaceio.com.br\/sobre\/empregos-em-maceio\/"},{"label":"Sine Macei\u00f3 abre 775 vagas de emprego nesta segunda","link":"https:\/\/www.encontramaceio.com.br\/sobre\/sine-maceio-abre-775-vagas-de-emprego-nesta-segunda\/"}],"_links":{"self":[{"href":"https:\/\/www.encontramaceio.com.br\/sobre\/wp-json\/wp\/v2\/posts\/4574","targetHints":{"allow":["GET"]}}],"collection":[{"href":"https:\/\/www.encontramaceio.com.br\/sobre\/wp-json\/wp\/v2\/posts"}],"about":[{"href":"https:\/\/www.encontramaceio.com.br\/sobre\/wp-json\/wp\/v2\/types\/post"}],"author":[{"embeddable":true,"href":"https:\/\/www.encontramaceio.com.br\/sobre\/wp-json\/wp\/v2\/users\/1"}],"replies":[{"embeddable":true,"href":"https:\/\/www.encontramaceio.com.br\/sobre\/wp-json\/wp\/v2\/comments?post=4574"}],"version-history":[{"count":0,"href":"https:\/\/www.encontramaceio.com.br\/sobre\/wp-json\/wp\/v2\/posts\/4574\/revisions"}],"wp:featuredmedia":[{"embeddable":true,"href":"https:\/\/www.encontramaceio.com.br\/sobre\/wp-json\/wp\/v2\/media\/4573"}],"wp:attachment":[{"href":"https:\/\/www.encontramaceio.com.br\/sobre\/wp-json\/wp\/v2\/media?parent=4574"}],"wp:term":[{"taxonomy":"category","embeddable":true,"href":"https:\/\/www.encontramaceio.com.br\/sobre\/wp-json\/wp\/v2\/categories?post=4574"},{"taxonomy":"post_tag","embeddable":true,"href":"https:\/\/www.encontramaceio.com.br\/sobre\/wp-json\/wp\/v2\/tags?post=4574"}],"curies":[{"name":"wp","href":"https:\/\/api.w.org\/{rel}","templated":true}]}}