{"id":4568,"date":"2026-09-01T02:03:40","date_gmt":"2026-09-01T05:03:40","guid":{"rendered":"https:\/\/www.encontramaceio.com.br\/sobre\/prefeito-rodrigo-cunha-anuncia-parque-e-arena-dos-corais-no-litoral\/"},"modified":"2026-09-01T02:03:40","modified_gmt":"2026-09-01T05:03:40","slug":"prefeito-rodrigo-cunha-anuncia-parque-e-arena-dos-corais-no-litoral","status":"publish","type":"post","link":"https:\/\/www.encontramaceio.com.br\/sobre\/prefeito-rodrigo-cunha-anuncia-parque-e-arena-dos-corais-no-litoral\/","title":{"rendered":"Prefeito Rodrigo Cunha anuncia Parque e Arena dos Corais no Litoral\u2026"},"content":{"rendered":"<div class=\"dcb782f0616bca5484400fea6b37e93d\" data-index=\"1\" style=\"float: none; margin:0px;\">\n<script async src=\"https:\/\/pagead2.googlesyndication.com\/pagead\/js\/adsbygoogle.js?client=ca-pub-8585364105181520\"\r\n     crossorigin=\"anonymous\"><\/script>\r\n<!-- Anuncio display - global -->\r\n<ins class=\"adsbygoogle\"\r\n     style=\"display:block\"\r\n     data-ad-client=\"ca-pub-8585364105181520\"\r\n     data-ad-slot=\"8789329856\"\r\n     data-ad-format=\"auto\"\r\n     data-full-width-responsive=\"true\"><\/ins>\r\n<script>\r\n     (adsbygoogle = window.adsbygoogle || []).push({});\r\n<\/script>\n<\/div>\n<h2>Um Complexo Integrado de Lazer<\/h2>\n<p>O projeto do Parque e Arena dos Corais representa um marco significativo na infraestrutura de Macei\u00f3, sendo planejado para fornecer uma experi\u00eancia \u00fanica de lazer e entretenimento na regi\u00e3o do Litoral Norte. Este complexo ser\u00e1 erguido em Riacho Doce, abrangendo uma \u00e1rea impressionante de 372 mil m\u00b2, que reunir\u00e1 diversos aspectos como esporte, cultura e turismo. A arena, com capacidade para mais de 30 mil pessoas, ser\u00e1 um espa\u00e7o vers\u00e1til, adequada para grandes eventos esportivos, shows e festivais, tornando-se um ponto de encontro vibrante e focalizador das atividades na cidade.<\/p>\n<h2>Impactos Econ\u00f4micos do Parque<\/h2>\n<p>A constru\u00e7\u00e3o do Parque e Arena dos Corais est\u00e1 prevista para gerar um impacto econ\u00f4mico significativo na regi\u00e3o. Estima-se que a cria\u00e7\u00e3o de mais de 5 mil postos de trabalho durante sua fase de constru\u00e7\u00e3o e cerca de 2 mil empregos permanentes ap\u00f3s a conclus\u00e3o. Al\u00e9m disso, o complexo poder\u00e1 atrair anualmente cerca de 1,5 milh\u00e3o de visitantes, gerando um fluxo econ\u00f4mico estimado em R$200 milh\u00f5es, al\u00e9m de um aumento na arrecada\u00e7\u00e3o municipal, que poder\u00e1 chegar a R$10 milh\u00f5es.<\/p>\n<h2>Entrevista com o Prefeito Rodrigo Cunha<\/h2>\n<p>No evento de lan\u00e7amento, o Prefeito Rodrigo Cunha expressou a import\u00e2ncia do projeto para a cidade: &#8220;Este \u00e9 um momento crucial para Macei\u00f3. \u00c9 fundamental que a cidade acompanhe seu crescimento com investimentos que elevem a qualidade de vida dos cidad\u00e3os. O Parque dos Corais ser\u00e1 muito mais do que uma simples arena; ser\u00e1 um espa\u00e7o para o povo aproveitar o lazer, cultura e eventos o ano todo.&#8221; A declara\u00e7\u00e3o do prefeito evidencia seu compromisso em alavancar a infraestrutura do munic\u00edpio, proporcionando oportunidades de acesso \u00e0 cultura e ao entretenimento.<\/p>\n<p><img decoding=\"async\" src=\"https:\/\/www.encontramaceio.com.br\/sobre\/wp-content\/uploads\/2026\/09\/prefeito-rodrigo-cunha-anuncia-parque-e-arena-dos-corais-no-litoral.webp\" alt=\"Parque e Arena dos Corais\" loading=\"lazy\" \/><\/p>\n<h2>Estrutura e Planejamento do Local<\/h2>\n<p>O Parque e Arena dos Corais contar\u00e1 com diversas comodidades, incluindo espa\u00e7os para shows e eventos, \u00e1reas de estacionamento e uma arena que respeita os padr\u00f5es da FIFA. Entre as atra\u00e7\u00f5es dentro do parque, estar\u00e3o inclu\u00eddas ciclovias, trilhas de caminhada, um parque infantil inclusivo e \u00e1reas de conviv\u00eancia, garantindo que o espa\u00e7o seja acess\u00edvel e atrativo para pessoas de todas as idades. O planejamento visa criar um ambiente sustent\u00e1vel e funcional, integrando natureza e urbaniza\u00e7\u00e3o.<\/p>\n<h2>Participa\u00e7\u00e3o da Iniciativa Privada<\/h2>\n<p>O projeto ser\u00e1 realizado em parceria com a iniciativa privada, atrav\u00e9s de uma Parceria P\u00fablico-Privada (PPP). Este modelo de colabora\u00e7\u00e3o \u00e9 visto como uma estrat\u00e9gia para garantir a transpar\u00eancia e efici\u00eancia durante todas as etapas da constru\u00e7\u00e3o e opera\u00e7\u00e3o do complexo. Assegurando que o investimento privado contribu\u00eda de maneira efetiva para o desenvolvimento social e econ\u00f4mico, enquanto se mant\u00e9m alinhado com os interesses da popula\u00e7\u00e3o.<\/p>\n<h2>Aspectos Ambientais do Projeto<\/h2>\n<p>Quando se trata dos aspectos ambientais, o planejamento do Parque dos Corais incluir\u00e1 estudos ecol\u00f3gicos e de mobilidade urbana. Ser\u00e1 essencial analisar os acessos ao complexo, o impacto do transporte coletivo e as necessidades de circula\u00e7\u00e3o durante eventos. A perspectiva \u00e9 de que o parque n\u00e3o apenas respeite o meio ambiente, mas tamb\u00e9m sirva como um espa\u00e7o de educa\u00e7\u00e3o ambiental, promovendo a consci\u00eancia sobre a sustentabilidade entre os visitantes.<\/p>\n<h2>Oportunidades de Empregos<\/h2>\n<p>Al\u00e9m dos empregos diretos na constru\u00e7\u00e3o e opera\u00e7\u00e3o do complexo, h\u00e1 um potencial de est\u00edmulo ao empreendedorismo local. Com a expectativa de atrair um grande n\u00famero de visitantes, a economia informal, servi\u00e7os de turismo e com\u00e9rcio nas proximidades devem florescer. Isso inclui desde a venda de produtos locais at\u00e9 a presta\u00e7\u00e3o de servi\u00e7os para visitantes de fora, ampliando as oportunidades de renda para a popula\u00e7\u00e3o local.<\/p>\n<h2>Import\u00e2ncia do Parque para o Esporte<\/h2>\n<p>O complexo n\u00e3o apenas ser\u00e1 um local para eventos culturais e de lazer, mas tamb\u00e9m desempenhar\u00e1 um papel fundamental em fortalecer a cultura esportiva em Alagoas. Com uma arena que atender\u00e1 jogos profissionais e amadores, ser\u00e1 um ponto de destaque para a realiza\u00e7\u00e3o de competi\u00e7\u00f5es que poder\u00e3o elevar o n\u00edvel do futebol local. A instala\u00e7\u00e3o de uma estrutura do tamanho da proposta proporcionar\u00e1 aos clubes alagoanos um ambiente digno e seguro para suas atividades, assim como eventos esportivos de grande porte.<\/p>\n<h2>Eventos Nacionais e Internacionais<\/h2>\n<p>Um dos objetivos principais do Parque e Arena dos Corais \u00e9 posicionar Macei\u00f3 como um destino vi\u00e1vel para eventos acontecerem, tanto a n\u00edvel nacional quanto internacional. A arena ser\u00e1 preparada para receber grandes shows e competi\u00e7\u00f5es, o que expandir\u00e1 a visibilidade da cidade em eventos esportivos e culturais, atraindo turistas e melhorando o fluxo de visitantes e, consequentemente, fomentando a economia local.<\/p>\n<h2>O Futuro do Turismo em Macei\u00f3<\/h2>\n<p>O Parque e Arena dos Corais n\u00e3o \u00e9 apenas um investimento em infraestrutura esportiva e cultural; \u00e9 tamb\u00e9m um passo significativo para o fortalecimento do turismo em Macei\u00f3. Com a crescente procura por destinos que oferecem experi\u00eancias diversificadas, o complexo se posiciona como um atrativo adicional ao j\u00e1 rico cen\u00e1rio tur\u00edstico da cidade. A possibilidade de eventos e atividades ao longo do ano promete diversificar as op\u00e7\u00f5es para os turistas, incentivando mais visitas e estadias prolongadas.<\/p>\n<p>Esses elementos mostram que a proposta do Parque e Arena dos Corais est\u00e1 alinhada com os objetivos de desenvolvimento de Macei\u00f3, visando n\u00e3o apenas oferecer infraestrutura de qualidade, mas tamb\u00e9m promover a intera\u00e7\u00e3o social, a sustentabilidade e o crescimento econ\u00f4mico da cidade como um todo.<\/p>\n\n<div style=\"font-size: 0px; height: 0px; line-height: 0px; margin: 0; padding: 0; clear: both;\"><\/div>","protected":false},"excerpt":{"rendered":"<p>O Parque e Arena dos Corais promete revolucionar o turismo em Macei\u00f3.<\/p>\n","protected":false},"author":1,"featured_media":4567,"comment_status":"closed","ping_status":"closed","sticky":false,"template":"","format":"standard","meta":{"footnotes":""},"categories":[1],"tags":[],"class_list":["post-4568","post","type-post","status-publish","format-standard","has-post-thumbnail","hentry","category-noticias-em-maceio","has_thumb"],"aioseo_notices":[],"aioseo_head":"\n\t\t<!-- All in One SEO 5.0.0.1 - aioseo.com -->\n\t<meta name=\"description\" content=\"O Parque e Arena dos Corais promete revolucionar o turismo em Macei\u00f3.\" \/>\n\t<meta name=\"robots\" content=\"max-image-preview:large\" \/>\n\t<meta name=\"author\" content=\"Encontra Macei\u00f3\"\/>\n\t<link rel=\"canonical\" href=\"https:\/\/www.encontramaceio.com.br\/sobre\/prefeito-rodrigo-cunha-anuncia-parque-e-arena-dos-corais-no-litoral\/\" \/>\n\t<meta name=\"generator\" content=\"All in One SEO (AIOSEO) 5.0.0.1\" \/>\n\t\t<meta property=\"og:locale\" content=\"pt_BR\" \/>\n\t\t<meta property=\"og:site_name\" content=\"Encontra Macei\u00f3 | Not\u00edcias, eventos, informa\u00e7\u00f5es e dicas na cidade Macei\u00f3 e regi\u00e3o.\" \/>\n\t\t<meta property=\"og:type\" content=\"article\" \/>\n\t\t<meta property=\"og:title\" content=\"Prefeito Rodrigo Cunha anuncia Parque e Arena dos Corais no Litoral\u2026 | Encontra Macei\u00f3\" \/>\n\t\t<meta property=\"og:description\" content=\"O Parque e Arena dos Corais promete revolucionar o turismo em Macei\u00f3.\" \/>\n\t\t<meta property=\"og:url\" content=\"https:\/\/www.encontramaceio.com.br\/sobre\/prefeito-rodrigo-cunha-anuncia-parque-e-arena-dos-corais-no-litoral\/\" \/>\n\t\t<meta property=\"article:published_time\" content=\"2026-09-01T05:03:40+00:00\" \/>\n\t\t<meta property=\"article:modified_time\" content=\"2026-09-01T05:03:40+00:00\" \/>\n\t\t<meta name=\"twitter:card\" content=\"summary\" \/>\n\t\t<meta name=\"twitter:title\" content=\"Prefeito Rodrigo Cunha anuncia Parque e Arena dos Corais no Litoral\u2026 | Encontra Macei\u00f3\" \/>\n\t\t<meta name=\"twitter:description\" content=\"O Parque e Arena dos Corais promete revolucionar o turismo em Macei\u00f3.\" \/>\n\t\t<script type=\"application\/ld+json\" class=\"aioseo-schema\">\n\t\t\t{\"@context\":\"https:\\\/\\\/schema.org\",\"@graph\":[{\"@type\":\"Article\",\"@id\":\"https:\\\/\\\/www.encontramaceio.com.br\\\/sobre\\\/prefeito-rodrigo-cunha-anuncia-parque-e-arena-dos-corais-no-litoral\\\/#article\",\"name\":\"Prefeito Rodrigo Cunha anuncia Parque e Arena dos Corais no Litoral\\u2026 | Encontra Macei\\u00f3\",\"headline\":\"Prefeito Rodrigo Cunha anuncia Parque e Arena dos Corais no Litoral\\u2026\",\"author\":{\"@id\":\"https:\\\/\\\/www.encontramaceio.com.br\\\/sobre\\\/author\\\/emaceio\\\/#author\"},\"publisher\":{\"@id\":\"https:\\\/\\\/www.encontramaceio.com.br\\\/sobre\\\/#organization\"},\"image\":{\"@type\":\"ImageObject\",\"url\":\"https:\\\/\\\/www.encontramaceio.com.br\\\/sobre\\\/wp-content\\\/uploads\\\/2026\\\/09\\\/prefeito-rodrigo-cunha-anuncia-parque-e-arena-dos-corais-no-litoral.webp\",\"width\":280,\"height\":280,\"caption\":\"Parque e Arena dos Corais\"},\"datePublished\":\"2026-09-01T02:03:40-03:00\",\"dateModified\":\"2026-09-01T02:03:40-03:00\",\"inLanguage\":\"pt-BR\",\"mainEntityOfPage\":{\"@id\":\"https:\\\/\\\/www.encontramaceio.com.br\\\/sobre\\\/prefeito-rodrigo-cunha-anuncia-parque-e-arena-dos-corais-no-litoral\\\/#webpage\"},\"isPartOf\":{\"@id\":\"https:\\\/\\\/www.encontramaceio.com.br\\\/sobre\\\/prefeito-rodrigo-cunha-anuncia-parque-e-arena-dos-corais-no-litoral\\\/#webpage\"},\"articleSection\":\"Not\\u00edcias Macei\\u00f3\"},{\"@type\":\"BreadcrumbList\",\"@id\":\"https:\\\/\\\/www.encontramaceio.com.br\\\/sobre\\\/prefeito-rodrigo-cunha-anuncia-parque-e-arena-dos-corais-no-litoral\\\/#breadcrumblist\",\"itemListElement\":[{\"@type\":\"ListItem\",\"@id\":\"https:\\\/\\\/www.encontramaceio.com.br\\\/sobre#listItem\",\"position\":1,\"name\":\"In\\u00edcio\",\"item\":\"https:\\\/\\\/www.encontramaceio.com.br\\\/sobre\",\"nextItem\":{\"@type\":\"ListItem\",\"@id\":\"https:\\\/\\\/www.encontramaceio.com.br\\\/sobre\\\/noticias-em-maceio\\\/#listItem\",\"name\":\"Not\\u00edcias Macei\\u00f3\"}},{\"@type\":\"ListItem\",\"@id\":\"https:\\\/\\\/www.encontramaceio.com.br\\\/sobre\\\/noticias-em-maceio\\\/#listItem\",\"position\":2,\"name\":\"Not\\u00edcias Macei\\u00f3\",\"item\":\"https:\\\/\\\/www.encontramaceio.com.br\\\/sobre\\\/noticias-em-maceio\\\/\",\"nextItem\":{\"@type\":\"ListItem\",\"@id\":\"https:\\\/\\\/www.encontramaceio.com.br\\\/sobre\\\/prefeito-rodrigo-cunha-anuncia-parque-e-arena-dos-corais-no-litoral\\\/#listItem\",\"name\":\"Prefeito Rodrigo Cunha anuncia Parque e Arena dos Corais no Litoral\\u2026\"},\"previousItem\":{\"@type\":\"ListItem\",\"@id\":\"https:\\\/\\\/www.encontramaceio.com.br\\\/sobre#listItem\",\"name\":\"In\\u00edcio\"}},{\"@type\":\"ListItem\",\"@id\":\"https:\\\/\\\/www.encontramaceio.com.br\\\/sobre\\\/prefeito-rodrigo-cunha-anuncia-parque-e-arena-dos-corais-no-litoral\\\/#listItem\",\"position\":3,\"name\":\"Prefeito Rodrigo Cunha anuncia Parque e Arena dos Corais no Litoral\\u2026\",\"previousItem\":{\"@type\":\"ListItem\",\"@id\":\"https:\\\/\\\/www.encontramaceio.com.br\\\/sobre\\\/noticias-em-maceio\\\/#listItem\",\"name\":\"Not\\u00edcias Macei\\u00f3\"}}]},{\"@type\":\"Organization\",\"@id\":\"https:\\\/\\\/www.encontramaceio.com.br\\\/sobre\\\/#organization\",\"name\":\"Encontra Macei\\u00f3\",\"description\":\"Not\\u00edcias, eventos, informa\\u00e7\\u00f5es e dicas na cidade Macei\\u00f3 e regi\\u00e3o.\",\"url\":\"https:\\\/\\\/www.encontramaceio.com.br\\\/sobre\\\/\"},{\"@type\":\"Person\",\"@id\":\"https:\\\/\\\/www.encontramaceio.com.br\\\/sobre\\\/author\\\/emaceio\\\/#author\",\"url\":\"https:\\\/\\\/www.encontramaceio.com.br\\\/sobre\\\/author\\\/emaceio\\\/\",\"name\":\"Encontra Macei\\u00f3\",\"image\":{\"@type\":\"ImageObject\",\"@id\":\"https:\\\/\\\/www.encontramaceio.com.br\\\/sobre\\\/prefeito-rodrigo-cunha-anuncia-parque-e-arena-dos-corais-no-litoral\\\/#authorImage\",\"url\":\"https:\\\/\\\/secure.gravatar.com\\\/avatar\\\/507340682b8270222e1f208e23198b6ae7e2c6a1033ae84e99bc6bce4f82a387?s=96&d=mm&r=g\",\"width\":96,\"height\":96,\"caption\":\"Encontra Macei\\u00f3\"}},{\"@type\":\"WebPage\",\"@id\":\"https:\\\/\\\/www.encontramaceio.com.br\\\/sobre\\\/prefeito-rodrigo-cunha-anuncia-parque-e-arena-dos-corais-no-litoral\\\/#webpage\",\"url\":\"https:\\\/\\\/www.encontramaceio.com.br\\\/sobre\\\/prefeito-rodrigo-cunha-anuncia-parque-e-arena-dos-corais-no-litoral\\\/\",\"name\":\"Prefeito Rodrigo Cunha anuncia Parque e Arena dos Corais no Litoral\\u2026 | Encontra Macei\\u00f3\",\"description\":\"O Parque e Arena dos Corais promete revolucionar o turismo em Macei\\u00f3.\",\"inLanguage\":\"pt-BR\",\"isPartOf\":{\"@id\":\"https:\\\/\\\/www.encontramaceio.com.br\\\/sobre\\\/#website\"},\"breadcrumb\":{\"@id\":\"https:\\\/\\\/www.encontramaceio.com.br\\\/sobre\\\/prefeito-rodrigo-cunha-anuncia-parque-e-arena-dos-corais-no-litoral\\\/#breadcrumblist\"},\"author\":{\"@id\":\"https:\\\/\\\/www.encontramaceio.com.br\\\/sobre\\\/author\\\/emaceio\\\/#author\"},\"creator\":{\"@id\":\"https:\\\/\\\/www.encontramaceio.com.br\\\/sobre\\\/author\\\/emaceio\\\/#author\"},\"image\":{\"@type\":\"ImageObject\",\"url\":\"https:\\\/\\\/www.encontramaceio.com.br\\\/sobre\\\/wp-content\\\/uploads\\\/2026\\\/09\\\/prefeito-rodrigo-cunha-anuncia-parque-e-arena-dos-corais-no-litoral.webp\",\"@id\":\"https:\\\/\\\/www.encontramaceio.com.br\\\/sobre\\\/prefeito-rodrigo-cunha-anuncia-parque-e-arena-dos-corais-no-litoral\\\/#mainImage\",\"width\":280,\"height\":280,\"caption\":\"Parque e Arena dos Corais\"},\"primaryImageOfPage\":{\"@id\":\"https:\\\/\\\/www.encontramaceio.com.br\\\/sobre\\\/prefeito-rodrigo-cunha-anuncia-parque-e-arena-dos-corais-no-litoral\\\/#mainImage\"},\"datePublished\":\"2026-09-01T02:03:40-03:00\",\"dateModified\":\"2026-09-01T02:03:40-03:00\"},{\"@type\":\"WebSite\",\"@id\":\"https:\\\/\\\/www.encontramaceio.com.br\\\/sobre\\\/#website\",\"url\":\"https:\\\/\\\/www.encontramaceio.com.br\\\/sobre\\\/\",\"name\":\"Encontra Macei\\u00f3\",\"description\":\"Not\\u00edcias, eventos, informa\\u00e7\\u00f5es e dicas na cidade Macei\\u00f3 e regi\\u00e3o.\",\"inLanguage\":\"pt-BR\",\"publisher\":{\"@id\":\"https:\\\/\\\/www.encontramaceio.com.br\\\/sobre\\\/#organization\"}}]}\n\t\t<\/script>\n\t\t<!-- All in One SEO -->\n\n","aioseo_head_json":{"title":"Prefeito Rodrigo Cunha anuncia Parque e Arena dos Corais no Litoral\u2026 | Encontra Macei\u00f3","description":"O Parque e Arena dos Corais promete revolucionar o turismo em Macei\u00f3.","canonical_url":"https:\/\/www.encontramaceio.com.br\/sobre\/prefeito-rodrigo-cunha-anuncia-parque-e-arena-dos-corais-no-litoral\/","robots":"max-image-preview:large","keywords":"","webmasterTools":{"miscellaneous":""},"schema":{"@context":"https:\/\/schema.org","@graph":[{"@type":"Article","@id":"https:\/\/www.encontramaceio.com.br\/sobre\/prefeito-rodrigo-cunha-anuncia-parque-e-arena-dos-corais-no-litoral\/#article","name":"Prefeito Rodrigo Cunha anuncia Parque e Arena dos Corais no Litoral\u2026 | Encontra Macei\u00f3","headline":"Prefeito Rodrigo Cunha anuncia Parque e Arena dos Corais no Litoral\u2026","author":{"@id":"https:\/\/www.encontramaceio.com.br\/sobre\/author\/emaceio\/#author"},"publisher":{"@id":"https:\/\/www.encontramaceio.com.br\/sobre\/#organization"},"image":{"@type":"ImageObject","url":"https:\/\/www.encontramaceio.com.br\/sobre\/wp-content\/uploads\/2026\/09\/prefeito-rodrigo-cunha-anuncia-parque-e-arena-dos-corais-no-litoral.webp","width":280,"height":280,"caption":"Parque e Arena dos Corais"},"datePublished":"2026-09-01T02:03:40-03:00","dateModified":"2026-09-01T02:03:40-03:00","inLanguage":"pt-BR","mainEntityOfPage":{"@id":"https:\/\/www.encontramaceio.com.br\/sobre\/prefeito-rodrigo-cunha-anuncia-parque-e-arena-dos-corais-no-litoral\/#webpage"},"isPartOf":{"@id":"https:\/\/www.encontramaceio.com.br\/sobre\/prefeito-rodrigo-cunha-anuncia-parque-e-arena-dos-corais-no-litoral\/#webpage"},"articleSection":"Not\u00edcias Macei\u00f3"},{"@type":"BreadcrumbList","@id":"https:\/\/www.encontramaceio.com.br\/sobre\/prefeito-rodrigo-cunha-anuncia-parque-e-arena-dos-corais-no-litoral\/#breadcrumblist","itemListElement":[{"@type":"ListItem","@id":"https:\/\/www.encontramaceio.com.br\/sobre#listItem","position":1,"name":"In\u00edcio","item":"https:\/\/www.encontramaceio.com.br\/sobre","nextItem":{"@type":"ListItem","@id":"https:\/\/www.encontramaceio.com.br\/sobre\/noticias-em-maceio\/#listItem","name":"Not\u00edcias Macei\u00f3"}},{"@type":"ListItem","@id":"https:\/\/www.encontramaceio.com.br\/sobre\/noticias-em-maceio\/#listItem","position":2,"name":"Not\u00edcias Macei\u00f3","item":"https:\/\/www.encontramaceio.com.br\/sobre\/noticias-em-maceio\/","nextItem":{"@type":"ListItem","@id":"https:\/\/www.encontramaceio.com.br\/sobre\/prefeito-rodrigo-cunha-anuncia-parque-e-arena-dos-corais-no-litoral\/#listItem","name":"Prefeito Rodrigo Cunha anuncia Parque e Arena dos Corais no Litoral\u2026"},"previousItem":{"@type":"ListItem","@id":"https:\/\/www.encontramaceio.com.br\/sobre#listItem","name":"In\u00edcio"}},{"@type":"ListItem","@id":"https:\/\/www.encontramaceio.com.br\/sobre\/prefeito-rodrigo-cunha-anuncia-parque-e-arena-dos-corais-no-litoral\/#listItem","position":3,"name":"Prefeito Rodrigo Cunha anuncia Parque e Arena dos Corais no Litoral\u2026","previousItem":{"@type":"ListItem","@id":"https:\/\/www.encontramaceio.com.br\/sobre\/noticias-em-maceio\/#listItem","name":"Not\u00edcias Macei\u00f3"}}]},{"@type":"Organization","@id":"https:\/\/www.encontramaceio.com.br\/sobre\/#organization","name":"Encontra Macei\u00f3","description":"Not\u00edcias, eventos, informa\u00e7\u00f5es e dicas na cidade Macei\u00f3 e regi\u00e3o.","url":"https:\/\/www.encontramaceio.com.br\/sobre\/"},{"@type":"Person","@id":"https:\/\/www.encontramaceio.com.br\/sobre\/author\/emaceio\/#author","url":"https:\/\/www.encontramaceio.com.br\/sobre\/author\/emaceio\/","name":"Encontra Macei\u00f3","image":{"@type":"ImageObject","@id":"https:\/\/www.encontramaceio.com.br\/sobre\/prefeito-rodrigo-cunha-anuncia-parque-e-arena-dos-corais-no-litoral\/#authorImage","url":"https:\/\/secure.gravatar.com\/avatar\/507340682b8270222e1f208e23198b6ae7e2c6a1033ae84e99bc6bce4f82a387?s=96&d=mm&r=g","width":96,"height":96,"caption":"Encontra Macei\u00f3"}},{"@type":"WebPage","@id":"https:\/\/www.encontramaceio.com.br\/sobre\/prefeito-rodrigo-cunha-anuncia-parque-e-arena-dos-corais-no-litoral\/#webpage","url":"https:\/\/www.encontramaceio.com.br\/sobre\/prefeito-rodrigo-cunha-anuncia-parque-e-arena-dos-corais-no-litoral\/","name":"Prefeito Rodrigo Cunha anuncia Parque e Arena dos Corais no Litoral\u2026 | Encontra Macei\u00f3","description":"O Parque e Arena dos Corais promete revolucionar o turismo em Macei\u00f3.","inLanguage":"pt-BR","isPartOf":{"@id":"https:\/\/www.encontramaceio.com.br\/sobre\/#website"},"breadcrumb":{"@id":"https:\/\/www.encontramaceio.com.br\/sobre\/prefeito-rodrigo-cunha-anuncia-parque-e-arena-dos-corais-no-litoral\/#breadcrumblist"},"author":{"@id":"https:\/\/www.encontramaceio.com.br\/sobre\/author\/emaceio\/#author"},"creator":{"@id":"https:\/\/www.encontramaceio.com.br\/sobre\/author\/emaceio\/#author"},"image":{"@type":"ImageObject","url":"https:\/\/www.encontramaceio.com.br\/sobre\/wp-content\/uploads\/2026\/09\/prefeito-rodrigo-cunha-anuncia-parque-e-arena-dos-corais-no-litoral.webp","@id":"https:\/\/www.encontramaceio.com.br\/sobre\/prefeito-rodrigo-cunha-anuncia-parque-e-arena-dos-corais-no-litoral\/#mainImage","width":280,"height":280,"caption":"Parque e Arena dos Corais"},"primaryImageOfPage":{"@id":"https:\/\/www.encontramaceio.com.br\/sobre\/prefeito-rodrigo-cunha-anuncia-parque-e-arena-dos-corais-no-litoral\/#mainImage"},"datePublished":"2026-09-01T02:03:40-03:00","dateModified":"2026-09-01T02:03:40-03:00"},{"@type":"WebSite","@id":"https:\/\/www.encontramaceio.com.br\/sobre\/#website","url":"https:\/\/www.encontramaceio.com.br\/sobre\/","name":"Encontra Macei\u00f3","description":"Not\u00edcias, eventos, informa\u00e7\u00f5es e dicas na cidade Macei\u00f3 e regi\u00e3o.","inLanguage":"pt-BR","publisher":{"@id":"https:\/\/www.encontramaceio.com.br\/sobre\/#organization"}}]},"og:locale":"pt_BR","og:site_name":"Encontra Macei\u00f3 | Not\u00edcias, eventos, informa\u00e7\u00f5es e dicas na cidade Macei\u00f3 e regi\u00e3o.","og:type":"article","og:title":"Prefeito Rodrigo Cunha anuncia Parque e Arena dos Corais no Litoral\u2026 | Encontra Macei\u00f3","og:description":"O Parque e Arena dos Corais promete revolucionar o turismo em Macei\u00f3.","og:url":"https:\/\/www.encontramaceio.com.br\/sobre\/prefeito-rodrigo-cunha-anuncia-parque-e-arena-dos-corais-no-litoral\/","article:published_time":"2026-09-01T05:03:40+00:00","article:modified_time":"2026-09-01T05:03:40+00:00","twitter:card":"summary","twitter:title":"Prefeito Rodrigo Cunha anuncia Parque e Arena dos Corais no Litoral\u2026 | Encontra Macei\u00f3","twitter:description":"O Parque e Arena dos Corais promete revolucionar o turismo em Macei\u00f3."},"aioseo_meta_data":{"post_id":"4568","title":null,"description":null,"keywords":null,"keyphrases":null,"primary_term":null,"canonical_url":null,"og_title":null,"og_description":null,"og_object_type":"default","og_image_type":"default","og_image_url":null,"og_image_width":null,"og_image_height":null,"og_image_custom_url":null,"og_image_custom_fields":null,"og_video":null,"og_custom_url":null,"og_article_section":null,"og_article_tags":null,"twitter_use_og":false,"twitter_card":"default","twitter_image_type":"default","twitter_image_url":null,"twitter_image_custom_url":null,"twitter_image_custom_fields":null,"twitter_title":null,"twitter_description":null,"schema":{"blockGraphs":[],"customGraphs":[],"default":{"data":{"Article":[],"Course":[],"Dataset":[],"FAQPage":[],"Movie":[],"Person":[],"Product":[],"ProductReview":[],"Car":[],"Recipe":[],"Service":[],"SoftwareApplication":[],"WebPage":[]},"graphName":"Article","isEnabled":true},"graphs":[]},"schema_type":"default","schema_type_options":null,"pillar_content":false,"robots_default":true,"robots_noindex":false,"robots_noarchive":false,"robots_nosnippet":false,"robots_nofollow":false,"robots_noimageindex":false,"robots_noodp":false,"robots_notranslate":false,"robots_max_snippet":null,"robots_max_videopreview":null,"robots_max_imagepreview":"large","priority":null,"frequency":null,"local_seo":null,"limit_modified_date":false,"created":"2026-09-01 05:03:40","updated":"2026-09-01 05:03:40","focus_keyword":null,"additional_keywords":null,"truseo_locale":null,"ai":null,"breadcrumb_settings":null,"seo_analyzer_scan_date":null},"aioseo_breadcrumb":"<div class=\"aioseo-breadcrumbs\"><span class=\"aioseo-breadcrumb\">\n\t\t\t<a href=\"https:\/\/www.encontramaceio.com.br\/sobre\" title=\"In\u00edcio\">In\u00edcio<\/a>\n\t\t<\/span><span class=\"aioseo-breadcrumb-separator\">&raquo;<\/span><span class=\"aioseo-breadcrumb\">\n\t\t\t<a href=\"https:\/\/www.encontramaceio.com.br\/sobre\/noticias-em-maceio\/\" title=\"Not\u00edcias Macei\u00f3\">Not\u00edcias Macei\u00f3<\/a>\n\t\t<\/span><span class=\"aioseo-breadcrumb-separator\">&raquo;<\/span><span class=\"aioseo-breadcrumb\">\n\t\t\tPrefeito Rodrigo Cunha anuncia Parque e Arena dos Corais no Litoral\u2026\n\t\t<\/span><\/div>","aioseo_breadcrumb_json":[{"label":"In\u00edcio","link":"https:\/\/www.encontramaceio.com.br\/sobre"},{"label":"Not\u00edcias Macei\u00f3","link":"https:\/\/www.encontramaceio.com.br\/sobre\/noticias-em-maceio\/"},{"label":"Prefeito Rodrigo Cunha anuncia Parque e Arena dos Corais no Litoral\u2026","link":"https:\/\/www.encontramaceio.com.br\/sobre\/prefeito-rodrigo-cunha-anuncia-parque-e-arena-dos-corais-no-litoral\/"}],"_links":{"self":[{"href":"https:\/\/www.encontramaceio.com.br\/sobre\/wp-json\/wp\/v2\/posts\/4568","targetHints":{"allow":["GET"]}}],"collection":[{"href":"https:\/\/www.encontramaceio.com.br\/sobre\/wp-json\/wp\/v2\/posts"}],"about":[{"href":"https:\/\/www.encontramaceio.com.br\/sobre\/wp-json\/wp\/v2\/types\/post"}],"author":[{"embeddable":true,"href":"https:\/\/www.encontramaceio.com.br\/sobre\/wp-json\/wp\/v2\/users\/1"}],"replies":[{"embeddable":true,"href":"https:\/\/www.encontramaceio.com.br\/sobre\/wp-json\/wp\/v2\/comments?post=4568"}],"version-history":[{"count":0,"href":"https:\/\/www.encontramaceio.com.br\/sobre\/wp-json\/wp\/v2\/posts\/4568\/revisions"}],"wp:featuredmedia":[{"embeddable":true,"href":"https:\/\/www.encontramaceio.com.br\/sobre\/wp-json\/wp\/v2\/media\/4567"}],"wp:attachment":[{"href":"https:\/\/www.encontramaceio.com.br\/sobre\/wp-json\/wp\/v2\/media?parent=4568"}],"wp:term":[{"taxonomy":"category","embeddable":true,"href":"https:\/\/www.encontramaceio.com.br\/sobre\/wp-json\/wp\/v2\/categories?post=4568"},{"taxonomy":"post_tag","embeddable":true,"href":"https:\/\/www.encontramaceio.com.br\/sobre\/wp-json\/wp\/v2\/tags?post=4568"}],"curies":[{"name":"wp","href":"https:\/\/api.w.org\/{rel}","templated":true}]}}