{"id":4562,"date":"2026-08-31T02:03:42","date_gmt":"2026-08-31T05:03:42","guid":{"rendered":"https:\/\/www.encontramaceio.com.br\/sobre\/vigilancia-sanitaria-promove-capacitacao-para-o-setor-de-conveniencia\/"},"modified":"2026-08-31T02:03:42","modified_gmt":"2026-08-31T05:03:42","slug":"vigilancia-sanitaria-promove-capacitacao-para-o-setor-de-conveniencia","status":"publish","type":"post","link":"https:\/\/www.encontramaceio.com.br\/sobre\/vigilancia-sanitaria-promove-capacitacao-para-o-setor-de-conveniencia\/","title":{"rendered":"Vigil\u00e2ncia Sanit\u00e1ria promove capacita\u00e7\u00e3o para o setor de conveni\u00eancia"},"content":{"rendered":"<div class=\"dcb782f0616bca5484400fea6b37e93d\" data-index=\"1\" style=\"float: none; margin:0px;\">\n<script async src=\"https:\/\/pagead2.googlesyndication.com\/pagead\/js\/adsbygoogle.js?client=ca-pub-8585364105181520\"\r\n     crossorigin=\"anonymous\"><\/script>\r\n<!-- Anuncio display - global -->\r\n<ins class=\"adsbygoogle\"\r\n     style=\"display:block\"\r\n     data-ad-client=\"ca-pub-8585364105181520\"\r\n     data-ad-slot=\"8789329856\"\r\n     data-ad-format=\"auto\"\r\n     data-full-width-responsive=\"true\"><\/ins>\r\n<script>\r\n     (adsbygoogle = window.adsbygoogle || []).push({});\r\n<\/script>\n<\/div>\n<h2>Objetivos da Capacita\u00e7\u00e3o da Vigil\u00e2ncia Sanit\u00e1ria<\/h2>\n<p>A capacita\u00e7\u00e3o promovida pela Vigil\u00e2ncia Sanit\u00e1ria de Macei\u00f3 visa instruir e atualizar os respons\u00e1veis por estabelecimentos de conveni\u00eancia, especialmente aqueles localizados em postos de combust\u00edveis. O enfoque principal \u00e9 garantir que esses profissionais compreendam as melhores pr\u00e1ticas de manipula\u00e7\u00e3o, armazenamento e higieniza\u00e7\u00e3o de produtos aliment\u00edcios. Atrav\u00e9s dessa iniciativa, busca-se n\u00e3o apenas a conformidade com as normas sanit\u00e1rias, mas tamb\u00e9m a prote\u00e7\u00e3o da sa\u00fade p\u00fablica.<\/p>\n<h2>P\u00fablico-Alvo da Capacita\u00e7\u00e3o<\/h2>\n<p>Os participantes dessa capacita\u00e7\u00e3o foram selecionados com a inten\u00e7\u00e3o de abranger os principais envolvidos nas opera\u00e7\u00f5es de conveni\u00eancia. Isso inclui:<\/p>\n<ul>\n<li><strong>Propriet\u00e1rios:<\/strong> Respons\u00e1veis pela gest\u00e3o geral e pela implementa\u00e7\u00e3o de pr\u00e1ticas adequadas em seus estabelecimentos.<\/li>\n<li><strong>Gerentes:<\/strong> Profissionais respons\u00e1veis pela supervis\u00e3o e monitoramento das atividades di\u00e1rias que envolvem a manipula\u00e7\u00e3o de alimentos.<\/li>\n<li><strong>Funcion\u00e1rios:<\/strong> Membros da equipe que lidam diretamente com o manuseio e venda de produtos, garantindo que todos estejam bem informados sobre os procedimentos correctos.<\/li>\n<\/ul>\n<h2>Import\u00e2ncia das Boas Pr\u00e1ticas Sanit\u00e1rias<\/h2>\n<p>As boas pr\u00e1ticas sanit\u00e1rias s\u00e3o cruciais para prevenir a contamina\u00e7\u00e3o e garantir que os alimentos oferecidos ao consumidor estejam seguros. Essas pr\u00e1ticas incluem:<\/p>\n<p><img decoding=\"async\" src=\"https:\/\/www.encontramaceio.com.br\/sobre\/wp-content\/uploads\/2026\/08\/vigilancia-sanitaria-promove-capacitacao-para-o-setor-de-conveniencia.webp\" alt=\"Vigil\u00e2ncia Sanit\u00e1ria capacita\u00e7\u00e3o setor de conveni\u00eancia\" loading=\"lazy\" \/><\/p>\n<ul>\n<li><strong>Armazenamento adequado:<\/strong> Garantir que todos os produtos sejam armazenados nas temperaturas corretas para evitar a deteriora\u00e7\u00e3o.<\/li>\n<li><strong>Higieniza\u00e7\u00e3o de utens\u00edlios:<\/strong> Manter uma rotina rigorosa de limpeza de equipamentos e \u00e1reas de trabalho para minimizar riscos de contamina\u00e7\u00e3o cruzada.<\/li>\n<li><strong>Uso correto de EPIs:<\/strong> Equipamentos de Prote\u00e7\u00e3o Individual devem ser utilizados para proteger tanto os funcion\u00e1rios quanto os consumidores.<\/li>\n<\/ul>\n<h2>A\u00e7\u00f5es Pr\u00e1ticas Durante a Capacita\u00e7\u00e3o<\/h2>\n<p>A capacita\u00e7\u00e3o incluiu a\u00e7\u00f5es pr\u00e1ticas que permitiram aos participantes vivenciar e aplicar os conceitos discutidos. As atividades envolveram:<\/p>\n<ul>\n<li><strong>Workshops sobre armazenamento:<\/strong> Demonstra\u00e7\u00f5es pr\u00e1ticas sobre como organizar prateleiras de forma segura e eficiente.<\/li>\n<li><strong>Simula\u00e7\u00f5es de controle de higiene:<\/strong> Atividades que permitiram aos participantes praticar a higieniza\u00e7\u00e3o de diferentes utens\u00edlios utilizados no dia a dia do trabalho.<\/li>\n<li><strong>Discuss\u00f5es sobre prazos de validade:<\/strong> Abordagem de como controlar e gerenciar produtos perec\u00edveis em estoque.<\/li>\n<\/ul>\n<h2>Destaques da Palestra de Jadna Gomes<\/h2>\n<p>A nutricionista e fiscal sanit\u00e1ria, Jadna Gomes, conduziu a palestra que foi um ponto focal da capacita\u00e7\u00e3o. A palestra abordou:<\/p>\n<ul>\n<li><strong>Riscos potenciais:<\/strong> Identifica\u00e7\u00e3o de riscos que podem comprometer a seguran\u00e7a alimentar.<\/li>\n<li><strong>Import\u00e2ncia da higieniza\u00e7\u00e3o:<\/strong> Enfatizou como pr\u00e1ticas de limpeza deficientes podem levar \u00e0 contamina\u00e7\u00e3o.<\/li>\n<li><strong>Responsabilidade compartilhada:<\/strong> Destacou que todos t\u00eam um papel a desempenhar na garantia da seguran\u00e7a alimentar.<\/li>\n<\/ul>\n<h2>Riscos Ligados \u00e0 Contamina\u00e7\u00e3o Alimentar<\/h2>\n<p>Durante a capacita\u00e7\u00e3o, foram discutidos os principais riscos \u00e0 sa\u00fade que podem surgir da manipula\u00e7\u00e3o inadequada de alimentos. Entre os riscos abordados est\u00e3o:<\/p>\n<ul>\n<li><strong>Contamina\u00e7\u00e3o qu\u00edmica:<\/strong> Uso inadequado de produtos qu\u00edmicos de limpeza que podem deixar res\u00edduos nocivos nos alimentos.<\/li>\n<li><strong>Contamina\u00e7\u00e3o biol\u00f3gica:<\/strong> Presen\u00e7a de microorganismos patog\u00eanicos em alimentos devido a pr\u00e1ticas de higiene inadequadas.<\/li>\n<li><strong>Contamina\u00e7\u00e3o f\u00edsica:<\/strong> Objetos estranhos que podem entrar em contato com os alimentos, como fios ou fragmentos de utens\u00edlios.<\/li>\n<\/ul>\n<h2>Equipamentos de Prote\u00e7\u00e3o Individual (EPIs)<\/h2>\n<p>O uso de Equipamentos de Prote\u00e7\u00e3o Individual \u00e9 um componente essencial na preserva\u00e7\u00e3o da sa\u00fade dos trabalhadores e dos consumidores. A capacita\u00e7\u00e3o enfatizou:<\/p>\n<ul>\n<li><strong>Tipos de EPIs:<\/strong> Luvas, aventais, toucas e m\u00e1scaras s\u00e3o alguns exemplos que foram discutidos.<\/li>\n<li><strong>Manuten\u00e7\u00e3o dos EPIs:<\/strong> Import\u00e2ncia de manter os EPIs em boas condi\u00e7\u00f5es e troc\u00e1-los regularmente.<\/li>\n<li><strong>Treinamento no uso de EPIs:<\/strong> Assegurar que todos os funcion\u00e1rios estejam cientes de como utilizar os EPIs de forma correta e eficiente.<\/li>\n<\/ul>\n<h2>Adequa\u00e7\u00e3o \u00e0s Normas Sanit\u00e1rias<\/h2>\n<p>Um dos focos da capacita\u00e7\u00e3o foi a adequa\u00e7\u00e3o \u00e0s normas de vigil\u00e2ncia sanit\u00e1ria. Os participantes aprenderam sobre:<\/p>\n<ul>\n<li><strong>Legisla\u00e7\u00e3o vigente:<\/strong> Import\u00e2ncia de conhecer e seguir as leis e regulamenta\u00e7\u00f5es que regem o setor aliment\u00edcio.<\/li>\n<li><strong>Inspe\u00e7\u00f5es regulares:<\/strong> Necessidade de estar preparado para a fiscaliza\u00e7\u00e3o e verificar periodicamente a conformidade com as normas.<\/li>\n<li><strong>A import\u00e2ncia do alvar\u00e1 de funcionamento:<\/strong> Consequ\u00eancias de operar sem a devida autoriza\u00e7\u00e3o pode levar a multas e fechamento do estabelecimento.<\/li>\n<\/ul>\n<h2>Fortalecendo a Preven\u00e7\u00e3o na Vigil\u00e2ncia Sanit\u00e1ria<\/h2>\n<p>A atua\u00e7\u00e3o da Vigil\u00e2ncia Sanit\u00e1ria n\u00e3o se limita apenas \u00e0 fiscaliza\u00e7\u00e3o, mas tamb\u00e9m \u00e0 educa\u00e7\u00e3o e preven\u00e7\u00e3o. A a\u00e7\u00e3o de capacitar os profissionais do setor de conveni\u00eancia visa estabelecer uma cultura de:<\/p>\n<ul>\n<li><strong>Responsabilidade compartilhada:<\/strong> Todos devem se importar com a seguran\u00e7a alimentar.<\/li>\n<li><strong>Cultura de higiene:<\/strong> Promover a higiene como uma parte integral das opera\u00e7\u00f5es di\u00e1rias.<\/li>\n<li><strong>Melhoria cont\u00ednua:<\/strong> Incentivar o aprimoramento dos processos ef\u00f3lio de a\u00e7\u00f5es para garantir a seguran\u00e7a alimentar.<\/li>\n<\/ul>\n<h2>Resultados Esperados da Capacita\u00e7\u00e3o<\/h2>\n<p>Os resultados esperados com a capacita\u00e7\u00e3o s\u00e3o significativos e visam proporcionar um impacto duradouro na seguran\u00e7a alimentar da popula\u00e7\u00e3o. Entre os principais resultados est\u00e3o:<\/p>\n<ul>\n<li><strong>Aumento da conformidade:<\/strong> Espera-se um maior comprometimento dos estabelecimentos com as normas sanit\u00e1rias.<\/li>\n<li><strong>Aumento da confian\u00e7a do consumidor:<\/strong> Com a ado\u00e7\u00e3o das boas pr\u00e1ticas, a popula\u00e7\u00e3o poder\u00e1 ter mais confian\u00e7a nos produtos oferecidos.<\/li>\n<li><strong>Redu\u00e7\u00e3o de ocorr\u00eancias de contamina\u00e7\u00e3o:<\/strong> Com a correta implementa\u00e7\u00e3o das pr\u00e1ticas ensinadas, espera-se uma diminui\u00e7\u00e3o na incid\u00eancia de casos de contamina\u00e7\u00e3o alimentar.<\/li>\n<\/ul>\n\n<div style=\"font-size: 0px; height: 0px; line-height: 0px; margin: 0; padding: 0; clear: both;\"><\/div>","protected":false},"excerpt":{"rendered":"<p>Capacita\u00e7\u00e3o da Vigil\u00e2ncia Sanit\u00e1ria garante seguran\u00e7a nas conveni\u00eancias com boas pr\u00e1ticas alimentares.<\/p>\n","protected":false},"author":1,"featured_media":4561,"comment_status":"closed","ping_status":"closed","sticky":false,"template":"","format":"standard","meta":{"footnotes":""},"categories":[16],"tags":[],"class_list":["post-4562","post","type-post","status-publish","format-standard","has-post-thumbnail","hentry","category-educacao-em-maceio","has_thumb"],"aioseo_notices":[],"aioseo_head":"\n\t\t<!-- All in One SEO 5.0.0.1 - aioseo.com -->\n\t<meta name=\"description\" content=\"Capacita\u00e7\u00e3o da Vigil\u00e2ncia Sanit\u00e1ria garante seguran\u00e7a nas conveni\u00eancias com boas pr\u00e1ticas alimentares.\" \/>\n\t<meta name=\"robots\" content=\"max-image-preview:large\" \/>\n\t<meta name=\"author\" content=\"Encontra Macei\u00f3\"\/>\n\t<link rel=\"canonical\" href=\"https:\/\/www.encontramaceio.com.br\/sobre\/vigilancia-sanitaria-promove-capacitacao-para-o-setor-de-conveniencia\/\" \/>\n\t<meta name=\"generator\" content=\"All in One SEO (AIOSEO) 5.0.0.1\" \/>\n\t\t<meta property=\"og:locale\" content=\"pt_BR\" \/>\n\t\t<meta property=\"og:site_name\" content=\"Encontra Macei\u00f3 | Not\u00edcias, eventos, informa\u00e7\u00f5es e dicas na cidade Macei\u00f3 e regi\u00e3o.\" \/>\n\t\t<meta property=\"og:type\" content=\"article\" \/>\n\t\t<meta property=\"og:title\" content=\"Vigil\u00e2ncia Sanit\u00e1ria promove capacita\u00e7\u00e3o para o setor de conveni\u00eancia | Encontra Macei\u00f3\" \/>\n\t\t<meta property=\"og:description\" content=\"Capacita\u00e7\u00e3o da Vigil\u00e2ncia Sanit\u00e1ria garante seguran\u00e7a nas conveni\u00eancias com boas pr\u00e1ticas alimentares.\" \/>\n\t\t<meta property=\"og:url\" content=\"https:\/\/www.encontramaceio.com.br\/sobre\/vigilancia-sanitaria-promove-capacitacao-para-o-setor-de-conveniencia\/\" \/>\n\t\t<meta property=\"article:published_time\" content=\"2026-08-31T05:03:42+00:00\" \/>\n\t\t<meta property=\"article:modified_time\" content=\"2026-08-31T05:03:42+00:00\" \/>\n\t\t<meta name=\"twitter:card\" content=\"summary\" \/>\n\t\t<meta name=\"twitter:title\" content=\"Vigil\u00e2ncia Sanit\u00e1ria promove capacita\u00e7\u00e3o para o setor de conveni\u00eancia | Encontra Macei\u00f3\" \/>\n\t\t<meta name=\"twitter:description\" content=\"Capacita\u00e7\u00e3o da Vigil\u00e2ncia Sanit\u00e1ria garante seguran\u00e7a nas conveni\u00eancias com boas pr\u00e1ticas alimentares.\" \/>\n\t\t<script type=\"application\/ld+json\" class=\"aioseo-schema\">\n\t\t\t{\"@context\":\"https:\\\/\\\/schema.org\",\"@graph\":[{\"@type\":\"Article\",\"@id\":\"https:\\\/\\\/www.encontramaceio.com.br\\\/sobre\\\/vigilancia-sanitaria-promove-capacitacao-para-o-setor-de-conveniencia\\\/#article\",\"name\":\"Vigil\\u00e2ncia Sanit\\u00e1ria promove capacita\\u00e7\\u00e3o para o setor de conveni\\u00eancia | Encontra Macei\\u00f3\",\"headline\":\"Vigil\\u00e2ncia Sanit\\u00e1ria promove capacita\\u00e7\\u00e3o para o setor de conveni\\u00eancia\",\"author\":{\"@id\":\"https:\\\/\\\/www.encontramaceio.com.br\\\/sobre\\\/author\\\/emaceio\\\/#author\"},\"publisher\":{\"@id\":\"https:\\\/\\\/www.encontramaceio.com.br\\\/sobre\\\/#organization\"},\"image\":{\"@type\":\"ImageObject\",\"url\":\"https:\\\/\\\/www.encontramaceio.com.br\\\/sobre\\\/wp-content\\\/uploads\\\/2026\\\/08\\\/vigilancia-sanitaria-promove-capacitacao-para-o-setor-de-conveniencia.webp\",\"width\":280,\"height\":280,\"caption\":\"Vigil\\u00e2ncia Sanit\\u00e1ria capacita\\u00e7\\u00e3o setor de conveni\\u00eancia\"},\"datePublished\":\"2026-08-31T02:03:42-03:00\",\"dateModified\":\"2026-08-31T02:03:42-03:00\",\"inLanguage\":\"pt-BR\",\"mainEntityOfPage\":{\"@id\":\"https:\\\/\\\/www.encontramaceio.com.br\\\/sobre\\\/vigilancia-sanitaria-promove-capacitacao-para-o-setor-de-conveniencia\\\/#webpage\"},\"isPartOf\":{\"@id\":\"https:\\\/\\\/www.encontramaceio.com.br\\\/sobre\\\/vigilancia-sanitaria-promove-capacitacao-para-o-setor-de-conveniencia\\\/#webpage\"},\"articleSection\":\"Educa\\u00e7\\u00e3o Macei\\u00f3\"},{\"@type\":\"BreadcrumbList\",\"@id\":\"https:\\\/\\\/www.encontramaceio.com.br\\\/sobre\\\/vigilancia-sanitaria-promove-capacitacao-para-o-setor-de-conveniencia\\\/#breadcrumblist\",\"itemListElement\":[{\"@type\":\"ListItem\",\"@id\":\"https:\\\/\\\/www.encontramaceio.com.br\\\/sobre#listItem\",\"position\":1,\"name\":\"In\\u00edcio\",\"item\":\"https:\\\/\\\/www.encontramaceio.com.br\\\/sobre\",\"nextItem\":{\"@type\":\"ListItem\",\"@id\":\"https:\\\/\\\/www.encontramaceio.com.br\\\/sobre\\\/educacao-em-maceio\\\/#listItem\",\"name\":\"Educa\\u00e7\\u00e3o Macei\\u00f3\"}},{\"@type\":\"ListItem\",\"@id\":\"https:\\\/\\\/www.encontramaceio.com.br\\\/sobre\\\/educacao-em-maceio\\\/#listItem\",\"position\":2,\"name\":\"Educa\\u00e7\\u00e3o Macei\\u00f3\",\"item\":\"https:\\\/\\\/www.encontramaceio.com.br\\\/sobre\\\/educacao-em-maceio\\\/\",\"nextItem\":{\"@type\":\"ListItem\",\"@id\":\"https:\\\/\\\/www.encontramaceio.com.br\\\/sobre\\\/vigilancia-sanitaria-promove-capacitacao-para-o-setor-de-conveniencia\\\/#listItem\",\"name\":\"Vigil\\u00e2ncia Sanit\\u00e1ria promove capacita\\u00e7\\u00e3o para o setor de conveni\\u00eancia\"},\"previousItem\":{\"@type\":\"ListItem\",\"@id\":\"https:\\\/\\\/www.encontramaceio.com.br\\\/sobre#listItem\",\"name\":\"In\\u00edcio\"}},{\"@type\":\"ListItem\",\"@id\":\"https:\\\/\\\/www.encontramaceio.com.br\\\/sobre\\\/vigilancia-sanitaria-promove-capacitacao-para-o-setor-de-conveniencia\\\/#listItem\",\"position\":3,\"name\":\"Vigil\\u00e2ncia Sanit\\u00e1ria promove capacita\\u00e7\\u00e3o para o setor de conveni\\u00eancia\",\"previousItem\":{\"@type\":\"ListItem\",\"@id\":\"https:\\\/\\\/www.encontramaceio.com.br\\\/sobre\\\/educacao-em-maceio\\\/#listItem\",\"name\":\"Educa\\u00e7\\u00e3o Macei\\u00f3\"}}]},{\"@type\":\"Organization\",\"@id\":\"https:\\\/\\\/www.encontramaceio.com.br\\\/sobre\\\/#organization\",\"name\":\"Encontra Macei\\u00f3\",\"description\":\"Not\\u00edcias, eventos, informa\\u00e7\\u00f5es e dicas na cidade Macei\\u00f3 e regi\\u00e3o.\",\"url\":\"https:\\\/\\\/www.encontramaceio.com.br\\\/sobre\\\/\"},{\"@type\":\"Person\",\"@id\":\"https:\\\/\\\/www.encontramaceio.com.br\\\/sobre\\\/author\\\/emaceio\\\/#author\",\"url\":\"https:\\\/\\\/www.encontramaceio.com.br\\\/sobre\\\/author\\\/emaceio\\\/\",\"name\":\"Encontra Macei\\u00f3\",\"image\":{\"@type\":\"ImageObject\",\"@id\":\"https:\\\/\\\/www.encontramaceio.com.br\\\/sobre\\\/vigilancia-sanitaria-promove-capacitacao-para-o-setor-de-conveniencia\\\/#authorImage\",\"url\":\"https:\\\/\\\/secure.gravatar.com\\\/avatar\\\/507340682b8270222e1f208e23198b6ae7e2c6a1033ae84e99bc6bce4f82a387?s=96&d=mm&r=g\",\"width\":96,\"height\":96,\"caption\":\"Encontra Macei\\u00f3\"}},{\"@type\":\"WebPage\",\"@id\":\"https:\\\/\\\/www.encontramaceio.com.br\\\/sobre\\\/vigilancia-sanitaria-promove-capacitacao-para-o-setor-de-conveniencia\\\/#webpage\",\"url\":\"https:\\\/\\\/www.encontramaceio.com.br\\\/sobre\\\/vigilancia-sanitaria-promove-capacitacao-para-o-setor-de-conveniencia\\\/\",\"name\":\"Vigil\\u00e2ncia Sanit\\u00e1ria promove capacita\\u00e7\\u00e3o para o setor de conveni\\u00eancia | Encontra Macei\\u00f3\",\"description\":\"Capacita\\u00e7\\u00e3o da Vigil\\u00e2ncia Sanit\\u00e1ria garante seguran\\u00e7a nas conveni\\u00eancias com boas pr\\u00e1ticas alimentares.\",\"inLanguage\":\"pt-BR\",\"isPartOf\":{\"@id\":\"https:\\\/\\\/www.encontramaceio.com.br\\\/sobre\\\/#website\"},\"breadcrumb\":{\"@id\":\"https:\\\/\\\/www.encontramaceio.com.br\\\/sobre\\\/vigilancia-sanitaria-promove-capacitacao-para-o-setor-de-conveniencia\\\/#breadcrumblist\"},\"author\":{\"@id\":\"https:\\\/\\\/www.encontramaceio.com.br\\\/sobre\\\/author\\\/emaceio\\\/#author\"},\"creator\":{\"@id\":\"https:\\\/\\\/www.encontramaceio.com.br\\\/sobre\\\/author\\\/emaceio\\\/#author\"},\"image\":{\"@type\":\"ImageObject\",\"url\":\"https:\\\/\\\/www.encontramaceio.com.br\\\/sobre\\\/wp-content\\\/uploads\\\/2026\\\/08\\\/vigilancia-sanitaria-promove-capacitacao-para-o-setor-de-conveniencia.webp\",\"@id\":\"https:\\\/\\\/www.encontramaceio.com.br\\\/sobre\\\/vigilancia-sanitaria-promove-capacitacao-para-o-setor-de-conveniencia\\\/#mainImage\",\"width\":280,\"height\":280,\"caption\":\"Vigil\\u00e2ncia Sanit\\u00e1ria capacita\\u00e7\\u00e3o setor de conveni\\u00eancia\"},\"primaryImageOfPage\":{\"@id\":\"https:\\\/\\\/www.encontramaceio.com.br\\\/sobre\\\/vigilancia-sanitaria-promove-capacitacao-para-o-setor-de-conveniencia\\\/#mainImage\"},\"datePublished\":\"2026-08-31T02:03:42-03:00\",\"dateModified\":\"2026-08-31T02:03:42-03:00\"},{\"@type\":\"WebSite\",\"@id\":\"https:\\\/\\\/www.encontramaceio.com.br\\\/sobre\\\/#website\",\"url\":\"https:\\\/\\\/www.encontramaceio.com.br\\\/sobre\\\/\",\"name\":\"Encontra Macei\\u00f3\",\"description\":\"Not\\u00edcias, eventos, informa\\u00e7\\u00f5es e dicas na cidade Macei\\u00f3 e regi\\u00e3o.\",\"inLanguage\":\"pt-BR\",\"publisher\":{\"@id\":\"https:\\\/\\\/www.encontramaceio.com.br\\\/sobre\\\/#organization\"}}]}\n\t\t<\/script>\n\t\t<!-- All in One SEO -->\n\n","aioseo_head_json":{"title":"Vigil\u00e2ncia Sanit\u00e1ria promove capacita\u00e7\u00e3o para o setor de conveni\u00eancia | Encontra Macei\u00f3","description":"Capacita\u00e7\u00e3o da Vigil\u00e2ncia Sanit\u00e1ria garante seguran\u00e7a nas conveni\u00eancias com boas pr\u00e1ticas alimentares.","canonical_url":"https:\/\/www.encontramaceio.com.br\/sobre\/vigilancia-sanitaria-promove-capacitacao-para-o-setor-de-conveniencia\/","robots":"max-image-preview:large","keywords":"","webmasterTools":{"miscellaneous":""},"schema":{"@context":"https:\/\/schema.org","@graph":[{"@type":"Article","@id":"https:\/\/www.encontramaceio.com.br\/sobre\/vigilancia-sanitaria-promove-capacitacao-para-o-setor-de-conveniencia\/#article","name":"Vigil\u00e2ncia Sanit\u00e1ria promove capacita\u00e7\u00e3o para o setor de conveni\u00eancia | Encontra Macei\u00f3","headline":"Vigil\u00e2ncia Sanit\u00e1ria promove capacita\u00e7\u00e3o para o setor de conveni\u00eancia","author":{"@id":"https:\/\/www.encontramaceio.com.br\/sobre\/author\/emaceio\/#author"},"publisher":{"@id":"https:\/\/www.encontramaceio.com.br\/sobre\/#organization"},"image":{"@type":"ImageObject","url":"https:\/\/www.encontramaceio.com.br\/sobre\/wp-content\/uploads\/2026\/08\/vigilancia-sanitaria-promove-capacitacao-para-o-setor-de-conveniencia.webp","width":280,"height":280,"caption":"Vigil\u00e2ncia Sanit\u00e1ria capacita\u00e7\u00e3o setor de conveni\u00eancia"},"datePublished":"2026-08-31T02:03:42-03:00","dateModified":"2026-08-31T02:03:42-03:00","inLanguage":"pt-BR","mainEntityOfPage":{"@id":"https:\/\/www.encontramaceio.com.br\/sobre\/vigilancia-sanitaria-promove-capacitacao-para-o-setor-de-conveniencia\/#webpage"},"isPartOf":{"@id":"https:\/\/www.encontramaceio.com.br\/sobre\/vigilancia-sanitaria-promove-capacitacao-para-o-setor-de-conveniencia\/#webpage"},"articleSection":"Educa\u00e7\u00e3o Macei\u00f3"},{"@type":"BreadcrumbList","@id":"https:\/\/www.encontramaceio.com.br\/sobre\/vigilancia-sanitaria-promove-capacitacao-para-o-setor-de-conveniencia\/#breadcrumblist","itemListElement":[{"@type":"ListItem","@id":"https:\/\/www.encontramaceio.com.br\/sobre#listItem","position":1,"name":"In\u00edcio","item":"https:\/\/www.encontramaceio.com.br\/sobre","nextItem":{"@type":"ListItem","@id":"https:\/\/www.encontramaceio.com.br\/sobre\/educacao-em-maceio\/#listItem","name":"Educa\u00e7\u00e3o Macei\u00f3"}},{"@type":"ListItem","@id":"https:\/\/www.encontramaceio.com.br\/sobre\/educacao-em-maceio\/#listItem","position":2,"name":"Educa\u00e7\u00e3o Macei\u00f3","item":"https:\/\/www.encontramaceio.com.br\/sobre\/educacao-em-maceio\/","nextItem":{"@type":"ListItem","@id":"https:\/\/www.encontramaceio.com.br\/sobre\/vigilancia-sanitaria-promove-capacitacao-para-o-setor-de-conveniencia\/#listItem","name":"Vigil\u00e2ncia Sanit\u00e1ria promove capacita\u00e7\u00e3o para o setor de conveni\u00eancia"},"previousItem":{"@type":"ListItem","@id":"https:\/\/www.encontramaceio.com.br\/sobre#listItem","name":"In\u00edcio"}},{"@type":"ListItem","@id":"https:\/\/www.encontramaceio.com.br\/sobre\/vigilancia-sanitaria-promove-capacitacao-para-o-setor-de-conveniencia\/#listItem","position":3,"name":"Vigil\u00e2ncia Sanit\u00e1ria promove capacita\u00e7\u00e3o para o setor de conveni\u00eancia","previousItem":{"@type":"ListItem","@id":"https:\/\/www.encontramaceio.com.br\/sobre\/educacao-em-maceio\/#listItem","name":"Educa\u00e7\u00e3o Macei\u00f3"}}]},{"@type":"Organization","@id":"https:\/\/www.encontramaceio.com.br\/sobre\/#organization","name":"Encontra Macei\u00f3","description":"Not\u00edcias, eventos, informa\u00e7\u00f5es e dicas na cidade Macei\u00f3 e regi\u00e3o.","url":"https:\/\/www.encontramaceio.com.br\/sobre\/"},{"@type":"Person","@id":"https:\/\/www.encontramaceio.com.br\/sobre\/author\/emaceio\/#author","url":"https:\/\/www.encontramaceio.com.br\/sobre\/author\/emaceio\/","name":"Encontra Macei\u00f3","image":{"@type":"ImageObject","@id":"https:\/\/www.encontramaceio.com.br\/sobre\/vigilancia-sanitaria-promove-capacitacao-para-o-setor-de-conveniencia\/#authorImage","url":"https:\/\/secure.gravatar.com\/avatar\/507340682b8270222e1f208e23198b6ae7e2c6a1033ae84e99bc6bce4f82a387?s=96&d=mm&r=g","width":96,"height":96,"caption":"Encontra Macei\u00f3"}},{"@type":"WebPage","@id":"https:\/\/www.encontramaceio.com.br\/sobre\/vigilancia-sanitaria-promove-capacitacao-para-o-setor-de-conveniencia\/#webpage","url":"https:\/\/www.encontramaceio.com.br\/sobre\/vigilancia-sanitaria-promove-capacitacao-para-o-setor-de-conveniencia\/","name":"Vigil\u00e2ncia Sanit\u00e1ria promove capacita\u00e7\u00e3o para o setor de conveni\u00eancia | Encontra Macei\u00f3","description":"Capacita\u00e7\u00e3o da Vigil\u00e2ncia Sanit\u00e1ria garante seguran\u00e7a nas conveni\u00eancias com boas pr\u00e1ticas alimentares.","inLanguage":"pt-BR","isPartOf":{"@id":"https:\/\/www.encontramaceio.com.br\/sobre\/#website"},"breadcrumb":{"@id":"https:\/\/www.encontramaceio.com.br\/sobre\/vigilancia-sanitaria-promove-capacitacao-para-o-setor-de-conveniencia\/#breadcrumblist"},"author":{"@id":"https:\/\/www.encontramaceio.com.br\/sobre\/author\/emaceio\/#author"},"creator":{"@id":"https:\/\/www.encontramaceio.com.br\/sobre\/author\/emaceio\/#author"},"image":{"@type":"ImageObject","url":"https:\/\/www.encontramaceio.com.br\/sobre\/wp-content\/uploads\/2026\/08\/vigilancia-sanitaria-promove-capacitacao-para-o-setor-de-conveniencia.webp","@id":"https:\/\/www.encontramaceio.com.br\/sobre\/vigilancia-sanitaria-promove-capacitacao-para-o-setor-de-conveniencia\/#mainImage","width":280,"height":280,"caption":"Vigil\u00e2ncia Sanit\u00e1ria capacita\u00e7\u00e3o setor de conveni\u00eancia"},"primaryImageOfPage":{"@id":"https:\/\/www.encontramaceio.com.br\/sobre\/vigilancia-sanitaria-promove-capacitacao-para-o-setor-de-conveniencia\/#mainImage"},"datePublished":"2026-08-31T02:03:42-03:00","dateModified":"2026-08-31T02:03:42-03:00"},{"@type":"WebSite","@id":"https:\/\/www.encontramaceio.com.br\/sobre\/#website","url":"https:\/\/www.encontramaceio.com.br\/sobre\/","name":"Encontra Macei\u00f3","description":"Not\u00edcias, eventos, informa\u00e7\u00f5es e dicas na cidade Macei\u00f3 e regi\u00e3o.","inLanguage":"pt-BR","publisher":{"@id":"https:\/\/www.encontramaceio.com.br\/sobre\/#organization"}}]},"og:locale":"pt_BR","og:site_name":"Encontra Macei\u00f3 | Not\u00edcias, eventos, informa\u00e7\u00f5es e dicas na cidade Macei\u00f3 e regi\u00e3o.","og:type":"article","og:title":"Vigil\u00e2ncia Sanit\u00e1ria promove capacita\u00e7\u00e3o para o setor de conveni\u00eancia | Encontra Macei\u00f3","og:description":"Capacita\u00e7\u00e3o da Vigil\u00e2ncia Sanit\u00e1ria garante seguran\u00e7a nas conveni\u00eancias com boas pr\u00e1ticas alimentares.","og:url":"https:\/\/www.encontramaceio.com.br\/sobre\/vigilancia-sanitaria-promove-capacitacao-para-o-setor-de-conveniencia\/","article:published_time":"2026-08-31T05:03:42+00:00","article:modified_time":"2026-08-31T05:03:42+00:00","twitter:card":"summary","twitter:title":"Vigil\u00e2ncia Sanit\u00e1ria promove capacita\u00e7\u00e3o para o setor de conveni\u00eancia | Encontra Macei\u00f3","twitter:description":"Capacita\u00e7\u00e3o da Vigil\u00e2ncia Sanit\u00e1ria garante seguran\u00e7a nas conveni\u00eancias com boas pr\u00e1ticas alimentares."},"aioseo_meta_data":{"post_id":"4562","title":null,"description":null,"keywords":null,"keyphrases":null,"primary_term":null,"canonical_url":null,"og_title":null,"og_description":null,"og_object_type":"default","og_image_type":"default","og_image_url":null,"og_image_width":null,"og_image_height":null,"og_image_custom_url":null,"og_image_custom_fields":null,"og_video":null,"og_custom_url":null,"og_article_section":null,"og_article_tags":null,"twitter_use_og":false,"twitter_card":"default","twitter_image_type":"default","twitter_image_url":null,"twitter_image_custom_url":null,"twitter_image_custom_fields":null,"twitter_title":null,"twitter_description":null,"schema":{"blockGraphs":[],"customGraphs":[],"default":{"data":{"Article":[],"Course":[],"Dataset":[],"FAQPage":[],"Movie":[],"Person":[],"Product":[],"ProductReview":[],"Car":[],"Recipe":[],"Service":[],"SoftwareApplication":[],"WebPage":[]},"graphName":"Article","isEnabled":true},"graphs":[]},"schema_type":"default","schema_type_options":null,"pillar_content":false,"robots_default":true,"robots_noindex":false,"robots_noarchive":false,"robots_nosnippet":false,"robots_nofollow":false,"robots_noimageindex":false,"robots_noodp":false,"robots_notranslate":false,"robots_max_snippet":null,"robots_max_videopreview":null,"robots_max_imagepreview":"large","priority":null,"frequency":null,"local_seo":null,"limit_modified_date":false,"created":"2026-08-31 05:03:42","updated":"2026-08-31 05:03:42","focus_keyword":null,"additional_keywords":null,"truseo_locale":null,"ai":null,"breadcrumb_settings":null,"seo_analyzer_scan_date":null},"aioseo_breadcrumb":"<div class=\"aioseo-breadcrumbs\"><span class=\"aioseo-breadcrumb\">\n\t\t\t<a href=\"https:\/\/www.encontramaceio.com.br\/sobre\" title=\"In\u00edcio\">In\u00edcio<\/a>\n\t\t<\/span><span class=\"aioseo-breadcrumb-separator\">&raquo;<\/span><span class=\"aioseo-breadcrumb\">\n\t\t\t<a href=\"https:\/\/www.encontramaceio.com.br\/sobre\/educacao-em-maceio\/\" title=\"Educa\u00e7\u00e3o Macei\u00f3\">Educa\u00e7\u00e3o Macei\u00f3<\/a>\n\t\t<\/span><span class=\"aioseo-breadcrumb-separator\">&raquo;<\/span><span class=\"aioseo-breadcrumb\">\n\t\t\tVigil\u00e2ncia Sanit\u00e1ria promove capacita\u00e7\u00e3o para o setor de conveni\u00eancia\n\t\t<\/span><\/div>","aioseo_breadcrumb_json":[{"label":"In\u00edcio","link":"https:\/\/www.encontramaceio.com.br\/sobre"},{"label":"Educa\u00e7\u00e3o Macei\u00f3","link":"https:\/\/www.encontramaceio.com.br\/sobre\/educacao-em-maceio\/"},{"label":"Vigil\u00e2ncia Sanit\u00e1ria promove capacita\u00e7\u00e3o para o setor de conveni\u00eancia","link":"https:\/\/www.encontramaceio.com.br\/sobre\/vigilancia-sanitaria-promove-capacitacao-para-o-setor-de-conveniencia\/"}],"_links":{"self":[{"href":"https:\/\/www.encontramaceio.com.br\/sobre\/wp-json\/wp\/v2\/posts\/4562","targetHints":{"allow":["GET"]}}],"collection":[{"href":"https:\/\/www.encontramaceio.com.br\/sobre\/wp-json\/wp\/v2\/posts"}],"about":[{"href":"https:\/\/www.encontramaceio.com.br\/sobre\/wp-json\/wp\/v2\/types\/post"}],"author":[{"embeddable":true,"href":"https:\/\/www.encontramaceio.com.br\/sobre\/wp-json\/wp\/v2\/users\/1"}],"replies":[{"embeddable":true,"href":"https:\/\/www.encontramaceio.com.br\/sobre\/wp-json\/wp\/v2\/comments?post=4562"}],"version-history":[{"count":0,"href":"https:\/\/www.encontramaceio.com.br\/sobre\/wp-json\/wp\/v2\/posts\/4562\/revisions"}],"wp:featuredmedia":[{"embeddable":true,"href":"https:\/\/www.encontramaceio.com.br\/sobre\/wp-json\/wp\/v2\/media\/4561"}],"wp:attachment":[{"href":"https:\/\/www.encontramaceio.com.br\/sobre\/wp-json\/wp\/v2\/media?parent=4562"}],"wp:term":[{"taxonomy":"category","embeddable":true,"href":"https:\/\/www.encontramaceio.com.br\/sobre\/wp-json\/wp\/v2\/categories?post=4562"},{"taxonomy":"post_tag","embeddable":true,"href":"https:\/\/www.encontramaceio.com.br\/sobre\/wp-json\/wp\/v2\/tags?post=4562"}],"curies":[{"name":"wp","href":"https:\/\/api.w.org\/{rel}","templated":true}]}}