{"id":4544,"date":"2026-08-28T20:04:56","date_gmt":"2026-08-28T23:04:56","guid":{"rendered":"https:\/\/www.encontramaceio.com.br\/sobre\/confira-o-funcionamento-dos-servicos-da-saude-de-maceio-durante-o-feriado-de-nossa-senhora-dos-prazeres\/"},"modified":"2026-08-28T20:04:56","modified_gmt":"2026-08-28T23:04:56","slug":"confira-o-funcionamento-dos-servicos-da-saude-de-maceio-durante-o-feriado-de-nossa-senhora-dos-prazeres","status":"publish","type":"post","link":"https:\/\/www.encontramaceio.com.br\/sobre\/confira-o-funcionamento-dos-servicos-da-saude-de-maceio-durante-o-feriado-de-nossa-senhora-dos-prazeres\/","title":{"rendered":"Confira o funcionamento dos servi\u00e7os da Sa\u00fade de Macei\u00f3 durante o feriado de Nossa Senhora dos Prazeres"},"content":{"rendered":"<div class=\"dcb782f0616bca5484400fea6b37e93d\" data-index=\"1\" style=\"float: none; margin:0px;\">\n<script async src=\"https:\/\/pagead2.googlesyndication.com\/pagead\/js\/adsbygoogle.js?client=ca-pub-8585364105181520\"\r\n     crossorigin=\"anonymous\"><\/script>\r\n<!-- Anuncio display - global -->\r\n<ins class=\"adsbygoogle\"\r\n     style=\"display:block\"\r\n     data-ad-client=\"ca-pub-8585364105181520\"\r\n     data-ad-slot=\"8789329856\"\r\n     data-ad-format=\"auto\"\r\n     data-full-width-responsive=\"true\"><\/ins>\r\n<script>\r\n     (adsbygoogle = window.adsbygoogle || []).push({});\r\n<\/script>\n<\/div>\n<h2>Altera\u00e7\u00f5es nos Atendimentos de Sa\u00fade<\/h2>\n<p>Durante o feriado de Nossa Senhora dos Prazeres, programado para esta quinta-feira (27), diversas altera\u00e7\u00f5es ocorrer\u00e3o na opera\u00e7\u00e3o dos servi\u00e7os de sa\u00fade em Macei\u00f3. \u00c9 crucial que os cidad\u00e3os tenham plena ci\u00eancia dessas mudan\u00e7as para evitar transtornos e se programar adequadamente.<\/p>\n<h2>Funcionamento das Unidades de Sa\u00fade<\/h2>\n<p>No dia do feriado, todas as Unidades de Sa\u00fade, assim como os Centros de Aten\u00e7\u00e3o Psicossocial (Caps), permanecer\u00e3o fechadas. Entretanto, a partir da sexta-feira (28), todos os atendimentos ser\u00e3o restabelecidos, com servi\u00e7o normalizado para a popula\u00e7\u00e3o. O Sa\u00fade da Gente Especialidades, localizado no Salgadinho, seguir\u00e1 o mesmo procedimento, interrompendo os servi\u00e7os no feriado, mas retomando atendimentos na sexta.<\/p>\n<h2>Retorno da Vacina\u00e7\u00e3o<\/h2>\n<p>\u00c9 importante ressaltar que a vacina\u00e7\u00e3o estar\u00e1 suspensa durante o feriado, mas voltar\u00e1 a funcionar normalmente na sexta-feira. Os locais de vacina\u00e7\u00e3o fixos, como os shoppings Macei\u00f3 e P\u00e1tio, atender\u00e3o das 12h \u00e0s 20h, j\u00e1 o Cat Levada funcionar\u00e1 das 8h \u00e0s 14h. Essa continuidade nos servi\u00e7os de vacina\u00e7\u00e3o \u00e9 essencial para a prote\u00e7\u00e3o da popula\u00e7\u00e3o.<\/p>\n<p><img decoding=\"async\" src=\"https:\/\/www.encontramaceio.com.br\/sobre\/wp-content\/uploads\/2026\/08\/confira-o-funcionamento-dos-servicos-da-saude-de-maceio-durante-o-feriado-de-nossa-senhora-dos-praze.webp\" alt=\"sa\u00fade de macei\u00f3\" loading=\"lazy\" \/><\/p>\n<h2>Sa\u00fade da Gente Especialidades<\/h2>\n<p>O servi\u00e7o do Sa\u00fade da Gente Especialidades, que atende a comunidade do Benedito Bentes, tamb\u00e9m ter\u00e1 a sua opera\u00e7\u00e3o pausada no dia do feriado. Os atendimentos ser\u00e3o retomados na sexta-feira, proporcionando \u00e0 popula\u00e7\u00e3o acesso aos cuidados necess\u00e1rios.<\/p>\n<h2>Centro de Atendimento ao Turista<\/h2>\n<p>O Centro de Atendimento ao Turista (CAT) Levada, assim como as Unidades de Sa\u00fade, n\u00e3o funcionar\u00e1 no feriado. Os atendimentos ser\u00e3o retomados na sexta-feira, no hor\u00e1rio habitual, das 8h \u00e0s 14h, facilitando a assist\u00eancia aos turistas e moradores da regi\u00e3o.<\/p>\n<h2>Unidade de Vigil\u00e2ncia em Zoonoses<\/h2>\n<p>A Unidade de Vigil\u00e2ncia em Zoonoses (UVZ) ir\u00e1 interromper suas atividades no feriado do dia 27, mas retornar\u00e1 com o atendimento ao p\u00fablico na sexta-feira, oferecendo suporte e vigil\u00e2ncia sobre zoonoses na cidade. Para casos de urg\u00eancia, a UVZ oferecer\u00e1 plant\u00e3o durante o feriado, realizando apreens\u00f5es de animais e recebendo den\u00fancias da popula\u00e7\u00e3o.<\/p>\n<h2>Hor\u00e1rio de Plant\u00e3o da UVZ<\/h2>\n<p>Durante o feriado, a UVZ funcionar\u00e1 em regime de plant\u00e3o das 8h \u00e0s 16h, e os cidad\u00e3os poder\u00e3o entrar em contato atrav\u00e9s do n\u00famero de WhatsApp **(82) 3312-5492** para registrar suas solicita\u00e7\u00f5es de maneira pr\u00e1tica e r\u00e1pida.<\/p>\n<h2>Contatos e Informa\u00e7\u00f5es Importantes<\/h2>\n<p>Para obter mais informa\u00e7\u00f5es relacionadas aos servi\u00e7os de sa\u00fade da cidade e outras d\u00favidas, a popula\u00e7\u00e3o pode contatar a Secretaria Municipal de Sa\u00fade (SMS) no seguinte endere\u00e7o:<\/p>\n<p><strong>Avenida Fernandes Lima, 2335 &#8211; Farol<\/strong><br \/>CEP 57020-250<br \/>Telefone: <strong>(82) 3312-5400<\/strong><br \/>Hor\u00e1rio de atendimento: segunda a sexta-feira, de 8h \u00e0s 14h.<\/p>\n<h2>Publicidade dos Servi\u00e7os de Sa\u00fade<\/h2>\n<p>A divulga\u00e7\u00e3o dos hor\u00e1rios e altera\u00e7\u00f5es nos servi\u00e7os de sa\u00fade \u00e9 fundamental para que a popula\u00e7\u00e3o fique ciente e possa planejar sua rotina de acordo. As plataformas digitais e as redes sociais da prefeitura tamb\u00e9m s\u00e3o canais eficazes para disseminar estas informa\u00e7\u00f5es.<\/p>\n<h2>Acesse o Portal da Sa\u00fade de Macei\u00f3<\/h2>\n<p>Para conferir mais detalhes sobre os servi\u00e7os disponibilizados, bem como as atualiza\u00e7\u00f5es necess\u00e1rias, o cidad\u00e3o pode acessar o <a href=\"https:\/\/maceio.al.gov.br\/secretarias-e-orgaos\/sms\">Portal da Sa\u00fade de Macei\u00f3<\/a>. \u00c9 um importante recurso para obter informa\u00e7\u00f5es precisas e atualizadas sobre sa\u00fade e servi\u00e7os de sa\u00fade na cidade.<\/p>\n\n<div style=\"font-size: 0px; height: 0px; line-height: 0px; margin: 0; padding: 0; clear: both;\"><\/div>","protected":false},"excerpt":{"rendered":"<p>Descubra como funcionam os servi\u00e7os da Sa\u00fade de Macei\u00f3 durante o feriado de Nossa Senhora dos Prazeres.<\/p>\n","protected":false},"author":1,"featured_media":4543,"comment_status":"closed","ping_status":"closed","sticky":false,"template":"","format":"standard","meta":{"footnotes":""},"categories":[20],"tags":[],"class_list":["post-4544","post","type-post","status-publish","format-standard","has-post-thumbnail","hentry","category-saude-em-maceio","has_thumb"],"aioseo_notices":[],"aioseo_head":"\n\t\t<!-- All in One SEO 5.0.0.1 - aioseo.com -->\n\t<meta name=\"description\" content=\"Descubra como funcionam os servi\u00e7os da Sa\u00fade de Macei\u00f3 durante o feriado de Nossa Senhora dos Prazeres.\" \/>\n\t<meta name=\"robots\" content=\"max-image-preview:large\" \/>\n\t<meta name=\"author\" content=\"Encontra Macei\u00f3\"\/>\n\t<link rel=\"canonical\" href=\"https:\/\/www.encontramaceio.com.br\/sobre\/confira-o-funcionamento-dos-servicos-da-saude-de-maceio-durante-o-feriado-de-nossa-senhora-dos-prazeres\/\" \/>\n\t<meta name=\"generator\" content=\"All in One SEO (AIOSEO) 5.0.0.1\" \/>\n\t\t<meta property=\"og:locale\" content=\"pt_BR\" \/>\n\t\t<meta property=\"og:site_name\" content=\"Encontra Macei\u00f3 | Not\u00edcias, eventos, informa\u00e7\u00f5es e dicas na cidade Macei\u00f3 e regi\u00e3o.\" \/>\n\t\t<meta property=\"og:type\" content=\"article\" \/>\n\t\t<meta property=\"og:title\" content=\"Confira o funcionamento dos servi\u00e7os da Sa\u00fade de Macei\u00f3 durante o feriado de Nossa Senhora dos Prazeres | Encontra Macei\u00f3\" \/>\n\t\t<meta property=\"og:description\" content=\"Descubra como funcionam os servi\u00e7os da Sa\u00fade de Macei\u00f3 durante o feriado de Nossa Senhora dos Prazeres.\" \/>\n\t\t<meta property=\"og:url\" content=\"https:\/\/www.encontramaceio.com.br\/sobre\/confira-o-funcionamento-dos-servicos-da-saude-de-maceio-durante-o-feriado-de-nossa-senhora-dos-prazeres\/\" \/>\n\t\t<meta property=\"article:published_time\" content=\"2026-08-28T23:04:56+00:00\" \/>\n\t\t<meta property=\"article:modified_time\" content=\"2026-08-28T23:04:56+00:00\" \/>\n\t\t<meta name=\"twitter:card\" content=\"summary\" \/>\n\t\t<meta name=\"twitter:title\" content=\"Confira o funcionamento dos servi\u00e7os da Sa\u00fade de Macei\u00f3 durante o feriado de Nossa Senhora dos Prazeres | Encontra Macei\u00f3\" \/>\n\t\t<meta name=\"twitter:description\" content=\"Descubra como funcionam os servi\u00e7os da Sa\u00fade de Macei\u00f3 durante o feriado de Nossa Senhora dos Prazeres.\" \/>\n\t\t<script type=\"application\/ld+json\" class=\"aioseo-schema\">\n\t\t\t{\"@context\":\"https:\\\/\\\/schema.org\",\"@graph\":[{\"@type\":\"Article\",\"@id\":\"https:\\\/\\\/www.encontramaceio.com.br\\\/sobre\\\/confira-o-funcionamento-dos-servicos-da-saude-de-maceio-durante-o-feriado-de-nossa-senhora-dos-prazeres\\\/#article\",\"name\":\"Confira o funcionamento dos servi\\u00e7os da Sa\\u00fade de Macei\\u00f3 durante o feriado de Nossa Senhora dos Prazeres | Encontra Macei\\u00f3\",\"headline\":\"Confira o funcionamento dos servi\\u00e7os da Sa\\u00fade de Macei\\u00f3 durante o feriado de Nossa Senhora dos Prazeres\",\"author\":{\"@id\":\"https:\\\/\\\/www.encontramaceio.com.br\\\/sobre\\\/author\\\/emaceio\\\/#author\"},\"publisher\":{\"@id\":\"https:\\\/\\\/www.encontramaceio.com.br\\\/sobre\\\/#organization\"},\"image\":{\"@type\":\"ImageObject\",\"url\":\"https:\\\/\\\/www.encontramaceio.com.br\\\/sobre\\\/wp-content\\\/uploads\\\/2026\\\/08\\\/confira-o-funcionamento-dos-servicos-da-saude-de-maceio-durante-o-feriado-de-nossa-senhora-dos-praze.webp\",\"width\":280,\"height\":280,\"caption\":\"sa\\u00fade de macei\\u00f3\"},\"datePublished\":\"2026-08-28T20:04:56-03:00\",\"dateModified\":\"2026-08-28T20:04:56-03:00\",\"inLanguage\":\"pt-BR\",\"mainEntityOfPage\":{\"@id\":\"https:\\\/\\\/www.encontramaceio.com.br\\\/sobre\\\/confira-o-funcionamento-dos-servicos-da-saude-de-maceio-durante-o-feriado-de-nossa-senhora-dos-prazeres\\\/#webpage\"},\"isPartOf\":{\"@id\":\"https:\\\/\\\/www.encontramaceio.com.br\\\/sobre\\\/confira-o-funcionamento-dos-servicos-da-saude-de-maceio-durante-o-feriado-de-nossa-senhora-dos-prazeres\\\/#webpage\"},\"articleSection\":\"Sa\\u00fade Macei\\u00f3\"},{\"@type\":\"BreadcrumbList\",\"@id\":\"https:\\\/\\\/www.encontramaceio.com.br\\\/sobre\\\/confira-o-funcionamento-dos-servicos-da-saude-de-maceio-durante-o-feriado-de-nossa-senhora-dos-prazeres\\\/#breadcrumblist\",\"itemListElement\":[{\"@type\":\"ListItem\",\"@id\":\"https:\\\/\\\/www.encontramaceio.com.br\\\/sobre#listItem\",\"position\":1,\"name\":\"In\\u00edcio\",\"item\":\"https:\\\/\\\/www.encontramaceio.com.br\\\/sobre\",\"nextItem\":{\"@type\":\"ListItem\",\"@id\":\"https:\\\/\\\/www.encontramaceio.com.br\\\/sobre\\\/saude-em-maceio\\\/#listItem\",\"name\":\"Sa\\u00fade Macei\\u00f3\"}},{\"@type\":\"ListItem\",\"@id\":\"https:\\\/\\\/www.encontramaceio.com.br\\\/sobre\\\/saude-em-maceio\\\/#listItem\",\"position\":2,\"name\":\"Sa\\u00fade Macei\\u00f3\",\"item\":\"https:\\\/\\\/www.encontramaceio.com.br\\\/sobre\\\/saude-em-maceio\\\/\",\"nextItem\":{\"@type\":\"ListItem\",\"@id\":\"https:\\\/\\\/www.encontramaceio.com.br\\\/sobre\\\/confira-o-funcionamento-dos-servicos-da-saude-de-maceio-durante-o-feriado-de-nossa-senhora-dos-prazeres\\\/#listItem\",\"name\":\"Confira o funcionamento dos servi\\u00e7os da Sa\\u00fade de Macei\\u00f3 durante o feriado de Nossa Senhora dos Prazeres\"},\"previousItem\":{\"@type\":\"ListItem\",\"@id\":\"https:\\\/\\\/www.encontramaceio.com.br\\\/sobre#listItem\",\"name\":\"In\\u00edcio\"}},{\"@type\":\"ListItem\",\"@id\":\"https:\\\/\\\/www.encontramaceio.com.br\\\/sobre\\\/confira-o-funcionamento-dos-servicos-da-saude-de-maceio-durante-o-feriado-de-nossa-senhora-dos-prazeres\\\/#listItem\",\"position\":3,\"name\":\"Confira o funcionamento dos servi\\u00e7os da Sa\\u00fade de Macei\\u00f3 durante o feriado de Nossa Senhora dos Prazeres\",\"previousItem\":{\"@type\":\"ListItem\",\"@id\":\"https:\\\/\\\/www.encontramaceio.com.br\\\/sobre\\\/saude-em-maceio\\\/#listItem\",\"name\":\"Sa\\u00fade Macei\\u00f3\"}}]},{\"@type\":\"Organization\",\"@id\":\"https:\\\/\\\/www.encontramaceio.com.br\\\/sobre\\\/#organization\",\"name\":\"Encontra Macei\\u00f3\",\"description\":\"Not\\u00edcias, eventos, informa\\u00e7\\u00f5es e dicas na cidade Macei\\u00f3 e regi\\u00e3o.\",\"url\":\"https:\\\/\\\/www.encontramaceio.com.br\\\/sobre\\\/\"},{\"@type\":\"Person\",\"@id\":\"https:\\\/\\\/www.encontramaceio.com.br\\\/sobre\\\/author\\\/emaceio\\\/#author\",\"url\":\"https:\\\/\\\/www.encontramaceio.com.br\\\/sobre\\\/author\\\/emaceio\\\/\",\"name\":\"Encontra Macei\\u00f3\",\"image\":{\"@type\":\"ImageObject\",\"@id\":\"https:\\\/\\\/www.encontramaceio.com.br\\\/sobre\\\/confira-o-funcionamento-dos-servicos-da-saude-de-maceio-durante-o-feriado-de-nossa-senhora-dos-prazeres\\\/#authorImage\",\"url\":\"https:\\\/\\\/secure.gravatar.com\\\/avatar\\\/507340682b8270222e1f208e23198b6ae7e2c6a1033ae84e99bc6bce4f82a387?s=96&d=mm&r=g\",\"width\":96,\"height\":96,\"caption\":\"Encontra Macei\\u00f3\"}},{\"@type\":\"WebPage\",\"@id\":\"https:\\\/\\\/www.encontramaceio.com.br\\\/sobre\\\/confira-o-funcionamento-dos-servicos-da-saude-de-maceio-durante-o-feriado-de-nossa-senhora-dos-prazeres\\\/#webpage\",\"url\":\"https:\\\/\\\/www.encontramaceio.com.br\\\/sobre\\\/confira-o-funcionamento-dos-servicos-da-saude-de-maceio-durante-o-feriado-de-nossa-senhora-dos-prazeres\\\/\",\"name\":\"Confira o funcionamento dos servi\\u00e7os da Sa\\u00fade de Macei\\u00f3 durante o feriado de Nossa Senhora dos Prazeres | Encontra Macei\\u00f3\",\"description\":\"Descubra como funcionam os servi\\u00e7os da Sa\\u00fade de Macei\\u00f3 durante o feriado de Nossa Senhora dos Prazeres.\",\"inLanguage\":\"pt-BR\",\"isPartOf\":{\"@id\":\"https:\\\/\\\/www.encontramaceio.com.br\\\/sobre\\\/#website\"},\"breadcrumb\":{\"@id\":\"https:\\\/\\\/www.encontramaceio.com.br\\\/sobre\\\/confira-o-funcionamento-dos-servicos-da-saude-de-maceio-durante-o-feriado-de-nossa-senhora-dos-prazeres\\\/#breadcrumblist\"},\"author\":{\"@id\":\"https:\\\/\\\/www.encontramaceio.com.br\\\/sobre\\\/author\\\/emaceio\\\/#author\"},\"creator\":{\"@id\":\"https:\\\/\\\/www.encontramaceio.com.br\\\/sobre\\\/author\\\/emaceio\\\/#author\"},\"image\":{\"@type\":\"ImageObject\",\"url\":\"https:\\\/\\\/www.encontramaceio.com.br\\\/sobre\\\/wp-content\\\/uploads\\\/2026\\\/08\\\/confira-o-funcionamento-dos-servicos-da-saude-de-maceio-durante-o-feriado-de-nossa-senhora-dos-praze.webp\",\"@id\":\"https:\\\/\\\/www.encontramaceio.com.br\\\/sobre\\\/confira-o-funcionamento-dos-servicos-da-saude-de-maceio-durante-o-feriado-de-nossa-senhora-dos-prazeres\\\/#mainImage\",\"width\":280,\"height\":280,\"caption\":\"sa\\u00fade de macei\\u00f3\"},\"primaryImageOfPage\":{\"@id\":\"https:\\\/\\\/www.encontramaceio.com.br\\\/sobre\\\/confira-o-funcionamento-dos-servicos-da-saude-de-maceio-durante-o-feriado-de-nossa-senhora-dos-prazeres\\\/#mainImage\"},\"datePublished\":\"2026-08-28T20:04:56-03:00\",\"dateModified\":\"2026-08-28T20:04:56-03:00\"},{\"@type\":\"WebSite\",\"@id\":\"https:\\\/\\\/www.encontramaceio.com.br\\\/sobre\\\/#website\",\"url\":\"https:\\\/\\\/www.encontramaceio.com.br\\\/sobre\\\/\",\"name\":\"Encontra Macei\\u00f3\",\"description\":\"Not\\u00edcias, eventos, informa\\u00e7\\u00f5es e dicas na cidade Macei\\u00f3 e regi\\u00e3o.\",\"inLanguage\":\"pt-BR\",\"publisher\":{\"@id\":\"https:\\\/\\\/www.encontramaceio.com.br\\\/sobre\\\/#organization\"}}]}\n\t\t<\/script>\n\t\t<!-- All in One SEO -->\n\n","aioseo_head_json":{"title":"Confira o funcionamento dos servi\u00e7os da Sa\u00fade de Macei\u00f3 durante o feriado de Nossa Senhora dos Prazeres | Encontra Macei\u00f3","description":"Descubra como funcionam os servi\u00e7os da Sa\u00fade de Macei\u00f3 durante o feriado de Nossa Senhora dos Prazeres.","canonical_url":"https:\/\/www.encontramaceio.com.br\/sobre\/confira-o-funcionamento-dos-servicos-da-saude-de-maceio-durante-o-feriado-de-nossa-senhora-dos-prazeres\/","robots":"max-image-preview:large","keywords":"","webmasterTools":{"miscellaneous":""},"schema":{"@context":"https:\/\/schema.org","@graph":[{"@type":"Article","@id":"https:\/\/www.encontramaceio.com.br\/sobre\/confira-o-funcionamento-dos-servicos-da-saude-de-maceio-durante-o-feriado-de-nossa-senhora-dos-prazeres\/#article","name":"Confira o funcionamento dos servi\u00e7os da Sa\u00fade de Macei\u00f3 durante o feriado de Nossa Senhora dos Prazeres | Encontra Macei\u00f3","headline":"Confira o funcionamento dos servi\u00e7os da Sa\u00fade de Macei\u00f3 durante o feriado de Nossa Senhora dos Prazeres","author":{"@id":"https:\/\/www.encontramaceio.com.br\/sobre\/author\/emaceio\/#author"},"publisher":{"@id":"https:\/\/www.encontramaceio.com.br\/sobre\/#organization"},"image":{"@type":"ImageObject","url":"https:\/\/www.encontramaceio.com.br\/sobre\/wp-content\/uploads\/2026\/08\/confira-o-funcionamento-dos-servicos-da-saude-de-maceio-durante-o-feriado-de-nossa-senhora-dos-praze.webp","width":280,"height":280,"caption":"sa\u00fade de macei\u00f3"},"datePublished":"2026-08-28T20:04:56-03:00","dateModified":"2026-08-28T20:04:56-03:00","inLanguage":"pt-BR","mainEntityOfPage":{"@id":"https:\/\/www.encontramaceio.com.br\/sobre\/confira-o-funcionamento-dos-servicos-da-saude-de-maceio-durante-o-feriado-de-nossa-senhora-dos-prazeres\/#webpage"},"isPartOf":{"@id":"https:\/\/www.encontramaceio.com.br\/sobre\/confira-o-funcionamento-dos-servicos-da-saude-de-maceio-durante-o-feriado-de-nossa-senhora-dos-prazeres\/#webpage"},"articleSection":"Sa\u00fade Macei\u00f3"},{"@type":"BreadcrumbList","@id":"https:\/\/www.encontramaceio.com.br\/sobre\/confira-o-funcionamento-dos-servicos-da-saude-de-maceio-durante-o-feriado-de-nossa-senhora-dos-prazeres\/#breadcrumblist","itemListElement":[{"@type":"ListItem","@id":"https:\/\/www.encontramaceio.com.br\/sobre#listItem","position":1,"name":"In\u00edcio","item":"https:\/\/www.encontramaceio.com.br\/sobre","nextItem":{"@type":"ListItem","@id":"https:\/\/www.encontramaceio.com.br\/sobre\/saude-em-maceio\/#listItem","name":"Sa\u00fade Macei\u00f3"}},{"@type":"ListItem","@id":"https:\/\/www.encontramaceio.com.br\/sobre\/saude-em-maceio\/#listItem","position":2,"name":"Sa\u00fade Macei\u00f3","item":"https:\/\/www.encontramaceio.com.br\/sobre\/saude-em-maceio\/","nextItem":{"@type":"ListItem","@id":"https:\/\/www.encontramaceio.com.br\/sobre\/confira-o-funcionamento-dos-servicos-da-saude-de-maceio-durante-o-feriado-de-nossa-senhora-dos-prazeres\/#listItem","name":"Confira o funcionamento dos servi\u00e7os da Sa\u00fade de Macei\u00f3 durante o feriado de Nossa Senhora dos Prazeres"},"previousItem":{"@type":"ListItem","@id":"https:\/\/www.encontramaceio.com.br\/sobre#listItem","name":"In\u00edcio"}},{"@type":"ListItem","@id":"https:\/\/www.encontramaceio.com.br\/sobre\/confira-o-funcionamento-dos-servicos-da-saude-de-maceio-durante-o-feriado-de-nossa-senhora-dos-prazeres\/#listItem","position":3,"name":"Confira o funcionamento dos servi\u00e7os da Sa\u00fade de Macei\u00f3 durante o feriado de Nossa Senhora dos Prazeres","previousItem":{"@type":"ListItem","@id":"https:\/\/www.encontramaceio.com.br\/sobre\/saude-em-maceio\/#listItem","name":"Sa\u00fade Macei\u00f3"}}]},{"@type":"Organization","@id":"https:\/\/www.encontramaceio.com.br\/sobre\/#organization","name":"Encontra Macei\u00f3","description":"Not\u00edcias, eventos, informa\u00e7\u00f5es e dicas na cidade Macei\u00f3 e regi\u00e3o.","url":"https:\/\/www.encontramaceio.com.br\/sobre\/"},{"@type":"Person","@id":"https:\/\/www.encontramaceio.com.br\/sobre\/author\/emaceio\/#author","url":"https:\/\/www.encontramaceio.com.br\/sobre\/author\/emaceio\/","name":"Encontra Macei\u00f3","image":{"@type":"ImageObject","@id":"https:\/\/www.encontramaceio.com.br\/sobre\/confira-o-funcionamento-dos-servicos-da-saude-de-maceio-durante-o-feriado-de-nossa-senhora-dos-prazeres\/#authorImage","url":"https:\/\/secure.gravatar.com\/avatar\/507340682b8270222e1f208e23198b6ae7e2c6a1033ae84e99bc6bce4f82a387?s=96&d=mm&r=g","width":96,"height":96,"caption":"Encontra Macei\u00f3"}},{"@type":"WebPage","@id":"https:\/\/www.encontramaceio.com.br\/sobre\/confira-o-funcionamento-dos-servicos-da-saude-de-maceio-durante-o-feriado-de-nossa-senhora-dos-prazeres\/#webpage","url":"https:\/\/www.encontramaceio.com.br\/sobre\/confira-o-funcionamento-dos-servicos-da-saude-de-maceio-durante-o-feriado-de-nossa-senhora-dos-prazeres\/","name":"Confira o funcionamento dos servi\u00e7os da Sa\u00fade de Macei\u00f3 durante o feriado de Nossa Senhora dos Prazeres | Encontra Macei\u00f3","description":"Descubra como funcionam os servi\u00e7os da Sa\u00fade de Macei\u00f3 durante o feriado de Nossa Senhora dos Prazeres.","inLanguage":"pt-BR","isPartOf":{"@id":"https:\/\/www.encontramaceio.com.br\/sobre\/#website"},"breadcrumb":{"@id":"https:\/\/www.encontramaceio.com.br\/sobre\/confira-o-funcionamento-dos-servicos-da-saude-de-maceio-durante-o-feriado-de-nossa-senhora-dos-prazeres\/#breadcrumblist"},"author":{"@id":"https:\/\/www.encontramaceio.com.br\/sobre\/author\/emaceio\/#author"},"creator":{"@id":"https:\/\/www.encontramaceio.com.br\/sobre\/author\/emaceio\/#author"},"image":{"@type":"ImageObject","url":"https:\/\/www.encontramaceio.com.br\/sobre\/wp-content\/uploads\/2026\/08\/confira-o-funcionamento-dos-servicos-da-saude-de-maceio-durante-o-feriado-de-nossa-senhora-dos-praze.webp","@id":"https:\/\/www.encontramaceio.com.br\/sobre\/confira-o-funcionamento-dos-servicos-da-saude-de-maceio-durante-o-feriado-de-nossa-senhora-dos-prazeres\/#mainImage","width":280,"height":280,"caption":"sa\u00fade de macei\u00f3"},"primaryImageOfPage":{"@id":"https:\/\/www.encontramaceio.com.br\/sobre\/confira-o-funcionamento-dos-servicos-da-saude-de-maceio-durante-o-feriado-de-nossa-senhora-dos-prazeres\/#mainImage"},"datePublished":"2026-08-28T20:04:56-03:00","dateModified":"2026-08-28T20:04:56-03:00"},{"@type":"WebSite","@id":"https:\/\/www.encontramaceio.com.br\/sobre\/#website","url":"https:\/\/www.encontramaceio.com.br\/sobre\/","name":"Encontra Macei\u00f3","description":"Not\u00edcias, eventos, informa\u00e7\u00f5es e dicas na cidade Macei\u00f3 e regi\u00e3o.","inLanguage":"pt-BR","publisher":{"@id":"https:\/\/www.encontramaceio.com.br\/sobre\/#organization"}}]},"og:locale":"pt_BR","og:site_name":"Encontra Macei\u00f3 | Not\u00edcias, eventos, informa\u00e7\u00f5es e dicas na cidade Macei\u00f3 e regi\u00e3o.","og:type":"article","og:title":"Confira o funcionamento dos servi\u00e7os da Sa\u00fade de Macei\u00f3 durante o feriado de Nossa Senhora dos Prazeres | Encontra Macei\u00f3","og:description":"Descubra como funcionam os servi\u00e7os da Sa\u00fade de Macei\u00f3 durante o feriado de Nossa Senhora dos Prazeres.","og:url":"https:\/\/www.encontramaceio.com.br\/sobre\/confira-o-funcionamento-dos-servicos-da-saude-de-maceio-durante-o-feriado-de-nossa-senhora-dos-prazeres\/","article:published_time":"2026-08-28T23:04:56+00:00","article:modified_time":"2026-08-28T23:04:56+00:00","twitter:card":"summary","twitter:title":"Confira o funcionamento dos servi\u00e7os da Sa\u00fade de Macei\u00f3 durante o feriado de Nossa Senhora dos Prazeres | Encontra Macei\u00f3","twitter:description":"Descubra como funcionam os servi\u00e7os da Sa\u00fade de Macei\u00f3 durante o feriado de Nossa Senhora dos Prazeres."},"aioseo_meta_data":{"post_id":"4544","title":null,"description":null,"keywords":null,"keyphrases":null,"primary_term":null,"canonical_url":null,"og_title":null,"og_description":null,"og_object_type":"default","og_image_type":"default","og_image_url":null,"og_image_width":null,"og_image_height":null,"og_image_custom_url":null,"og_image_custom_fields":null,"og_video":null,"og_custom_url":null,"og_article_section":null,"og_article_tags":null,"twitter_use_og":false,"twitter_card":"default","twitter_image_type":"default","twitter_image_url":null,"twitter_image_custom_url":null,"twitter_image_custom_fields":null,"twitter_title":null,"twitter_description":null,"schema":{"blockGraphs":[],"customGraphs":[],"default":{"data":{"Article":[],"Course":[],"Dataset":[],"FAQPage":[],"Movie":[],"Person":[],"Product":[],"ProductReview":[],"Car":[],"Recipe":[],"Service":[],"SoftwareApplication":[],"WebPage":[]},"graphName":"Article","isEnabled":true},"graphs":[]},"schema_type":"default","schema_type_options":null,"pillar_content":false,"robots_default":true,"robots_noindex":false,"robots_noarchive":false,"robots_nosnippet":false,"robots_nofollow":false,"robots_noimageindex":false,"robots_noodp":false,"robots_notranslate":false,"robots_max_snippet":null,"robots_max_videopreview":null,"robots_max_imagepreview":"large","priority":null,"frequency":null,"local_seo":null,"limit_modified_date":false,"created":"2026-08-28 23:04:56","updated":"2026-08-28 23:04:56","focus_keyword":null,"additional_keywords":null,"truseo_locale":null,"ai":null,"breadcrumb_settings":null,"seo_analyzer_scan_date":null},"aioseo_breadcrumb":"<div class=\"aioseo-breadcrumbs\"><span class=\"aioseo-breadcrumb\">\n\t\t\t<a href=\"https:\/\/www.encontramaceio.com.br\/sobre\" title=\"In\u00edcio\">In\u00edcio<\/a>\n\t\t<\/span><span class=\"aioseo-breadcrumb-separator\">&raquo;<\/span><span class=\"aioseo-breadcrumb\">\n\t\t\t<a href=\"https:\/\/www.encontramaceio.com.br\/sobre\/saude-em-maceio\/\" title=\"Sa\u00fade Macei\u00f3\">Sa\u00fade Macei\u00f3<\/a>\n\t\t<\/span><span class=\"aioseo-breadcrumb-separator\">&raquo;<\/span><span class=\"aioseo-breadcrumb\">\n\t\t\tConfira o funcionamento dos servi\u00e7os da Sa\u00fade de Macei\u00f3 durante o feriado de Nossa Senhora dos Prazeres\n\t\t<\/span><\/div>","aioseo_breadcrumb_json":[{"label":"In\u00edcio","link":"https:\/\/www.encontramaceio.com.br\/sobre"},{"label":"Sa\u00fade Macei\u00f3","link":"https:\/\/www.encontramaceio.com.br\/sobre\/saude-em-maceio\/"},{"label":"Confira o funcionamento dos servi\u00e7os da Sa\u00fade de Macei\u00f3 durante o feriado de Nossa Senhora dos Prazeres","link":"https:\/\/www.encontramaceio.com.br\/sobre\/confira-o-funcionamento-dos-servicos-da-saude-de-maceio-durante-o-feriado-de-nossa-senhora-dos-prazeres\/"}],"_links":{"self":[{"href":"https:\/\/www.encontramaceio.com.br\/sobre\/wp-json\/wp\/v2\/posts\/4544","targetHints":{"allow":["GET"]}}],"collection":[{"href":"https:\/\/www.encontramaceio.com.br\/sobre\/wp-json\/wp\/v2\/posts"}],"about":[{"href":"https:\/\/www.encontramaceio.com.br\/sobre\/wp-json\/wp\/v2\/types\/post"}],"author":[{"embeddable":true,"href":"https:\/\/www.encontramaceio.com.br\/sobre\/wp-json\/wp\/v2\/users\/1"}],"replies":[{"embeddable":true,"href":"https:\/\/www.encontramaceio.com.br\/sobre\/wp-json\/wp\/v2\/comments?post=4544"}],"version-history":[{"count":0,"href":"https:\/\/www.encontramaceio.com.br\/sobre\/wp-json\/wp\/v2\/posts\/4544\/revisions"}],"wp:featuredmedia":[{"embeddable":true,"href":"https:\/\/www.encontramaceio.com.br\/sobre\/wp-json\/wp\/v2\/media\/4543"}],"wp:attachment":[{"href":"https:\/\/www.encontramaceio.com.br\/sobre\/wp-json\/wp\/v2\/media?parent=4544"}],"wp:term":[{"taxonomy":"category","embeddable":true,"href":"https:\/\/www.encontramaceio.com.br\/sobre\/wp-json\/wp\/v2\/categories?post=4544"},{"taxonomy":"post_tag","embeddable":true,"href":"https:\/\/www.encontramaceio.com.br\/sobre\/wp-json\/wp\/v2\/tags?post=4544"}],"curies":[{"name":"wp","href":"https:\/\/api.w.org\/{rel}","templated":true}]}}