{"id":4519,"date":"2026-08-27T02:01:44","date_gmt":"2026-08-27T05:01:44","guid":{"rendered":"https:\/\/www.encontramaceio.com.br\/sobre\/saude-promove-boas-praticas-sanitarias-em-visita-tecnica-ao-mercado-da-producao\/"},"modified":"2026-08-27T02:01:44","modified_gmt":"2026-08-27T05:01:44","slug":"saude-promove-boas-praticas-sanitarias-em-visita-tecnica-ao-mercado-da-producao","status":"publish","type":"post","link":"https:\/\/www.encontramaceio.com.br\/sobre\/saude-promove-boas-praticas-sanitarias-em-visita-tecnica-ao-mercado-da-producao\/","title":{"rendered":"Sa\u00fade promove boas pr\u00e1ticas sanit\u00e1rias em visita t\u00e9cnica ao Mercado da Produ\u00e7\u00e3o"},"content":{"rendered":"<div class=\"dcb782f0616bca5484400fea6b37e93d\" data-index=\"1\" style=\"float: none; margin:0px;\">\n<script async src=\"https:\/\/pagead2.googlesyndication.com\/pagead\/js\/adsbygoogle.js?client=ca-pub-8585364105181520\"\r\n     crossorigin=\"anonymous\"><\/script>\r\n<!-- Anuncio display - global -->\r\n<ins class=\"adsbygoogle\"\r\n     style=\"display:block\"\r\n     data-ad-client=\"ca-pub-8585364105181520\"\r\n     data-ad-slot=\"8789329856\"\r\n     data-ad-format=\"auto\"\r\n     data-full-width-responsive=\"true\"><\/ins>\r\n<script>\r\n     (adsbygoogle = window.adsbygoogle || []).push({});\r\n<\/script>\n<\/div>\n<h2>Condi\u00e7\u00f5es de Trabalho no Mercado da Produ\u00e7\u00e3o<\/h2>\n<p>No dia 25 de agosto de 2026, uma equipe da Secretaria Municipal de Sa\u00fade de Macei\u00f3 (SMS) realizou uma visita t\u00e9cnica no Mercado da Produ\u00e7\u00e3o, localizado no bairro da Levada. O principal objetivo dessa a\u00e7\u00e3o foi avaliar as condi\u00e7\u00f5es de trabalho dos comerciantes e a adequada comercializa\u00e7\u00e3o dos alimentos, considerando a necessidade de melhorias fundamentais para garantir a sa\u00fade p\u00fablica.<\/p>\n<p>A visita incluiu a observa\u00e7\u00e3o das pr\u00e1ticas de venda e manuseio de produtos, permitindo que a equipe identificasse poss\u00edveis \u00e1reas de risco, al\u00e9m de mapear a infraestrutura j\u00e1 existente no mercado. Informa\u00e7\u00f5es sobre a estrutura do mercado foram coletadas, permitindo a an\u00e1lise das alas A, B e C, e como essas \u00e1reas interagem com os comerciantes e a comunidade em geral.<\/p>\n<h2>Objetivos da Visita T\u00e9cnica<\/h2>\n<p>Os objetivos dessa visita t\u00e9cnica foram claramente estabelecidos desde o in\u00edcio. Entre os principais, podemos destacar:<\/p>\n<p><img decoding=\"async\" src=\"https:\/\/www.encontramaceio.com.br\/sobre\/wp-content\/uploads\/2026\/08\/saude-promove-boas-praticas-sanitarias-em-visita-tecnica-ao-mercado-da-producao.webp\" alt=\"boas pr\u00e1ticas sanit\u00e1rias\" loading=\"lazy\" \/><\/p>\n<ul>\n<li><strong>Identifica\u00e7\u00e3o de Necessidades:<strong> Detectar as car\u00eancias dos comerciantes para promover um espa\u00e7o mais seguro e higi\u00eanico.<\/li>\n<li><strong>Orienta\u00e7\u00e3o em Sa\u00fade:<strong> Oferecer diretrizes sobre o manuseio correto de alimentos para prevenir contamina\u00e7\u00f5es alimentares.<\/li>\n<li><strong>Aprimoramento da Estrutura:<strong> Propor melhorias na disposi\u00e7\u00e3o e organiza\u00e7\u00e3o do mercado, visando aumentar a efici\u00eancia do trabalho.<\/li>\n<\/ul>\n<h2>A Import\u00e2ncia da Vigil\u00e2ncia Sanit\u00e1ria<\/h2>\n<p>A Vigil\u00e2ncia Sanit\u00e1ria desempenha um papel crucial na promo\u00e7\u00e3o da sa\u00fade p\u00fablica, e o trabalho da SMS, juntamente com a Vigil\u00e2ncia Sanit\u00e1ria de Macei\u00f3, foi vital durante essa visita. A proposta \u00e9 garantir que os alimentos comercializados sejam seguros para o consumo e que as pr\u00e1ticas dos vendedores estejam de acordo com as normativas da Anvisa.<\/p>\n<p>O acompanhamento dos processos e a supervis\u00e3o adequada podem evitar surpresas desagrad\u00e1veis, como surtos alimentares, al\u00e9m de assegurar que normas de higiene e seguran\u00e7a sejam sempre seguidas.<\/p>\n<h2>Benef\u00edcios das Boas Pr\u00e1ticas de Manipula\u00e7\u00e3o<\/h2>\n<p>Promover boas pr\u00e1ticas de manipula\u00e7\u00e3o de alimentos \u00e9 essencial para garantir a seguran\u00e7a alimentar. As boas pr\u00e1ticas incluem:<\/p>\n<ul>\n<li><strong>Higiene Pessoal:<strong> Trabalhadores devem manter a higiene, utilizando sempre luvas e equipamentos de prote\u00e7\u00e3o.<\/li>\n<li><strong>Condi\u00e7\u00f5es de Armazenamento:<strong> Os alimentos precisam ser armazenados de forma adequada para evitar contamina\u00e7\u00e3o.<\/li>\n<li><strong>Capacita\u00e7\u00e3o:<strong> A educa\u00e7\u00e3o cont\u00ednua dos manipuladores sobre as melhores pr\u00e1ticas de sa\u00fade \u00e9 fundamental.<\/li>\n<\/ul>\n<p>Essas pr\u00e1ticas n\u00e3o apenas protegem os consumidores, mas tamb\u00e9m melhoram a imagem do mercado e aumentam a confian\u00e7a na qualidade dos produtos oferecidos.<\/p>\n<h2>Parceria com o Conselho Nacional de Seguran\u00e7a Alimentar<\/h2>\n<p>A colabora\u00e7\u00e3o com o Conselho Nacional de Seguran\u00e7a Alimentar e Nutricional (CONSEA) foi estrat\u00e9gica para garantir que a visita tivesse o respaldo necess\u00e1rio em termos de pol\u00edticas de seguran\u00e7a alimentar. Essa parceria possibilitou um trabalho conjunto que visa promover a sa\u00fade e a nutri\u00e7\u00e3o entre a popula\u00e7\u00e3o local.<\/p>\n<p>O Conselho tem um papel essencial na formata\u00e7\u00e3o de a\u00e7\u00f5es que incentivam a seguran\u00e7a alimentar, garantindo que todos os cidad\u00e3os tenham acesso a alimentos seguros e saud\u00e1veis.<\/p>\n<h2>A\u00e7\u00f5es do Programa de Alimenta\u00e7\u00e3o e Nutri\u00e7\u00e3o<\/h2>\n<p>O Programa de Alimenta\u00e7\u00e3o e Nutri\u00e7\u00e3o da SMS teve um papel ativo nesta iniciativa, atuando como facilitador de informa\u00e7\u00f5es e apoio t\u00e9cnico durante a visita. O programa desenvolve atividades educativas, promovendo a conscientiza\u00e7\u00e3o sobre a import\u00e2ncia da sa\u00fade e da nutri\u00e7\u00e3o adequadas.<\/p>\n<p>Al\u00e9m disso, essa a\u00e7\u00e3o t\u00e9cnica no Mercado da Produ\u00e7\u00e3o faz parte de um esfor\u00e7o maior para rever e atualizar as pol\u00edticas de alimenta\u00e7\u00e3o e nutri\u00e7\u00e3o da cidade, promovendo sa\u00fade e bem-estar para todos os cidad\u00e3os.<\/p>\n<h2>Orienta\u00e7\u00f5es Sobre Higiene dos Alimentos<\/h2>\n<p>Durante a visita, foram abordadas diretrizes sobre a higiene dos alimentos, com base nas regulamenta\u00e7\u00f5es da Anvisa. Essas orienta\u00e7\u00f5es englobam:<\/p>\n<ul>\n<li><strong>Desinfec\u00e7\u00e3o de Superf\u00edcies:<strong> Superf\u00edcies que entram em contato com os alimentos devem ser constantemente limpas e desinfectadas.<\/li>\n<li><strong>Separa\u00e7\u00e3o de Alimentos:<strong> \u00c9 fundamental separar alimentos crus de prontos para o consumo, evitando a contamina\u00e7\u00e3o cruzada.<\/li>\n<li><strong>Manuseio Adequado:<strong> O uso de utens\u00edlios limpos e a correta manipula\u00e7\u00e3o dos alimentos s\u00e3o essenciais para a seguran\u00e7a alimentar.<\/li>\n<\/ul>\n<p>Essas pr\u00e1ticas, se seguidas rigorosamente, podem resultar em um ambiente de trabalho mais seguro e saud\u00e1vel, o que \u00e9 do interesse tanto dos comerciantes quanto dos consumidores.<\/p>\n<h2>Estrutura e Organiza\u00e7\u00e3o do Mercado da Produ\u00e7\u00e3o<\/h2>\n<p>A estrutura do Mercado da Produ\u00e7\u00e3o foi analisada detalhadamente. Existe uma necessidade clara de organiza\u00e7\u00e3o que possa facilitar o fluxo de clientes e produtos. As alas A, B e C apresentam espa\u00e7o para melhorias que podem tornar a experi\u00eancia de compra mais agrad\u00e1vel e segura para todos.<\/p>\n<p>Aspectos como a disposi\u00e7\u00e3o dos produtos, espa\u00e7o para circula\u00e7\u00e3o e sinaliza\u00e7\u00e3o informativa foram alguns dos pontos discutidos durante a visita. A ideia \u00e9 que a organiza\u00e7\u00e3o contribua para o aumento da efici\u00eancia de trabalho e atraia mais clientes.<\/p>\n<h2>Impacto nas Feiras Livres<\/h2>\n<p>O conhecimento adquirido durante a visita ao Mercado da Produ\u00e7\u00e3o pode e deve ser replicado nas feiras livres da cidade. As feiras s\u00e3o espa\u00e7os fundamentais para a comercializa\u00e7\u00e3o de alimentos e precisam seguir recomenda\u00e7\u00f5es igualit\u00e1rias para garantir a seguran\u00e7a alimentar.<\/p>\n<p>Assim, a aplica\u00e7\u00e3o das boas pr\u00e1ticas de manipula\u00e7\u00e3o e as orienta\u00e7\u00f5es sobre higiene s\u00e3o indispens\u00e1veis tamb\u00e9m nessas localidades. Isso contribuir\u00e1 para elevar o padr\u00e3o de seguran\u00e7a em toda a rede de comercializa\u00e7\u00e3o.<\/p>\n<h2>Compromisso com a Sa\u00fade da Comunidade<\/h2>\n<p>O comprometimento com a sa\u00fade p\u00fablica \u00e9 um pilar fundamental para a SMS. Atrav\u00e9s de a\u00e7\u00f5es como a realizada no Mercado da Produ\u00e7\u00e3o, a Secretaria busca incentivar a transforma\u00e7\u00e3o do setor aliment\u00edcio na cidade, promovendo um ambiente de trabalho regularizado e seguro.<\/p>\n<p>Com isso, espera-se n\u00e3o apenas melhorar a qualidade dos produtos aliment\u00edcios, mas tamb\u00e9m gerar uma maior conscientiza\u00e7\u00e3o da popula\u00e7\u00e3o sobre a import\u00e2ncia da seguran\u00e7a alimentar, refletindo positivamente na sa\u00fade da comunidade como um todo.<\/p>\n\n<div style=\"font-size: 0px; height: 0px; line-height: 0px; margin: 0; padding: 0; clear: both;\"><\/div>","protected":false},"excerpt":{"rendered":"<p>Sa\u00fade promove boas pr\u00e1ticas sanit\u00e1rias no Mercado da Produ\u00e7\u00e3o em visita t\u00e9cnica.<\/p>\n","protected":false},"author":1,"featured_media":4518,"comment_status":"closed","ping_status":"closed","sticky":false,"template":"","format":"standard","meta":{"footnotes":""},"categories":[20],"tags":[],"class_list":["post-4519","post","type-post","status-publish","format-standard","has-post-thumbnail","hentry","category-saude-em-maceio","has_thumb"],"aioseo_notices":[],"aioseo_head":"\n\t\t<!-- All in One SEO 5.0.0.1 - aioseo.com -->\n\t<meta name=\"description\" content=\"Sa\u00fade promove boas pr\u00e1ticas sanit\u00e1rias no Mercado da Produ\u00e7\u00e3o em visita t\u00e9cnica.\" \/>\n\t<meta name=\"robots\" content=\"max-image-preview:large\" \/>\n\t<meta name=\"author\" content=\"Encontra Macei\u00f3\"\/>\n\t<link rel=\"canonical\" href=\"https:\/\/www.encontramaceio.com.br\/sobre\/saude-promove-boas-praticas-sanitarias-em-visita-tecnica-ao-mercado-da-producao\/\" \/>\n\t<meta name=\"generator\" content=\"All in One SEO (AIOSEO) 5.0.0.1\" \/>\n\t\t<meta property=\"og:locale\" content=\"pt_BR\" \/>\n\t\t<meta property=\"og:site_name\" content=\"Encontra Macei\u00f3 | Not\u00edcias, eventos, informa\u00e7\u00f5es e dicas na cidade Macei\u00f3 e regi\u00e3o.\" \/>\n\t\t<meta property=\"og:type\" content=\"article\" \/>\n\t\t<meta property=\"og:title\" content=\"Sa\u00fade promove boas pr\u00e1ticas sanit\u00e1rias em visita t\u00e9cnica ao Mercado da Produ\u00e7\u00e3o | Encontra Macei\u00f3\" \/>\n\t\t<meta property=\"og:description\" content=\"Sa\u00fade promove boas pr\u00e1ticas sanit\u00e1rias no Mercado da Produ\u00e7\u00e3o em visita t\u00e9cnica.\" \/>\n\t\t<meta property=\"og:url\" content=\"https:\/\/www.encontramaceio.com.br\/sobre\/saude-promove-boas-praticas-sanitarias-em-visita-tecnica-ao-mercado-da-producao\/\" \/>\n\t\t<meta property=\"article:published_time\" content=\"2026-08-27T05:01:44+00:00\" \/>\n\t\t<meta property=\"article:modified_time\" content=\"2026-08-27T05:01:44+00:00\" \/>\n\t\t<meta name=\"twitter:card\" content=\"summary\" \/>\n\t\t<meta name=\"twitter:title\" content=\"Sa\u00fade promove boas pr\u00e1ticas sanit\u00e1rias em visita t\u00e9cnica ao Mercado da Produ\u00e7\u00e3o | Encontra Macei\u00f3\" \/>\n\t\t<meta name=\"twitter:description\" content=\"Sa\u00fade promove boas pr\u00e1ticas sanit\u00e1rias no Mercado da Produ\u00e7\u00e3o em visita t\u00e9cnica.\" \/>\n\t\t<script type=\"application\/ld+json\" class=\"aioseo-schema\">\n\t\t\t{\"@context\":\"https:\\\/\\\/schema.org\",\"@graph\":[{\"@type\":\"Article\",\"@id\":\"https:\\\/\\\/www.encontramaceio.com.br\\\/sobre\\\/saude-promove-boas-praticas-sanitarias-em-visita-tecnica-ao-mercado-da-producao\\\/#article\",\"name\":\"Sa\\u00fade promove boas pr\\u00e1ticas sanit\\u00e1rias em visita t\\u00e9cnica ao Mercado da Produ\\u00e7\\u00e3o | Encontra Macei\\u00f3\",\"headline\":\"Sa\\u00fade promove boas pr\\u00e1ticas sanit\\u00e1rias em visita t\\u00e9cnica ao Mercado da Produ\\u00e7\\u00e3o\",\"author\":{\"@id\":\"https:\\\/\\\/www.encontramaceio.com.br\\\/sobre\\\/author\\\/emaceio\\\/#author\"},\"publisher\":{\"@id\":\"https:\\\/\\\/www.encontramaceio.com.br\\\/sobre\\\/#organization\"},\"image\":{\"@type\":\"ImageObject\",\"url\":\"https:\\\/\\\/www.encontramaceio.com.br\\\/sobre\\\/wp-content\\\/uploads\\\/2026\\\/08\\\/saude-promove-boas-praticas-sanitarias-em-visita-tecnica-ao-mercado-da-producao.webp\",\"width\":280,\"height\":280,\"caption\":\"boas pr\\u00e1ticas sanit\\u00e1rias\"},\"datePublished\":\"2026-08-27T02:01:44-03:00\",\"dateModified\":\"2026-08-27T02:01:44-03:00\",\"inLanguage\":\"pt-BR\",\"mainEntityOfPage\":{\"@id\":\"https:\\\/\\\/www.encontramaceio.com.br\\\/sobre\\\/saude-promove-boas-praticas-sanitarias-em-visita-tecnica-ao-mercado-da-producao\\\/#webpage\"},\"isPartOf\":{\"@id\":\"https:\\\/\\\/www.encontramaceio.com.br\\\/sobre\\\/saude-promove-boas-praticas-sanitarias-em-visita-tecnica-ao-mercado-da-producao\\\/#webpage\"},\"articleSection\":\"Sa\\u00fade Macei\\u00f3\"},{\"@type\":\"BreadcrumbList\",\"@id\":\"https:\\\/\\\/www.encontramaceio.com.br\\\/sobre\\\/saude-promove-boas-praticas-sanitarias-em-visita-tecnica-ao-mercado-da-producao\\\/#breadcrumblist\",\"itemListElement\":[{\"@type\":\"ListItem\",\"@id\":\"https:\\\/\\\/www.encontramaceio.com.br\\\/sobre#listItem\",\"position\":1,\"name\":\"In\\u00edcio\",\"item\":\"https:\\\/\\\/www.encontramaceio.com.br\\\/sobre\",\"nextItem\":{\"@type\":\"ListItem\",\"@id\":\"https:\\\/\\\/www.encontramaceio.com.br\\\/sobre\\\/saude-em-maceio\\\/#listItem\",\"name\":\"Sa\\u00fade Macei\\u00f3\"}},{\"@type\":\"ListItem\",\"@id\":\"https:\\\/\\\/www.encontramaceio.com.br\\\/sobre\\\/saude-em-maceio\\\/#listItem\",\"position\":2,\"name\":\"Sa\\u00fade Macei\\u00f3\",\"item\":\"https:\\\/\\\/www.encontramaceio.com.br\\\/sobre\\\/saude-em-maceio\\\/\",\"nextItem\":{\"@type\":\"ListItem\",\"@id\":\"https:\\\/\\\/www.encontramaceio.com.br\\\/sobre\\\/saude-promove-boas-praticas-sanitarias-em-visita-tecnica-ao-mercado-da-producao\\\/#listItem\",\"name\":\"Sa\\u00fade promove boas pr\\u00e1ticas sanit\\u00e1rias em visita t\\u00e9cnica ao Mercado da Produ\\u00e7\\u00e3o\"},\"previousItem\":{\"@type\":\"ListItem\",\"@id\":\"https:\\\/\\\/www.encontramaceio.com.br\\\/sobre#listItem\",\"name\":\"In\\u00edcio\"}},{\"@type\":\"ListItem\",\"@id\":\"https:\\\/\\\/www.encontramaceio.com.br\\\/sobre\\\/saude-promove-boas-praticas-sanitarias-em-visita-tecnica-ao-mercado-da-producao\\\/#listItem\",\"position\":3,\"name\":\"Sa\\u00fade promove boas pr\\u00e1ticas sanit\\u00e1rias em visita t\\u00e9cnica ao Mercado da Produ\\u00e7\\u00e3o\",\"previousItem\":{\"@type\":\"ListItem\",\"@id\":\"https:\\\/\\\/www.encontramaceio.com.br\\\/sobre\\\/saude-em-maceio\\\/#listItem\",\"name\":\"Sa\\u00fade Macei\\u00f3\"}}]},{\"@type\":\"Organization\",\"@id\":\"https:\\\/\\\/www.encontramaceio.com.br\\\/sobre\\\/#organization\",\"name\":\"Encontra Macei\\u00f3\",\"description\":\"Not\\u00edcias, eventos, informa\\u00e7\\u00f5es e dicas na cidade Macei\\u00f3 e regi\\u00e3o.\",\"url\":\"https:\\\/\\\/www.encontramaceio.com.br\\\/sobre\\\/\"},{\"@type\":\"Person\",\"@id\":\"https:\\\/\\\/www.encontramaceio.com.br\\\/sobre\\\/author\\\/emaceio\\\/#author\",\"url\":\"https:\\\/\\\/www.encontramaceio.com.br\\\/sobre\\\/author\\\/emaceio\\\/\",\"name\":\"Encontra Macei\\u00f3\",\"image\":{\"@type\":\"ImageObject\",\"@id\":\"https:\\\/\\\/www.encontramaceio.com.br\\\/sobre\\\/saude-promove-boas-praticas-sanitarias-em-visita-tecnica-ao-mercado-da-producao\\\/#authorImage\",\"url\":\"https:\\\/\\\/secure.gravatar.com\\\/avatar\\\/507340682b8270222e1f208e23198b6ae7e2c6a1033ae84e99bc6bce4f82a387?s=96&d=mm&r=g\",\"width\":96,\"height\":96,\"caption\":\"Encontra Macei\\u00f3\"}},{\"@type\":\"WebPage\",\"@id\":\"https:\\\/\\\/www.encontramaceio.com.br\\\/sobre\\\/saude-promove-boas-praticas-sanitarias-em-visita-tecnica-ao-mercado-da-producao\\\/#webpage\",\"url\":\"https:\\\/\\\/www.encontramaceio.com.br\\\/sobre\\\/saude-promove-boas-praticas-sanitarias-em-visita-tecnica-ao-mercado-da-producao\\\/\",\"name\":\"Sa\\u00fade promove boas pr\\u00e1ticas sanit\\u00e1rias em visita t\\u00e9cnica ao Mercado da Produ\\u00e7\\u00e3o | Encontra Macei\\u00f3\",\"description\":\"Sa\\u00fade promove boas pr\\u00e1ticas sanit\\u00e1rias no Mercado da Produ\\u00e7\\u00e3o em visita t\\u00e9cnica.\",\"inLanguage\":\"pt-BR\",\"isPartOf\":{\"@id\":\"https:\\\/\\\/www.encontramaceio.com.br\\\/sobre\\\/#website\"},\"breadcrumb\":{\"@id\":\"https:\\\/\\\/www.encontramaceio.com.br\\\/sobre\\\/saude-promove-boas-praticas-sanitarias-em-visita-tecnica-ao-mercado-da-producao\\\/#breadcrumblist\"},\"author\":{\"@id\":\"https:\\\/\\\/www.encontramaceio.com.br\\\/sobre\\\/author\\\/emaceio\\\/#author\"},\"creator\":{\"@id\":\"https:\\\/\\\/www.encontramaceio.com.br\\\/sobre\\\/author\\\/emaceio\\\/#author\"},\"image\":{\"@type\":\"ImageObject\",\"url\":\"https:\\\/\\\/www.encontramaceio.com.br\\\/sobre\\\/wp-content\\\/uploads\\\/2026\\\/08\\\/saude-promove-boas-praticas-sanitarias-em-visita-tecnica-ao-mercado-da-producao.webp\",\"@id\":\"https:\\\/\\\/www.encontramaceio.com.br\\\/sobre\\\/saude-promove-boas-praticas-sanitarias-em-visita-tecnica-ao-mercado-da-producao\\\/#mainImage\",\"width\":280,\"height\":280,\"caption\":\"boas pr\\u00e1ticas sanit\\u00e1rias\"},\"primaryImageOfPage\":{\"@id\":\"https:\\\/\\\/www.encontramaceio.com.br\\\/sobre\\\/saude-promove-boas-praticas-sanitarias-em-visita-tecnica-ao-mercado-da-producao\\\/#mainImage\"},\"datePublished\":\"2026-08-27T02:01:44-03:00\",\"dateModified\":\"2026-08-27T02:01:44-03:00\"},{\"@type\":\"WebSite\",\"@id\":\"https:\\\/\\\/www.encontramaceio.com.br\\\/sobre\\\/#website\",\"url\":\"https:\\\/\\\/www.encontramaceio.com.br\\\/sobre\\\/\",\"name\":\"Encontra Macei\\u00f3\",\"description\":\"Not\\u00edcias, eventos, informa\\u00e7\\u00f5es e dicas na cidade Macei\\u00f3 e regi\\u00e3o.\",\"inLanguage\":\"pt-BR\",\"publisher\":{\"@id\":\"https:\\\/\\\/www.encontramaceio.com.br\\\/sobre\\\/#organization\"}}]}\n\t\t<\/script>\n\t\t<!-- All in One SEO -->\n\n","aioseo_head_json":{"title":"Sa\u00fade promove boas pr\u00e1ticas sanit\u00e1rias em visita t\u00e9cnica ao Mercado da Produ\u00e7\u00e3o | Encontra Macei\u00f3","description":"Sa\u00fade promove boas pr\u00e1ticas sanit\u00e1rias no Mercado da Produ\u00e7\u00e3o em visita t\u00e9cnica.","canonical_url":"https:\/\/www.encontramaceio.com.br\/sobre\/saude-promove-boas-praticas-sanitarias-em-visita-tecnica-ao-mercado-da-producao\/","robots":"max-image-preview:large","keywords":"","webmasterTools":{"miscellaneous":""},"schema":{"@context":"https:\/\/schema.org","@graph":[{"@type":"Article","@id":"https:\/\/www.encontramaceio.com.br\/sobre\/saude-promove-boas-praticas-sanitarias-em-visita-tecnica-ao-mercado-da-producao\/#article","name":"Sa\u00fade promove boas pr\u00e1ticas sanit\u00e1rias em visita t\u00e9cnica ao Mercado da Produ\u00e7\u00e3o | Encontra Macei\u00f3","headline":"Sa\u00fade promove boas pr\u00e1ticas sanit\u00e1rias em visita t\u00e9cnica ao Mercado da Produ\u00e7\u00e3o","author":{"@id":"https:\/\/www.encontramaceio.com.br\/sobre\/author\/emaceio\/#author"},"publisher":{"@id":"https:\/\/www.encontramaceio.com.br\/sobre\/#organization"},"image":{"@type":"ImageObject","url":"https:\/\/www.encontramaceio.com.br\/sobre\/wp-content\/uploads\/2026\/08\/saude-promove-boas-praticas-sanitarias-em-visita-tecnica-ao-mercado-da-producao.webp","width":280,"height":280,"caption":"boas pr\u00e1ticas sanit\u00e1rias"},"datePublished":"2026-08-27T02:01:44-03:00","dateModified":"2026-08-27T02:01:44-03:00","inLanguage":"pt-BR","mainEntityOfPage":{"@id":"https:\/\/www.encontramaceio.com.br\/sobre\/saude-promove-boas-praticas-sanitarias-em-visita-tecnica-ao-mercado-da-producao\/#webpage"},"isPartOf":{"@id":"https:\/\/www.encontramaceio.com.br\/sobre\/saude-promove-boas-praticas-sanitarias-em-visita-tecnica-ao-mercado-da-producao\/#webpage"},"articleSection":"Sa\u00fade Macei\u00f3"},{"@type":"BreadcrumbList","@id":"https:\/\/www.encontramaceio.com.br\/sobre\/saude-promove-boas-praticas-sanitarias-em-visita-tecnica-ao-mercado-da-producao\/#breadcrumblist","itemListElement":[{"@type":"ListItem","@id":"https:\/\/www.encontramaceio.com.br\/sobre#listItem","position":1,"name":"In\u00edcio","item":"https:\/\/www.encontramaceio.com.br\/sobre","nextItem":{"@type":"ListItem","@id":"https:\/\/www.encontramaceio.com.br\/sobre\/saude-em-maceio\/#listItem","name":"Sa\u00fade Macei\u00f3"}},{"@type":"ListItem","@id":"https:\/\/www.encontramaceio.com.br\/sobre\/saude-em-maceio\/#listItem","position":2,"name":"Sa\u00fade Macei\u00f3","item":"https:\/\/www.encontramaceio.com.br\/sobre\/saude-em-maceio\/","nextItem":{"@type":"ListItem","@id":"https:\/\/www.encontramaceio.com.br\/sobre\/saude-promove-boas-praticas-sanitarias-em-visita-tecnica-ao-mercado-da-producao\/#listItem","name":"Sa\u00fade promove boas pr\u00e1ticas sanit\u00e1rias em visita t\u00e9cnica ao Mercado da Produ\u00e7\u00e3o"},"previousItem":{"@type":"ListItem","@id":"https:\/\/www.encontramaceio.com.br\/sobre#listItem","name":"In\u00edcio"}},{"@type":"ListItem","@id":"https:\/\/www.encontramaceio.com.br\/sobre\/saude-promove-boas-praticas-sanitarias-em-visita-tecnica-ao-mercado-da-producao\/#listItem","position":3,"name":"Sa\u00fade promove boas pr\u00e1ticas sanit\u00e1rias em visita t\u00e9cnica ao Mercado da Produ\u00e7\u00e3o","previousItem":{"@type":"ListItem","@id":"https:\/\/www.encontramaceio.com.br\/sobre\/saude-em-maceio\/#listItem","name":"Sa\u00fade Macei\u00f3"}}]},{"@type":"Organization","@id":"https:\/\/www.encontramaceio.com.br\/sobre\/#organization","name":"Encontra Macei\u00f3","description":"Not\u00edcias, eventos, informa\u00e7\u00f5es e dicas na cidade Macei\u00f3 e regi\u00e3o.","url":"https:\/\/www.encontramaceio.com.br\/sobre\/"},{"@type":"Person","@id":"https:\/\/www.encontramaceio.com.br\/sobre\/author\/emaceio\/#author","url":"https:\/\/www.encontramaceio.com.br\/sobre\/author\/emaceio\/","name":"Encontra Macei\u00f3","image":{"@type":"ImageObject","@id":"https:\/\/www.encontramaceio.com.br\/sobre\/saude-promove-boas-praticas-sanitarias-em-visita-tecnica-ao-mercado-da-producao\/#authorImage","url":"https:\/\/secure.gravatar.com\/avatar\/507340682b8270222e1f208e23198b6ae7e2c6a1033ae84e99bc6bce4f82a387?s=96&d=mm&r=g","width":96,"height":96,"caption":"Encontra Macei\u00f3"}},{"@type":"WebPage","@id":"https:\/\/www.encontramaceio.com.br\/sobre\/saude-promove-boas-praticas-sanitarias-em-visita-tecnica-ao-mercado-da-producao\/#webpage","url":"https:\/\/www.encontramaceio.com.br\/sobre\/saude-promove-boas-praticas-sanitarias-em-visita-tecnica-ao-mercado-da-producao\/","name":"Sa\u00fade promove boas pr\u00e1ticas sanit\u00e1rias em visita t\u00e9cnica ao Mercado da Produ\u00e7\u00e3o | Encontra Macei\u00f3","description":"Sa\u00fade promove boas pr\u00e1ticas sanit\u00e1rias no Mercado da Produ\u00e7\u00e3o em visita t\u00e9cnica.","inLanguage":"pt-BR","isPartOf":{"@id":"https:\/\/www.encontramaceio.com.br\/sobre\/#website"},"breadcrumb":{"@id":"https:\/\/www.encontramaceio.com.br\/sobre\/saude-promove-boas-praticas-sanitarias-em-visita-tecnica-ao-mercado-da-producao\/#breadcrumblist"},"author":{"@id":"https:\/\/www.encontramaceio.com.br\/sobre\/author\/emaceio\/#author"},"creator":{"@id":"https:\/\/www.encontramaceio.com.br\/sobre\/author\/emaceio\/#author"},"image":{"@type":"ImageObject","url":"https:\/\/www.encontramaceio.com.br\/sobre\/wp-content\/uploads\/2026\/08\/saude-promove-boas-praticas-sanitarias-em-visita-tecnica-ao-mercado-da-producao.webp","@id":"https:\/\/www.encontramaceio.com.br\/sobre\/saude-promove-boas-praticas-sanitarias-em-visita-tecnica-ao-mercado-da-producao\/#mainImage","width":280,"height":280,"caption":"boas pr\u00e1ticas sanit\u00e1rias"},"primaryImageOfPage":{"@id":"https:\/\/www.encontramaceio.com.br\/sobre\/saude-promove-boas-praticas-sanitarias-em-visita-tecnica-ao-mercado-da-producao\/#mainImage"},"datePublished":"2026-08-27T02:01:44-03:00","dateModified":"2026-08-27T02:01:44-03:00"},{"@type":"WebSite","@id":"https:\/\/www.encontramaceio.com.br\/sobre\/#website","url":"https:\/\/www.encontramaceio.com.br\/sobre\/","name":"Encontra Macei\u00f3","description":"Not\u00edcias, eventos, informa\u00e7\u00f5es e dicas na cidade Macei\u00f3 e regi\u00e3o.","inLanguage":"pt-BR","publisher":{"@id":"https:\/\/www.encontramaceio.com.br\/sobre\/#organization"}}]},"og:locale":"pt_BR","og:site_name":"Encontra Macei\u00f3 | Not\u00edcias, eventos, informa\u00e7\u00f5es e dicas na cidade Macei\u00f3 e regi\u00e3o.","og:type":"article","og:title":"Sa\u00fade promove boas pr\u00e1ticas sanit\u00e1rias em visita t\u00e9cnica ao Mercado da Produ\u00e7\u00e3o | Encontra Macei\u00f3","og:description":"Sa\u00fade promove boas pr\u00e1ticas sanit\u00e1rias no Mercado da Produ\u00e7\u00e3o em visita t\u00e9cnica.","og:url":"https:\/\/www.encontramaceio.com.br\/sobre\/saude-promove-boas-praticas-sanitarias-em-visita-tecnica-ao-mercado-da-producao\/","article:published_time":"2026-08-27T05:01:44+00:00","article:modified_time":"2026-08-27T05:01:44+00:00","twitter:card":"summary","twitter:title":"Sa\u00fade promove boas pr\u00e1ticas sanit\u00e1rias em visita t\u00e9cnica ao Mercado da Produ\u00e7\u00e3o | Encontra Macei\u00f3","twitter:description":"Sa\u00fade promove boas pr\u00e1ticas sanit\u00e1rias no Mercado da Produ\u00e7\u00e3o em visita t\u00e9cnica."},"aioseo_meta_data":{"post_id":"4519","title":null,"description":null,"keywords":null,"keyphrases":null,"primary_term":null,"canonical_url":null,"og_title":null,"og_description":null,"og_object_type":"default","og_image_type":"default","og_image_url":null,"og_image_width":null,"og_image_height":null,"og_image_custom_url":null,"og_image_custom_fields":null,"og_video":null,"og_custom_url":null,"og_article_section":null,"og_article_tags":null,"twitter_use_og":false,"twitter_card":"default","twitter_image_type":"default","twitter_image_url":null,"twitter_image_custom_url":null,"twitter_image_custom_fields":null,"twitter_title":null,"twitter_description":null,"schema":{"blockGraphs":[],"customGraphs":[],"default":{"data":{"Article":[],"Course":[],"Dataset":[],"FAQPage":[],"Movie":[],"Person":[],"Product":[],"ProductReview":[],"Car":[],"Recipe":[],"Service":[],"SoftwareApplication":[],"WebPage":[]},"graphName":"Article","isEnabled":true},"graphs":[]},"schema_type":"default","schema_type_options":null,"pillar_content":false,"robots_default":true,"robots_noindex":false,"robots_noarchive":false,"robots_nosnippet":false,"robots_nofollow":false,"robots_noimageindex":false,"robots_noodp":false,"robots_notranslate":false,"robots_max_snippet":null,"robots_max_videopreview":null,"robots_max_imagepreview":"large","priority":null,"frequency":null,"local_seo":null,"limit_modified_date":false,"created":"2026-08-27 05:01:44","updated":"2026-08-27 05:01:44","focus_keyword":null,"additional_keywords":null,"truseo_locale":null,"ai":null,"breadcrumb_settings":null,"seo_analyzer_scan_date":null},"aioseo_breadcrumb":"<div class=\"aioseo-breadcrumbs\"><span class=\"aioseo-breadcrumb\">\n\t\t\t<a href=\"https:\/\/www.encontramaceio.com.br\/sobre\" title=\"In\u00edcio\">In\u00edcio<\/a>\n\t\t<\/span><span class=\"aioseo-breadcrumb-separator\">&raquo;<\/span><span class=\"aioseo-breadcrumb\">\n\t\t\t<a href=\"https:\/\/www.encontramaceio.com.br\/sobre\/saude-em-maceio\/\" title=\"Sa\u00fade Macei\u00f3\">Sa\u00fade Macei\u00f3<\/a>\n\t\t<\/span><span class=\"aioseo-breadcrumb-separator\">&raquo;<\/span><span class=\"aioseo-breadcrumb\">\n\t\t\tSa\u00fade promove boas pr\u00e1ticas sanit\u00e1rias em visita t\u00e9cnica ao Mercado da Produ\u00e7\u00e3o\n\t\t<\/span><\/div>","aioseo_breadcrumb_json":[{"label":"In\u00edcio","link":"https:\/\/www.encontramaceio.com.br\/sobre"},{"label":"Sa\u00fade Macei\u00f3","link":"https:\/\/www.encontramaceio.com.br\/sobre\/saude-em-maceio\/"},{"label":"Sa\u00fade promove boas pr\u00e1ticas sanit\u00e1rias em visita t\u00e9cnica ao Mercado da Produ\u00e7\u00e3o","link":"https:\/\/www.encontramaceio.com.br\/sobre\/saude-promove-boas-praticas-sanitarias-em-visita-tecnica-ao-mercado-da-producao\/"}],"_links":{"self":[{"href":"https:\/\/www.encontramaceio.com.br\/sobre\/wp-json\/wp\/v2\/posts\/4519","targetHints":{"allow":["GET"]}}],"collection":[{"href":"https:\/\/www.encontramaceio.com.br\/sobre\/wp-json\/wp\/v2\/posts"}],"about":[{"href":"https:\/\/www.encontramaceio.com.br\/sobre\/wp-json\/wp\/v2\/types\/post"}],"author":[{"embeddable":true,"href":"https:\/\/www.encontramaceio.com.br\/sobre\/wp-json\/wp\/v2\/users\/1"}],"replies":[{"embeddable":true,"href":"https:\/\/www.encontramaceio.com.br\/sobre\/wp-json\/wp\/v2\/comments?post=4519"}],"version-history":[{"count":0,"href":"https:\/\/www.encontramaceio.com.br\/sobre\/wp-json\/wp\/v2\/posts\/4519\/revisions"}],"wp:featuredmedia":[{"embeddable":true,"href":"https:\/\/www.encontramaceio.com.br\/sobre\/wp-json\/wp\/v2\/media\/4518"}],"wp:attachment":[{"href":"https:\/\/www.encontramaceio.com.br\/sobre\/wp-json\/wp\/v2\/media?parent=4519"}],"wp:term":[{"taxonomy":"category","embeddable":true,"href":"https:\/\/www.encontramaceio.com.br\/sobre\/wp-json\/wp\/v2\/categories?post=4519"},{"taxonomy":"post_tag","embeddable":true,"href":"https:\/\/www.encontramaceio.com.br\/sobre\/wp-json\/wp\/v2\/tags?post=4519"}],"curies":[{"name":"wp","href":"https:\/\/api.w.org\/{rel}","templated":true}]}}