{"id":4481,"date":"2026-08-24T02:01:37","date_gmt":"2026-08-24T05:01:37","guid":{"rendered":"https:\/\/www.encontramaceio.com.br\/sobre\/empodera-mulher-leva-saude-cidadania-e-acolhimento-para-mulheres-no-antares\/"},"modified":"2026-08-24T02:01:37","modified_gmt":"2026-08-24T05:01:37","slug":"empodera-mulher-leva-saude-cidadania-e-acolhimento-para-mulheres-no-antares","status":"publish","type":"post","link":"https:\/\/www.encontramaceio.com.br\/sobre\/empodera-mulher-leva-saude-cidadania-e-acolhimento-para-mulheres-no-antares\/","title":{"rendered":"Empodera Mulher leva sa\u00fade, cidadania e acolhimento para mulheres no Antares"},"content":{"rendered":"<div class=\"dcb782f0616bca5484400fea6b37e93d\" data-index=\"1\" style=\"float: none; margin:0px;\">\n<script async src=\"https:\/\/pagead2.googlesyndication.com\/pagead\/js\/adsbygoogle.js?client=ca-pub-8585364105181520\"\r\n     crossorigin=\"anonymous\"><\/script>\r\n<!-- Anuncio display - global -->\r\n<ins class=\"adsbygoogle\"\r\n     style=\"display:block\"\r\n     data-ad-client=\"ca-pub-8585364105181520\"\r\n     data-ad-slot=\"8789329856\"\r\n     data-ad-format=\"auto\"\r\n     data-full-width-responsive=\"true\"><\/ins>\r\n<script>\r\n     (adsbygoogle = window.adsbygoogle || []).push({});\r\n<\/script>\n<\/div>\n<h2>Servi\u00e7os de Sa\u00fade Dispon\u00edveis<\/h2>\n<p>No evento Empodera Mulher, uma ampla gama de servi\u00e7os de sa\u00fade foi oferecida \u00e0s participantes. As mulheres puderam acessar exames r\u00e1pidos, como medi\u00e7\u00f5es de glicose e press\u00e3o arterial, que s\u00e3o essenciais para a detec\u00e7\u00e3o precoce de problemas de sa\u00fade. Al\u00e9m disso, os atendimentos inclu\u00edram consultas com nutricionistas e psic\u00f3logos, proporcionando uma abordagem hol\u00edstica ao bem-estar das mulheres atendidas.<\/p>\n<p>O evento tamb\u00e9m disponibilizou servi\u00e7os de enfermagem e fisioterapia, fundamentais para atender aquelas que necessitam de cuidados especiais. Esta variedade de servi\u00e7os foi planejada para garantir que cada mulher pudesse encontrar suporte nas diversas \u00e1reas necess\u00e1rias.<\/p>\n<h2>A Import\u00e2ncia da Cidadania<\/h2>\n<p>A cidadania \u00e9 um pilar central em iniciativas como a Empodera Mulher. Atrav\u00e9s da promo\u00e7\u00e3o de direitos e do acesso a servi\u00e7os essenciais, o evento fortalece a voz das mulheres. Ele promove um espa\u00e7o onde elas podem reivindicar seus direitos, buscar informa\u00e7\u00e3o sobre pol\u00edticas p\u00fablicas e entender como acessar recursos dispon\u00edveis na sociedade.<\/p>\n<p><img decoding=\"async\" src=\"https:\/\/www.encontramaceio.com.br\/sobre\/wp-content\/uploads\/2026\/08\/empodera-mulher-leva-saude-cidadania-e-acolhimento-para-mulheres-no-antares.webp\" alt=\"Empodera Mulher\" loading=\"lazy\" \/><\/p>\n<p>Participar de atividades que envolvem cidadania ajuda a empoderar as mulheres, mostrando que elas n\u00e3o est\u00e3o sozinhas em suas lutas. As informa\u00e7\u00f5es compartilhadas no evento s\u00e3o valiosas para que essas mulheres possam enfrentar desafios di\u00e1rios com mais seguran\u00e7a e autonomia.<\/p>\n<h2>Hist\u00f3rias de Mulheres Impactadas<\/h2>\n<p>Os relatos de participantes destacaram as mudan\u00e7as significativas que ocorreram em suas vidas ap\u00f3s participarem do Empodera Mulher. Muitas mulheres relataram ter encontrado apoio e encorajamento para tomar a\u00e7\u00f5es que antes consideravam imposs\u00edveis. Por exemplo, algumas come\u00e7aram a buscar forma\u00e7\u00e3o profissional e outras decidiram abrir seus pr\u00f3prios neg\u00f3cios.<\/p>\n<p>Essas hist\u00f3rias de supera\u00e7\u00e3o inspiraram novas participantes a acreditarem em suas capacidades e a buscarem ajuda. O impacto positivo vai al\u00e9m das quest\u00f5es imediatas de sa\u00fade; trata-se de transforma\u00e7\u00e3o de vida e de sonhos que podem ser realizados.<\/p>\n<h2>Atividades de Empregabilidade<\/h2>\n<p>Um dos focos do Empodera Mulher \u00e9 a empregabilidade. Durante o evento, iniciativas foram apresentadas para ajudar as mulheres a melhorar suas chances de emprego. Palestras sobre elabora\u00e7\u00e3o de curr\u00edculos, t\u00e9cnicas de entrevistas e dicas sobre como se destacar no mercado de trabalho foram oferecidas.<\/p>\n<p>Al\u00e9m disso, foram disponibilizados contatos de empresas parceiras que est\u00e3o abertas a receber curr\u00edculos de mulheres em busca de uma nova coloca\u00e7\u00e3o. A ideia \u00e9 que o evento n\u00e3o s\u00f3 forne\u00e7a informa\u00e7\u00f5es, mas tamb\u00e9m oportunidades reais e tang\u00edveis.<\/p>\n<h2>Orienta\u00e7\u00e3o Jur\u00eddica para Mulheres<\/h2>\n<p>Outro aspecto crucial abordado no evento foi a orienta\u00e7\u00e3o jur\u00eddica. Muitas mulheres enfrentam situa\u00e7\u00f5es complexas em suas vidas pessoais e profissionais, e o acesso a informa\u00e7\u00f5es legais pode fazer uma grande diferen\u00e7a.<\/p>\n<p>Profissionais da advocacia estiveram dispon\u00edveis para oferecer consultas e esclarecer d\u00favidas sobre direitos trabalhistas, quest\u00f5es familiares e outros assuntos legais. Essa orienta\u00e7\u00e3o \u00e9 vital para que as mulheres entendam seus direitos e saibam como proceder em diferentes situa\u00e7\u00f5es.<\/p>\n<h2>Exames R\u00e1pidos e Cuidados de Sa\u00fade<\/h2>\n<p>Durante a a\u00e7\u00e3o, os exames r\u00e1pidos foram uma das maiores demandas. A possibilidade de realizar testes como glicemia e press\u00e3o arterial rapidamente fez com que muitas mulheres se sentissem mais seguras em rela\u00e7\u00e3o \u00e0 sua sa\u00fade. Saber que podem ter um diagn\u00f3stico precoce \u00e9 essencial para prevenir doen\u00e7as e cuidar da sa\u00fade de maneira proativa.<\/p>\n<p>Al\u00e9m disso, o apoio emocional recebido de profissionais tamb\u00e9m foi fundamental. O cuidado e a aten\u00e7\u00e3o dedicados \u00e0s participantes n\u00e3o foram apenas f\u00edsicos, mas tamb\u00e9m emocionais, criando um ambiente acolhedor e seguro.<\/p>\n<h2>A\u00e7\u00f5es de Beleza e Empreendedorismo<\/h2>\n<p>O evento n\u00e3o se limitou apenas a servi\u00e7os de sa\u00fade e assist\u00eancia. A\u00e7\u00f5es de beleza tamb\u00e9m foram promovidas, com dicas de auto-cuidado e como se sentir bem com a pr\u00f3pria apar\u00eancia. Muitas mulheres participaram de workshops sobre maquiagem, cuidados com a pele e t\u00e9cnicas de autoestima.<\/p>\n<p>Al\u00e9m disso, empreendedoras compartilharam suas experi\u00eancias, oferecendo motiva\u00e7\u00e3o e inspira\u00e7\u00e3o para que outras mulheres considerem o empreendedorismo como uma op\u00e7\u00e3o de carreira. O incentivo ao desenvolvimento de neg\u00f3cios pr\u00f3prios \u00e9 uma forma poderosa de promover a independ\u00eancia financeira.<\/p>\n<h2>Parceria com a Comunidade<\/h2>\n<p>A a\u00e7\u00e3o Empodera Mulher representa uma parceria entre a Prefeitura, organiza\u00e7\u00f5es sociais e a comunidade local. Esse trabalho conjunto \u00e9 fundamental para garantir que os servi\u00e7os sejam entregues de forma eficaz e atenda \u00e0s necessidades das mulheres da regi\u00e3o.<\/p>\n<p>Com a uni\u00e3o de esfor\u00e7os, foi poss\u00edvel proporcionar um evento maior e mais impactante, que realmente faz a diferen\u00e7a na vida das participantes. Essa colabora\u00e7\u00e3o destaca a import\u00e2ncia do apoio m\u00fatuo dentro da comunidade, onde todos colaboram para um objetivo comum: o fortalecimento da mulher.<\/p>\n<h2>Depoimentos de Participantes<\/h2>\n<p>Os depoimentos das mulheres que participaram do Empodera Mulher foram emocionantes e reveladores. Muitas relataram mudan\u00e7as significativas em suas vidas ap\u00f3s a experi\u00eancia. Uma participante disse: \u201cEu n\u00e3o sabia que poderia ter acesso a todos esses servi\u00e7os. Sair daqui me faz sentir mais forte e capaz de mudar minha situa\u00e7\u00e3o.\u201d<\/p>\n<p>Outro depoimento destacou a import\u00e2ncia do suporte recebido: \u201cNunca fui t\u00e3o bem recebida. Aqui eu encontrei apoio e vou continuar lutando pelos meus direitos.\u201d Essas vozes s\u00e3o um testemunho do impacto que iniciativas como essa podem ter na vida das mulheres.<\/p>\n<h2>Programa\u00e7\u00e3o do Agosto Lil\u00e1s<\/h2>\n<p>A iniciativa Empodera Mulher faz parte das comemora\u00e7\u00f5es do Agosto Lil\u00e1s, que \u00e9 um m\u00eas dedicado \u00e0 luta pelos direitos das mulheres. Este per\u00edodo \u00e9 marcado por uma s\u00e9rie de atividades focadas na conscientiza\u00e7\u00e3o e promo\u00e7\u00e3o da autonomia feminina.<\/p>\n<p>Durante o m\u00eas, diversas a\u00e7\u00f5es e eventos s\u00e3o programados, com o objetivo de mobilizar a sociedade e fortalecer a luta pelas pol\u00edticas p\u00fablicas que garantam direitos fundamentais \u00e0s mulheres. Por meio dessas a\u00e7\u00f5es, busca-se criar uma cultura de respeito e apoio, essencial para que mais mulheres possam se afirmar no espa\u00e7o p\u00fablico e privado.<\/p>\n\n<div style=\"font-size: 0px; height: 0px; line-height: 0px; margin: 0; padding: 0; clear: both;\"><\/div>","protected":false},"excerpt":{"rendered":"<p>Empodera Mulher traz sa\u00fade, cidadania e acolhimento para mulheres no Antares.<\/p>\n","protected":false},"author":1,"featured_media":4480,"comment_status":"closed","ping_status":"closed","sticky":false,"template":"","format":"standard","meta":{"footnotes":""},"categories":[20],"tags":[],"class_list":["post-4481","post","type-post","status-publish","format-standard","has-post-thumbnail","hentry","category-saude-em-maceio","has_thumb"],"aioseo_notices":[],"aioseo_head":"\n\t\t<!-- All in One SEO 5.0.0.1 - aioseo.com -->\n\t<meta name=\"description\" content=\"Empodera Mulher traz sa\u00fade, cidadania e acolhimento para mulheres no Antares.\" \/>\n\t<meta name=\"robots\" content=\"max-image-preview:large\" \/>\n\t<meta name=\"author\" content=\"Encontra Macei\u00f3\"\/>\n\t<link rel=\"canonical\" href=\"https:\/\/www.encontramaceio.com.br\/sobre\/empodera-mulher-leva-saude-cidadania-e-acolhimento-para-mulheres-no-antares\/\" \/>\n\t<meta name=\"generator\" content=\"All in One SEO (AIOSEO) 5.0.0.1\" \/>\n\t\t<meta property=\"og:locale\" content=\"pt_BR\" \/>\n\t\t<meta property=\"og:site_name\" content=\"Encontra Macei\u00f3 | Not\u00edcias, eventos, informa\u00e7\u00f5es e dicas na cidade Macei\u00f3 e regi\u00e3o.\" \/>\n\t\t<meta property=\"og:type\" content=\"article\" \/>\n\t\t<meta property=\"og:title\" content=\"Empodera Mulher leva sa\u00fade, cidadania e acolhimento para mulheres no Antares | Encontra Macei\u00f3\" \/>\n\t\t<meta property=\"og:description\" content=\"Empodera Mulher traz sa\u00fade, cidadania e acolhimento para mulheres no Antares.\" \/>\n\t\t<meta property=\"og:url\" content=\"https:\/\/www.encontramaceio.com.br\/sobre\/empodera-mulher-leva-saude-cidadania-e-acolhimento-para-mulheres-no-antares\/\" \/>\n\t\t<meta property=\"article:published_time\" content=\"2026-08-24T05:01:37+00:00\" \/>\n\t\t<meta property=\"article:modified_time\" content=\"2026-08-24T05:01:37+00:00\" \/>\n\t\t<meta name=\"twitter:card\" content=\"summary\" \/>\n\t\t<meta name=\"twitter:title\" content=\"Empodera Mulher leva sa\u00fade, cidadania e acolhimento para mulheres no Antares | Encontra Macei\u00f3\" \/>\n\t\t<meta name=\"twitter:description\" content=\"Empodera Mulher traz sa\u00fade, cidadania e acolhimento para mulheres no Antares.\" \/>\n\t\t<script type=\"application\/ld+json\" class=\"aioseo-schema\">\n\t\t\t{\"@context\":\"https:\\\/\\\/schema.org\",\"@graph\":[{\"@type\":\"Article\",\"@id\":\"https:\\\/\\\/www.encontramaceio.com.br\\\/sobre\\\/empodera-mulher-leva-saude-cidadania-e-acolhimento-para-mulheres-no-antares\\\/#article\",\"name\":\"Empodera Mulher leva sa\\u00fade, cidadania e acolhimento para mulheres no Antares | Encontra Macei\\u00f3\",\"headline\":\"Empodera Mulher leva sa\\u00fade, cidadania e acolhimento para mulheres no Antares\",\"author\":{\"@id\":\"https:\\\/\\\/www.encontramaceio.com.br\\\/sobre\\\/author\\\/emaceio\\\/#author\"},\"publisher\":{\"@id\":\"https:\\\/\\\/www.encontramaceio.com.br\\\/sobre\\\/#organization\"},\"image\":{\"@type\":\"ImageObject\",\"url\":\"https:\\\/\\\/www.encontramaceio.com.br\\\/sobre\\\/wp-content\\\/uploads\\\/2026\\\/08\\\/empodera-mulher-leva-saude-cidadania-e-acolhimento-para-mulheres-no-antares.webp\",\"width\":280,\"height\":280,\"caption\":\"Empodera Mulher\"},\"datePublished\":\"2026-08-24T02:01:37-03:00\",\"dateModified\":\"2026-08-24T02:01:37-03:00\",\"inLanguage\":\"pt-BR\",\"mainEntityOfPage\":{\"@id\":\"https:\\\/\\\/www.encontramaceio.com.br\\\/sobre\\\/empodera-mulher-leva-saude-cidadania-e-acolhimento-para-mulheres-no-antares\\\/#webpage\"},\"isPartOf\":{\"@id\":\"https:\\\/\\\/www.encontramaceio.com.br\\\/sobre\\\/empodera-mulher-leva-saude-cidadania-e-acolhimento-para-mulheres-no-antares\\\/#webpage\"},\"articleSection\":\"Sa\\u00fade Macei\\u00f3\"},{\"@type\":\"BreadcrumbList\",\"@id\":\"https:\\\/\\\/www.encontramaceio.com.br\\\/sobre\\\/empodera-mulher-leva-saude-cidadania-e-acolhimento-para-mulheres-no-antares\\\/#breadcrumblist\",\"itemListElement\":[{\"@type\":\"ListItem\",\"@id\":\"https:\\\/\\\/www.encontramaceio.com.br\\\/sobre#listItem\",\"position\":1,\"name\":\"In\\u00edcio\",\"item\":\"https:\\\/\\\/www.encontramaceio.com.br\\\/sobre\",\"nextItem\":{\"@type\":\"ListItem\",\"@id\":\"https:\\\/\\\/www.encontramaceio.com.br\\\/sobre\\\/saude-em-maceio\\\/#listItem\",\"name\":\"Sa\\u00fade Macei\\u00f3\"}},{\"@type\":\"ListItem\",\"@id\":\"https:\\\/\\\/www.encontramaceio.com.br\\\/sobre\\\/saude-em-maceio\\\/#listItem\",\"position\":2,\"name\":\"Sa\\u00fade Macei\\u00f3\",\"item\":\"https:\\\/\\\/www.encontramaceio.com.br\\\/sobre\\\/saude-em-maceio\\\/\",\"nextItem\":{\"@type\":\"ListItem\",\"@id\":\"https:\\\/\\\/www.encontramaceio.com.br\\\/sobre\\\/empodera-mulher-leva-saude-cidadania-e-acolhimento-para-mulheres-no-antares\\\/#listItem\",\"name\":\"Empodera Mulher leva sa\\u00fade, cidadania e acolhimento para mulheres no Antares\"},\"previousItem\":{\"@type\":\"ListItem\",\"@id\":\"https:\\\/\\\/www.encontramaceio.com.br\\\/sobre#listItem\",\"name\":\"In\\u00edcio\"}},{\"@type\":\"ListItem\",\"@id\":\"https:\\\/\\\/www.encontramaceio.com.br\\\/sobre\\\/empodera-mulher-leva-saude-cidadania-e-acolhimento-para-mulheres-no-antares\\\/#listItem\",\"position\":3,\"name\":\"Empodera Mulher leva sa\\u00fade, cidadania e acolhimento para mulheres no Antares\",\"previousItem\":{\"@type\":\"ListItem\",\"@id\":\"https:\\\/\\\/www.encontramaceio.com.br\\\/sobre\\\/saude-em-maceio\\\/#listItem\",\"name\":\"Sa\\u00fade Macei\\u00f3\"}}]},{\"@type\":\"Organization\",\"@id\":\"https:\\\/\\\/www.encontramaceio.com.br\\\/sobre\\\/#organization\",\"name\":\"Encontra Macei\\u00f3\",\"description\":\"Not\\u00edcias, eventos, informa\\u00e7\\u00f5es e dicas na cidade Macei\\u00f3 e regi\\u00e3o.\",\"url\":\"https:\\\/\\\/www.encontramaceio.com.br\\\/sobre\\\/\"},{\"@type\":\"Person\",\"@id\":\"https:\\\/\\\/www.encontramaceio.com.br\\\/sobre\\\/author\\\/emaceio\\\/#author\",\"url\":\"https:\\\/\\\/www.encontramaceio.com.br\\\/sobre\\\/author\\\/emaceio\\\/\",\"name\":\"Encontra Macei\\u00f3\",\"image\":{\"@type\":\"ImageObject\",\"@id\":\"https:\\\/\\\/www.encontramaceio.com.br\\\/sobre\\\/empodera-mulher-leva-saude-cidadania-e-acolhimento-para-mulheres-no-antares\\\/#authorImage\",\"url\":\"https:\\\/\\\/secure.gravatar.com\\\/avatar\\\/507340682b8270222e1f208e23198b6ae7e2c6a1033ae84e99bc6bce4f82a387?s=96&d=mm&r=g\",\"width\":96,\"height\":96,\"caption\":\"Encontra Macei\\u00f3\"}},{\"@type\":\"WebPage\",\"@id\":\"https:\\\/\\\/www.encontramaceio.com.br\\\/sobre\\\/empodera-mulher-leva-saude-cidadania-e-acolhimento-para-mulheres-no-antares\\\/#webpage\",\"url\":\"https:\\\/\\\/www.encontramaceio.com.br\\\/sobre\\\/empodera-mulher-leva-saude-cidadania-e-acolhimento-para-mulheres-no-antares\\\/\",\"name\":\"Empodera Mulher leva sa\\u00fade, cidadania e acolhimento para mulheres no Antares | Encontra Macei\\u00f3\",\"description\":\"Empodera Mulher traz sa\\u00fade, cidadania e acolhimento para mulheres no Antares.\",\"inLanguage\":\"pt-BR\",\"isPartOf\":{\"@id\":\"https:\\\/\\\/www.encontramaceio.com.br\\\/sobre\\\/#website\"},\"breadcrumb\":{\"@id\":\"https:\\\/\\\/www.encontramaceio.com.br\\\/sobre\\\/empodera-mulher-leva-saude-cidadania-e-acolhimento-para-mulheres-no-antares\\\/#breadcrumblist\"},\"author\":{\"@id\":\"https:\\\/\\\/www.encontramaceio.com.br\\\/sobre\\\/author\\\/emaceio\\\/#author\"},\"creator\":{\"@id\":\"https:\\\/\\\/www.encontramaceio.com.br\\\/sobre\\\/author\\\/emaceio\\\/#author\"},\"image\":{\"@type\":\"ImageObject\",\"url\":\"https:\\\/\\\/www.encontramaceio.com.br\\\/sobre\\\/wp-content\\\/uploads\\\/2026\\\/08\\\/empodera-mulher-leva-saude-cidadania-e-acolhimento-para-mulheres-no-antares.webp\",\"@id\":\"https:\\\/\\\/www.encontramaceio.com.br\\\/sobre\\\/empodera-mulher-leva-saude-cidadania-e-acolhimento-para-mulheres-no-antares\\\/#mainImage\",\"width\":280,\"height\":280,\"caption\":\"Empodera Mulher\"},\"primaryImageOfPage\":{\"@id\":\"https:\\\/\\\/www.encontramaceio.com.br\\\/sobre\\\/empodera-mulher-leva-saude-cidadania-e-acolhimento-para-mulheres-no-antares\\\/#mainImage\"},\"datePublished\":\"2026-08-24T02:01:37-03:00\",\"dateModified\":\"2026-08-24T02:01:37-03:00\"},{\"@type\":\"WebSite\",\"@id\":\"https:\\\/\\\/www.encontramaceio.com.br\\\/sobre\\\/#website\",\"url\":\"https:\\\/\\\/www.encontramaceio.com.br\\\/sobre\\\/\",\"name\":\"Encontra Macei\\u00f3\",\"description\":\"Not\\u00edcias, eventos, informa\\u00e7\\u00f5es e dicas na cidade Macei\\u00f3 e regi\\u00e3o.\",\"inLanguage\":\"pt-BR\",\"publisher\":{\"@id\":\"https:\\\/\\\/www.encontramaceio.com.br\\\/sobre\\\/#organization\"}}]}\n\t\t<\/script>\n\t\t<!-- All in One SEO -->\n\n","aioseo_head_json":{"title":"Empodera Mulher leva sa\u00fade, cidadania e acolhimento para mulheres no Antares | Encontra Macei\u00f3","description":"Empodera Mulher traz sa\u00fade, cidadania e acolhimento para mulheres no Antares.","canonical_url":"https:\/\/www.encontramaceio.com.br\/sobre\/empodera-mulher-leva-saude-cidadania-e-acolhimento-para-mulheres-no-antares\/","robots":"max-image-preview:large","keywords":"","webmasterTools":{"miscellaneous":""},"schema":{"@context":"https:\/\/schema.org","@graph":[{"@type":"Article","@id":"https:\/\/www.encontramaceio.com.br\/sobre\/empodera-mulher-leva-saude-cidadania-e-acolhimento-para-mulheres-no-antares\/#article","name":"Empodera Mulher leva sa\u00fade, cidadania e acolhimento para mulheres no Antares | Encontra Macei\u00f3","headline":"Empodera Mulher leva sa\u00fade, cidadania e acolhimento para mulheres no Antares","author":{"@id":"https:\/\/www.encontramaceio.com.br\/sobre\/author\/emaceio\/#author"},"publisher":{"@id":"https:\/\/www.encontramaceio.com.br\/sobre\/#organization"},"image":{"@type":"ImageObject","url":"https:\/\/www.encontramaceio.com.br\/sobre\/wp-content\/uploads\/2026\/08\/empodera-mulher-leva-saude-cidadania-e-acolhimento-para-mulheres-no-antares.webp","width":280,"height":280,"caption":"Empodera Mulher"},"datePublished":"2026-08-24T02:01:37-03:00","dateModified":"2026-08-24T02:01:37-03:00","inLanguage":"pt-BR","mainEntityOfPage":{"@id":"https:\/\/www.encontramaceio.com.br\/sobre\/empodera-mulher-leva-saude-cidadania-e-acolhimento-para-mulheres-no-antares\/#webpage"},"isPartOf":{"@id":"https:\/\/www.encontramaceio.com.br\/sobre\/empodera-mulher-leva-saude-cidadania-e-acolhimento-para-mulheres-no-antares\/#webpage"},"articleSection":"Sa\u00fade Macei\u00f3"},{"@type":"BreadcrumbList","@id":"https:\/\/www.encontramaceio.com.br\/sobre\/empodera-mulher-leva-saude-cidadania-e-acolhimento-para-mulheres-no-antares\/#breadcrumblist","itemListElement":[{"@type":"ListItem","@id":"https:\/\/www.encontramaceio.com.br\/sobre#listItem","position":1,"name":"In\u00edcio","item":"https:\/\/www.encontramaceio.com.br\/sobre","nextItem":{"@type":"ListItem","@id":"https:\/\/www.encontramaceio.com.br\/sobre\/saude-em-maceio\/#listItem","name":"Sa\u00fade Macei\u00f3"}},{"@type":"ListItem","@id":"https:\/\/www.encontramaceio.com.br\/sobre\/saude-em-maceio\/#listItem","position":2,"name":"Sa\u00fade Macei\u00f3","item":"https:\/\/www.encontramaceio.com.br\/sobre\/saude-em-maceio\/","nextItem":{"@type":"ListItem","@id":"https:\/\/www.encontramaceio.com.br\/sobre\/empodera-mulher-leva-saude-cidadania-e-acolhimento-para-mulheres-no-antares\/#listItem","name":"Empodera Mulher leva sa\u00fade, cidadania e acolhimento para mulheres no Antares"},"previousItem":{"@type":"ListItem","@id":"https:\/\/www.encontramaceio.com.br\/sobre#listItem","name":"In\u00edcio"}},{"@type":"ListItem","@id":"https:\/\/www.encontramaceio.com.br\/sobre\/empodera-mulher-leva-saude-cidadania-e-acolhimento-para-mulheres-no-antares\/#listItem","position":3,"name":"Empodera Mulher leva sa\u00fade, cidadania e acolhimento para mulheres no Antares","previousItem":{"@type":"ListItem","@id":"https:\/\/www.encontramaceio.com.br\/sobre\/saude-em-maceio\/#listItem","name":"Sa\u00fade Macei\u00f3"}}]},{"@type":"Organization","@id":"https:\/\/www.encontramaceio.com.br\/sobre\/#organization","name":"Encontra Macei\u00f3","description":"Not\u00edcias, eventos, informa\u00e7\u00f5es e dicas na cidade Macei\u00f3 e regi\u00e3o.","url":"https:\/\/www.encontramaceio.com.br\/sobre\/"},{"@type":"Person","@id":"https:\/\/www.encontramaceio.com.br\/sobre\/author\/emaceio\/#author","url":"https:\/\/www.encontramaceio.com.br\/sobre\/author\/emaceio\/","name":"Encontra Macei\u00f3","image":{"@type":"ImageObject","@id":"https:\/\/www.encontramaceio.com.br\/sobre\/empodera-mulher-leva-saude-cidadania-e-acolhimento-para-mulheres-no-antares\/#authorImage","url":"https:\/\/secure.gravatar.com\/avatar\/507340682b8270222e1f208e23198b6ae7e2c6a1033ae84e99bc6bce4f82a387?s=96&d=mm&r=g","width":96,"height":96,"caption":"Encontra Macei\u00f3"}},{"@type":"WebPage","@id":"https:\/\/www.encontramaceio.com.br\/sobre\/empodera-mulher-leva-saude-cidadania-e-acolhimento-para-mulheres-no-antares\/#webpage","url":"https:\/\/www.encontramaceio.com.br\/sobre\/empodera-mulher-leva-saude-cidadania-e-acolhimento-para-mulheres-no-antares\/","name":"Empodera Mulher leva sa\u00fade, cidadania e acolhimento para mulheres no Antares | Encontra Macei\u00f3","description":"Empodera Mulher traz sa\u00fade, cidadania e acolhimento para mulheres no Antares.","inLanguage":"pt-BR","isPartOf":{"@id":"https:\/\/www.encontramaceio.com.br\/sobre\/#website"},"breadcrumb":{"@id":"https:\/\/www.encontramaceio.com.br\/sobre\/empodera-mulher-leva-saude-cidadania-e-acolhimento-para-mulheres-no-antares\/#breadcrumblist"},"author":{"@id":"https:\/\/www.encontramaceio.com.br\/sobre\/author\/emaceio\/#author"},"creator":{"@id":"https:\/\/www.encontramaceio.com.br\/sobre\/author\/emaceio\/#author"},"image":{"@type":"ImageObject","url":"https:\/\/www.encontramaceio.com.br\/sobre\/wp-content\/uploads\/2026\/08\/empodera-mulher-leva-saude-cidadania-e-acolhimento-para-mulheres-no-antares.webp","@id":"https:\/\/www.encontramaceio.com.br\/sobre\/empodera-mulher-leva-saude-cidadania-e-acolhimento-para-mulheres-no-antares\/#mainImage","width":280,"height":280,"caption":"Empodera Mulher"},"primaryImageOfPage":{"@id":"https:\/\/www.encontramaceio.com.br\/sobre\/empodera-mulher-leva-saude-cidadania-e-acolhimento-para-mulheres-no-antares\/#mainImage"},"datePublished":"2026-08-24T02:01:37-03:00","dateModified":"2026-08-24T02:01:37-03:00"},{"@type":"WebSite","@id":"https:\/\/www.encontramaceio.com.br\/sobre\/#website","url":"https:\/\/www.encontramaceio.com.br\/sobre\/","name":"Encontra Macei\u00f3","description":"Not\u00edcias, eventos, informa\u00e7\u00f5es e dicas na cidade Macei\u00f3 e regi\u00e3o.","inLanguage":"pt-BR","publisher":{"@id":"https:\/\/www.encontramaceio.com.br\/sobre\/#organization"}}]},"og:locale":"pt_BR","og:site_name":"Encontra Macei\u00f3 | Not\u00edcias, eventos, informa\u00e7\u00f5es e dicas na cidade Macei\u00f3 e regi\u00e3o.","og:type":"article","og:title":"Empodera Mulher leva sa\u00fade, cidadania e acolhimento para mulheres no Antares | Encontra Macei\u00f3","og:description":"Empodera Mulher traz sa\u00fade, cidadania e acolhimento para mulheres no Antares.","og:url":"https:\/\/www.encontramaceio.com.br\/sobre\/empodera-mulher-leva-saude-cidadania-e-acolhimento-para-mulheres-no-antares\/","article:published_time":"2026-08-24T05:01:37+00:00","article:modified_time":"2026-08-24T05:01:37+00:00","twitter:card":"summary","twitter:title":"Empodera Mulher leva sa\u00fade, cidadania e acolhimento para mulheres no Antares | Encontra Macei\u00f3","twitter:description":"Empodera Mulher traz sa\u00fade, cidadania e acolhimento para mulheres no Antares."},"aioseo_meta_data":{"post_id":"4481","title":null,"description":null,"keywords":null,"keyphrases":null,"primary_term":null,"canonical_url":null,"og_title":null,"og_description":null,"og_object_type":"default","og_image_type":"default","og_image_url":null,"og_image_width":null,"og_image_height":null,"og_image_custom_url":null,"og_image_custom_fields":null,"og_video":null,"og_custom_url":null,"og_article_section":null,"og_article_tags":null,"twitter_use_og":false,"twitter_card":"default","twitter_image_type":"default","twitter_image_url":null,"twitter_image_custom_url":null,"twitter_image_custom_fields":null,"twitter_title":null,"twitter_description":null,"schema":{"blockGraphs":[],"customGraphs":[],"default":{"data":{"Article":[],"Course":[],"Dataset":[],"FAQPage":[],"Movie":[],"Person":[],"Product":[],"ProductReview":[],"Car":[],"Recipe":[],"Service":[],"SoftwareApplication":[],"WebPage":[]},"graphName":"Article","isEnabled":true},"graphs":[]},"schema_type":"default","schema_type_options":null,"pillar_content":false,"robots_default":true,"robots_noindex":false,"robots_noarchive":false,"robots_nosnippet":false,"robots_nofollow":false,"robots_noimageindex":false,"robots_noodp":false,"robots_notranslate":false,"robots_max_snippet":null,"robots_max_videopreview":null,"robots_max_imagepreview":"large","priority":null,"frequency":null,"local_seo":null,"limit_modified_date":false,"created":"2026-08-24 05:01:37","updated":"2026-08-24 05:01:37","focus_keyword":null,"additional_keywords":null,"truseo_locale":null,"ai":null,"breadcrumb_settings":null,"seo_analyzer_scan_date":null},"aioseo_breadcrumb":"<div class=\"aioseo-breadcrumbs\"><span class=\"aioseo-breadcrumb\">\n\t\t\t<a href=\"https:\/\/www.encontramaceio.com.br\/sobre\" title=\"In\u00edcio\">In\u00edcio<\/a>\n\t\t<\/span><span class=\"aioseo-breadcrumb-separator\">&raquo;<\/span><span class=\"aioseo-breadcrumb\">\n\t\t\t<a href=\"https:\/\/www.encontramaceio.com.br\/sobre\/saude-em-maceio\/\" title=\"Sa\u00fade Macei\u00f3\">Sa\u00fade Macei\u00f3<\/a>\n\t\t<\/span><span class=\"aioseo-breadcrumb-separator\">&raquo;<\/span><span class=\"aioseo-breadcrumb\">\n\t\t\tEmpodera Mulher leva sa\u00fade, cidadania e acolhimento para mulheres no Antares\n\t\t<\/span><\/div>","aioseo_breadcrumb_json":[{"label":"In\u00edcio","link":"https:\/\/www.encontramaceio.com.br\/sobre"},{"label":"Sa\u00fade Macei\u00f3","link":"https:\/\/www.encontramaceio.com.br\/sobre\/saude-em-maceio\/"},{"label":"Empodera Mulher leva sa\u00fade, cidadania e acolhimento para mulheres no Antares","link":"https:\/\/www.encontramaceio.com.br\/sobre\/empodera-mulher-leva-saude-cidadania-e-acolhimento-para-mulheres-no-antares\/"}],"_links":{"self":[{"href":"https:\/\/www.encontramaceio.com.br\/sobre\/wp-json\/wp\/v2\/posts\/4481","targetHints":{"allow":["GET"]}}],"collection":[{"href":"https:\/\/www.encontramaceio.com.br\/sobre\/wp-json\/wp\/v2\/posts"}],"about":[{"href":"https:\/\/www.encontramaceio.com.br\/sobre\/wp-json\/wp\/v2\/types\/post"}],"author":[{"embeddable":true,"href":"https:\/\/www.encontramaceio.com.br\/sobre\/wp-json\/wp\/v2\/users\/1"}],"replies":[{"embeddable":true,"href":"https:\/\/www.encontramaceio.com.br\/sobre\/wp-json\/wp\/v2\/comments?post=4481"}],"version-history":[{"count":0,"href":"https:\/\/www.encontramaceio.com.br\/sobre\/wp-json\/wp\/v2\/posts\/4481\/revisions"}],"wp:featuredmedia":[{"embeddable":true,"href":"https:\/\/www.encontramaceio.com.br\/sobre\/wp-json\/wp\/v2\/media\/4480"}],"wp:attachment":[{"href":"https:\/\/www.encontramaceio.com.br\/sobre\/wp-json\/wp\/v2\/media?parent=4481"}],"wp:term":[{"taxonomy":"category","embeddable":true,"href":"https:\/\/www.encontramaceio.com.br\/sobre\/wp-json\/wp\/v2\/categories?post=4481"},{"taxonomy":"post_tag","embeddable":true,"href":"https:\/\/www.encontramaceio.com.br\/sobre\/wp-json\/wp\/v2\/tags?post=4481"}],"curies":[{"name":"wp","href":"https:\/\/api.w.org\/{rel}","templated":true}]}}