{"id":4475,"date":"2026-08-23T02:01:38","date_gmt":"2026-08-23T05:01:38","guid":{"rendered":"https:\/\/www.encontramaceio.com.br\/sobre\/maceio-promove-estrategia-de-multivacinacao-para-atualizar-cadernetas-de-criancas-e-adolescentes\/"},"modified":"2026-08-23T02:01:38","modified_gmt":"2026-08-23T05:01:38","slug":"maceio-promove-estrategia-de-multivacinacao-para-atualizar-cadernetas-de-criancas-e-adolescentes","status":"publish","type":"post","link":"https:\/\/www.encontramaceio.com.br\/sobre\/maceio-promove-estrategia-de-multivacinacao-para-atualizar-cadernetas-de-criancas-e-adolescentes\/","title":{"rendered":"Macei\u00f3 promove Estrat\u00e9gia de Multivacina\u00e7\u00e3o para atualizar cadernetas de crian\u00e7as e adolescentes"},"content":{"rendered":"<div class=\"dcb782f0616bca5484400fea6b37e93d\" data-index=\"1\" style=\"float: none; margin:0px;\">\n<script async src=\"https:\/\/pagead2.googlesyndication.com\/pagead\/js\/adsbygoogle.js?client=ca-pub-8585364105181520\"\r\n     crossorigin=\"anonymous\"><\/script>\r\n<!-- Anuncio display - global -->\r\n<ins class=\"adsbygoogle\"\r\n     style=\"display:block\"\r\n     data-ad-client=\"ca-pub-8585364105181520\"\r\n     data-ad-slot=\"8789329856\"\r\n     data-ad-format=\"auto\"\r\n     data-full-width-responsive=\"true\"><\/ins>\r\n<script>\r\n     (adsbygoogle = window.adsbygoogle || []).push({});\r\n<\/script>\n<\/div>\n<h2>O que \u00e9 a Estrat\u00e9gia de Multivacina\u00e7\u00e3o?<\/h2>\n<p>A Estrat\u00e9gia de Multivacina\u00e7\u00e3o implementada pela Secretaria de Sa\u00fade de Macei\u00f3 \u00e9 uma a\u00e7\u00e3o destinada a atualizar as cadernetas de vacina\u00e7\u00e3o de crian\u00e7as e adolescentes com menos de 15 anos. A campanha visa garantir que todos estejam em conformidade com as vacinas estipuladas pelo Calend\u00e1rio Nacional de Vacina\u00e7\u00e3o.<\/p>\n<h2>Objetivos da Campanha de Multivacina\u00e7\u00e3o<\/h2>\n<p>Os principais objetivos da campanha de multivacina\u00e7\u00e3o incluem:<\/p>\n<ul>\n<li><strong>Aumentar a cobertura vacinal:<\/strong> Incentivar a vacina\u00e7\u00e3o de crian\u00e7as e adolescentes a fim de promover um ambiente saud\u00e1vel.<\/li>\n<li><strong>Resgatar n\u00e3o-vacinados:<\/strong> Identificar e imunizar aqueles que n\u00e3o receberam as vacinas que deveriam.<\/li>\n<li><strong>Refor\u00e7ar a prote\u00e7\u00e3o:<\/strong> Proteger a popula\u00e7\u00e3o contra doen\u00e7as que podem ser prevenidas por vacinas.<\/li>\n<\/ul>\n<h2>Import\u00e2ncia da Vacina\u00e7\u00e3o em Crian\u00e7as e Adolescentes<\/h2>\n<p>A vacina\u00e7\u00e3o em crian\u00e7as e adolescentes \u00e9 fundamental para a sa\u00fade p\u00fablica por v\u00e1rias raz\u00f5es:<\/p>\n<p><img decoding=\"async\" src=\"https:\/\/www.encontramaceio.com.br\/sobre\/wp-content\/uploads\/2026\/08\/maceio-promove-estrategia-de-multivacinacao-para-atualizar-cadernetas-de-criancas-e-adolescentes.webp\" alt=\"Multivacina\u00e7\u00e3o Macei\u00f3\" loading=\"lazy\" \/><\/p>\n<ul>\n<li><strong>Preven\u00e7\u00e3o de Doen\u00e7as:<\/strong> As vacinas protegem contra doen\u00e7as graves que podem causar complica\u00e7\u00f5es severas.<\/li>\n<li><strong>Imunidade Coletiva:<\/strong> Quando uma grande parte da popula\u00e7\u00e3o \u00e9 vacinada, reduz-se a transmiss\u00e3o de doen\u00e7as, protegendo aqueles que n\u00e3o podem ser vacinados.<\/li>\n<li><strong>Redu\u00e7\u00e3o de Hospitaliza\u00e7\u00f5es:<\/strong> Menos casos de doen\u00e7a traduzem em menos hospitaliza\u00e7\u00f5es, aliviando a press\u00e3o sobre o sistema de sa\u00fade.<\/li>\n<\/ul>\n<h2>Como Participar da Multivacina\u00e7\u00e3o em Macei\u00f3<\/h2>\n<p>Para participar da campanha, os pais e respons\u00e1veis devem:<\/p>\n<ul>\n<li>Visitar uma unidade de sa\u00fade ou ponto fixo de vacina\u00e7\u00e3o.<\/li>\n<li>Apresentar a caderneta de vacina\u00e7\u00e3o da crian\u00e7a ou adolescente.<\/li>\n<li>Levar documentos como CPF ou Cart\u00e3o SUS para registro.<\/li>\n<\/ul>\n<h2>Locais de Vacina\u00e7\u00e3o Dispon\u00edveis<\/h2>\n<p>A campanha de multivacina\u00e7\u00e3o acontece em diversas localidades. Aqui est\u00e3o alguns dos pontos fixos:<\/p>\n<ul>\n<li><strong>P\u00e1tio Shopping:<\/strong> De segunda a domingo, das 12h \u00e0s 20h.<\/li>\n<li><strong>Macei\u00f3 Shopping:<\/strong> De segunda a domingo, das 12h \u00e0s 20h.<\/li>\n<li><strong>Centro de Atendimento ao Turista (CAT) Levada:<\/strong> De segunda a sexta-feira, das 8h \u00e0s 17h; s\u00e1bado, das 8h \u00e0s 14h; domingo, das 8h \u00e0s 12h.<\/li>\n<\/ul>\n<h2>Dia D de Mobiliza\u00e7\u00e3o Nacional<\/h2>\n<p>O Dia D da mobiliza\u00e7\u00e3o nacional est\u00e1 agendado para s\u00e1bado, 22 de agosto. Neste dia, a\u00e7\u00f5es intensificadas de vacina\u00e7\u00e3o e sensibiliza\u00e7\u00e3o da popula\u00e7\u00e3o ser\u00e3o realizadas para promover ainda mais a import\u00e2ncia da imuniza\u00e7\u00e3o.<\/p>\n<h2>Vacinas Dispon\u00edveis na Campanha<\/h2>\n<p>A campanha de multivacina\u00e7\u00e3o abarcar\u00e1 as vacinas do calend\u00e1rio infantil e adolescente, assegurando que os imunizados estejam com as doses em dia. Contudo, as vacinas de BCG e para Covid-19 estar\u00e3o dispon\u00edveis apenas em unidades de refer\u00eancia espec\u00edficas.<\/p>\n<h2>Documenta\u00e7\u00e3o Necess\u00e1ria para Vacina\u00e7\u00e3o<\/h2>\n<p>Para realizar a vacina\u00e7\u00e3o, \u00e9 necess\u00e1rio apresentar:<\/p>\n<ul>\n<li>CPF ou Cart\u00e3o SUS.<\/li>\n<li>Caderneta de vacina\u00e7\u00e3o que ser\u00e1 avaliada pela equipe de sa\u00fade.<\/li>\n<\/ul>\n<h2>Impacto da Vacina\u00e7\u00e3o na Sa\u00fade P\u00fablica<\/h2>\n<p>A vacina\u00e7\u00e3o contribui significativamente para a sa\u00fade p\u00fablica ao prevenir surtos e epidemias. A ades\u00e3o \u00e0 vacina\u00e7\u00e3o ajuda a manter a popula\u00e7\u00e3o saud\u00e1vel e a adequa\u00e7\u00e3o das imuniza\u00e7\u00f5es previne o ressurgimento de doen\u00e7as j\u00e1 controladas, fazendo com que menos crian\u00e7as e adolescentes sofram com doen\u00e7as que podem ser evitadas.<\/p>\n<h2>Depoimentos de Pais e Respons\u00e1veis<\/h2>\n<p>A valoriza\u00e7\u00e3o da imuniza\u00e7\u00e3o \u00e9 crucial, e ouvir depoimentos de pais pode tornar a mensagem ainda mais impactante. Muitos costumam enfatizar que vacinar seus filhos \u00e9 um ato de cuidado e responsabilidade, essencial para garantir um futuro saud\u00e1vel para suas fam\u00edlias e comunidades.<\/p>\n<h2>Considera\u00e7\u00f5es Finais<\/h2>\n<p>A ades\u00e3o \u00e0 campanha de multivacina\u00e7\u00e3o \u00e9 uma oportunidade para garantir que as crian\u00e7as e adolescentes estejam protegidos e em conformidade com as normas de sa\u00fade p\u00fablica. Ao atualizar a caderneta de vacina\u00e7\u00e3o, os respons\u00e1veis ajudam a preservar a sa\u00fade coletiva e a promover um ambiente seguro para todos.<\/p>\n\n<div style=\"font-size: 0px; height: 0px; line-height: 0px; margin: 0; padding: 0; clear: both;\"><\/div>","protected":false},"excerpt":{"rendered":"<p>Macei\u00f3 promove Multivacina\u00e7\u00e3o para atualizar as cadernetas de crian\u00e7as e adolescentes.<\/p>\n","protected":false},"author":1,"featured_media":4474,"comment_status":"closed","ping_status":"closed","sticky":false,"template":"","format":"standard","meta":{"footnotes":""},"categories":[20],"tags":[],"class_list":["post-4475","post","type-post","status-publish","format-standard","has-post-thumbnail","hentry","category-saude-em-maceio","has_thumb"],"aioseo_notices":[],"aioseo_head":"\n\t\t<!-- All in One SEO 5.0.0.1 - aioseo.com -->\n\t<meta name=\"description\" content=\"Macei\u00f3 promove Multivacina\u00e7\u00e3o para atualizar as cadernetas de crian\u00e7as e adolescentes.\" \/>\n\t<meta name=\"robots\" content=\"max-image-preview:large\" \/>\n\t<meta name=\"author\" content=\"Encontra Macei\u00f3\"\/>\n\t<link rel=\"canonical\" href=\"https:\/\/www.encontramaceio.com.br\/sobre\/maceio-promove-estrategia-de-multivacinacao-para-atualizar-cadernetas-de-criancas-e-adolescentes\/\" \/>\n\t<meta name=\"generator\" content=\"All in One SEO (AIOSEO) 5.0.0.1\" \/>\n\t\t<meta property=\"og:locale\" content=\"pt_BR\" \/>\n\t\t<meta property=\"og:site_name\" content=\"Encontra Macei\u00f3 | Not\u00edcias, eventos, informa\u00e7\u00f5es e dicas na cidade Macei\u00f3 e regi\u00e3o.\" \/>\n\t\t<meta property=\"og:type\" content=\"article\" \/>\n\t\t<meta property=\"og:title\" content=\"Macei\u00f3 promove Estrat\u00e9gia de Multivacina\u00e7\u00e3o para atualizar cadernetas de crian\u00e7as e adolescentes | Encontra Macei\u00f3\" \/>\n\t\t<meta property=\"og:description\" content=\"Macei\u00f3 promove Multivacina\u00e7\u00e3o para atualizar as cadernetas de crian\u00e7as e adolescentes.\" \/>\n\t\t<meta property=\"og:url\" content=\"https:\/\/www.encontramaceio.com.br\/sobre\/maceio-promove-estrategia-de-multivacinacao-para-atualizar-cadernetas-de-criancas-e-adolescentes\/\" \/>\n\t\t<meta property=\"article:published_time\" content=\"2026-08-23T05:01:38+00:00\" \/>\n\t\t<meta property=\"article:modified_time\" content=\"2026-08-23T05:01:38+00:00\" \/>\n\t\t<meta name=\"twitter:card\" content=\"summary\" \/>\n\t\t<meta name=\"twitter:title\" content=\"Macei\u00f3 promove Estrat\u00e9gia de Multivacina\u00e7\u00e3o para atualizar cadernetas de crian\u00e7as e adolescentes | Encontra Macei\u00f3\" \/>\n\t\t<meta name=\"twitter:description\" content=\"Macei\u00f3 promove Multivacina\u00e7\u00e3o para atualizar as cadernetas de crian\u00e7as e adolescentes.\" \/>\n\t\t<script type=\"application\/ld+json\" class=\"aioseo-schema\">\n\t\t\t{\"@context\":\"https:\\\/\\\/schema.org\",\"@graph\":[{\"@type\":\"Article\",\"@id\":\"https:\\\/\\\/www.encontramaceio.com.br\\\/sobre\\\/maceio-promove-estrategia-de-multivacinacao-para-atualizar-cadernetas-de-criancas-e-adolescentes\\\/#article\",\"name\":\"Macei\\u00f3 promove Estrat\\u00e9gia de Multivacina\\u00e7\\u00e3o para atualizar cadernetas de crian\\u00e7as e adolescentes | Encontra Macei\\u00f3\",\"headline\":\"Macei\\u00f3 promove Estrat\\u00e9gia de Multivacina\\u00e7\\u00e3o para atualizar cadernetas de crian\\u00e7as e adolescentes\",\"author\":{\"@id\":\"https:\\\/\\\/www.encontramaceio.com.br\\\/sobre\\\/author\\\/emaceio\\\/#author\"},\"publisher\":{\"@id\":\"https:\\\/\\\/www.encontramaceio.com.br\\\/sobre\\\/#organization\"},\"image\":{\"@type\":\"ImageObject\",\"url\":\"https:\\\/\\\/www.encontramaceio.com.br\\\/sobre\\\/wp-content\\\/uploads\\\/2026\\\/08\\\/maceio-promove-estrategia-de-multivacinacao-para-atualizar-cadernetas-de-criancas-e-adolescentes.webp\",\"width\":280,\"height\":280,\"caption\":\"Multivacina\\u00e7\\u00e3o Macei\\u00f3\"},\"datePublished\":\"2026-08-23T02:01:38-03:00\",\"dateModified\":\"2026-08-23T02:01:38-03:00\",\"inLanguage\":\"pt-BR\",\"mainEntityOfPage\":{\"@id\":\"https:\\\/\\\/www.encontramaceio.com.br\\\/sobre\\\/maceio-promove-estrategia-de-multivacinacao-para-atualizar-cadernetas-de-criancas-e-adolescentes\\\/#webpage\"},\"isPartOf\":{\"@id\":\"https:\\\/\\\/www.encontramaceio.com.br\\\/sobre\\\/maceio-promove-estrategia-de-multivacinacao-para-atualizar-cadernetas-de-criancas-e-adolescentes\\\/#webpage\"},\"articleSection\":\"Sa\\u00fade Macei\\u00f3\"},{\"@type\":\"BreadcrumbList\",\"@id\":\"https:\\\/\\\/www.encontramaceio.com.br\\\/sobre\\\/maceio-promove-estrategia-de-multivacinacao-para-atualizar-cadernetas-de-criancas-e-adolescentes\\\/#breadcrumblist\",\"itemListElement\":[{\"@type\":\"ListItem\",\"@id\":\"https:\\\/\\\/www.encontramaceio.com.br\\\/sobre#listItem\",\"position\":1,\"name\":\"In\\u00edcio\",\"item\":\"https:\\\/\\\/www.encontramaceio.com.br\\\/sobre\",\"nextItem\":{\"@type\":\"ListItem\",\"@id\":\"https:\\\/\\\/www.encontramaceio.com.br\\\/sobre\\\/saude-em-maceio\\\/#listItem\",\"name\":\"Sa\\u00fade Macei\\u00f3\"}},{\"@type\":\"ListItem\",\"@id\":\"https:\\\/\\\/www.encontramaceio.com.br\\\/sobre\\\/saude-em-maceio\\\/#listItem\",\"position\":2,\"name\":\"Sa\\u00fade Macei\\u00f3\",\"item\":\"https:\\\/\\\/www.encontramaceio.com.br\\\/sobre\\\/saude-em-maceio\\\/\",\"nextItem\":{\"@type\":\"ListItem\",\"@id\":\"https:\\\/\\\/www.encontramaceio.com.br\\\/sobre\\\/maceio-promove-estrategia-de-multivacinacao-para-atualizar-cadernetas-de-criancas-e-adolescentes\\\/#listItem\",\"name\":\"Macei\\u00f3 promove Estrat\\u00e9gia de Multivacina\\u00e7\\u00e3o para atualizar cadernetas de crian\\u00e7as e adolescentes\"},\"previousItem\":{\"@type\":\"ListItem\",\"@id\":\"https:\\\/\\\/www.encontramaceio.com.br\\\/sobre#listItem\",\"name\":\"In\\u00edcio\"}},{\"@type\":\"ListItem\",\"@id\":\"https:\\\/\\\/www.encontramaceio.com.br\\\/sobre\\\/maceio-promove-estrategia-de-multivacinacao-para-atualizar-cadernetas-de-criancas-e-adolescentes\\\/#listItem\",\"position\":3,\"name\":\"Macei\\u00f3 promove Estrat\\u00e9gia de Multivacina\\u00e7\\u00e3o para atualizar cadernetas de crian\\u00e7as e adolescentes\",\"previousItem\":{\"@type\":\"ListItem\",\"@id\":\"https:\\\/\\\/www.encontramaceio.com.br\\\/sobre\\\/saude-em-maceio\\\/#listItem\",\"name\":\"Sa\\u00fade Macei\\u00f3\"}}]},{\"@type\":\"Organization\",\"@id\":\"https:\\\/\\\/www.encontramaceio.com.br\\\/sobre\\\/#organization\",\"name\":\"Encontra Macei\\u00f3\",\"description\":\"Not\\u00edcias, eventos, informa\\u00e7\\u00f5es e dicas na cidade Macei\\u00f3 e regi\\u00e3o.\",\"url\":\"https:\\\/\\\/www.encontramaceio.com.br\\\/sobre\\\/\"},{\"@type\":\"Person\",\"@id\":\"https:\\\/\\\/www.encontramaceio.com.br\\\/sobre\\\/author\\\/emaceio\\\/#author\",\"url\":\"https:\\\/\\\/www.encontramaceio.com.br\\\/sobre\\\/author\\\/emaceio\\\/\",\"name\":\"Encontra Macei\\u00f3\",\"image\":{\"@type\":\"ImageObject\",\"@id\":\"https:\\\/\\\/www.encontramaceio.com.br\\\/sobre\\\/maceio-promove-estrategia-de-multivacinacao-para-atualizar-cadernetas-de-criancas-e-adolescentes\\\/#authorImage\",\"url\":\"https:\\\/\\\/secure.gravatar.com\\\/avatar\\\/507340682b8270222e1f208e23198b6ae7e2c6a1033ae84e99bc6bce4f82a387?s=96&d=mm&r=g\",\"width\":96,\"height\":96,\"caption\":\"Encontra Macei\\u00f3\"}},{\"@type\":\"WebPage\",\"@id\":\"https:\\\/\\\/www.encontramaceio.com.br\\\/sobre\\\/maceio-promove-estrategia-de-multivacinacao-para-atualizar-cadernetas-de-criancas-e-adolescentes\\\/#webpage\",\"url\":\"https:\\\/\\\/www.encontramaceio.com.br\\\/sobre\\\/maceio-promove-estrategia-de-multivacinacao-para-atualizar-cadernetas-de-criancas-e-adolescentes\\\/\",\"name\":\"Macei\\u00f3 promove Estrat\\u00e9gia de Multivacina\\u00e7\\u00e3o para atualizar cadernetas de crian\\u00e7as e adolescentes | Encontra Macei\\u00f3\",\"description\":\"Macei\\u00f3 promove Multivacina\\u00e7\\u00e3o para atualizar as cadernetas de crian\\u00e7as e adolescentes.\",\"inLanguage\":\"pt-BR\",\"isPartOf\":{\"@id\":\"https:\\\/\\\/www.encontramaceio.com.br\\\/sobre\\\/#website\"},\"breadcrumb\":{\"@id\":\"https:\\\/\\\/www.encontramaceio.com.br\\\/sobre\\\/maceio-promove-estrategia-de-multivacinacao-para-atualizar-cadernetas-de-criancas-e-adolescentes\\\/#breadcrumblist\"},\"author\":{\"@id\":\"https:\\\/\\\/www.encontramaceio.com.br\\\/sobre\\\/author\\\/emaceio\\\/#author\"},\"creator\":{\"@id\":\"https:\\\/\\\/www.encontramaceio.com.br\\\/sobre\\\/author\\\/emaceio\\\/#author\"},\"image\":{\"@type\":\"ImageObject\",\"url\":\"https:\\\/\\\/www.encontramaceio.com.br\\\/sobre\\\/wp-content\\\/uploads\\\/2026\\\/08\\\/maceio-promove-estrategia-de-multivacinacao-para-atualizar-cadernetas-de-criancas-e-adolescentes.webp\",\"@id\":\"https:\\\/\\\/www.encontramaceio.com.br\\\/sobre\\\/maceio-promove-estrategia-de-multivacinacao-para-atualizar-cadernetas-de-criancas-e-adolescentes\\\/#mainImage\",\"width\":280,\"height\":280,\"caption\":\"Multivacina\\u00e7\\u00e3o Macei\\u00f3\"},\"primaryImageOfPage\":{\"@id\":\"https:\\\/\\\/www.encontramaceio.com.br\\\/sobre\\\/maceio-promove-estrategia-de-multivacinacao-para-atualizar-cadernetas-de-criancas-e-adolescentes\\\/#mainImage\"},\"datePublished\":\"2026-08-23T02:01:38-03:00\",\"dateModified\":\"2026-08-23T02:01:38-03:00\"},{\"@type\":\"WebSite\",\"@id\":\"https:\\\/\\\/www.encontramaceio.com.br\\\/sobre\\\/#website\",\"url\":\"https:\\\/\\\/www.encontramaceio.com.br\\\/sobre\\\/\",\"name\":\"Encontra Macei\\u00f3\",\"description\":\"Not\\u00edcias, eventos, informa\\u00e7\\u00f5es e dicas na cidade Macei\\u00f3 e regi\\u00e3o.\",\"inLanguage\":\"pt-BR\",\"publisher\":{\"@id\":\"https:\\\/\\\/www.encontramaceio.com.br\\\/sobre\\\/#organization\"}}]}\n\t\t<\/script>\n\t\t<!-- All in One SEO -->\n\n","aioseo_head_json":{"title":"Macei\u00f3 promove Estrat\u00e9gia de Multivacina\u00e7\u00e3o para atualizar cadernetas de crian\u00e7as e adolescentes | Encontra Macei\u00f3","description":"Macei\u00f3 promove Multivacina\u00e7\u00e3o para atualizar as cadernetas de crian\u00e7as e adolescentes.","canonical_url":"https:\/\/www.encontramaceio.com.br\/sobre\/maceio-promove-estrategia-de-multivacinacao-para-atualizar-cadernetas-de-criancas-e-adolescentes\/","robots":"max-image-preview:large","keywords":"","webmasterTools":{"miscellaneous":""},"schema":{"@context":"https:\/\/schema.org","@graph":[{"@type":"Article","@id":"https:\/\/www.encontramaceio.com.br\/sobre\/maceio-promove-estrategia-de-multivacinacao-para-atualizar-cadernetas-de-criancas-e-adolescentes\/#article","name":"Macei\u00f3 promove Estrat\u00e9gia de Multivacina\u00e7\u00e3o para atualizar cadernetas de crian\u00e7as e adolescentes | Encontra Macei\u00f3","headline":"Macei\u00f3 promove Estrat\u00e9gia de Multivacina\u00e7\u00e3o para atualizar cadernetas de crian\u00e7as e adolescentes","author":{"@id":"https:\/\/www.encontramaceio.com.br\/sobre\/author\/emaceio\/#author"},"publisher":{"@id":"https:\/\/www.encontramaceio.com.br\/sobre\/#organization"},"image":{"@type":"ImageObject","url":"https:\/\/www.encontramaceio.com.br\/sobre\/wp-content\/uploads\/2026\/08\/maceio-promove-estrategia-de-multivacinacao-para-atualizar-cadernetas-de-criancas-e-adolescentes.webp","width":280,"height":280,"caption":"Multivacina\u00e7\u00e3o Macei\u00f3"},"datePublished":"2026-08-23T02:01:38-03:00","dateModified":"2026-08-23T02:01:38-03:00","inLanguage":"pt-BR","mainEntityOfPage":{"@id":"https:\/\/www.encontramaceio.com.br\/sobre\/maceio-promove-estrategia-de-multivacinacao-para-atualizar-cadernetas-de-criancas-e-adolescentes\/#webpage"},"isPartOf":{"@id":"https:\/\/www.encontramaceio.com.br\/sobre\/maceio-promove-estrategia-de-multivacinacao-para-atualizar-cadernetas-de-criancas-e-adolescentes\/#webpage"},"articleSection":"Sa\u00fade Macei\u00f3"},{"@type":"BreadcrumbList","@id":"https:\/\/www.encontramaceio.com.br\/sobre\/maceio-promove-estrategia-de-multivacinacao-para-atualizar-cadernetas-de-criancas-e-adolescentes\/#breadcrumblist","itemListElement":[{"@type":"ListItem","@id":"https:\/\/www.encontramaceio.com.br\/sobre#listItem","position":1,"name":"In\u00edcio","item":"https:\/\/www.encontramaceio.com.br\/sobre","nextItem":{"@type":"ListItem","@id":"https:\/\/www.encontramaceio.com.br\/sobre\/saude-em-maceio\/#listItem","name":"Sa\u00fade Macei\u00f3"}},{"@type":"ListItem","@id":"https:\/\/www.encontramaceio.com.br\/sobre\/saude-em-maceio\/#listItem","position":2,"name":"Sa\u00fade Macei\u00f3","item":"https:\/\/www.encontramaceio.com.br\/sobre\/saude-em-maceio\/","nextItem":{"@type":"ListItem","@id":"https:\/\/www.encontramaceio.com.br\/sobre\/maceio-promove-estrategia-de-multivacinacao-para-atualizar-cadernetas-de-criancas-e-adolescentes\/#listItem","name":"Macei\u00f3 promove Estrat\u00e9gia de Multivacina\u00e7\u00e3o para atualizar cadernetas de crian\u00e7as e adolescentes"},"previousItem":{"@type":"ListItem","@id":"https:\/\/www.encontramaceio.com.br\/sobre#listItem","name":"In\u00edcio"}},{"@type":"ListItem","@id":"https:\/\/www.encontramaceio.com.br\/sobre\/maceio-promove-estrategia-de-multivacinacao-para-atualizar-cadernetas-de-criancas-e-adolescentes\/#listItem","position":3,"name":"Macei\u00f3 promove Estrat\u00e9gia de Multivacina\u00e7\u00e3o para atualizar cadernetas de crian\u00e7as e adolescentes","previousItem":{"@type":"ListItem","@id":"https:\/\/www.encontramaceio.com.br\/sobre\/saude-em-maceio\/#listItem","name":"Sa\u00fade Macei\u00f3"}}]},{"@type":"Organization","@id":"https:\/\/www.encontramaceio.com.br\/sobre\/#organization","name":"Encontra Macei\u00f3","description":"Not\u00edcias, eventos, informa\u00e7\u00f5es e dicas na cidade Macei\u00f3 e regi\u00e3o.","url":"https:\/\/www.encontramaceio.com.br\/sobre\/"},{"@type":"Person","@id":"https:\/\/www.encontramaceio.com.br\/sobre\/author\/emaceio\/#author","url":"https:\/\/www.encontramaceio.com.br\/sobre\/author\/emaceio\/","name":"Encontra Macei\u00f3","image":{"@type":"ImageObject","@id":"https:\/\/www.encontramaceio.com.br\/sobre\/maceio-promove-estrategia-de-multivacinacao-para-atualizar-cadernetas-de-criancas-e-adolescentes\/#authorImage","url":"https:\/\/secure.gravatar.com\/avatar\/507340682b8270222e1f208e23198b6ae7e2c6a1033ae84e99bc6bce4f82a387?s=96&d=mm&r=g","width":96,"height":96,"caption":"Encontra Macei\u00f3"}},{"@type":"WebPage","@id":"https:\/\/www.encontramaceio.com.br\/sobre\/maceio-promove-estrategia-de-multivacinacao-para-atualizar-cadernetas-de-criancas-e-adolescentes\/#webpage","url":"https:\/\/www.encontramaceio.com.br\/sobre\/maceio-promove-estrategia-de-multivacinacao-para-atualizar-cadernetas-de-criancas-e-adolescentes\/","name":"Macei\u00f3 promove Estrat\u00e9gia de Multivacina\u00e7\u00e3o para atualizar cadernetas de crian\u00e7as e adolescentes | Encontra Macei\u00f3","description":"Macei\u00f3 promove Multivacina\u00e7\u00e3o para atualizar as cadernetas de crian\u00e7as e adolescentes.","inLanguage":"pt-BR","isPartOf":{"@id":"https:\/\/www.encontramaceio.com.br\/sobre\/#website"},"breadcrumb":{"@id":"https:\/\/www.encontramaceio.com.br\/sobre\/maceio-promove-estrategia-de-multivacinacao-para-atualizar-cadernetas-de-criancas-e-adolescentes\/#breadcrumblist"},"author":{"@id":"https:\/\/www.encontramaceio.com.br\/sobre\/author\/emaceio\/#author"},"creator":{"@id":"https:\/\/www.encontramaceio.com.br\/sobre\/author\/emaceio\/#author"},"image":{"@type":"ImageObject","url":"https:\/\/www.encontramaceio.com.br\/sobre\/wp-content\/uploads\/2026\/08\/maceio-promove-estrategia-de-multivacinacao-para-atualizar-cadernetas-de-criancas-e-adolescentes.webp","@id":"https:\/\/www.encontramaceio.com.br\/sobre\/maceio-promove-estrategia-de-multivacinacao-para-atualizar-cadernetas-de-criancas-e-adolescentes\/#mainImage","width":280,"height":280,"caption":"Multivacina\u00e7\u00e3o Macei\u00f3"},"primaryImageOfPage":{"@id":"https:\/\/www.encontramaceio.com.br\/sobre\/maceio-promove-estrategia-de-multivacinacao-para-atualizar-cadernetas-de-criancas-e-adolescentes\/#mainImage"},"datePublished":"2026-08-23T02:01:38-03:00","dateModified":"2026-08-23T02:01:38-03:00"},{"@type":"WebSite","@id":"https:\/\/www.encontramaceio.com.br\/sobre\/#website","url":"https:\/\/www.encontramaceio.com.br\/sobre\/","name":"Encontra Macei\u00f3","description":"Not\u00edcias, eventos, informa\u00e7\u00f5es e dicas na cidade Macei\u00f3 e regi\u00e3o.","inLanguage":"pt-BR","publisher":{"@id":"https:\/\/www.encontramaceio.com.br\/sobre\/#organization"}}]},"og:locale":"pt_BR","og:site_name":"Encontra Macei\u00f3 | Not\u00edcias, eventos, informa\u00e7\u00f5es e dicas na cidade Macei\u00f3 e regi\u00e3o.","og:type":"article","og:title":"Macei\u00f3 promove Estrat\u00e9gia de Multivacina\u00e7\u00e3o para atualizar cadernetas de crian\u00e7as e adolescentes | Encontra Macei\u00f3","og:description":"Macei\u00f3 promove Multivacina\u00e7\u00e3o para atualizar as cadernetas de crian\u00e7as e adolescentes.","og:url":"https:\/\/www.encontramaceio.com.br\/sobre\/maceio-promove-estrategia-de-multivacinacao-para-atualizar-cadernetas-de-criancas-e-adolescentes\/","article:published_time":"2026-08-23T05:01:38+00:00","article:modified_time":"2026-08-23T05:01:38+00:00","twitter:card":"summary","twitter:title":"Macei\u00f3 promove Estrat\u00e9gia de Multivacina\u00e7\u00e3o para atualizar cadernetas de crian\u00e7as e adolescentes | Encontra Macei\u00f3","twitter:description":"Macei\u00f3 promove Multivacina\u00e7\u00e3o para atualizar as cadernetas de crian\u00e7as e adolescentes."},"aioseo_meta_data":{"post_id":"4475","title":null,"description":null,"keywords":null,"keyphrases":null,"primary_term":null,"canonical_url":null,"og_title":null,"og_description":null,"og_object_type":"default","og_image_type":"default","og_image_url":null,"og_image_width":null,"og_image_height":null,"og_image_custom_url":null,"og_image_custom_fields":null,"og_video":null,"og_custom_url":null,"og_article_section":null,"og_article_tags":null,"twitter_use_og":false,"twitter_card":"default","twitter_image_type":"default","twitter_image_url":null,"twitter_image_custom_url":null,"twitter_image_custom_fields":null,"twitter_title":null,"twitter_description":null,"schema":{"blockGraphs":[],"customGraphs":[],"default":{"data":{"Article":[],"Course":[],"Dataset":[],"FAQPage":[],"Movie":[],"Person":[],"Product":[],"ProductReview":[],"Car":[],"Recipe":[],"Service":[],"SoftwareApplication":[],"WebPage":[]},"graphName":"Article","isEnabled":true},"graphs":[]},"schema_type":"default","schema_type_options":null,"pillar_content":false,"robots_default":true,"robots_noindex":false,"robots_noarchive":false,"robots_nosnippet":false,"robots_nofollow":false,"robots_noimageindex":false,"robots_noodp":false,"robots_notranslate":false,"robots_max_snippet":null,"robots_max_videopreview":null,"robots_max_imagepreview":"large","priority":null,"frequency":null,"local_seo":null,"limit_modified_date":false,"created":"2026-08-23 05:01:38","updated":"2026-08-23 05:01:38","focus_keyword":null,"additional_keywords":null,"truseo_locale":null,"ai":null,"breadcrumb_settings":null,"seo_analyzer_scan_date":null},"aioseo_breadcrumb":"<div class=\"aioseo-breadcrumbs\"><span class=\"aioseo-breadcrumb\">\n\t\t\t<a href=\"https:\/\/www.encontramaceio.com.br\/sobre\" title=\"In\u00edcio\">In\u00edcio<\/a>\n\t\t<\/span><span class=\"aioseo-breadcrumb-separator\">&raquo;<\/span><span class=\"aioseo-breadcrumb\">\n\t\t\t<a href=\"https:\/\/www.encontramaceio.com.br\/sobre\/saude-em-maceio\/\" title=\"Sa\u00fade Macei\u00f3\">Sa\u00fade Macei\u00f3<\/a>\n\t\t<\/span><span class=\"aioseo-breadcrumb-separator\">&raquo;<\/span><span class=\"aioseo-breadcrumb\">\n\t\t\tMacei\u00f3 promove Estrat\u00e9gia de Multivacina\u00e7\u00e3o para atualizar cadernetas de crian\u00e7as e adolescentes\n\t\t<\/span><\/div>","aioseo_breadcrumb_json":[{"label":"In\u00edcio","link":"https:\/\/www.encontramaceio.com.br\/sobre"},{"label":"Sa\u00fade Macei\u00f3","link":"https:\/\/www.encontramaceio.com.br\/sobre\/saude-em-maceio\/"},{"label":"Macei\u00f3 promove Estrat\u00e9gia de Multivacina\u00e7\u00e3o para atualizar cadernetas de crian\u00e7as e adolescentes","link":"https:\/\/www.encontramaceio.com.br\/sobre\/maceio-promove-estrategia-de-multivacinacao-para-atualizar-cadernetas-de-criancas-e-adolescentes\/"}],"_links":{"self":[{"href":"https:\/\/www.encontramaceio.com.br\/sobre\/wp-json\/wp\/v2\/posts\/4475","targetHints":{"allow":["GET"]}}],"collection":[{"href":"https:\/\/www.encontramaceio.com.br\/sobre\/wp-json\/wp\/v2\/posts"}],"about":[{"href":"https:\/\/www.encontramaceio.com.br\/sobre\/wp-json\/wp\/v2\/types\/post"}],"author":[{"embeddable":true,"href":"https:\/\/www.encontramaceio.com.br\/sobre\/wp-json\/wp\/v2\/users\/1"}],"replies":[{"embeddable":true,"href":"https:\/\/www.encontramaceio.com.br\/sobre\/wp-json\/wp\/v2\/comments?post=4475"}],"version-history":[{"count":0,"href":"https:\/\/www.encontramaceio.com.br\/sobre\/wp-json\/wp\/v2\/posts\/4475\/revisions"}],"wp:featuredmedia":[{"embeddable":true,"href":"https:\/\/www.encontramaceio.com.br\/sobre\/wp-json\/wp\/v2\/media\/4474"}],"wp:attachment":[{"href":"https:\/\/www.encontramaceio.com.br\/sobre\/wp-json\/wp\/v2\/media?parent=4475"}],"wp:term":[{"taxonomy":"category","embeddable":true,"href":"https:\/\/www.encontramaceio.com.br\/sobre\/wp-json\/wp\/v2\/categories?post=4475"},{"taxonomy":"post_tag","embeddable":true,"href":"https:\/\/www.encontramaceio.com.br\/sobre\/wp-json\/wp\/v2\/tags?post=4475"}],"curies":[{"name":"wp","href":"https:\/\/api.w.org\/{rel}","templated":true}]}}