{"id":4457,"date":"2026-08-20T02:01:53","date_gmt":"2026-08-20T05:01:53","guid":{"rendered":"https:\/\/www.encontramaceio.com.br\/sobre\/clima-bom-recebe-atendimentos-do-olhar-e-saude-da-gente\/"},"modified":"2026-08-20T02:01:53","modified_gmt":"2026-08-20T05:01:53","slug":"clima-bom-recebe-atendimentos-do-olhar-e-saude-da-gente","status":"publish","type":"post","link":"https:\/\/www.encontramaceio.com.br\/sobre\/clima-bom-recebe-atendimentos-do-olhar-e-saude-da-gente\/","title":{"rendered":"Clima Bom recebe atendimentos do Olhar e Sa\u00fade da Gente"},"content":{"rendered":"<div class=\"dcb782f0616bca5484400fea6b37e93d\" data-index=\"1\" style=\"float: none; margin:0px;\">\n<script async src=\"https:\/\/pagead2.googlesyndication.com\/pagead\/js\/adsbygoogle.js?client=ca-pub-8585364105181520\"\r\n     crossorigin=\"anonymous\"><\/script>\r\n<!-- Anuncio display - global -->\r\n<ins class=\"adsbygoogle\"\r\n     style=\"display:block\"\r\n     data-ad-client=\"ca-pub-8585364105181520\"\r\n     data-ad-slot=\"8789329856\"\r\n     data-ad-format=\"auto\"\r\n     data-full-width-responsive=\"true\"><\/ins>\r\n<script>\r\n     (adsbygoogle = window.adsbygoogle || []).push({});\r\n<\/script>\n<\/div>\n<h2>Servi\u00e7os Oferecidos no Clima Bom<\/h2>\n<p>No dia 22 de julho de 2026, um mutir\u00e3o de sa\u00fade organizado pela Secretaria Municipal de Sa\u00fade de Macei\u00f3 (SMS) foi realizado na comunidade Clima Bom. Essa a\u00e7\u00e3o faz parte dos programas que visam promover o acesso \u00e0 sa\u00fade, oferecendo triagens para cirurgias de catarata, vacina\u00e7\u00e3o, aferi\u00e7\u00e3o de press\u00e3o arterial e glicemia, beneficiando diretamente os moradores locais.<\/p>\n<h2>A Import\u00e2ncia da Sa\u00fade Preventiva<\/h2>\n<p>A preven\u00e7\u00e3o \u00e9 uma aliada essencial na promo\u00e7\u00e3o da sa\u00fade e no combate a doen\u00e7as. Programas como o &#8220;Olhar da Gente&#8221; e &#8220;Sa\u00fade da Gente&#8221; t\u00eam como objetivo reduzir a necessidade de interven\u00e7\u00f5es cir\u00fargicas mais complexas atrav\u00e9s da antecipa\u00e7\u00e3o de cuidados e diagn\u00f3sticos. Esse foco na profilaxia ajuda a detectar condi\u00e7\u00f5es graves em est\u00e1gios iniciais, permitindo tratamentos mais eficazes e menos invasivos.<\/p>\n<h2>Triagem de Cirurgias de Catarata em Macei\u00f3<\/h2>\n<p>A triagem para cirurgias de catarata \u00e9 um dos servi\u00e7os mais procurados nas iniciativas de sa\u00fade. Desde a implementa\u00e7\u00e3o do programa &#8220;Olhar da Gente&#8221;, j\u00e1 foram realizadas mais de 10 mil cirurgias, o que demonstra seu impacto positivo na sa\u00fade ocular da popula\u00e7\u00e3o. A realiza\u00e7\u00e3o dessas cirurgias no Hospital da Cidade melhora a qualidade de vida dos pacientes, permitindo uma recupera\u00e7\u00e3o mais r\u00e1pida e eficaz.<\/p>\n<p><img decoding=\"async\" src=\"https:\/\/www.encontramaceio.com.br\/sobre\/wp-content\/uploads\/2026\/08\/clima-bom-recebe-atendimentos-do-olhar-e-saude-da-gente.webp\" alt=\"Clima Bom recebe atendimentos do Olhar e Sa\u00fade da Gente\" loading=\"lazy\" \/><\/p>\n<h2>Controle da Sa\u00fade com Aferi\u00e7\u00e3o de Press\u00e3o<\/h2>\n<p>A aferi\u00e7\u00e3o da press\u00e3o arterial \u00e9 um servi\u00e7o b\u00e1sico, mas fundamental, que ajuda a monitorar a sa\u00fade cardiovascular dos moradores. Durante os mutir\u00f5es, os profissionais de sa\u00fade realizam esse exame, que \u00e9 simples, mas de extrema import\u00e2ncia, j\u00e1 que a hipertens\u00e3o arterial \u00e9 um dos principais fatores de risco para doen\u00e7as graves como AVC e infarto.<\/p>\n<h2>Vacina\u00e7\u00e3o: Prot\u00e9jase e Proteja sua Comunidade<\/h2>\n<p>A vacina\u00e7\u00e3o \u00e9 uma das ferramentas mais poderosas na preven\u00e7\u00e3o de doen\u00e7as. Durante as campanhas, vacinas s\u00e3o oferecidas \u00e0 popula\u00e7\u00e3o, protegendo n\u00e3o apenas os indiv\u00edduos vacinados, mas tamb\u00e9m a comunidade como um todo. A imuniza\u00e7\u00e3o ajuda a manter a sa\u00fade p\u00fablica em n\u00edveis adequados, controlando surtos e epidemias de doen\u00e7as.<\/p>\n<h2>A\u00e7\u00f5es de Sa\u00fade que Transformam Vidas<\/h2>\n<p>As a\u00e7\u00f5es promovidas pela SMS, como os mutir\u00f5es de sa\u00fade, s\u00e3o transformadoras para a comunidade. Elas n\u00e3o apenas elevam a qualidade de vida dos participantes, mas tamb\u00e9m sensibilizam a popula\u00e7\u00e3o sobre a import\u00e2ncia da sa\u00fade preventiva e do autocuidado. \u00c9 um passo significativo rumo \u00e0 conscientiza\u00e7\u00e3o e participa\u00e7\u00e3o ativa dos cidad\u00e3os na busca por uma vida mais saud\u00e1vel.<\/p>\n<h2>Impacto do Programa Olhar da Gente<\/h2>\n<p>Os resultados do programa &#8220;Olhar da Gente&#8221; s\u00e3o evidentes, com mais de 13 mil triagens oftalmol\u00f3gicas realizadas. Esses n\u00fameros revelam um esfor\u00e7o constante para atender \u00e0s necessidades da popula\u00e7\u00e3o, proporcionando acesso a servi\u00e7os oftalmol\u00f3gicos essenciais e melhorando significativamente a sa\u00fade visual em Macei\u00f3.<\/p>\n<h2>O Papel da Secretaria Municipal de Sa\u00fade<\/h2>\n<p>A Secretaria Municipal de Sa\u00fade \u00e9 respons\u00e1vel por coordenar e implementar iniciativas que promovam a sa\u00fade e bem-estar da popula\u00e7\u00e3o de Macei\u00f3. Com um trabalho focado na aten\u00e7\u00e3o prim\u00e1ria, a SMS busca aproximar os servi\u00e7os de sa\u00fade da comunidade, facilitando o acesso e melhorando a resolutividade dos atendimentos.<\/p>\n<h2>Como Participar das A\u00e7\u00f5es de Sa\u00fade<\/h2>\n<p>Para participar das a\u00e7\u00f5es promovidas pela SMS, os interessados devem ficar atentos \u00e0s datas dos mutir\u00f5es e outras campanhas de sa\u00fade divulgadas em canais oficiais, como redes sociais e sites da prefeitura. A mobiliza\u00e7\u00e3o e engajamento da comunidade s\u00e3o fundamentais para o sucesso dessas iniciativas.<\/p>\n<h2>A Sa\u00fade da Gente: O Futuro da Aten\u00e7\u00e3o \u00e0 Sa\u00fade<\/h2>\n<p>A sustentabilidade das a\u00e7\u00f5es de sa\u00fade em Macei\u00f3 depende do envolvimento cont\u00ednuo da popula\u00e7\u00e3o e da administra\u00e7\u00e3o p\u00fablica. Com programas voltados para a preven\u00e7\u00e3o e acesso a cuidados b\u00e1sicos, o futuro da sa\u00fade na cidade pode ser promissor, uma vez que todos se unam em busca de uma vida mais saud\u00e1vel.<\/p>\n\n<div style=\"font-size: 0px; height: 0px; line-height: 0px; margin: 0; padding: 0; clear: both;\"><\/div>","protected":false},"excerpt":{"rendered":"<p>Clima Bom recebe servi\u00e7os importantes do programa Sa\u00fade da Gente.<\/p>\n","protected":false},"author":1,"featured_media":4456,"comment_status":"closed","ping_status":"closed","sticky":false,"template":"","format":"standard","meta":{"footnotes":""},"categories":[20],"tags":[],"class_list":["post-4457","post","type-post","status-publish","format-standard","has-post-thumbnail","hentry","category-saude-em-maceio","has_thumb"],"aioseo_notices":[],"aioseo_head":"\n\t\t<!-- All in One SEO 5.0.0.1 - aioseo.com -->\n\t<meta name=\"description\" content=\"Clima Bom recebe servi\u00e7os importantes do programa Sa\u00fade da Gente.\" \/>\n\t<meta name=\"robots\" content=\"max-image-preview:large\" \/>\n\t<meta name=\"author\" content=\"Encontra Macei\u00f3\"\/>\n\t<link rel=\"canonical\" href=\"https:\/\/www.encontramaceio.com.br\/sobre\/clima-bom-recebe-atendimentos-do-olhar-e-saude-da-gente\/\" \/>\n\t<meta name=\"generator\" content=\"All in One SEO (AIOSEO) 5.0.0.1\" \/>\n\t\t<meta property=\"og:locale\" content=\"pt_BR\" \/>\n\t\t<meta property=\"og:site_name\" content=\"Encontra Macei\u00f3 | Not\u00edcias, eventos, informa\u00e7\u00f5es e dicas na cidade Macei\u00f3 e regi\u00e3o.\" \/>\n\t\t<meta property=\"og:type\" content=\"article\" \/>\n\t\t<meta property=\"og:title\" content=\"Clima Bom recebe atendimentos do Olhar e Sa\u00fade da Gente | Encontra Macei\u00f3\" \/>\n\t\t<meta property=\"og:description\" content=\"Clima Bom recebe servi\u00e7os importantes do programa Sa\u00fade da Gente.\" \/>\n\t\t<meta property=\"og:url\" content=\"https:\/\/www.encontramaceio.com.br\/sobre\/clima-bom-recebe-atendimentos-do-olhar-e-saude-da-gente\/\" \/>\n\t\t<meta property=\"article:published_time\" content=\"2026-08-20T05:01:53+00:00\" \/>\n\t\t<meta property=\"article:modified_time\" content=\"2026-08-20T05:01:53+00:00\" \/>\n\t\t<meta name=\"twitter:card\" content=\"summary\" \/>\n\t\t<meta name=\"twitter:title\" content=\"Clima Bom recebe atendimentos do Olhar e Sa\u00fade da Gente | Encontra Macei\u00f3\" \/>\n\t\t<meta name=\"twitter:description\" content=\"Clima Bom recebe servi\u00e7os importantes do programa Sa\u00fade da Gente.\" \/>\n\t\t<script type=\"application\/ld+json\" class=\"aioseo-schema\">\n\t\t\t{\"@context\":\"https:\\\/\\\/schema.org\",\"@graph\":[{\"@type\":\"Article\",\"@id\":\"https:\\\/\\\/www.encontramaceio.com.br\\\/sobre\\\/clima-bom-recebe-atendimentos-do-olhar-e-saude-da-gente\\\/#article\",\"name\":\"Clima Bom recebe atendimentos do Olhar e Sa\\u00fade da Gente | Encontra Macei\\u00f3\",\"headline\":\"Clima Bom recebe atendimentos do Olhar e Sa\\u00fade da Gente\",\"author\":{\"@id\":\"https:\\\/\\\/www.encontramaceio.com.br\\\/sobre\\\/author\\\/emaceio\\\/#author\"},\"publisher\":{\"@id\":\"https:\\\/\\\/www.encontramaceio.com.br\\\/sobre\\\/#organization\"},\"image\":{\"@type\":\"ImageObject\",\"url\":\"https:\\\/\\\/www.encontramaceio.com.br\\\/sobre\\\/wp-content\\\/uploads\\\/2026\\\/08\\\/clima-bom-recebe-atendimentos-do-olhar-e-saude-da-gente.webp\",\"width\":280,\"height\":280,\"caption\":\"Clima Bom recebe atendimentos do Olhar e Sa\\u00fade da Gente\"},\"datePublished\":\"2026-08-20T02:01:53-03:00\",\"dateModified\":\"2026-08-20T02:01:53-03:00\",\"inLanguage\":\"pt-BR\",\"mainEntityOfPage\":{\"@id\":\"https:\\\/\\\/www.encontramaceio.com.br\\\/sobre\\\/clima-bom-recebe-atendimentos-do-olhar-e-saude-da-gente\\\/#webpage\"},\"isPartOf\":{\"@id\":\"https:\\\/\\\/www.encontramaceio.com.br\\\/sobre\\\/clima-bom-recebe-atendimentos-do-olhar-e-saude-da-gente\\\/#webpage\"},\"articleSection\":\"Sa\\u00fade Macei\\u00f3\"},{\"@type\":\"BreadcrumbList\",\"@id\":\"https:\\\/\\\/www.encontramaceio.com.br\\\/sobre\\\/clima-bom-recebe-atendimentos-do-olhar-e-saude-da-gente\\\/#breadcrumblist\",\"itemListElement\":[{\"@type\":\"ListItem\",\"@id\":\"https:\\\/\\\/www.encontramaceio.com.br\\\/sobre#listItem\",\"position\":1,\"name\":\"In\\u00edcio\",\"item\":\"https:\\\/\\\/www.encontramaceio.com.br\\\/sobre\",\"nextItem\":{\"@type\":\"ListItem\",\"@id\":\"https:\\\/\\\/www.encontramaceio.com.br\\\/sobre\\\/saude-em-maceio\\\/#listItem\",\"name\":\"Sa\\u00fade Macei\\u00f3\"}},{\"@type\":\"ListItem\",\"@id\":\"https:\\\/\\\/www.encontramaceio.com.br\\\/sobre\\\/saude-em-maceio\\\/#listItem\",\"position\":2,\"name\":\"Sa\\u00fade Macei\\u00f3\",\"item\":\"https:\\\/\\\/www.encontramaceio.com.br\\\/sobre\\\/saude-em-maceio\\\/\",\"nextItem\":{\"@type\":\"ListItem\",\"@id\":\"https:\\\/\\\/www.encontramaceio.com.br\\\/sobre\\\/clima-bom-recebe-atendimentos-do-olhar-e-saude-da-gente\\\/#listItem\",\"name\":\"Clima Bom recebe atendimentos do Olhar e Sa\\u00fade da Gente\"},\"previousItem\":{\"@type\":\"ListItem\",\"@id\":\"https:\\\/\\\/www.encontramaceio.com.br\\\/sobre#listItem\",\"name\":\"In\\u00edcio\"}},{\"@type\":\"ListItem\",\"@id\":\"https:\\\/\\\/www.encontramaceio.com.br\\\/sobre\\\/clima-bom-recebe-atendimentos-do-olhar-e-saude-da-gente\\\/#listItem\",\"position\":3,\"name\":\"Clima Bom recebe atendimentos do Olhar e Sa\\u00fade da Gente\",\"previousItem\":{\"@type\":\"ListItem\",\"@id\":\"https:\\\/\\\/www.encontramaceio.com.br\\\/sobre\\\/saude-em-maceio\\\/#listItem\",\"name\":\"Sa\\u00fade Macei\\u00f3\"}}]},{\"@type\":\"Organization\",\"@id\":\"https:\\\/\\\/www.encontramaceio.com.br\\\/sobre\\\/#organization\",\"name\":\"Encontra Macei\\u00f3\",\"description\":\"Not\\u00edcias, eventos, informa\\u00e7\\u00f5es e dicas na cidade Macei\\u00f3 e regi\\u00e3o.\",\"url\":\"https:\\\/\\\/www.encontramaceio.com.br\\\/sobre\\\/\"},{\"@type\":\"Person\",\"@id\":\"https:\\\/\\\/www.encontramaceio.com.br\\\/sobre\\\/author\\\/emaceio\\\/#author\",\"url\":\"https:\\\/\\\/www.encontramaceio.com.br\\\/sobre\\\/author\\\/emaceio\\\/\",\"name\":\"Encontra Macei\\u00f3\",\"image\":{\"@type\":\"ImageObject\",\"@id\":\"https:\\\/\\\/www.encontramaceio.com.br\\\/sobre\\\/clima-bom-recebe-atendimentos-do-olhar-e-saude-da-gente\\\/#authorImage\",\"url\":\"https:\\\/\\\/secure.gravatar.com\\\/avatar\\\/507340682b8270222e1f208e23198b6ae7e2c6a1033ae84e99bc6bce4f82a387?s=96&d=mm&r=g\",\"width\":96,\"height\":96,\"caption\":\"Encontra Macei\\u00f3\"}},{\"@type\":\"WebPage\",\"@id\":\"https:\\\/\\\/www.encontramaceio.com.br\\\/sobre\\\/clima-bom-recebe-atendimentos-do-olhar-e-saude-da-gente\\\/#webpage\",\"url\":\"https:\\\/\\\/www.encontramaceio.com.br\\\/sobre\\\/clima-bom-recebe-atendimentos-do-olhar-e-saude-da-gente\\\/\",\"name\":\"Clima Bom recebe atendimentos do Olhar e Sa\\u00fade da Gente | Encontra Macei\\u00f3\",\"description\":\"Clima Bom recebe servi\\u00e7os importantes do programa Sa\\u00fade da Gente.\",\"inLanguage\":\"pt-BR\",\"isPartOf\":{\"@id\":\"https:\\\/\\\/www.encontramaceio.com.br\\\/sobre\\\/#website\"},\"breadcrumb\":{\"@id\":\"https:\\\/\\\/www.encontramaceio.com.br\\\/sobre\\\/clima-bom-recebe-atendimentos-do-olhar-e-saude-da-gente\\\/#breadcrumblist\"},\"author\":{\"@id\":\"https:\\\/\\\/www.encontramaceio.com.br\\\/sobre\\\/author\\\/emaceio\\\/#author\"},\"creator\":{\"@id\":\"https:\\\/\\\/www.encontramaceio.com.br\\\/sobre\\\/author\\\/emaceio\\\/#author\"},\"image\":{\"@type\":\"ImageObject\",\"url\":\"https:\\\/\\\/www.encontramaceio.com.br\\\/sobre\\\/wp-content\\\/uploads\\\/2026\\\/08\\\/clima-bom-recebe-atendimentos-do-olhar-e-saude-da-gente.webp\",\"@id\":\"https:\\\/\\\/www.encontramaceio.com.br\\\/sobre\\\/clima-bom-recebe-atendimentos-do-olhar-e-saude-da-gente\\\/#mainImage\",\"width\":280,\"height\":280,\"caption\":\"Clima Bom recebe atendimentos do Olhar e Sa\\u00fade da Gente\"},\"primaryImageOfPage\":{\"@id\":\"https:\\\/\\\/www.encontramaceio.com.br\\\/sobre\\\/clima-bom-recebe-atendimentos-do-olhar-e-saude-da-gente\\\/#mainImage\"},\"datePublished\":\"2026-08-20T02:01:53-03:00\",\"dateModified\":\"2026-08-20T02:01:53-03:00\"},{\"@type\":\"WebSite\",\"@id\":\"https:\\\/\\\/www.encontramaceio.com.br\\\/sobre\\\/#website\",\"url\":\"https:\\\/\\\/www.encontramaceio.com.br\\\/sobre\\\/\",\"name\":\"Encontra Macei\\u00f3\",\"description\":\"Not\\u00edcias, eventos, informa\\u00e7\\u00f5es e dicas na cidade Macei\\u00f3 e regi\\u00e3o.\",\"inLanguage\":\"pt-BR\",\"publisher\":{\"@id\":\"https:\\\/\\\/www.encontramaceio.com.br\\\/sobre\\\/#organization\"}}]}\n\t\t<\/script>\n\t\t<!-- All in One SEO -->\n\n","aioseo_head_json":{"title":"Clima Bom recebe atendimentos do Olhar e Sa\u00fade da Gente | Encontra Macei\u00f3","description":"Clima Bom recebe servi\u00e7os importantes do programa Sa\u00fade da Gente.","canonical_url":"https:\/\/www.encontramaceio.com.br\/sobre\/clima-bom-recebe-atendimentos-do-olhar-e-saude-da-gente\/","robots":"max-image-preview:large","keywords":"","webmasterTools":{"miscellaneous":""},"schema":{"@context":"https:\/\/schema.org","@graph":[{"@type":"Article","@id":"https:\/\/www.encontramaceio.com.br\/sobre\/clima-bom-recebe-atendimentos-do-olhar-e-saude-da-gente\/#article","name":"Clima Bom recebe atendimentos do Olhar e Sa\u00fade da Gente | Encontra Macei\u00f3","headline":"Clima Bom recebe atendimentos do Olhar e Sa\u00fade da Gente","author":{"@id":"https:\/\/www.encontramaceio.com.br\/sobre\/author\/emaceio\/#author"},"publisher":{"@id":"https:\/\/www.encontramaceio.com.br\/sobre\/#organization"},"image":{"@type":"ImageObject","url":"https:\/\/www.encontramaceio.com.br\/sobre\/wp-content\/uploads\/2026\/08\/clima-bom-recebe-atendimentos-do-olhar-e-saude-da-gente.webp","width":280,"height":280,"caption":"Clima Bom recebe atendimentos do Olhar e Sa\u00fade da Gente"},"datePublished":"2026-08-20T02:01:53-03:00","dateModified":"2026-08-20T02:01:53-03:00","inLanguage":"pt-BR","mainEntityOfPage":{"@id":"https:\/\/www.encontramaceio.com.br\/sobre\/clima-bom-recebe-atendimentos-do-olhar-e-saude-da-gente\/#webpage"},"isPartOf":{"@id":"https:\/\/www.encontramaceio.com.br\/sobre\/clima-bom-recebe-atendimentos-do-olhar-e-saude-da-gente\/#webpage"},"articleSection":"Sa\u00fade Macei\u00f3"},{"@type":"BreadcrumbList","@id":"https:\/\/www.encontramaceio.com.br\/sobre\/clima-bom-recebe-atendimentos-do-olhar-e-saude-da-gente\/#breadcrumblist","itemListElement":[{"@type":"ListItem","@id":"https:\/\/www.encontramaceio.com.br\/sobre#listItem","position":1,"name":"In\u00edcio","item":"https:\/\/www.encontramaceio.com.br\/sobre","nextItem":{"@type":"ListItem","@id":"https:\/\/www.encontramaceio.com.br\/sobre\/saude-em-maceio\/#listItem","name":"Sa\u00fade Macei\u00f3"}},{"@type":"ListItem","@id":"https:\/\/www.encontramaceio.com.br\/sobre\/saude-em-maceio\/#listItem","position":2,"name":"Sa\u00fade Macei\u00f3","item":"https:\/\/www.encontramaceio.com.br\/sobre\/saude-em-maceio\/","nextItem":{"@type":"ListItem","@id":"https:\/\/www.encontramaceio.com.br\/sobre\/clima-bom-recebe-atendimentos-do-olhar-e-saude-da-gente\/#listItem","name":"Clima Bom recebe atendimentos do Olhar e Sa\u00fade da Gente"},"previousItem":{"@type":"ListItem","@id":"https:\/\/www.encontramaceio.com.br\/sobre#listItem","name":"In\u00edcio"}},{"@type":"ListItem","@id":"https:\/\/www.encontramaceio.com.br\/sobre\/clima-bom-recebe-atendimentos-do-olhar-e-saude-da-gente\/#listItem","position":3,"name":"Clima Bom recebe atendimentos do Olhar e Sa\u00fade da Gente","previousItem":{"@type":"ListItem","@id":"https:\/\/www.encontramaceio.com.br\/sobre\/saude-em-maceio\/#listItem","name":"Sa\u00fade Macei\u00f3"}}]},{"@type":"Organization","@id":"https:\/\/www.encontramaceio.com.br\/sobre\/#organization","name":"Encontra Macei\u00f3","description":"Not\u00edcias, eventos, informa\u00e7\u00f5es e dicas na cidade Macei\u00f3 e regi\u00e3o.","url":"https:\/\/www.encontramaceio.com.br\/sobre\/"},{"@type":"Person","@id":"https:\/\/www.encontramaceio.com.br\/sobre\/author\/emaceio\/#author","url":"https:\/\/www.encontramaceio.com.br\/sobre\/author\/emaceio\/","name":"Encontra Macei\u00f3","image":{"@type":"ImageObject","@id":"https:\/\/www.encontramaceio.com.br\/sobre\/clima-bom-recebe-atendimentos-do-olhar-e-saude-da-gente\/#authorImage","url":"https:\/\/secure.gravatar.com\/avatar\/507340682b8270222e1f208e23198b6ae7e2c6a1033ae84e99bc6bce4f82a387?s=96&d=mm&r=g","width":96,"height":96,"caption":"Encontra Macei\u00f3"}},{"@type":"WebPage","@id":"https:\/\/www.encontramaceio.com.br\/sobre\/clima-bom-recebe-atendimentos-do-olhar-e-saude-da-gente\/#webpage","url":"https:\/\/www.encontramaceio.com.br\/sobre\/clima-bom-recebe-atendimentos-do-olhar-e-saude-da-gente\/","name":"Clima Bom recebe atendimentos do Olhar e Sa\u00fade da Gente | Encontra Macei\u00f3","description":"Clima Bom recebe servi\u00e7os importantes do programa Sa\u00fade da Gente.","inLanguage":"pt-BR","isPartOf":{"@id":"https:\/\/www.encontramaceio.com.br\/sobre\/#website"},"breadcrumb":{"@id":"https:\/\/www.encontramaceio.com.br\/sobre\/clima-bom-recebe-atendimentos-do-olhar-e-saude-da-gente\/#breadcrumblist"},"author":{"@id":"https:\/\/www.encontramaceio.com.br\/sobre\/author\/emaceio\/#author"},"creator":{"@id":"https:\/\/www.encontramaceio.com.br\/sobre\/author\/emaceio\/#author"},"image":{"@type":"ImageObject","url":"https:\/\/www.encontramaceio.com.br\/sobre\/wp-content\/uploads\/2026\/08\/clima-bom-recebe-atendimentos-do-olhar-e-saude-da-gente.webp","@id":"https:\/\/www.encontramaceio.com.br\/sobre\/clima-bom-recebe-atendimentos-do-olhar-e-saude-da-gente\/#mainImage","width":280,"height":280,"caption":"Clima Bom recebe atendimentos do Olhar e Sa\u00fade da Gente"},"primaryImageOfPage":{"@id":"https:\/\/www.encontramaceio.com.br\/sobre\/clima-bom-recebe-atendimentos-do-olhar-e-saude-da-gente\/#mainImage"},"datePublished":"2026-08-20T02:01:53-03:00","dateModified":"2026-08-20T02:01:53-03:00"},{"@type":"WebSite","@id":"https:\/\/www.encontramaceio.com.br\/sobre\/#website","url":"https:\/\/www.encontramaceio.com.br\/sobre\/","name":"Encontra Macei\u00f3","description":"Not\u00edcias, eventos, informa\u00e7\u00f5es e dicas na cidade Macei\u00f3 e regi\u00e3o.","inLanguage":"pt-BR","publisher":{"@id":"https:\/\/www.encontramaceio.com.br\/sobre\/#organization"}}]},"og:locale":"pt_BR","og:site_name":"Encontra Macei\u00f3 | Not\u00edcias, eventos, informa\u00e7\u00f5es e dicas na cidade Macei\u00f3 e regi\u00e3o.","og:type":"article","og:title":"Clima Bom recebe atendimentos do Olhar e Sa\u00fade da Gente | Encontra Macei\u00f3","og:description":"Clima Bom recebe servi\u00e7os importantes do programa Sa\u00fade da Gente.","og:url":"https:\/\/www.encontramaceio.com.br\/sobre\/clima-bom-recebe-atendimentos-do-olhar-e-saude-da-gente\/","article:published_time":"2026-08-20T05:01:53+00:00","article:modified_time":"2026-08-20T05:01:53+00:00","twitter:card":"summary","twitter:title":"Clima Bom recebe atendimentos do Olhar e Sa\u00fade da Gente | Encontra Macei\u00f3","twitter:description":"Clima Bom recebe servi\u00e7os importantes do programa Sa\u00fade da Gente."},"aioseo_meta_data":{"post_id":"4457","title":null,"description":null,"keywords":null,"keyphrases":null,"primary_term":null,"canonical_url":null,"og_title":null,"og_description":null,"og_object_type":"default","og_image_type":"default","og_image_url":null,"og_image_width":null,"og_image_height":null,"og_image_custom_url":null,"og_image_custom_fields":null,"og_video":null,"og_custom_url":null,"og_article_section":null,"og_article_tags":null,"twitter_use_og":false,"twitter_card":"default","twitter_image_type":"default","twitter_image_url":null,"twitter_image_custom_url":null,"twitter_image_custom_fields":null,"twitter_title":null,"twitter_description":null,"schema":{"blockGraphs":[],"customGraphs":[],"default":{"data":{"Article":[],"Course":[],"Dataset":[],"FAQPage":[],"Movie":[],"Person":[],"Product":[],"ProductReview":[],"Car":[],"Recipe":[],"Service":[],"SoftwareApplication":[],"WebPage":[]},"graphName":"Article","isEnabled":true},"graphs":[]},"schema_type":"default","schema_type_options":null,"pillar_content":false,"robots_default":true,"robots_noindex":false,"robots_noarchive":false,"robots_nosnippet":false,"robots_nofollow":false,"robots_noimageindex":false,"robots_noodp":false,"robots_notranslate":false,"robots_max_snippet":null,"robots_max_videopreview":null,"robots_max_imagepreview":"large","priority":null,"frequency":null,"local_seo":null,"limit_modified_date":false,"created":"2026-08-20 05:01:53","updated":"2026-08-20 05:01:53","focus_keyword":null,"additional_keywords":null,"truseo_locale":null,"ai":null,"breadcrumb_settings":null,"seo_analyzer_scan_date":null},"aioseo_breadcrumb":"<div class=\"aioseo-breadcrumbs\"><span class=\"aioseo-breadcrumb\">\n\t\t\t<a href=\"https:\/\/www.encontramaceio.com.br\/sobre\" title=\"In\u00edcio\">In\u00edcio<\/a>\n\t\t<\/span><span class=\"aioseo-breadcrumb-separator\">&raquo;<\/span><span class=\"aioseo-breadcrumb\">\n\t\t\t<a href=\"https:\/\/www.encontramaceio.com.br\/sobre\/saude-em-maceio\/\" title=\"Sa\u00fade Macei\u00f3\">Sa\u00fade Macei\u00f3<\/a>\n\t\t<\/span><span class=\"aioseo-breadcrumb-separator\">&raquo;<\/span><span class=\"aioseo-breadcrumb\">\n\t\t\tClima Bom recebe atendimentos do Olhar e Sa\u00fade da Gente\n\t\t<\/span><\/div>","aioseo_breadcrumb_json":[{"label":"In\u00edcio","link":"https:\/\/www.encontramaceio.com.br\/sobre"},{"label":"Sa\u00fade Macei\u00f3","link":"https:\/\/www.encontramaceio.com.br\/sobre\/saude-em-maceio\/"},{"label":"Clima Bom recebe atendimentos do Olhar e Sa\u00fade da Gente","link":"https:\/\/www.encontramaceio.com.br\/sobre\/clima-bom-recebe-atendimentos-do-olhar-e-saude-da-gente\/"}],"_links":{"self":[{"href":"https:\/\/www.encontramaceio.com.br\/sobre\/wp-json\/wp\/v2\/posts\/4457","targetHints":{"allow":["GET"]}}],"collection":[{"href":"https:\/\/www.encontramaceio.com.br\/sobre\/wp-json\/wp\/v2\/posts"}],"about":[{"href":"https:\/\/www.encontramaceio.com.br\/sobre\/wp-json\/wp\/v2\/types\/post"}],"author":[{"embeddable":true,"href":"https:\/\/www.encontramaceio.com.br\/sobre\/wp-json\/wp\/v2\/users\/1"}],"replies":[{"embeddable":true,"href":"https:\/\/www.encontramaceio.com.br\/sobre\/wp-json\/wp\/v2\/comments?post=4457"}],"version-history":[{"count":0,"href":"https:\/\/www.encontramaceio.com.br\/sobre\/wp-json\/wp\/v2\/posts\/4457\/revisions"}],"wp:featuredmedia":[{"embeddable":true,"href":"https:\/\/www.encontramaceio.com.br\/sobre\/wp-json\/wp\/v2\/media\/4456"}],"wp:attachment":[{"href":"https:\/\/www.encontramaceio.com.br\/sobre\/wp-json\/wp\/v2\/media?parent=4457"}],"wp:term":[{"taxonomy":"category","embeddable":true,"href":"https:\/\/www.encontramaceio.com.br\/sobre\/wp-json\/wp\/v2\/categories?post=4457"},{"taxonomy":"post_tag","embeddable":true,"href":"https:\/\/www.encontramaceio.com.br\/sobre\/wp-json\/wp\/v2\/tags?post=4457"}],"curies":[{"name":"wp","href":"https:\/\/api.w.org\/{rel}","templated":true}]}}