{"id":43,"date":"2013-02-01T00:01:43","date_gmt":"2013-02-01T02:01:43","guid":{"rendered":"http:\/\/www.encontramaceio.com.br\/noticias\/?p=43"},"modified":"2019-04-15T10:50:50","modified_gmt":"2019-04-15T13:50:50","slug":"parceria-entre-adefal-e-transpal-beneficiara-usuarios-com-o-cadastramento-biometrico-em-maceio","status":"publish","type":"post","link":"https:\/\/www.encontramaceio.com.br\/sobre\/parceria-entre-adefal-e-transpal-beneficiara-usuarios-com-o-cadastramento-biometrico-em-maceio\/","title":{"rendered":"Parceria entre Adefal e Transpal beneficiar\u00e1 usu\u00e1rios com o cadastramento biom\u00e9trico em Macei\u00f3"},"content":{"rendered":"<div class=\"dcb782f0616bca5484400fea6b37e93d\" data-index=\"1\" style=\"float: none; margin:0px;\">\n<script async src=\"https:\/\/pagead2.googlesyndication.com\/pagead\/js\/adsbygoogle.js?client=ca-pub-8585364105181520\"\r\n     crossorigin=\"anonymous\"><\/script>\r\n<!-- Anuncio display - global -->\r\n<ins class=\"adsbygoogle\"\r\n     style=\"display:block\"\r\n     data-ad-client=\"ca-pub-8585364105181520\"\r\n     data-ad-slot=\"8789329856\"\r\n     data-ad-format=\"auto\"\r\n     data-full-width-responsive=\"true\"><\/ins>\r\n<script>\r\n     (adsbygoogle = window.adsbygoogle || []).push({});\r\n<\/script>\n<\/div>\n<p>Uma parceria entre a Associa\u00e7\u00e3o dos Deficientes F\u00edsicos de Alagoas \u2013 Adefal e a TRANSPAL ir\u00e1 beneficiar os usu\u00e1rios da Institui\u00e7\u00e3o. A partir do pr\u00f3ximo dia 06 a TRANPAL implantar\u00e1 na Adefal, na cidade de Macei\u00f3, um posto itinerante para o cadastramento biom\u00e9trico dos usu\u00e1rios que possuem o Cart\u00e3o Bem Legal, ou seja, as conhecidas carteiras municipais de passageiro especial.<\/p>\n<p>O cadastramento no <a title=\"Postos de Sa\u00fade em Macei\u00f3\" href=\"http:\/\/www.encontramaceio.com.br\/h\/hospitais-publicos-e-postos-de-saude-em-maceio.shtml\" target=\"_blank\">posto<\/a> itinerante da TRANSPAL na Adefal \u00e9 exclusivo para os s\u00f3cios e usu\u00e1rios da Institui\u00e7\u00e3o. Os atendimentos acontecer\u00e3o no per\u00edodo de 06\/02 a 08\/03, apenas nas quartas, quintas e sextas-feiras, das 8h \u00e0s 11h e das 14h \u00e0s 17h.<\/p>\n<p>Diariamente ser\u00e3o distribu\u00eddas 100 senhas, sendo 50 no per\u00edodo da manh\u00e3 e 50 no per\u00edodo da tarde, para ser atendido \u00e9 preciso que os usu\u00e1rios apresentem o cart\u00e3o da Adefal e o Cart\u00e3o Bem Legal.<\/p>\n<p>Ao falar da parceria o presidente da Adefal, Luiz Carlos Santana elogiou a iniciativa da TRANSPAL e destacou que com o atendimento itinerante, que tamb\u00e9m acontecer\u00e1 em outras institui\u00e7\u00f5es, os usu\u00e1rios ter\u00e3o uma maior comodidade no processo de cadastramento. \u201cAcredito que esta a\u00e7\u00e3o trar\u00e1 grandes ganhos aos nossos s\u00f3cios e pacientes, pois os mesmos n\u00e3o precisar\u00e3o recorrer ao posto da TRANPAL, evitando com isso os transtornos das grandes filas de espera\u201d, finalizou Luiz Carlos.<\/p>\n<p><strong>CALEND\u00c1RIO DE ATENDIMENTO<\/strong><\/p>\n<p>M\u00eas de Fevereiro: 06\/02; 07\/02; 14\/02; 15\/02; 20\/02; 21\/02; 22\/02; 27\/02 e 28\/02.<\/p>\n<p>M\u00eas de Mar\u00e7o: 01\/03; 06\/03; 07\/03 e 08\/03<\/p>\n<p><em>Fonte: Alagoas 24 Horas<\/em><\/p>\n\n<div style=\"font-size: 0px; height: 0px; line-height: 0px; margin: 0; padding: 0; clear: both;\"><\/div>","protected":false},"excerpt":{"rendered":"<p>Uma parceria entre a Associa\u00e7\u00e3o dos Deficientes F\u00edsicos de Alagoas \u2013 Adefal e a TRANSPAL ir\u00e1 beneficiar os usu\u00e1rios da Institui\u00e7\u00e3o. A partir do pr\u00f3ximo dia 06 a TRANPAL implantar\u00e1 na Adefal, na cidade de Macei\u00f3, um posto itinerante para o cadastramento biom\u00e9trico dos usu\u00e1rios que possuem o Cart\u00e3o Bem Legal, ou seja, as conhecidas carteiras municipais de passageiro especial. O cadastramento no posto itinerante da TRANSPAL na Adefal \u00e9 exclusivo para os s\u00f3cios e usu\u00e1rios da Institui\u00e7\u00e3o. Os atendimentos acontecer\u00e3o no per\u00edodo de 06\/02 a 08\/03, apenas nas quartas, quintas e sextas-feiras, das 8h \u00e0s 11h e das 14h <\/p>\n","protected":false},"author":1,"featured_media":0,"comment_status":"open","ping_status":"closed","sticky":false,"template":"","format":"standard","meta":{"footnotes":""},"categories":[1,7],"tags":[10],"class_list":["post-43","post","type-post","status-publish","format-standard","hentry","category-noticias-em-maceio","category-servicos-em-maceio","tag-maceio"],"aioseo_notices":[],"_links":{"self":[{"href":"https:\/\/www.encontramaceio.com.br\/sobre\/wp-json\/wp\/v2\/posts\/43","targetHints":{"allow":["GET"]}}],"collection":[{"href":"https:\/\/www.encontramaceio.com.br\/sobre\/wp-json\/wp\/v2\/posts"}],"about":[{"href":"https:\/\/www.encontramaceio.com.br\/sobre\/wp-json\/wp\/v2\/types\/post"}],"author":[{"embeddable":true,"href":"https:\/\/www.encontramaceio.com.br\/sobre\/wp-json\/wp\/v2\/users\/1"}],"replies":[{"embeddable":true,"href":"https:\/\/www.encontramaceio.com.br\/sobre\/wp-json\/wp\/v2\/comments?post=43"}],"version-history":[{"count":2,"href":"https:\/\/www.encontramaceio.com.br\/sobre\/wp-json\/wp\/v2\/posts\/43\/revisions"}],"predecessor-version":[{"id":46,"href":"https:\/\/www.encontramaceio.com.br\/sobre\/wp-json\/wp\/v2\/posts\/43\/revisions\/46"}],"wp:attachment":[{"href":"https:\/\/www.encontramaceio.com.br\/sobre\/wp-json\/wp\/v2\/media?parent=43"}],"wp:term":[{"taxonomy":"category","embeddable":true,"href":"https:\/\/www.encontramaceio.com.br\/sobre\/wp-json\/wp\/v2\/categories?post=43"},{"taxonomy":"post_tag","embeddable":true,"href":"https:\/\/www.encontramaceio.com.br\/sobre\/wp-json\/wp\/v2\/tags?post=43"}],"curies":[{"name":"wp","href":"https:\/\/api.w.org\/{rel}","templated":true}]}}