{"id":3777,"date":"2026-04-26T02:31:14","date_gmt":"2026-04-26T05:31:14","guid":{"rendered":"https:\/\/www.encontramaceio.com.br\/sobre\/procon-capacita-alunos-da-uninassau-e-reforca-educacao-para-o-consumo\/"},"modified":"2026-04-26T02:31:14","modified_gmt":"2026-04-26T05:31:14","slug":"procon-capacita-alunos-da-uninassau-e-reforca-educacao-para-o-consumo","status":"publish","type":"post","link":"https:\/\/www.encontramaceio.com.br\/sobre\/procon-capacita-alunos-da-uninassau-e-reforca-educacao-para-o-consumo\/","title":{"rendered":"Procon capacita alunos da UNINASSAU e refor\u00e7a educa\u00e7\u00e3o para o consumo"},"content":{"rendered":"<div class=\"dcb782f0616bca5484400fea6b37e93d\" data-index=\"1\" style=\"float: none; margin:0px;\">\n<script async src=\"https:\/\/pagead2.googlesyndication.com\/pagead\/js\/adsbygoogle.js?client=ca-pub-8585364105181520\"\r\n     crossorigin=\"anonymous\"><\/script>\r\n<!-- Anuncio display - global -->\r\n<ins class=\"adsbygoogle\"\r\n     style=\"display:block\"\r\n     data-ad-client=\"ca-pub-8585364105181520\"\r\n     data-ad-slot=\"8789329856\"\r\n     data-ad-format=\"auto\"\r\n     data-full-width-responsive=\"true\"><\/ins>\r\n<script>\r\n     (adsbygoogle = window.adsbygoogle || []).push({});\r\n<\/script>\n<\/div>\n<h2>Objetivos da Capacita\u00e7\u00e3o do Procon<\/h2>\n<p>A capacita\u00e7\u00e3o promovida pelo Procon Macei\u00f3 para os estudantes do N\u00facleo de Pr\u00e1tica Jur\u00eddica (NPJ) da UNINASSAU tem como objetivo principal criar um elo entre o conhecimento te\u00f3rico e a aplica\u00e7\u00e3o pr\u00e1tica no campo do direito do consumidor. Atrav\u00e9s desse programa, o Procon visa informar e preparar os alunos para que possam atuar efetivamente na defesa dos direitos do consumidor, desenvolvendo habilidades que s\u00e3o fundamentais para sua forma\u00e7\u00e3o profissional.<\/p>\n<h2>Conte\u00fado Abordado na Capacita\u00e7\u00e3o<\/h2>\n<p>Durante a capacita\u00e7\u00e3o, os alunos receberam uma s\u00e9rie de orienta\u00e7\u00f5es pr\u00e1ticas que abrangem os principais procedimentos do Procon, incluindo:<\/p>\n<ul>\n<li><strong>Registro de Reclama\u00e7\u00f5es:<\/strong> Como formalizar queixas e a import\u00e2ncia de documentar situa\u00e7\u00f5es de descontentamento com produtos e servi\u00e7os.<\/li>\n<li><strong>Abertura de Processos Administrativos:<\/strong> Passo a passo para iniciar a\u00e7\u00f5es que visem \u00e0 resolu\u00e7\u00e3o de conflitos.<\/li>\n<li><strong>Media\u00e7\u00e3o de Conflitos:<\/strong> T\u00e9cnicas e metodologias para facilitar a resolu\u00e7\u00e3o amig\u00e1vel entre partes envolvidas.<\/li>\n<li><strong>Direitos B\u00e1sicos do Consumidor:<\/strong> Conhecimento sobre a legisla\u00e7\u00e3o vigente, incluindo o C\u00f3digo de Defesa do Consumidor.<\/li>\n<\/ul>\n<h2>Import\u00e2ncia do Consumo Consciente<\/h2>\n<p>Um dos pontos centrais da capacita\u00e7\u00e3o \u00e9 a educa\u00e7\u00e3o sobre consumo consciente. Os alunos aprenderam que, ao fazer escolhas mais informadas, podem n\u00e3o apenas garantir seus pr\u00f3prios direitos, mas tamb\u00e9m contribuir para o desenvolvimento de um mercado mais justo e sustent\u00e1vel. O consumo consciente envolve:<\/p>\n<p><img decoding=\"async\" src=\"https:\/\/www.encontramaceio.com.br\/sobre\/wp-content\/uploads\/2026\/04\/procon-capacita-alunos-da-uninassau-e-reforca-educacao-para-o-consumo.webp\" alt=\"educa\u00e7\u00e3o para o consumo\" loading=\"lazy\" \/><\/p>\n<ul>\n<li><strong>Avalia\u00e7\u00e3o de Necessidades:<\/strong> Refletir sobre a real necessidade de um produto ou servi\u00e7o antes da compra.<\/li>\n<li><strong>Pesquisa de Pre\u00e7os:<\/strong> Comparar diferentes fornecedores e op\u00e7\u00f5es dispon\u00edveis no mercado para obter o melhor custo-benef\u00edcio.<\/li>\n<li><strong>Valoriza\u00e7\u00e3o de Marcas \u00c9ticas:<\/strong> Preferir empresas que praticam a responsabilidade social e ambiental.<\/li>\n<\/ul>\n<h2>Direitos B\u00e1sicos do Consumidor<\/h2>\n<p>Durante a capacita\u00e7\u00e3o, foram enfatizados os direitos fundamentais do consumidor, que incluem:<\/p>\n<ul>\n<li><strong>Direito \u00e0 Informa\u00e7\u00e3o:<\/strong> O consumidor tem o direito de ser informado sobre as caracter\u00edsticas dos produtos e servi\u00e7os oferecidos.<\/li>\n<li><strong>Direito \u00e0 Prote\u00e7\u00e3o:<\/strong> Prote\u00e7\u00e3o contra pr\u00e1ticas abusivas e produtos que possam causar risco \u00e0 sa\u00fade.<\/li>\n<li><strong>Direito \u00e0 Escolha:<\/strong> Garantia de op\u00e7\u00f5es de compra e poder de escolha em um mercado competitivo.<\/li>\n<\/ul>\n<h2>Pr\u00e1ticas Abusivas e Como Evit\u00e1-las<\/h2>\n<p>Os alunos tamb\u00e9m aprenderam a identificar pr\u00e1ticas abusivas que podem ocorrer nas rela\u00e7\u00f5es de consumo. Exemplos incluem:<\/p>\n<ul>\n<li><strong>Publicidade Enganosa:<\/strong> Informa\u00e7\u00f5es falsas ou enganosas sobre um produto ou servi\u00e7o.<\/li>\n<li><strong>Cl\u00e1usulas Abusivas:<\/strong> Condi\u00e7\u00f5es contratuais que colocam o consumidor em desvantagem excessiva.<\/li>\n<li><strong>Press\u00e3o \u00e0 Compra:<\/strong> T\u00e9cnicas que tentam for\u00e7ar o consumidor a tomar decis\u00f5es r\u00e1pidas e impulsivas.<\/li>\n<\/ul>\n<p>Para evitar cair em armadilhas, o conhecimento \u00e9 fundamental. Os consumidores devem ler todas as informa\u00e7\u00f5es dispon\u00edveis e perguntar quando algo n\u00e3o estiver claro.<\/p>\n<h2>Superendividamento: O que Voc\u00ea Precisa Saber<\/h2>\n<p>Outro aspecto crucial abordado na capacita\u00e7\u00e3o \u00e9 o superendividamento. Os alunos foram informados sobre as causas e consequ\u00eancias dessa situa\u00e7\u00e3o:<\/p>\n<ul>\n<li><strong>Identifica\u00e7\u00e3o de Sinais:<\/strong> Reconhecer quando as d\u00edvidas come\u00e7am a se tornar incontrol\u00e1veis.<\/li>\n<li><strong>Planejamento Financeiro:<\/strong> Import\u00e2ncia de elaborar um or\u00e7amento e gerir o uso de cr\u00e9ditos de forma consciente.<\/li>\n<li><strong>Op\u00e7\u00f5es de Negocia\u00e7\u00e3o:<\/strong> Informa\u00e7\u00f5es sobre como buscar acordos com credores e solu\u00e7\u00f5es legais para a reorganiza\u00e7\u00e3o da vida financeira.<\/li>\n<\/ul>\n<h2>A Proximidade Entre Teoria e Pr\u00e1tica<\/h2>\n<p>Um dos principais focos da capacita\u00e7\u00e3o \u00e9 fazer essa transi\u00e7\u00e3o entre a teoria acad\u00eamica e a pr\u00e1tica do Procon. Os alunos tiveram a oportunidade de vivenciar situa\u00e7\u00f5es reais, entendendo como aplicar a legisla\u00e7\u00e3o e os direitos do consumidor no cotidiano. Esta aproxima\u00e7\u00e3o \u00e9 essencial para que eles estejam prontos a atuar no mercado de trabalho ap\u00f3s a conclus\u00e3o do curso.<\/p>\n<h2>Prepara\u00e7\u00e3o para o Atendimento ao P\u00fablico<\/h2>\n<p>A capacita\u00e7\u00e3o tamb\u00e9m incluiu atividades que preparam os alunos para o atendimento ao p\u00fablico. Isso envolve:<\/p>\n<ul>\n<li><strong>Desenvolvimento de Habilidades Interpessoais:<\/strong> Como lidar com clientes, ouvir suas necessidades e resolver conflitos de forma eficiente.<\/li>\n<li><strong>\u00c9tica e Responsabilidade:<\/strong> A import\u00e2ncia de tratar cada consumidor com respeito e dignidade, garantindo um atendimento de qualidade.<\/li>\n<\/ul>\n<h2>O Papel do Procon na Sociedade<\/h2>\n<p>O Procon Macei\u00f3 desempenha uma fun\u00e7\u00e3o vital na sociedade, atuando como mediador nas rela\u00e7\u00f5es de consumo e defensor dos direitos dos cidad\u00e3os. A capacita\u00e7\u00e3o busca fortalecer este papel, n\u00e3o apenas ajudando os alunos a entenderem como o \u00f3rg\u00e3o funciona, mas tamb\u00e9m como podem ser instrumentos de mudan\u00e7a e promo\u00e7\u00e3o de justi\u00e7a social atrav\u00e9s de sua futura atua\u00e7\u00e3o profissional.<\/p>\n<h2>Contato e Registro de Den\u00fancias<\/h2>\n<p>Por \u00faltimo, \u00e9 importante ressaltar os canais de comunica\u00e7\u00e3o dispon\u00edveis para o consumidor. O Procon Macei\u00f3 disponibiliza as seguintes formas de contato:<\/p>\n<ul>\n<li><strong>Telefone:<\/strong> 0800 082 4567<\/li>\n<li><strong>WhatsApp:<\/strong> (82) 98882-8326<\/li>\n<\/ul>\n<p>Esses canais s\u00e3o essenciais para que as pessoas possam registrar den\u00fancias ou buscar informa\u00e7\u00f5es sobre seus direitos. Assim, a capacita\u00e7\u00e3o realizada com os alunos da UNINASSAU n\u00e3o apenas educa futuros profissionais, mas tamb\u00e9m contribui para a forma\u00e7\u00e3o de cidad\u00e3os mais conscientes e preparados para exercer sua cidadania.<\/p>\n\n<div style=\"font-size: 0px; height: 0px; line-height: 0px; margin: 0; padding: 0; clear: both;\"><\/div>","protected":false},"excerpt":{"rendered":"<p>Procon capacita alunos da UNINASSAU, promovendo educa\u00e7\u00e3o para o consumo respons\u00e1vel.<\/p>\n","protected":false},"author":1,"featured_media":3776,"comment_status":"closed","ping_status":"closed","sticky":false,"template":"","format":"standard","meta":{"footnotes":""},"categories":[1],"tags":[],"class_list":["post-3777","post","type-post","status-publish","format-standard","has-post-thumbnail","hentry","category-noticias-em-maceio","has_thumb"],"aioseo_notices":[],"_links":{"self":[{"href":"https:\/\/www.encontramaceio.com.br\/sobre\/wp-json\/wp\/v2\/posts\/3777","targetHints":{"allow":["GET"]}}],"collection":[{"href":"https:\/\/www.encontramaceio.com.br\/sobre\/wp-json\/wp\/v2\/posts"}],"about":[{"href":"https:\/\/www.encontramaceio.com.br\/sobre\/wp-json\/wp\/v2\/types\/post"}],"author":[{"embeddable":true,"href":"https:\/\/www.encontramaceio.com.br\/sobre\/wp-json\/wp\/v2\/users\/1"}],"replies":[{"embeddable":true,"href":"https:\/\/www.encontramaceio.com.br\/sobre\/wp-json\/wp\/v2\/comments?post=3777"}],"version-history":[{"count":0,"href":"https:\/\/www.encontramaceio.com.br\/sobre\/wp-json\/wp\/v2\/posts\/3777\/revisions"}],"wp:featuredmedia":[{"embeddable":true,"href":"https:\/\/www.encontramaceio.com.br\/sobre\/wp-json\/wp\/v2\/media\/3776"}],"wp:attachment":[{"href":"https:\/\/www.encontramaceio.com.br\/sobre\/wp-json\/wp\/v2\/media?parent=3777"}],"wp:term":[{"taxonomy":"category","embeddable":true,"href":"https:\/\/www.encontramaceio.com.br\/sobre\/wp-json\/wp\/v2\/categories?post=3777"},{"taxonomy":"post_tag","embeddable":true,"href":"https:\/\/www.encontramaceio.com.br\/sobre\/wp-json\/wp\/v2\/tags?post=3777"}],"curies":[{"name":"wp","href":"https:\/\/api.w.org\/{rel}","templated":true}]}}