{"id":3763,"date":"2026-04-23T02:28:50","date_gmt":"2026-04-23T05:28:50","guid":{"rendered":"https:\/\/www.encontramaceio.com.br\/sobre\/seguranca-cidada-participa-de-reuniao-para-debater-acoes-contra-arrombamentos-no-centro\/"},"modified":"2026-04-23T02:28:50","modified_gmt":"2026-04-23T05:28:50","slug":"seguranca-cidada-participa-de-reuniao-para-debater-acoes-contra-arrombamentos-no-centro","status":"publish","type":"post","link":"https:\/\/www.encontramaceio.com.br\/sobre\/seguranca-cidada-participa-de-reuniao-para-debater-acoes-contra-arrombamentos-no-centro\/","title":{"rendered":"Seguran\u00e7a Cidad\u00e3 participa de reuni\u00e3o para debater a\u00e7\u00f5es contra arrombamentos no Centro"},"content":{"rendered":"<div class=\"dcb782f0616bca5484400fea6b37e93d\" data-index=\"1\" style=\"float: none; margin:0px;\">\n<script async src=\"https:\/\/pagead2.googlesyndication.com\/pagead\/js\/adsbygoogle.js?client=ca-pub-8585364105181520\"\r\n     crossorigin=\"anonymous\"><\/script>\r\n<!-- Anuncio display - global -->\r\n<ins class=\"adsbygoogle\"\r\n     style=\"display:block\"\r\n     data-ad-client=\"ca-pub-8585364105181520\"\r\n     data-ad-slot=\"8789329856\"\r\n     data-ad-format=\"auto\"\r\n     data-full-width-responsive=\"true\"><\/ins>\r\n<script>\r\n     (adsbygoogle = window.adsbygoogle || []).push({});\r\n<\/script>\n<\/div>\n<h2>Reuni\u00e3o para Debater A\u00e7\u00f5es Concretas<\/h2>\n<p>No dia 22 de abril de 2026, a Secretaria Municipal de Seguran\u00e7a Cidad\u00e3 de Macei\u00f3 organizou uma reuni\u00e3o com a Alian\u00e7a Comercial e diversas for\u00e7as de seguran\u00e7a. O principal objetivo foi ouvir queixas e den\u00fancias relacionadas aos arrombamentos em estabelecimentos no Centro da cidade. Esse encontro ficou marcado por um clima de preocupa\u00e7\u00e3o, visto que os furtos t\u00eam causado s\u00e9rios preju\u00edzos a empres\u00e1rios e trabalhadores da regi\u00e3o.<\/p>\n<h2>An\u00e1lise do Modus Operandi dos Criminosos<\/h2>\n<p>Durante a reuni\u00e3o, o secret\u00e1rio de Seguran\u00e7a Cidad\u00e3, delegado Thiago Prado, elucidou como ocorrem as a\u00e7\u00f5es criminosas. Segundo ele, a maioria dos delitos est\u00e1 ligada a usu\u00e1rios de drogas que cometem esses atos para sustentar seus v\u00edcios. Entre as pr\u00e1ticas mais comuns, est\u00e3o o furto de fios de cobre e outros itens facilmente comercializ\u00e1veis, como equipamentos de ar-condicionado, que s\u00e3o depenados para a extra\u00e7\u00e3o do cobre. Essa abordagem revela um padr\u00e3o alarmante: os criminosos, ap\u00f3s serem detidos, muitas vezes s\u00e3o liberados rapidamente, voltando a agir, enquanto os comerciantes continuam arcando com os danos financeiros.<\/p>\n<h2>O Papel de \u00d3rg\u00e3os de Seguran\u00e7a<\/h2>\n<p>O encontro contou com a presen\u00e7a de representantes da Pol\u00edcia Militar, da Delegacia do 1\u00ba Distrito e do programa Ronda no Bairro, destacando a relev\u00e2ncia da integra\u00e7\u00e3o entre as diversas for\u00e7as de seguran\u00e7a no combate ao crime. O secret\u00e1rio enfatizou a import\u00e2ncia de uma colabora\u00e7\u00e3o mais robusta entre o Minist\u00e9rio P\u00fablico e a Defensoria P\u00fablica, no sentido de dar suporte \u00e0s iniciativas de preven\u00e7\u00e3o e combate ao crime em Macei\u00f3.<\/p>\n<p><img decoding=\"async\" src=\"https:\/\/www.encontramaceio.com.br\/sobre\/wp-content\/uploads\/2026\/04\/seguranca-cidada-participa-de-reuniao-para-debater-acoes-contra-arrombamentos-no-centro.webp\" alt=\"Seguran\u00e7a Cidad\u00e3\" loading=\"lazy\" \/><\/p>\n<h2>Testemunhos de Comerciantes Aflitos<\/h2>\n<p>Os comerciantes presentes relataram suas experi\u00eancias. Edvaldo Propaganda, um pequeno empres\u00e1rio, expressou sua frustra\u00e7\u00e3o com a situa\u00e7\u00e3o. Ele comentou que as pequenas empresas s\u00e3o vitais para a economia local, mas est\u00e3o sendo alvos f\u00e1ceis para os criminosos. Edvaldo lamentou que, apesar das pris\u00f5es realizadas pela pol\u00edcia, muitos criminosos s\u00e3o soltos rapidamente, perpetuando um ciclo de impunidade que afeta diretamente seus neg\u00f3cios. Outro comerciante tamb\u00e9m destacou que a falta de uma legisla\u00e7\u00e3o mais severa contribui para a sensa\u00e7\u00e3o de inseguran\u00e7a na regi\u00e3o.<\/p>\n<h2>A Import\u00e2ncia da Atua\u00e7\u00e3o Conjunta<\/h2>\n<p>A participa\u00e7\u00e3o ativa da comunidade no combate ao crime \u00e9 fundamental. A Alian\u00e7a Comercial, atrav\u00e9s de seu presidente Guido J\u00fanior, refor\u00e7ou que o apoio das autoridades \u00e9 essencial, mas que a\u00e7\u00f5es efetivas precisam ser implementadas. Durante a reuni\u00e3o, ele mencionou que mudan\u00e7as significativas nas leis e um fortalecimento da presen\u00e7a policial podem ser decisivos para mitigar os problemas enfrentados pelos comerciantes da \u00e1rea.<\/p>\n<h2>Poss\u00edveis Solu\u00e7\u00f5es para a Criminalidade<\/h2>\n<p>Uma parte importante da discuss\u00e3o envolveu a busca por solu\u00e7\u00f5es concretas. A cria\u00e7\u00e3o de um plano de a\u00e7\u00e3o que envolvesse a instala\u00e7\u00e3o de c\u00e2meras de seguran\u00e7a e um aumento do patrulhamento policial na \u00e1rea foram sugeridas. Os comerciantes e as autoridades debateram a possibilidade de um programa de monitoramento que pudesse ser gerido em parceria com as for\u00e7as de seguran\u00e7a, trazendo maior prote\u00e7\u00e3o aos estabelecimentos.<\/p>\n<h2>Foco em Legisla\u00e7\u00e3o Mais Rigorosa<\/h2>\n<p>A necessidade de uma legisla\u00e7\u00e3o mais robusta tamb\u00e9m foi um ponto central nas discuss\u00f5es. Muitos participantes da reuni\u00e3o ressaltaram que a atual legisla\u00e7\u00e3o n\u00e3o \u00e9 suficiente para coibir a reincid\u00eancia dos criminosos. Um apelo por normas que garantam penas mais severas para crimes patrimoniais foi ecoado entre os presentes, demonstrando a urg\u00eancia de se atacar a quest\u00e3o da impunidade.<\/p>\n<h2>Impactos Econ\u00f4micos dos Furtos<\/h2>\n<p>As consequ\u00eancias dos arrombamentos v\u00e3o al\u00e9m da seguran\u00e7a; elas impactam diretamente a economia local. Durante a reuni\u00e3o, ficou claro que os danos materiais e os preju\u00edzos financeiros gerados por esses crimes resultam em um ciclo destrutivo para os pequenos empres\u00e1rios. A inseguran\u00e7a leva muitos deles a reconsiderar seus investimentos, prejudicando ainda mais a economia da cidade.<\/p>\n<h2>Iniciativas de Preven\u00e7\u00e3o e Seguran\u00e7a<\/h2>\n<p>Em resposta aos problemas discutidos, v\u00e1rias iniciativas de preven\u00e7\u00e3o foram sugeridas. Al\u00e9m da cria\u00e7\u00e3o de um plano de a\u00e7\u00e3o imediato, a implementa\u00e7\u00e3o de campanhas de conscientiza\u00e7\u00e3o para comerciantes e a popula\u00e7\u00e3o em geral foram vistas como uma prioridade. Tais medidas visam n\u00e3o apenas informar sobre as melhores pr\u00e1ticas de seguran\u00e7a, mas tamb\u00e9m incentivar a colabora\u00e7\u00e3o entre os cidad\u00e3os e as autoridades em a\u00e7\u00f5es preventivas.<\/p>\n<h2>Perspectivas Futuras para o Com\u00e9rcio Local<\/h2>\n<p>Enfatizando a import\u00e2ncia da uni\u00e3o entre as partes envolvidas &#8211; com\u00e9rcio, comunidade e autoridades de seguran\u00e7a &#8211; as a\u00e7\u00f5es discutidas visam transformar a realidade do Centro de Macei\u00f3. O sucesso dessas iniciativas pode servir como um modelo para outras regi\u00f5es que enfrentam problemas semelhantes, incentivando um di\u00e1logo cont\u00ednuo e a busca por solu\u00e7\u00f5es que garantam tanto a seguran\u00e7a quanto o desenvolvimento econ\u00f4mico local.<\/p>\n\n<div style=\"font-size: 0px; height: 0px; line-height: 0px; margin: 0; padding: 0; clear: both;\"><\/div>","protected":false},"excerpt":{"rendered":"<p>Seguran\u00e7a Cidad\u00e3 discute a\u00e7\u00f5es efetivas contra arrombamentos no Centro de Macei\u00f3.<\/p>\n","protected":false},"author":1,"featured_media":3762,"comment_status":"closed","ping_status":"closed","sticky":false,"template":"","format":"standard","meta":{"footnotes":""},"categories":[1],"tags":[],"class_list":["post-3763","post","type-post","status-publish","format-standard","has-post-thumbnail","hentry","category-noticias-em-maceio","has_thumb"],"aioseo_notices":[],"_links":{"self":[{"href":"https:\/\/www.encontramaceio.com.br\/sobre\/wp-json\/wp\/v2\/posts\/3763","targetHints":{"allow":["GET"]}}],"collection":[{"href":"https:\/\/www.encontramaceio.com.br\/sobre\/wp-json\/wp\/v2\/posts"}],"about":[{"href":"https:\/\/www.encontramaceio.com.br\/sobre\/wp-json\/wp\/v2\/types\/post"}],"author":[{"embeddable":true,"href":"https:\/\/www.encontramaceio.com.br\/sobre\/wp-json\/wp\/v2\/users\/1"}],"replies":[{"embeddable":true,"href":"https:\/\/www.encontramaceio.com.br\/sobre\/wp-json\/wp\/v2\/comments?post=3763"}],"version-history":[{"count":0,"href":"https:\/\/www.encontramaceio.com.br\/sobre\/wp-json\/wp\/v2\/posts\/3763\/revisions"}],"wp:featuredmedia":[{"embeddable":true,"href":"https:\/\/www.encontramaceio.com.br\/sobre\/wp-json\/wp\/v2\/media\/3762"}],"wp:attachment":[{"href":"https:\/\/www.encontramaceio.com.br\/sobre\/wp-json\/wp\/v2\/media?parent=3763"}],"wp:term":[{"taxonomy":"category","embeddable":true,"href":"https:\/\/www.encontramaceio.com.br\/sobre\/wp-json\/wp\/v2\/categories?post=3763"},{"taxonomy":"post_tag","embeddable":true,"href":"https:\/\/www.encontramaceio.com.br\/sobre\/wp-json\/wp\/v2\/tags?post=3763"}],"curies":[{"name":"wp","href":"https:\/\/api.w.org\/{rel}","templated":true}]}}