{"id":3749,"date":"2026-04-20T02:27:48","date_gmt":"2026-04-20T05:27:48","guid":{"rendered":"https:\/\/www.encontramaceio.com.br\/sobre\/guarda-municipal-realiza-atendimento-emergencial-e-garante-socorro-a-crianca\/"},"modified":"2026-04-20T02:27:48","modified_gmt":"2026-04-20T05:27:48","slug":"guarda-municipal-realiza-atendimento-emergencial-e-garante-socorro-a-crianca","status":"publish","type":"post","link":"https:\/\/www.encontramaceio.com.br\/sobre\/guarda-municipal-realiza-atendimento-emergencial-e-garante-socorro-a-crianca\/","title":{"rendered":"Guarda Municipal realiza atendimento emergencial e garante socorro a crian\u00e7a"},"content":{"rendered":"<div class=\"dcb782f0616bca5484400fea6b37e93d\" data-index=\"1\" style=\"float: none; margin:0px;\">\n<script async src=\"https:\/\/pagead2.googlesyndication.com\/pagead\/js\/adsbygoogle.js?client=ca-pub-8585364105181520\"\r\n     crossorigin=\"anonymous\"><\/script>\r\n<!-- Anuncio display - global -->\r\n<ins class=\"adsbygoogle\"\r\n     style=\"display:block\"\r\n     data-ad-client=\"ca-pub-8585364105181520\"\r\n     data-ad-slot=\"8789329856\"\r\n     data-ad-format=\"auto\"\r\n     data-full-width-responsive=\"true\"><\/ins>\r\n<script>\r\n     (adsbygoogle = window.adsbygoogle || []).push({});\r\n<\/script>\n<\/div>\n<h2>A Interven\u00e7\u00e3o da Guarda Municipal<\/h2>\n<p>No s\u00e1bado, 18 de abril de 2026, uma equipe da ROMU Bravo, da Guarda Municipal, respondeu prontamente \u00e0 situa\u00e7\u00e3o cr\u00edtica envolvendo uma crian\u00e7a durante o seu patrulhamento nas proximidades da Universidade Federal de Alagoas (UFAL). O chamado de emerg\u00eancia veio de uma m\u00e3e aflita que estava testemunhando epis\u00f3dios de convuls\u00e3o e notando que os l\u00e1bios da menina estavam arroxeados, sinalizando uma falta de oxigena\u00e7\u00e3o.<\/p>\n<p>Os guardas, bem treinados para lidar com situa\u00e7\u00f5es de emerg\u00eancia, n\u00e3o hesitaram em iniciar o atendimento imediatamente no local. A r\u00e1pida interven\u00e7\u00e3o deles foi essencial, pois possibilitou a estabiliza\u00e7\u00e3o da crian\u00e7a, que, ap\u00f3s receber os primeiros socorros, foi capaz de voltar a respirar normalmente.<\/p>\n<h2>A Import\u00e2ncia da Atua\u00e7\u00e3o R\u00e1pida<\/h2>\n<p>As primeiras horas ap\u00f3s uma emerg\u00eancia s\u00e3o cruciais, e a atua\u00e7\u00e3o r\u00e1pida da Guarda Municipal foi fundamental para evitar que a sa\u00fade da crian\u00e7a se agravasse. A efici\u00eancia do atendimento nos momentos iniciais n\u00e3o apenas garantiu al\u00edvio imediato, mas tamb\u00e9m contribuiu para a preserva\u00e7\u00e3o da vida da crian\u00e7a. A rapidez e a habilidade da equipe podem ser vistas como modelos de boas pr\u00e1ticas em contextos de emerg\u00eancia.<\/p>\n<p><img decoding=\"async\" src=\"https:\/\/www.encontramaceio.com.br\/sobre\/wp-content\/uploads\/2026\/04\/guarda-municipal-realiza-atendimento-emergencial-e-garante-socorro-a-crianca.webp\" alt=\"atendimento emergencial\" loading=\"lazy\" \/><\/p>\n<h2>Detalhes do Atendimento Emergencial<\/h2>\n<p>A equipe da Guarda Municipal realizou os primeiros socorros com t\u00e9cnicas adequadas para situa\u00e7\u00f5es de convuls\u00f5es e falta de oxigena\u00e7\u00e3o. Neste caso espec\u00edfico, eles realizaram manobras que ajudaram a restabelecer a ventila\u00e7\u00e3o da crian\u00e7a at\u00e9 que ela estivesse em condi\u00e7\u00f5es de ser transferida para unidade m\u00e9dica. A intera\u00e7\u00e3o entre os guardas e a m\u00e3e foi organizada, permitindo que o atendimento fosse seguro e eficaz.<\/p>\n<h2>Como a Comunidade Beneficiou-se da A\u00e7\u00e3o<\/h2>\n<p>Casos como o que ocorreu no s\u00e1bado s\u00e3o exemplos da relev\u00e2ncia da presen\u00e7a do servi\u00e7o de emerg\u00eancia na comunidade. As fam\u00edlias podem se sentir mais seguras sabendo que h\u00e1 profissionais preparados para agir em situa\u00e7\u00f5es cr\u00edticas. Essa confian\u00e7a nas autoridades locais fortalece a rela\u00e7\u00e3o entre a popula\u00e7\u00e3o e a seguran\u00e7a p\u00fablica, promovendo uma cultura de cuidado e responsabilidade compartilhada.<\/p>\n<h2>Equipamentos Necess\u00e1rios para Emerg\u00eancias<\/h2>\n<p>Em emerg\u00eancias como a que a Guarda Municipal enfrentou, equipamentos adequados s\u00e3o de extrema import\u00e2ncia. Alguns itens fundamentais incluem:<\/p>\n<ul>\n<li><strong>Kit de Primeiros Socorros:<\/strong> Equipado com materiais para estabilizar pacientes em situa\u00e7\u00f5es cr\u00edticas.<\/li>\n<li><strong>Ox\u00edmetros:<\/strong> Para monitorar n\u00edveis de oxig\u00eanio no sangue.<\/li>\n<li><strong>Desfibriladores:<\/strong> Essenciais em caso de parada card\u00edaca.<\/li>\n<li><strong>Comunica\u00e7\u00e3o R\u00e1pida:<\/strong> Dispositivos para facilitar a comunica\u00e7\u00e3o entre os membros da equipe e demais servi\u00e7os de emerg\u00eancia.<\/li>\n<\/ul>\n<h2>Experi\u00eancias Passadas da Guarda Municipal<\/h2>\n<p>A atua\u00e7\u00e3o da Guarda Municipal em situa\u00e7\u00f5es de emerg\u00eancia n\u00e3o \u00e9 um evento isolado. A equipe frequentemente se depara com situa\u00e7\u00f5es desafiadoras e possui um hist\u00f3rico de interven\u00e7\u00f5es bem-sucedidas. Esses epis\u00f3dios, documentados e analisados, servem como aprendizado cont\u00ednuo para melhorar o treinamento e a prepara\u00e7\u00e3o da equipe.<\/p>\n<h2>A Prepara\u00e7\u00e3o da Equipe para Situa\u00e7\u00f5es Cr\u00edticas<\/h2>\n<p>A capacita\u00e7\u00e3o da Guarda Municipal \u00e9 um aspecto que n\u00e3o pode ser negligenciado. Treinamentos regulares e exerc\u00edcios simulados s\u00e3o colocados em pr\u00e1tica para que os agentes se familiarizem com diferentes cen\u00e1rios de emerg\u00eancia. A prepara\u00e7\u00e3o cont\u00ednua \u00e9 vital para garantir que a equipe consiga lidar com a press\u00e3o e tome decis\u00f5es r\u00e1pidas e eficazes quando necess\u00e1rio.<\/p>\n<h2>Rea\u00e7\u00e3o da M\u00e3e Durante a Emerg\u00eancia<\/h2>\n<p>A rea\u00e7\u00e3o da m\u00e3e durante a situa\u00e7\u00e3o foi compreensivelmente uma mistura de desespero e al\u00edvio. Ao chamar a Guarda Municipal, ela demonstrou proatividade e preocupa\u00e7\u00e3o com a sa\u00fade de sua filha. Conforme os agentes prestavam os atendimentos, a m\u00e3e puderam observar os esfor\u00e7os da equipe e, com o passar do tempo, come\u00e7ou a sentir um renovado senso de esperan\u00e7a \u00e0 medida que a condi\u00e7\u00e3o da crian\u00e7a melhorou.<\/p>\n<h2>Impacto da A\u00e7\u00e3o na Comunidade Local<\/h2>\n<p>O salvamento da crian\u00e7a teve um impacto positivo na comunidade local, destacando a import\u00e2ncia do bom trabalho da Guarda Municipal. Casos assim promovem um sentimento coletivo de seguran\u00e7a e valoriza\u00e7\u00e3o do servi\u00e7o p\u00fablico. Al\u00e9m disso, servem de exemplo para que mais pessoas saibam como agir em situa\u00e7\u00f5es dif\u00edceis e a import\u00e2ncia de reportar emerg\u00eancias \u00e0s autoridades locais.<\/p>\n<h2>Reflex\u00f5es sobre Seguran\u00e7a Urbana<\/h2>\n<p>A r\u00e1pida resposta da Guarda Municipal neste incidente traz \u00e0 tona uma reflex\u00e3o sobre a seguran\u00e7a urbana em Macei\u00f3. A presen\u00e7a de equipes de emerg\u00eancia bem preparadas contribui n\u00e3o apenas para resolver situa\u00e7\u00f5es como a enfrentada por essa fam\u00edlia, mas tamb\u00e9m para construir uma cidade mais segura. O engajamento e a colabora\u00e7\u00e3o entre popula\u00e7\u00e3o e \u00f3rg\u00e3os de seguran\u00e7a s\u00e3o fundamentais para o desenvolvimento de um ambiente urbano seguro e saud\u00e1vel.<\/p>\n\n<div style=\"font-size: 0px; height: 0px; line-height: 0px; margin: 0; padding: 0; clear: both;\"><\/div>","protected":false},"excerpt":{"rendered":"<p>Guarda Municipal realiza atendimento emergencial e garante socorro a crian\u00e7a em situa\u00e7\u00e3o cr\u00edtica.<\/p>\n","protected":false},"author":1,"featured_media":3748,"comment_status":"closed","ping_status":"closed","sticky":false,"template":"","format":"standard","meta":{"footnotes":""},"categories":[1],"tags":[],"class_list":["post-3749","post","type-post","status-publish","format-standard","has-post-thumbnail","hentry","category-noticias-em-maceio","has_thumb"],"aioseo_notices":[],"_links":{"self":[{"href":"https:\/\/www.encontramaceio.com.br\/sobre\/wp-json\/wp\/v2\/posts\/3749","targetHints":{"allow":["GET"]}}],"collection":[{"href":"https:\/\/www.encontramaceio.com.br\/sobre\/wp-json\/wp\/v2\/posts"}],"about":[{"href":"https:\/\/www.encontramaceio.com.br\/sobre\/wp-json\/wp\/v2\/types\/post"}],"author":[{"embeddable":true,"href":"https:\/\/www.encontramaceio.com.br\/sobre\/wp-json\/wp\/v2\/users\/1"}],"replies":[{"embeddable":true,"href":"https:\/\/www.encontramaceio.com.br\/sobre\/wp-json\/wp\/v2\/comments?post=3749"}],"version-history":[{"count":0,"href":"https:\/\/www.encontramaceio.com.br\/sobre\/wp-json\/wp\/v2\/posts\/3749\/revisions"}],"wp:featuredmedia":[{"embeddable":true,"href":"https:\/\/www.encontramaceio.com.br\/sobre\/wp-json\/wp\/v2\/media\/3748"}],"wp:attachment":[{"href":"https:\/\/www.encontramaceio.com.br\/sobre\/wp-json\/wp\/v2\/media?parent=3749"}],"wp:term":[{"taxonomy":"category","embeddable":true,"href":"https:\/\/www.encontramaceio.com.br\/sobre\/wp-json\/wp\/v2\/categories?post=3749"},{"taxonomy":"post_tag","embeddable":true,"href":"https:\/\/www.encontramaceio.com.br\/sobre\/wp-json\/wp\/v2\/tags?post=3749"}],"curies":[{"name":"wp","href":"https:\/\/api.w.org\/{rel}","templated":true}]}}