{"id":3705,"date":"2026-04-10T02:40:28","date_gmt":"2026-04-10T05:40:28","guid":{"rendered":"https:\/\/www.encontramaceio.com.br\/sobre\/novo-terminal-de-onibus-transforma-mobilidade-e-leva-mais-dignidade-aos-usuarios\/"},"modified":"2026-04-10T02:40:28","modified_gmt":"2026-04-10T05:40:28","slug":"novo-terminal-de-onibus-transforma-mobilidade-e-leva-mais-dignidade-aos-usuarios","status":"publish","type":"post","link":"https:\/\/www.encontramaceio.com.br\/sobre\/novo-terminal-de-onibus-transforma-mobilidade-e-leva-mais-dignidade-aos-usuarios\/","title":{"rendered":"Novo terminal de \u00f4nibus transforma mobilidade e leva mais dignidade aos usu\u00e1rios"},"content":{"rendered":"<div class=\"dcb782f0616bca5484400fea6b37e93d\" data-index=\"1\" style=\"float: none; margin:0px;\">\n<script async src=\"https:\/\/pagead2.googlesyndication.com\/pagead\/js\/adsbygoogle.js?client=ca-pub-8585364105181520\"\r\n     crossorigin=\"anonymous\"><\/script>\r\n<!-- Anuncio display - global -->\r\n<ins class=\"adsbygoogle\"\r\n     style=\"display:block\"\r\n     data-ad-client=\"ca-pub-8585364105181520\"\r\n     data-ad-slot=\"8789329856\"\r\n     data-ad-format=\"auto\"\r\n     data-full-width-responsive=\"true\"><\/ins>\r\n<script>\r\n     (adsbygoogle = window.adsbygoogle || []).push({});\r\n<\/script>\n<\/div>\n<h2>A transforma\u00e7\u00e3o da mobilidade em Macei\u00f3<\/h2>\n<p>Recentemente, a cidade de Macei\u00f3 passou por uma significativa transforma\u00e7\u00e3o em seu sistema de transporte p\u00fablico, especialmente com a inaugura\u00e7\u00e3o do novo terminal de \u00f4nibus no bairro Clima Bom. Este terminal n\u00e3o apenas modernizou a estrutura existente, mas tamb\u00e9m trouxe uma nova vis\u00e3o sobre a mobilidade urbana, promovendo melhorias que impactam diretamente na vida dos cidad\u00e3os que dependem do transporte coletivo.<\/p>\n<h2>O que mudou no novo terminal<\/h2>\n<p>A mudan\u00e7a mais vis\u00edvel no novo terminal de \u00f4nibus \u00e9 sua estrutura f\u00edsica, que foi completamente remodelada para oferecer mais conforto e acessibilidade aos usu\u00e1rios. O antigo espa\u00e7o, que j\u00e1 apresentava condi\u00e7\u00f5es prec\u00e1rias, foi substitu\u00eddo por um terminal que oferece:<\/p>\n<ul>\n<li>Novos bancos e lixeiras para maior conforto e limpeza.<\/li>\n<li>Uma rampa de acesso para garantir a inclus\u00e3o dos cadeirantes.<\/li>\n<li>Uma plataforma coberta que passou de 45 m\u00b2 para 221 m\u00b2, proporcionando mais prote\u00e7\u00e3o contra intemp\u00e9ries.<\/li>\n<li>Uma \u00e1rea administrativa com 87,65 m\u00b2 que inclui facilidades como banheiro acess\u00edvel e sala de fiscaliza\u00e7\u00e3o.<\/li>\n<\/ul>\n<h2>Benef\u00edcios de acessibilidade para todos<\/h2>\n<p>A nova estrutura do terminal foi projetada para melhorar a acessibilidade. Moradores do bairro, como Lucelino de Ara\u00fajo, que vive na comunidade h\u00e1 mais de tr\u00eas d\u00e9cadas, expressaram sua satisfa\u00e7\u00e3o com as melhorias. &#8220;\u00c9 uma nova realidade. A acessibilidade foi uma das grandes mudan\u00e7as e \u00e9 algo que todos n\u00f3s, portadores de necessidades especiais, precisamos&#8221;, comentou Lucelino. Esses benef\u00edcios abrangem n\u00e3o apenas cadeirantes, mas tamb\u00e9m idosos e pessoas com mobilidade reduzida.<\/p>\n<p><img decoding=\"async\" src=\"https:\/\/www.encontramaceio.com.br\/sobre\/wp-content\/uploads\/2026\/04\/novo-terminal-de-onibus-transforma-mobilidade-e-leva-mais-dignidade-aos-usuarios.webp\" alt=\"novo terminal de \u00f4nibus\" loading=\"lazy\" \/><\/p>\n<h2>Impacto na vida dos passageiros<\/h2>\n<p>O impacto na vida dos passageiros \u00e9 palp\u00e1vel. Edvania Costa, uma estudante e moradora da regi\u00e3o, destacou como a nova estrutura mudou sua rotina: &#8220;Antes, o terminal era realmente prec\u00e1rio. Agora, a diferen\u00e7a \u00e9 enorme; temos mais sinaliza\u00e7\u00e3o, conforto e organiza\u00e7\u00e3o&#8221;. A melhoria na mobilidade n\u00e3o beneficia apenas os habitantes do Clima Bom; ela reverbera para todas as \u00e1reas vizinhas por onde os \u00f4nibus operam.<\/p>\n<h2>A estrutura do novo terminal<\/h2>\n<p>O novo terminal \u00e9 um modelo de efici\u00eancia e praticidade. Al\u00e9m de ampliar a capacidade de transporte, com tr\u00eas linhas de \u00f4nibus agora operando no local \u2014 Centro (via Colina), Ponta Verde (via Colina) e Madrugad\u00e3o\/Ponta Verde \u2014, o terminal foi constru\u00eddo com materiais que buscam proporcionar maior durabilidade e resist\u00eancia \u00e0s condi\u00e7\u00f5es clim\u00e1ticas da regi\u00e3o.<\/p>\n<h2>Melhorias no transporte coletivo<\/h2>\n<p>A revitaliza\u00e7\u00e3o n\u00e3o parou apenas no terminal. A Prefeitura de Macei\u00f3 tamb\u00e9m tem investido em outros aspectos do sistema de transporte coletivo. Com a introdu\u00e7\u00e3o de 132 novos \u00f4nibus equipados com ar-condicionado, conhecidos como \u201cgelad\u00f5es\u201d, os usu\u00e1rios podem usufruir de uma experi\u00eancia de viagem mais agrad\u00e1vel. Al\u00e9m disso, 21 novos ve\u00edculos chamados de \u201cRapid\u00f5es\u201d foram adicionados \u00e0 frota, aumentando significativamente a capacidade de atendimento e efici\u00eancia no transporte p\u00fablico.<\/p>\n<h2>Hist\u00f3rias de quem utiliza o terminal<\/h2>\n<p>As experi\u00eancias dos usu\u00e1rios do novo terminal refletem a import\u00e2ncia das mudan\u00e7as implementadas. Muitos moradores relatam como a nova infraestrutura melhorou a qualidade de vida e, para alguns, a perspectiva de acesso ao trabalho e \u00e0 educa\u00e7\u00e3o. A possibilidade de um acesso mais seguro e confort\u00e1vel ao transporte p\u00fablico permite que as pessoas se desloquem com mais dignidade e efici\u00eancia.<\/p>\n<h2>O papel da Prefeitura na mudan\u00e7a<\/h2>\n<p>A Prefeitura de Macei\u00f3, atrav\u00e9s do Departamento Municipal de Transportes e Tr\u00e2nsito (DMTT), desempenha um papel fundamental nesse processo de transforma\u00e7\u00e3o. O diretor-presidente do DMTT, Andr\u00e9 de Alc\u00e2ntara Costa, enfatizou a import\u00e2ncia da entrega do novo terminal como parte da requalifica\u00e7\u00e3o dos espa\u00e7os p\u00fablicos dedicados \u00e0 mobilidade urbana. &#8220;Este \u00e9 um investimento significativo que visa melhorar a experi\u00eancia dos usu\u00e1rios e fortalecer o sistema de transporte da capital&#8221;, afirmou ele.<\/p>\n<h2>Equipamentos que garantem conforto<\/h2>\n<p>A infraestrutura do novo terminal foi equipada com diversos recursos que visam garantir o conforto e a seguran\u00e7a dos passageiros. Al\u00e9m dos novos bancos e lixeiras, o terminal tamb\u00e9m conta com um sistema de ilumina\u00e7\u00e3o moderno e eficiente, al\u00e9m de sinaliza\u00e7\u00f5es claras que orientam os usu\u00e1rios sobre os hor\u00e1rios e destinos dos \u00f4nibus.<\/p>\n<h2>A import\u00e2ncia de investimentos em mobilidade<\/h2>\n<p>Investir na mobilidade urbana \u00e9 essencial para o desenvolvimento sustent\u00e1vel das cidades. A moderniza\u00e7\u00e3o do terminal de \u00f4nibus em Macei\u00f3 \u00e9 um exemplo claro de como a infraestrutura pode impactar diretamente a vida dos cidad\u00e3os. A cria\u00e7\u00e3o de espa\u00e7os p\u00fablicos que priorizam a acessibilidade e o conforto dos usu\u00e1rios \u00e9 um passo importante em dire\u00e7\u00e3o a uma cidade mais inclusiva e din\u00e2mica. A Prefeitura de Macei\u00f3 tem se esfor\u00e7ado para atender \u00e0s demandas da popula\u00e7\u00e3o, melhorando n\u00e3o apenas o transporte, mas toda a qualidade de vida no munic\u00edpio.<\/p>\n\n<div style=\"font-size: 0px; height: 0px; line-height: 0px; margin: 0; padding: 0; clear: both;\"><\/div>","protected":false},"excerpt":{"rendered":"<p>Descubra como o novo terminal de \u00f4nibus transforma a mobilidade em Macei\u00f3.<\/p>\n","protected":false},"author":1,"featured_media":3704,"comment_status":"closed","ping_status":"closed","sticky":false,"template":"","format":"standard","meta":{"footnotes":""},"categories":[1],"tags":[],"class_list":["post-3705","post","type-post","status-publish","format-standard","has-post-thumbnail","hentry","category-noticias-em-maceio","has_thumb"],"aioseo_notices":[],"_links":{"self":[{"href":"https:\/\/www.encontramaceio.com.br\/sobre\/wp-json\/wp\/v2\/posts\/3705","targetHints":{"allow":["GET"]}}],"collection":[{"href":"https:\/\/www.encontramaceio.com.br\/sobre\/wp-json\/wp\/v2\/posts"}],"about":[{"href":"https:\/\/www.encontramaceio.com.br\/sobre\/wp-json\/wp\/v2\/types\/post"}],"author":[{"embeddable":true,"href":"https:\/\/www.encontramaceio.com.br\/sobre\/wp-json\/wp\/v2\/users\/1"}],"replies":[{"embeddable":true,"href":"https:\/\/www.encontramaceio.com.br\/sobre\/wp-json\/wp\/v2\/comments?post=3705"}],"version-history":[{"count":0,"href":"https:\/\/www.encontramaceio.com.br\/sobre\/wp-json\/wp\/v2\/posts\/3705\/revisions"}],"wp:featuredmedia":[{"embeddable":true,"href":"https:\/\/www.encontramaceio.com.br\/sobre\/wp-json\/wp\/v2\/media\/3704"}],"wp:attachment":[{"href":"https:\/\/www.encontramaceio.com.br\/sobre\/wp-json\/wp\/v2\/media?parent=3705"}],"wp:term":[{"taxonomy":"category","embeddable":true,"href":"https:\/\/www.encontramaceio.com.br\/sobre\/wp-json\/wp\/v2\/categories?post=3705"},{"taxonomy":"post_tag","embeddable":true,"href":"https:\/\/www.encontramaceio.com.br\/sobre\/wp-json\/wp\/v2\/tags?post=3705"}],"curies":[{"name":"wp","href":"https:\/\/api.w.org\/{rel}","templated":true}]}}