{"id":3647,"date":"2026-03-29T02:45:04","date_gmt":"2026-03-29T05:45:04","guid":{"rendered":"https:\/\/www.encontramaceio.com.br\/sobre\/alunos-da-escola-municipal-rui-palmeira-participam-do-procon-mirim\/"},"modified":"2026-03-29T02:45:04","modified_gmt":"2026-03-29T05:45:04","slug":"alunos-da-escola-municipal-rui-palmeira-participam-do-procon-mirim","status":"publish","type":"post","link":"https:\/\/www.encontramaceio.com.br\/sobre\/alunos-da-escola-municipal-rui-palmeira-participam-do-procon-mirim\/","title":{"rendered":"Alunos da Escola Municipal Rui Palmeira participam do Procon Mirim"},"content":{"rendered":"<div class=\"dcb782f0616bca5484400fea6b37e93d\" data-index=\"1\" style=\"float: none; margin:0px;\">\n<script async src=\"https:\/\/pagead2.googlesyndication.com\/pagead\/js\/adsbygoogle.js?client=ca-pub-8585364105181520\"\r\n     crossorigin=\"anonymous\"><\/script>\r\n<!-- Anuncio display - global -->\r\n<ins class=\"adsbygoogle\"\r\n     style=\"display:block\"\r\n     data-ad-client=\"ca-pub-8585364105181520\"\r\n     data-ad-slot=\"8789329856\"\r\n     data-ad-format=\"auto\"\r\n     data-full-width-responsive=\"true\"><\/ins>\r\n<script>\r\n     (adsbygoogle = window.adsbygoogle || []).push({});\r\n<\/script>\n<\/div>\n<h2>O que \u00e9 o Procon Mirim?<\/h2>\n<p>O Procon Mirim \u00e9 um projeto criado para fomentar a educa\u00e7\u00e3o do consumo entre as crian\u00e7as, promovendo a conscientiza\u00e7\u00e3o sobre direitos e deveres do consumidor desde cedo. Este programa \u00e9 uma extens\u00e3o das atividades realizadas pelo Procon Macei\u00f3, voltado especificamente para os alunos, com o objetivo de transmitir conhecimento de maneira l\u00fadica e acess\u00edvel.<\/p>\n<h2>Benef\u00edcios da Educa\u00e7\u00e3o Financeira nas Escolas<\/h2>\n<p>A educa\u00e7\u00e3o financeira \u00e9 fundamental na forma\u00e7\u00e3o dos cidad\u00e3os do futuro. Ao introduzir conceitos de economia e finan\u00e7as nas escolas, como no Procon Mirim, os alunos aprendem a lidar com dinheiro, fazendo escolhas mais informadas e conscientes. Isso ajuda a prevenir problemas financeiros, instila h\u00e1bitos de consumo saud\u00e1veis e promove um entendimento sobre a import\u00e2ncia do planejamento.<\/p>\n<ul>\n<li><strong>Decis\u00f5es Conscientes:<\/strong> Os estudantes aprendem a calcular e comparar pre\u00e7os, o que os ajuda a fazer escolhas mais vantajosas.<\/li>\n<li><strong>Aumento da Conscientiza\u00e7\u00e3o:<\/strong> Eles se tornam mais cr\u00edticos em rela\u00e7\u00e3o \u00e0s pr\u00e1ticas comerciais e gatilhos de marketing.<\/li>\n<li><strong>Prepara\u00e7\u00e3o para o Futuro:<\/strong> Com uma base educacional s\u00f3lida, as crian\u00e7as estar\u00e3o mais preparadas para enfrentar desafios financeiros na vida adulta.<\/li>\n<\/ul>\n<h2>Atividades do Procon Mirim para os Alunos<\/h2>\n<p>No Procon Mirim, s\u00e3o realizados diversos tipos de atividades educativas que engajam os alunos de forma pr\u00e1tica e interativa:<\/p>\n<p><img decoding=\"async\" src=\"https:\/\/www.encontramaceio.com.br\/sobre\/wp-content\/uploads\/2026\/03\/alunos-da-escola-municipal-rui-palmeira-participam-do-procon-mirim.webp\" alt=\"Procon Mirim\" loading=\"lazy\" \/><\/p>\n<ul>\n<li><strong>Oficinas:<\/strong> As oficinas s\u00e3o sess\u00f5es pr\u00e1ticas onde os alunos aprendem sobre diferentes aspectos do consumo, como a import\u00e2ncia de analisar r\u00f3tulos e verificar datas de validade.<\/li>\n<li><strong>Palestras:<\/strong> Especialistas s\u00e3o convidados para falar sobre temas relevantes do C\u00f3digo de Defesa do Consumidor e os direitos dos consumidores.<\/li>\n<li><strong>Visitas a Supermercados:<\/strong> As crian\u00e7as t\u00eam a oportunidade de visitar supermercados parceiros, onde praticam o que aprenderam em situa\u00e7\u00f5es reais de compra.<\/li>\n<\/ul>\n<h2>Import\u00e2ncia do Planejamento Financeiro<\/h2>\n<p>O planejamento financeiro \u00e9 um pilar importante na educa\u00e7\u00e3o para o consumo. Isso envolve ensinar os alunos a como administrar e planejar suas finan\u00e7as. Ao longo do projeto, s\u00e3o abordados conceitos como:<\/p>\n<ul>\n<li><strong>Defini\u00e7\u00e3o de Or\u00e7amento:<\/strong> Os estudantes aprendem a elaborar um or\u00e7amento simples, identificando receitas e despesas.<\/li>\n<li><strong>Economia para Alvos<\/strong>: A import\u00e2ncia de economizar para alcan\u00e7ar um objetivo, como um brinquedo ou uma experi\u00eancia especial.<\/li>\n<li><strong>Preven\u00e7\u00e3o ao Endividamento:<\/strong> Compreender os riscos associados ao uso de cr\u00e9dito e d\u00edvidas.<\/li>\n<\/ul>\n<h2>Como Ensinar Consumo Consciente aos Jovens<\/h2>\n<p>Educar para o consumo consciente envolve algumas estrat\u00e9gias principais:<\/p>\n<ul>\n<li><strong>Exemplos Pr\u00e1ticos:<\/strong> Usar exemplos do dia a dia dos alunos para ilustrar a import\u00e2ncia de fazer compras planejadas.<\/li>\n<li><strong>Discuss\u00f5es Abertas:<\/strong> Promover debates em sala sobre h\u00e1bitos de consumo e experi\u00eancias pessoais.<\/li>\n<li><strong>Exerc\u00edcios Criativos:<\/strong> Incluir atividades de dramatiza\u00e7\u00e3o onde os alunos representam situa\u00e7\u00f5es de consumo, amadurecendo na discuss\u00e3o sobre decis\u00f5es de compra.<\/li>\n<\/ul>\n<h2>Experi\u00eancia dos Alunos: O que eles Aprenderam?<\/h2>\n<p>Os alunos participantes do Procon Mirim frequentemente relatam insights valiosos que adquiriram durante as atividades. A experi\u00eancia pr\u00e1tica observada durante as visitas e oficinas traz uma nova perspectiva sobre consumo:<\/p>\n<p>A estudante Ana Luiza declarou: \u201cAprendi que n\u00e3o \u00e9 s\u00f3 pegar qualquer produto que vejo, agora vou olhar os pre\u00e7os e as datas de validade antes de escolher o que comprar.\u201d Outros alunos tamb\u00e9m comentaram sobre a import\u00e2ncia de pesquisar antes de comprar algo. Essa percep\u00e7\u00e3o demonstra como o programa transforma o entendimento das crian\u00e7as sobre o mundo do consumo.<\/p>\n<h2>Depoimentos dos Estudantes sobre o Projeto<\/h2>\n<p>Os depoimentos dos alunos s\u00e3o testemunhos do impacto positivo do Procon Mirim, com muitos destacando a aplica\u00e7\u00e3o pr\u00e1tica do que aprenderam.<\/p>\n<ul>\n<li><strong>Lucas:<\/strong> &#8220;O Procon Mirim me ensinou a verificar as etiquetas dos produtos e sempre comparar os pre\u00e7os antes de comprar.&#8221;<\/li>\n<li><strong>Juliana:<\/strong> &#8220;Eu n\u00e3o sabia que t\u00ednhamos direitos como consumidores. Agora sinto que posso reivindicar o que \u00e9 justo.&#8221;<\/li>\n<\/ul>\n<h2>O Papel dos Educadores no Procon Mirim<\/h2>\n<p>Os educadores desempenham um papel essencial na execu\u00e7\u00e3o e sucesso do Procon Mirim. A intera\u00e7\u00e3o deles com os alunos \u00e9 crucial para que possam receber o conhecimento de forma clara e direcionada:<\/p>\n<p>Os professores s\u00e3o incentivados a integrar os conceitos de educa\u00e7\u00e3o financeira nas suas aulas di\u00e1rias, utilizando t\u00e9cnicas de ensino que v\u00e3o al\u00e9m da teoria. Isso inclui atividades pr\u00e1ticas e discuss\u00f5es em sala sobre experi\u00eancias de consumo.<\/p>\n<h2>Parceria com Supermercados: Um Ato de Comunidade<\/h2>\n<p>A colabora\u00e7\u00e3o com supermercados locais \u00e9 um aspecto chave do Procon Mirim. Essa parceria permite que os alunos tenham acesso a atividades pr\u00e1ticas onde podem aplicar o que aprenderam em casa na realidade do mercado:<\/p>\n<ul>\n<li><strong>Atendimento aos alunos:<\/strong> Durante as atividades no supermercado, os funcion\u00e1rios ajudam as crian\u00e7as a entender melhor os produtos e o funcionamento do mercado.<\/li>\n<li><strong>Promo\u00e7\u00e3o de Ofertas:<\/strong> Os estabelecimentos oferecem descontos e promo\u00e7\u00f5es para incentivar pr\u00e1ticas de compra saud\u00e1veis.<\/li>\n<\/ul>\n<h2>Futuro do Procon Mirim nas Escolas<\/h2>\n<p>O Procon Mirim tem potencial para crescer e expandir ainda mais sua atua\u00e7\u00e3o nas escolas. A cont\u00ednua ades\u00e3o de novas institui\u00e7\u00f5es ao projeto e o feedback positivo dos envolvidos s\u00e3o sinais de sua relev\u00e2ncia:<\/p>\n<p>A proposta \u00e9 que, em um futuro pr\u00f3ximo, mais escolas possam incorporar o programa em seus curr\u00edculos, garantindo assim que mais crian\u00e7as tenham a oportunidade de se tornarem consumidores conscientes e bem-informados.<\/p>\n<p>Al\u00e9m disso, a implementa\u00e7\u00e3o de novas tecnologias e formatos de aprendizagem interativa pode enriquecer ainda mais a experi\u00eancia educacional, potencializando o impacto social do Procon Mirim.<\/p>\n\n<div style=\"font-size: 0px; height: 0px; line-height: 0px; margin: 0; padding: 0; clear: both;\"><\/div>","protected":false},"excerpt":{"rendered":"<p>Alunos da Escola Municipal Rui Palmeira descobrem o Procon Mirim e seus benef\u00edcios educacionais.<\/p>\n","protected":false},"author":1,"featured_media":3646,"comment_status":"closed","ping_status":"closed","sticky":false,"template":"","format":"standard","meta":{"footnotes":""},"categories":[1],"tags":[],"class_list":["post-3647","post","type-post","status-publish","format-standard","has-post-thumbnail","hentry","category-noticias-em-maceio","has_thumb"],"aioseo_notices":[],"aioseo_head":"\n\t\t<!-- All in One SEO 5.0.0.1 - aioseo.com -->\n\t<meta name=\"description\" content=\"Alunos da Escola Municipal Rui Palmeira descobrem o Procon Mirim e seus benef\u00edcios educacionais.\" \/>\n\t<meta name=\"robots\" content=\"max-image-preview:large\" \/>\n\t<meta name=\"author\" content=\"Encontra Macei\u00f3\"\/>\n\t<link rel=\"canonical\" href=\"https:\/\/www.encontramaceio.com.br\/sobre\/alunos-da-escola-municipal-rui-palmeira-participam-do-procon-mirim\/\" \/>\n\t<meta name=\"generator\" content=\"All in One SEO (AIOSEO) 5.0.0.1\" \/>\n\t\t<meta property=\"og:locale\" content=\"pt_BR\" \/>\n\t\t<meta property=\"og:site_name\" content=\"Encontra Macei\u00f3 | Not\u00edcias, eventos, informa\u00e7\u00f5es e dicas na cidade Macei\u00f3 e regi\u00e3o.\" \/>\n\t\t<meta property=\"og:type\" content=\"article\" \/>\n\t\t<meta property=\"og:title\" content=\"Alunos da Escola Municipal Rui Palmeira participam do Procon Mirim | Encontra Macei\u00f3\" \/>\n\t\t<meta property=\"og:description\" content=\"Alunos da Escola Municipal Rui Palmeira descobrem o Procon Mirim e seus benef\u00edcios educacionais.\" \/>\n\t\t<meta property=\"og:url\" content=\"https:\/\/www.encontramaceio.com.br\/sobre\/alunos-da-escola-municipal-rui-palmeira-participam-do-procon-mirim\/\" \/>\n\t\t<meta property=\"article:published_time\" content=\"2026-03-29T05:45:04+00:00\" \/>\n\t\t<meta property=\"article:modified_time\" content=\"2026-03-29T05:45:04+00:00\" \/>\n\t\t<meta name=\"twitter:card\" content=\"summary\" \/>\n\t\t<meta name=\"twitter:title\" content=\"Alunos da Escola Municipal Rui Palmeira participam do Procon Mirim | Encontra Macei\u00f3\" \/>\n\t\t<meta name=\"twitter:description\" content=\"Alunos da Escola Municipal Rui Palmeira descobrem o Procon Mirim e seus benef\u00edcios educacionais.\" \/>\n\t\t<script type=\"application\/ld+json\" class=\"aioseo-schema\">\n\t\t\t{\"@context\":\"https:\\\/\\\/schema.org\",\"@graph\":[{\"@type\":\"Article\",\"@id\":\"https:\\\/\\\/www.encontramaceio.com.br\\\/sobre\\\/alunos-da-escola-municipal-rui-palmeira-participam-do-procon-mirim\\\/#article\",\"name\":\"Alunos da Escola Municipal Rui Palmeira participam do Procon Mirim | Encontra Macei\\u00f3\",\"headline\":\"Alunos da Escola Municipal Rui Palmeira participam do Procon Mirim\",\"author\":{\"@id\":\"https:\\\/\\\/www.encontramaceio.com.br\\\/sobre\\\/author\\\/emaceio\\\/#author\"},\"publisher\":{\"@id\":\"https:\\\/\\\/www.encontramaceio.com.br\\\/sobre\\\/#organization\"},\"image\":{\"@type\":\"ImageObject\",\"url\":\"https:\\\/\\\/www.encontramaceio.com.br\\\/sobre\\\/wp-content\\\/uploads\\\/2026\\\/03\\\/alunos-da-escola-municipal-rui-palmeira-participam-do-procon-mirim.webp\",\"width\":280,\"height\":280,\"caption\":\"Procon Mirim\"},\"datePublished\":\"2026-03-29T02:45:04-03:00\",\"dateModified\":\"2026-03-29T02:45:04-03:00\",\"inLanguage\":\"pt-BR\",\"mainEntityOfPage\":{\"@id\":\"https:\\\/\\\/www.encontramaceio.com.br\\\/sobre\\\/alunos-da-escola-municipal-rui-palmeira-participam-do-procon-mirim\\\/#webpage\"},\"isPartOf\":{\"@id\":\"https:\\\/\\\/www.encontramaceio.com.br\\\/sobre\\\/alunos-da-escola-municipal-rui-palmeira-participam-do-procon-mirim\\\/#webpage\"},\"articleSection\":\"Not\\u00edcias Macei\\u00f3\"},{\"@type\":\"BreadcrumbList\",\"@id\":\"https:\\\/\\\/www.encontramaceio.com.br\\\/sobre\\\/alunos-da-escola-municipal-rui-palmeira-participam-do-procon-mirim\\\/#breadcrumblist\",\"itemListElement\":[{\"@type\":\"ListItem\",\"@id\":\"https:\\\/\\\/www.encontramaceio.com.br\\\/sobre#listItem\",\"position\":1,\"name\":\"In\\u00edcio\",\"item\":\"https:\\\/\\\/www.encontramaceio.com.br\\\/sobre\",\"nextItem\":{\"@type\":\"ListItem\",\"@id\":\"https:\\\/\\\/www.encontramaceio.com.br\\\/sobre\\\/noticias-em-maceio\\\/#listItem\",\"name\":\"Not\\u00edcias Macei\\u00f3\"}},{\"@type\":\"ListItem\",\"@id\":\"https:\\\/\\\/www.encontramaceio.com.br\\\/sobre\\\/noticias-em-maceio\\\/#listItem\",\"position\":2,\"name\":\"Not\\u00edcias Macei\\u00f3\",\"item\":\"https:\\\/\\\/www.encontramaceio.com.br\\\/sobre\\\/noticias-em-maceio\\\/\",\"nextItem\":{\"@type\":\"ListItem\",\"@id\":\"https:\\\/\\\/www.encontramaceio.com.br\\\/sobre\\\/alunos-da-escola-municipal-rui-palmeira-participam-do-procon-mirim\\\/#listItem\",\"name\":\"Alunos da Escola Municipal Rui Palmeira participam do Procon Mirim\"},\"previousItem\":{\"@type\":\"ListItem\",\"@id\":\"https:\\\/\\\/www.encontramaceio.com.br\\\/sobre#listItem\",\"name\":\"In\\u00edcio\"}},{\"@type\":\"ListItem\",\"@id\":\"https:\\\/\\\/www.encontramaceio.com.br\\\/sobre\\\/alunos-da-escola-municipal-rui-palmeira-participam-do-procon-mirim\\\/#listItem\",\"position\":3,\"name\":\"Alunos da Escola Municipal Rui Palmeira participam do Procon Mirim\",\"previousItem\":{\"@type\":\"ListItem\",\"@id\":\"https:\\\/\\\/www.encontramaceio.com.br\\\/sobre\\\/noticias-em-maceio\\\/#listItem\",\"name\":\"Not\\u00edcias Macei\\u00f3\"}}]},{\"@type\":\"Organization\",\"@id\":\"https:\\\/\\\/www.encontramaceio.com.br\\\/sobre\\\/#organization\",\"name\":\"Encontra Macei\\u00f3\",\"description\":\"Not\\u00edcias, eventos, informa\\u00e7\\u00f5es e dicas na cidade Macei\\u00f3 e regi\\u00e3o.\",\"url\":\"https:\\\/\\\/www.encontramaceio.com.br\\\/sobre\\\/\"},{\"@type\":\"Person\",\"@id\":\"https:\\\/\\\/www.encontramaceio.com.br\\\/sobre\\\/author\\\/emaceio\\\/#author\",\"url\":\"https:\\\/\\\/www.encontramaceio.com.br\\\/sobre\\\/author\\\/emaceio\\\/\",\"name\":\"Encontra Macei\\u00f3\",\"image\":{\"@type\":\"ImageObject\",\"@id\":\"https:\\\/\\\/www.encontramaceio.com.br\\\/sobre\\\/alunos-da-escola-municipal-rui-palmeira-participam-do-procon-mirim\\\/#authorImage\",\"url\":\"https:\\\/\\\/secure.gravatar.com\\\/avatar\\\/507340682b8270222e1f208e23198b6ae7e2c6a1033ae84e99bc6bce4f82a387?s=96&d=mm&r=g\",\"width\":96,\"height\":96,\"caption\":\"Encontra Macei\\u00f3\"}},{\"@type\":\"WebPage\",\"@id\":\"https:\\\/\\\/www.encontramaceio.com.br\\\/sobre\\\/alunos-da-escola-municipal-rui-palmeira-participam-do-procon-mirim\\\/#webpage\",\"url\":\"https:\\\/\\\/www.encontramaceio.com.br\\\/sobre\\\/alunos-da-escola-municipal-rui-palmeira-participam-do-procon-mirim\\\/\",\"name\":\"Alunos da Escola Municipal Rui Palmeira participam do Procon Mirim | Encontra Macei\\u00f3\",\"description\":\"Alunos da Escola Municipal Rui Palmeira descobrem o Procon Mirim e seus benef\\u00edcios educacionais.\",\"inLanguage\":\"pt-BR\",\"isPartOf\":{\"@id\":\"https:\\\/\\\/www.encontramaceio.com.br\\\/sobre\\\/#website\"},\"breadcrumb\":{\"@id\":\"https:\\\/\\\/www.encontramaceio.com.br\\\/sobre\\\/alunos-da-escola-municipal-rui-palmeira-participam-do-procon-mirim\\\/#breadcrumblist\"},\"author\":{\"@id\":\"https:\\\/\\\/www.encontramaceio.com.br\\\/sobre\\\/author\\\/emaceio\\\/#author\"},\"creator\":{\"@id\":\"https:\\\/\\\/www.encontramaceio.com.br\\\/sobre\\\/author\\\/emaceio\\\/#author\"},\"image\":{\"@type\":\"ImageObject\",\"url\":\"https:\\\/\\\/www.encontramaceio.com.br\\\/sobre\\\/wp-content\\\/uploads\\\/2026\\\/03\\\/alunos-da-escola-municipal-rui-palmeira-participam-do-procon-mirim.webp\",\"@id\":\"https:\\\/\\\/www.encontramaceio.com.br\\\/sobre\\\/alunos-da-escola-municipal-rui-palmeira-participam-do-procon-mirim\\\/#mainImage\",\"width\":280,\"height\":280,\"caption\":\"Procon Mirim\"},\"primaryImageOfPage\":{\"@id\":\"https:\\\/\\\/www.encontramaceio.com.br\\\/sobre\\\/alunos-da-escola-municipal-rui-palmeira-participam-do-procon-mirim\\\/#mainImage\"},\"datePublished\":\"2026-03-29T02:45:04-03:00\",\"dateModified\":\"2026-03-29T02:45:04-03:00\"},{\"@type\":\"WebSite\",\"@id\":\"https:\\\/\\\/www.encontramaceio.com.br\\\/sobre\\\/#website\",\"url\":\"https:\\\/\\\/www.encontramaceio.com.br\\\/sobre\\\/\",\"name\":\"Encontra Macei\\u00f3\",\"description\":\"Not\\u00edcias, eventos, informa\\u00e7\\u00f5es e dicas na cidade Macei\\u00f3 e regi\\u00e3o.\",\"inLanguage\":\"pt-BR\",\"publisher\":{\"@id\":\"https:\\\/\\\/www.encontramaceio.com.br\\\/sobre\\\/#organization\"}}]}\n\t\t<\/script>\n\t\t<!-- All in One SEO -->\n\n","aioseo_head_json":{"title":"Alunos da Escola Municipal Rui Palmeira participam do Procon Mirim | Encontra Macei\u00f3","description":"Alunos da Escola Municipal Rui Palmeira descobrem o Procon Mirim e seus benef\u00edcios educacionais.","canonical_url":"https:\/\/www.encontramaceio.com.br\/sobre\/alunos-da-escola-municipal-rui-palmeira-participam-do-procon-mirim\/","robots":"max-image-preview:large","keywords":"","webmasterTools":{"miscellaneous":""},"schema":{"@context":"https:\/\/schema.org","@graph":[{"@type":"Article","@id":"https:\/\/www.encontramaceio.com.br\/sobre\/alunos-da-escola-municipal-rui-palmeira-participam-do-procon-mirim\/#article","name":"Alunos da Escola Municipal Rui Palmeira participam do Procon Mirim | Encontra Macei\u00f3","headline":"Alunos da Escola Municipal Rui Palmeira participam do Procon Mirim","author":{"@id":"https:\/\/www.encontramaceio.com.br\/sobre\/author\/emaceio\/#author"},"publisher":{"@id":"https:\/\/www.encontramaceio.com.br\/sobre\/#organization"},"image":{"@type":"ImageObject","url":"https:\/\/www.encontramaceio.com.br\/sobre\/wp-content\/uploads\/2026\/03\/alunos-da-escola-municipal-rui-palmeira-participam-do-procon-mirim.webp","width":280,"height":280,"caption":"Procon Mirim"},"datePublished":"2026-03-29T02:45:04-03:00","dateModified":"2026-03-29T02:45:04-03:00","inLanguage":"pt-BR","mainEntityOfPage":{"@id":"https:\/\/www.encontramaceio.com.br\/sobre\/alunos-da-escola-municipal-rui-palmeira-participam-do-procon-mirim\/#webpage"},"isPartOf":{"@id":"https:\/\/www.encontramaceio.com.br\/sobre\/alunos-da-escola-municipal-rui-palmeira-participam-do-procon-mirim\/#webpage"},"articleSection":"Not\u00edcias Macei\u00f3"},{"@type":"BreadcrumbList","@id":"https:\/\/www.encontramaceio.com.br\/sobre\/alunos-da-escola-municipal-rui-palmeira-participam-do-procon-mirim\/#breadcrumblist","itemListElement":[{"@type":"ListItem","@id":"https:\/\/www.encontramaceio.com.br\/sobre#listItem","position":1,"name":"In\u00edcio","item":"https:\/\/www.encontramaceio.com.br\/sobre","nextItem":{"@type":"ListItem","@id":"https:\/\/www.encontramaceio.com.br\/sobre\/noticias-em-maceio\/#listItem","name":"Not\u00edcias Macei\u00f3"}},{"@type":"ListItem","@id":"https:\/\/www.encontramaceio.com.br\/sobre\/noticias-em-maceio\/#listItem","position":2,"name":"Not\u00edcias Macei\u00f3","item":"https:\/\/www.encontramaceio.com.br\/sobre\/noticias-em-maceio\/","nextItem":{"@type":"ListItem","@id":"https:\/\/www.encontramaceio.com.br\/sobre\/alunos-da-escola-municipal-rui-palmeira-participam-do-procon-mirim\/#listItem","name":"Alunos da Escola Municipal Rui Palmeira participam do Procon Mirim"},"previousItem":{"@type":"ListItem","@id":"https:\/\/www.encontramaceio.com.br\/sobre#listItem","name":"In\u00edcio"}},{"@type":"ListItem","@id":"https:\/\/www.encontramaceio.com.br\/sobre\/alunos-da-escola-municipal-rui-palmeira-participam-do-procon-mirim\/#listItem","position":3,"name":"Alunos da Escola Municipal Rui Palmeira participam do Procon Mirim","previousItem":{"@type":"ListItem","@id":"https:\/\/www.encontramaceio.com.br\/sobre\/noticias-em-maceio\/#listItem","name":"Not\u00edcias Macei\u00f3"}}]},{"@type":"Organization","@id":"https:\/\/www.encontramaceio.com.br\/sobre\/#organization","name":"Encontra Macei\u00f3","description":"Not\u00edcias, eventos, informa\u00e7\u00f5es e dicas na cidade Macei\u00f3 e regi\u00e3o.","url":"https:\/\/www.encontramaceio.com.br\/sobre\/"},{"@type":"Person","@id":"https:\/\/www.encontramaceio.com.br\/sobre\/author\/emaceio\/#author","url":"https:\/\/www.encontramaceio.com.br\/sobre\/author\/emaceio\/","name":"Encontra Macei\u00f3","image":{"@type":"ImageObject","@id":"https:\/\/www.encontramaceio.com.br\/sobre\/alunos-da-escola-municipal-rui-palmeira-participam-do-procon-mirim\/#authorImage","url":"https:\/\/secure.gravatar.com\/avatar\/507340682b8270222e1f208e23198b6ae7e2c6a1033ae84e99bc6bce4f82a387?s=96&d=mm&r=g","width":96,"height":96,"caption":"Encontra Macei\u00f3"}},{"@type":"WebPage","@id":"https:\/\/www.encontramaceio.com.br\/sobre\/alunos-da-escola-municipal-rui-palmeira-participam-do-procon-mirim\/#webpage","url":"https:\/\/www.encontramaceio.com.br\/sobre\/alunos-da-escola-municipal-rui-palmeira-participam-do-procon-mirim\/","name":"Alunos da Escola Municipal Rui Palmeira participam do Procon Mirim | Encontra Macei\u00f3","description":"Alunos da Escola Municipal Rui Palmeira descobrem o Procon Mirim e seus benef\u00edcios educacionais.","inLanguage":"pt-BR","isPartOf":{"@id":"https:\/\/www.encontramaceio.com.br\/sobre\/#website"},"breadcrumb":{"@id":"https:\/\/www.encontramaceio.com.br\/sobre\/alunos-da-escola-municipal-rui-palmeira-participam-do-procon-mirim\/#breadcrumblist"},"author":{"@id":"https:\/\/www.encontramaceio.com.br\/sobre\/author\/emaceio\/#author"},"creator":{"@id":"https:\/\/www.encontramaceio.com.br\/sobre\/author\/emaceio\/#author"},"image":{"@type":"ImageObject","url":"https:\/\/www.encontramaceio.com.br\/sobre\/wp-content\/uploads\/2026\/03\/alunos-da-escola-municipal-rui-palmeira-participam-do-procon-mirim.webp","@id":"https:\/\/www.encontramaceio.com.br\/sobre\/alunos-da-escola-municipal-rui-palmeira-participam-do-procon-mirim\/#mainImage","width":280,"height":280,"caption":"Procon Mirim"},"primaryImageOfPage":{"@id":"https:\/\/www.encontramaceio.com.br\/sobre\/alunos-da-escola-municipal-rui-palmeira-participam-do-procon-mirim\/#mainImage"},"datePublished":"2026-03-29T02:45:04-03:00","dateModified":"2026-03-29T02:45:04-03:00"},{"@type":"WebSite","@id":"https:\/\/www.encontramaceio.com.br\/sobre\/#website","url":"https:\/\/www.encontramaceio.com.br\/sobre\/","name":"Encontra Macei\u00f3","description":"Not\u00edcias, eventos, informa\u00e7\u00f5es e dicas na cidade Macei\u00f3 e regi\u00e3o.","inLanguage":"pt-BR","publisher":{"@id":"https:\/\/www.encontramaceio.com.br\/sobre\/#organization"}}]},"og:locale":"pt_BR","og:site_name":"Encontra Macei\u00f3 | Not\u00edcias, eventos, informa\u00e7\u00f5es e dicas na cidade Macei\u00f3 e regi\u00e3o.","og:type":"article","og:title":"Alunos da Escola Municipal Rui Palmeira participam do Procon Mirim | Encontra Macei\u00f3","og:description":"Alunos da Escola Municipal Rui Palmeira descobrem o Procon Mirim e seus benef\u00edcios educacionais.","og:url":"https:\/\/www.encontramaceio.com.br\/sobre\/alunos-da-escola-municipal-rui-palmeira-participam-do-procon-mirim\/","article:published_time":"2026-03-29T05:45:04+00:00","article:modified_time":"2026-03-29T05:45:04+00:00","twitter:card":"summary","twitter:title":"Alunos da Escola Municipal Rui Palmeira participam do Procon Mirim | Encontra Macei\u00f3","twitter:description":"Alunos da Escola Municipal Rui Palmeira descobrem o Procon Mirim e seus benef\u00edcios educacionais."},"aioseo_meta_data":{"post_id":"3647","title":null,"description":null,"keywords":null,"keyphrases":null,"primary_term":null,"canonical_url":null,"og_title":null,"og_description":null,"og_object_type":"default","og_image_type":"default","og_image_url":null,"og_image_width":null,"og_image_height":null,"og_image_custom_url":null,"og_image_custom_fields":null,"og_video":null,"og_custom_url":null,"og_article_section":null,"og_article_tags":null,"twitter_use_og":false,"twitter_card":"default","twitter_image_type":"default","twitter_image_url":null,"twitter_image_custom_url":null,"twitter_image_custom_fields":null,"twitter_title":null,"twitter_description":null,"schema":{"blockGraphs":[],"customGraphs":[],"default":{"data":{"Article":[],"Course":[],"Dataset":[],"FAQPage":[],"Movie":[],"Person":[],"Product":[],"ProductReview":[],"Car":[],"Recipe":[],"Service":[],"SoftwareApplication":[],"WebPage":[]},"graphName":"Article","isEnabled":true},"graphs":[]},"schema_type":"default","schema_type_options":null,"pillar_content":false,"robots_default":true,"robots_noindex":false,"robots_noarchive":false,"robots_nosnippet":false,"robots_nofollow":false,"robots_noimageindex":false,"robots_noodp":false,"robots_notranslate":false,"robots_max_snippet":null,"robots_max_videopreview":null,"robots_max_imagepreview":"large","priority":null,"frequency":null,"local_seo":null,"limit_modified_date":false,"created":"2026-03-29 05:45:09","updated":"2026-03-29 05:48:14","focus_keyword":null,"additional_keywords":null,"truseo_locale":null,"ai":null,"breadcrumb_settings":null,"seo_analyzer_scan_date":null},"aioseo_breadcrumb":"<div class=\"aioseo-breadcrumbs\"><span class=\"aioseo-breadcrumb\">\n\t\t\t<a href=\"https:\/\/www.encontramaceio.com.br\/sobre\" title=\"In\u00edcio\">In\u00edcio<\/a>\n\t\t<\/span><span class=\"aioseo-breadcrumb-separator\">&raquo;<\/span><span class=\"aioseo-breadcrumb\">\n\t\t\t<a href=\"https:\/\/www.encontramaceio.com.br\/sobre\/noticias-em-maceio\/\" title=\"Not\u00edcias Macei\u00f3\">Not\u00edcias Macei\u00f3<\/a>\n\t\t<\/span><span class=\"aioseo-breadcrumb-separator\">&raquo;<\/span><span class=\"aioseo-breadcrumb\">\n\t\t\tAlunos da Escola Municipal Rui Palmeira participam do Procon Mirim\n\t\t<\/span><\/div>","aioseo_breadcrumb_json":[{"label":"In\u00edcio","link":"https:\/\/www.encontramaceio.com.br\/sobre"},{"label":"Not\u00edcias Macei\u00f3","link":"https:\/\/www.encontramaceio.com.br\/sobre\/noticias-em-maceio\/"},{"label":"Alunos da Escola Municipal Rui Palmeira participam do Procon Mirim","link":"https:\/\/www.encontramaceio.com.br\/sobre\/alunos-da-escola-municipal-rui-palmeira-participam-do-procon-mirim\/"}],"_links":{"self":[{"href":"https:\/\/www.encontramaceio.com.br\/sobre\/wp-json\/wp\/v2\/posts\/3647","targetHints":{"allow":["GET"]}}],"collection":[{"href":"https:\/\/www.encontramaceio.com.br\/sobre\/wp-json\/wp\/v2\/posts"}],"about":[{"href":"https:\/\/www.encontramaceio.com.br\/sobre\/wp-json\/wp\/v2\/types\/post"}],"author":[{"embeddable":true,"href":"https:\/\/www.encontramaceio.com.br\/sobre\/wp-json\/wp\/v2\/users\/1"}],"replies":[{"embeddable":true,"href":"https:\/\/www.encontramaceio.com.br\/sobre\/wp-json\/wp\/v2\/comments?post=3647"}],"version-history":[{"count":0,"href":"https:\/\/www.encontramaceio.com.br\/sobre\/wp-json\/wp\/v2\/posts\/3647\/revisions"}],"wp:featuredmedia":[{"embeddable":true,"href":"https:\/\/www.encontramaceio.com.br\/sobre\/wp-json\/wp\/v2\/media\/3646"}],"wp:attachment":[{"href":"https:\/\/www.encontramaceio.com.br\/sobre\/wp-json\/wp\/v2\/media?parent=3647"}],"wp:term":[{"taxonomy":"category","embeddable":true,"href":"https:\/\/www.encontramaceio.com.br\/sobre\/wp-json\/wp\/v2\/categories?post=3647"},{"taxonomy":"post_tag","embeddable":true,"href":"https:\/\/www.encontramaceio.com.br\/sobre\/wp-json\/wp\/v2\/tags?post=3647"}],"curies":[{"name":"wp","href":"https:\/\/api.w.org\/{rel}","templated":true}]}}