{"id":3589,"date":"2026-03-16T02:28:09","date_gmt":"2026-03-16T05:28:09","guid":{"rendered":"https:\/\/www.encontramaceio.com.br\/sobre\/casa-do-autista-de-maceio-abre-novas-vagas-para-equipe-multidisciplinar-com-salarios-de-ate-r-10-mil\/"},"modified":"2026-03-16T02:28:09","modified_gmt":"2026-03-16T05:28:09","slug":"casa-do-autista-de-maceio-abre-novas-vagas-para-equipe-multidisciplinar-com-salarios-de-ate-r-10-mil","status":"publish","type":"post","link":"https:\/\/www.encontramaceio.com.br\/sobre\/casa-do-autista-de-maceio-abre-novas-vagas-para-equipe-multidisciplinar-com-salarios-de-ate-r-10-mil\/","title":{"rendered":"Casa do Autista de Macei\u00f3 abre novas vagas para equipe multidisciplinar com sal\u00e1rios de at\u00e9 R$ 10 mil"},"content":{"rendered":"<div class=\"dcb782f0616bca5484400fea6b37e93d\" data-index=\"1\" style=\"float: none; margin:0px;\">\n<script async src=\"https:\/\/pagead2.googlesyndication.com\/pagead\/js\/adsbygoogle.js?client=ca-pub-8585364105181520\"\r\n     crossorigin=\"anonymous\"><\/script>\r\n<!-- Anuncio display - global -->\r\n<ins class=\"adsbygoogle\"\r\n     style=\"display:block\"\r\n     data-ad-client=\"ca-pub-8585364105181520\"\r\n     data-ad-slot=\"8789329856\"\r\n     data-ad-format=\"auto\"\r\n     data-full-width-responsive=\"true\"><\/ins>\r\n<script>\r\n     (adsbygoogle = window.adsbygoogle || []).push({});\r\n<\/script>\n<\/div>\n<h2>Oportunidades na Casa do Autista<\/h2>\n<p>A Casa do Autista de Macei\u00f3 est\u00e1 oferecendo novas vagas para integrar seu time multidisciplinar, visando fortalecer o atendimento a indiv\u00edduos com Transtorno do Espectro Autista (TEA). Este espa\u00e7o, que se encontra em fase de implementa\u00e7\u00e3o no bairro Gruta de Lourdes, representa uma oportunidade significativa para profissionais nas \u00e1reas da sa\u00fade e educa\u00e7\u00e3o que desejam contribuir para o bem-estar e desenvolvimento de crian\u00e7as com necessidades especiais.<\/p>\n<h2>Quem Pode Se Inscrever?<\/h2>\n<p>As vagas dispon\u00edveis na Casa do Autista est\u00e3o abertas para uma variedade de especialidades. Profissionais como neuropediatras, psiquiatras, psic\u00f3logos, fonoaudi\u00f3logos, terapeutas ocupacionais, psicopedagogos, musicoterapeutas, profissionais de educa\u00e7\u00e3o f\u00edsica, assistentes sociais, fisioterapeutas, pedag\u00f3gicos, enfermeiros e nutricionistas s\u00e3o todos convidados a participar do processo seletivo. Desta forma, a unidade busca construir uma equipe diversificada e capacitada para atender a complexidade do TEA.<\/p>\n<h2>Processo Seletivo e Inscri\u00e7\u00f5es<\/h2>\n<p>O processo seletivo est\u00e1 sendo realizado atrav\u00e9s de an\u00e1lise curricular e as inscri\u00e7\u00f5es podem ser feitas at\u00e9 o dia 17 de mar\u00e7o de 2026. Todos os interessados devem se atentar \u00e0s instru\u00e7\u00f5es contidas no edital e garantir que toda a documenta\u00e7\u00e3o necess\u00e1ria seja submetida dentro do prazo estipulado. Essa sele\u00e7\u00e3o dar\u00e1 prioridade \u00e0 qualifica\u00e7\u00e3o e experi\u00eancia dos candidatos, promovendo a escolha dos melhores profissionais para a casa.<\/p>\n<p><img decoding=\"async\" src=\"https:\/\/www.encontramaceio.com.br\/sobre\/wp-content\/uploads\/2026\/03\/casa-do-autista-de-maceio-abre-novas-vagas-para-equipe-multidisciplinar-com-salarios-de-ate-r-10-mil.webp\" alt=\"Casa do Autista de Macei\u00f3\" loading=\"lazy\" \/><\/p>\n<h2>Sal\u00e1rios e Benef\u00edcios Oferecidos<\/h2>\n<p>A Casa do Autista de Macei\u00f3 fornece uma remunera\u00e7\u00e3o competitiva, que varia de R$ 2.500 a R$ 10.000, dependendo da fun\u00e7\u00e3o exercida. Esse leque salarial considera a especializa\u00e7\u00e3o e experi\u00eancia do profissional, tornando a proposta atrativa para aqueles que desejam contribuir com a sa\u00fade p\u00fablica e ao mesmo tempo garantir uma compensa\u00e7\u00e3o adequada pelo seu trabalho. Al\u00e9m disso, a integra\u00e7\u00e3o \u00e0 equipe pode oferecer benef\u00edcios como capacita\u00e7\u00f5es e um ambiente colaborativo e inovador.<\/p>\n<h2>Estrutura e Atendimentos da Casa<\/h2>\n<p>A estrutura da Casa do Autista foi projetada visando atender \u00e0s necessidades espec\u00edficas de cada paciente. O local contar\u00e1 com salas para terapias especializadas, ambientes sensoriais, \u00e1reas de conviv\u00eancia e espa\u00e7os educativos, todos adaptados para proporcionar seguran\u00e7a e conforto a crian\u00e7as com TEA. Isso garante que cada atividade desenvolvida no espa\u00e7o seja voltada para o desenvolvimento sensorial, motor e cognitivo dos atendidos.<\/p>\n<h2>Import\u00e2ncia do Atendimento Especializado<\/h2>\n<p>Um atendimento especializado \u00e9 crucial para a evolu\u00e7\u00e3o e inclus\u00e3o de indiv\u00edduos com TEA. A Casa do Autista n\u00e3o se limita apenas a oferecer servi\u00e7os b\u00e1sicos, mas prop\u00f5e uma abordagem integral que inclui musicoterapia, aquaterapia, terapia ocupacional, psicologia e nutri\u00e7\u00e3o. Dessa forma, busca-se n\u00e3o apenas atender \u00e0s necessidades imediatas dos pacientes, mas tamb\u00e9m fomentar seu crescimento e inser\u00e7\u00e3o social.<\/p>\n<h2>Objetivos da Nova Unidade<\/h2>\n<p>Os principais objetivos da Casa do Autista incluem proporcionar atendimento de alta qualidade e acess\u00edvel, junto ao Sistema \u00danico de Sa\u00fade (SUS). A unidade se prop\u00f5e a ser refer\u00eancia regional, juntamente com a busca de profissionais comprometidos, que trar\u00e3o sensibilidade e capacidade t\u00e9cnica para lidar com a complexidade do TEA. A Casa do Autista \u00e9 um espa\u00e7o de acolhimento, promovendo desenvolvimento e inclus\u00e3o.<\/p>\n<h2>Integra\u00e7\u00e3o de Profissionais de Sa\u00fade<\/h2>\n<p>Com a forma\u00e7\u00e3o de uma equipe multidisciplinar, a Casa do Autista acredita na for\u00e7a da colabora\u00e7\u00e3o. Este conceito de equipe integrativa \u00e9 vital para um tratamento eficaz, onde cada especialista traz seu conhecimento para atender \u00e0s diversas facetas do TEA. Isso amplia as possibilidades de um atendimento mais humanizado e especializado, que considera a individualidade de cada paciente.<\/p>\n<h2>Impacto na Comunidade de Macei\u00f3<\/h2>\n<p>A implementa\u00e7\u00e3o da Casa do Autista promete um grande impacto positivo na comunidade, tendo em vista que a unidade poder\u00e1 atender n\u00e3o apenas Macei\u00f3, mas regi\u00f5es vizinhas que tamb\u00e9m carecem de assist\u00eancia especial. A meta \u00e9 fortalecer a rede de apoio \u00e0s fam\u00edlias de crian\u00e7as com TEA, garantindo que possam ter acesso a terapia e suporte adequados. Isto resulta em uma melhora significativa na qualidade de vida dos atendidos e de suas fam\u00edlias.<\/p>\n<h2>Como Acompanhar o Processo Seletivo<\/h2>\n<p>Aqueles que desejam participar do processo seletivo da Casa do Autista devem acompanhar o edital dispon\u00edvel no website oficial da institui\u00e7\u00e3o. \u00c9 fundamental estar atento \u00e0s datas, documenta\u00e7\u00e3o necess\u00e1ria e demais orienta\u00e7\u00f5es para garantir a efetividade na inscri\u00e7\u00e3o. O acompanhamento ativo no site tamb\u00e9m proporcionar\u00e1 informa\u00e7\u00f5es adicionais sobre as etapas do processo e sobre as futuras necessidades da unidade.<\/p>\n\n<div style=\"font-size: 0px; height: 0px; line-height: 0px; margin: 0; padding: 0; clear: both;\"><\/div>","protected":false},"excerpt":{"rendered":"<p>Casa do Autista de Macei\u00f3 abre novas vagas com sal\u00e1rios at\u00e9 R$ 10 mil.<\/p>\n","protected":false},"author":1,"featured_media":3588,"comment_status":"closed","ping_status":"closed","sticky":false,"template":"","format":"standard","meta":{"footnotes":""},"categories":[1],"tags":[],"class_list":["post-3589","post","type-post","status-publish","format-standard","has-post-thumbnail","hentry","category-noticias-em-maceio","has_thumb"],"aioseo_notices":[],"aioseo_head":"\n\t\t<!-- All in One SEO 5.0.0.1 - aioseo.com -->\n\t<meta name=\"description\" content=\"Casa do Autista de Macei\u00f3 abre novas vagas com sal\u00e1rios at\u00e9 R$ 10 mil.\" \/>\n\t<meta name=\"robots\" content=\"max-image-preview:large\" \/>\n\t<meta name=\"author\" content=\"Encontra Macei\u00f3\"\/>\n\t<link rel=\"canonical\" href=\"https:\/\/www.encontramaceio.com.br\/sobre\/casa-do-autista-de-maceio-abre-novas-vagas-para-equipe-multidisciplinar-com-salarios-de-ate-r-10-mil\/\" \/>\n\t<meta name=\"generator\" content=\"All in One SEO (AIOSEO) 5.0.0.1\" \/>\n\t\t<meta property=\"og:locale\" content=\"pt_BR\" \/>\n\t\t<meta property=\"og:site_name\" content=\"Encontra Macei\u00f3 | Not\u00edcias, eventos, informa\u00e7\u00f5es e dicas na cidade Macei\u00f3 e regi\u00e3o.\" \/>\n\t\t<meta property=\"og:type\" content=\"article\" \/>\n\t\t<meta property=\"og:title\" content=\"Casa do Autista de Macei\u00f3 abre novas vagas para equipe multidisciplinar com sal\u00e1rios de at\u00e9 R$ 10 mil | Encontra Macei\u00f3\" \/>\n\t\t<meta property=\"og:description\" content=\"Casa do Autista de Macei\u00f3 abre novas vagas com sal\u00e1rios at\u00e9 R$ 10 mil.\" \/>\n\t\t<meta property=\"og:url\" content=\"https:\/\/www.encontramaceio.com.br\/sobre\/casa-do-autista-de-maceio-abre-novas-vagas-para-equipe-multidisciplinar-com-salarios-de-ate-r-10-mil\/\" \/>\n\t\t<meta property=\"article:published_time\" content=\"2026-03-16T05:28:09+00:00\" \/>\n\t\t<meta property=\"article:modified_time\" content=\"2026-03-16T05:28:09+00:00\" \/>\n\t\t<meta name=\"twitter:card\" content=\"summary\" \/>\n\t\t<meta name=\"twitter:title\" content=\"Casa do Autista de Macei\u00f3 abre novas vagas para equipe multidisciplinar com sal\u00e1rios de at\u00e9 R$ 10 mil | Encontra Macei\u00f3\" \/>\n\t\t<meta name=\"twitter:description\" content=\"Casa do Autista de Macei\u00f3 abre novas vagas com sal\u00e1rios at\u00e9 R$ 10 mil.\" \/>\n\t\t<script type=\"application\/ld+json\" class=\"aioseo-schema\">\n\t\t\t{\"@context\":\"https:\\\/\\\/schema.org\",\"@graph\":[{\"@type\":\"Article\",\"@id\":\"https:\\\/\\\/www.encontramaceio.com.br\\\/sobre\\\/casa-do-autista-de-maceio-abre-novas-vagas-para-equipe-multidisciplinar-com-salarios-de-ate-r-10-mil\\\/#article\",\"name\":\"Casa do Autista de Macei\\u00f3 abre novas vagas para equipe multidisciplinar com sal\\u00e1rios de at\\u00e9 R$ 10 mil | Encontra Macei\\u00f3\",\"headline\":\"Casa do Autista de Macei\\u00f3 abre novas vagas para equipe multidisciplinar com sal\\u00e1rios de at\\u00e9 R$ 10 mil\",\"author\":{\"@id\":\"https:\\\/\\\/www.encontramaceio.com.br\\\/sobre\\\/author\\\/emaceio\\\/#author\"},\"publisher\":{\"@id\":\"https:\\\/\\\/www.encontramaceio.com.br\\\/sobre\\\/#organization\"},\"image\":{\"@type\":\"ImageObject\",\"url\":\"https:\\\/\\\/www.encontramaceio.com.br\\\/sobre\\\/wp-content\\\/uploads\\\/2026\\\/03\\\/casa-do-autista-de-maceio-abre-novas-vagas-para-equipe-multidisciplinar-com-salarios-de-ate-r-10-mil.webp\",\"width\":280,\"height\":280,\"caption\":\"Casa do Autista de Macei\\u00f3\"},\"datePublished\":\"2026-03-16T02:28:09-03:00\",\"dateModified\":\"2026-03-16T02:28:09-03:00\",\"inLanguage\":\"pt-BR\",\"mainEntityOfPage\":{\"@id\":\"https:\\\/\\\/www.encontramaceio.com.br\\\/sobre\\\/casa-do-autista-de-maceio-abre-novas-vagas-para-equipe-multidisciplinar-com-salarios-de-ate-r-10-mil\\\/#webpage\"},\"isPartOf\":{\"@id\":\"https:\\\/\\\/www.encontramaceio.com.br\\\/sobre\\\/casa-do-autista-de-maceio-abre-novas-vagas-para-equipe-multidisciplinar-com-salarios-de-ate-r-10-mil\\\/#webpage\"},\"articleSection\":\"Not\\u00edcias Macei\\u00f3\"},{\"@type\":\"BreadcrumbList\",\"@id\":\"https:\\\/\\\/www.encontramaceio.com.br\\\/sobre\\\/casa-do-autista-de-maceio-abre-novas-vagas-para-equipe-multidisciplinar-com-salarios-de-ate-r-10-mil\\\/#breadcrumblist\",\"itemListElement\":[{\"@type\":\"ListItem\",\"@id\":\"https:\\\/\\\/www.encontramaceio.com.br\\\/sobre#listItem\",\"position\":1,\"name\":\"In\\u00edcio\",\"item\":\"https:\\\/\\\/www.encontramaceio.com.br\\\/sobre\",\"nextItem\":{\"@type\":\"ListItem\",\"@id\":\"https:\\\/\\\/www.encontramaceio.com.br\\\/sobre\\\/noticias-em-maceio\\\/#listItem\",\"name\":\"Not\\u00edcias Macei\\u00f3\"}},{\"@type\":\"ListItem\",\"@id\":\"https:\\\/\\\/www.encontramaceio.com.br\\\/sobre\\\/noticias-em-maceio\\\/#listItem\",\"position\":2,\"name\":\"Not\\u00edcias Macei\\u00f3\",\"item\":\"https:\\\/\\\/www.encontramaceio.com.br\\\/sobre\\\/noticias-em-maceio\\\/\",\"nextItem\":{\"@type\":\"ListItem\",\"@id\":\"https:\\\/\\\/www.encontramaceio.com.br\\\/sobre\\\/casa-do-autista-de-maceio-abre-novas-vagas-para-equipe-multidisciplinar-com-salarios-de-ate-r-10-mil\\\/#listItem\",\"name\":\"Casa do Autista de Macei\\u00f3 abre novas vagas para equipe multidisciplinar com sal\\u00e1rios de at\\u00e9 R$ 10 mil\"},\"previousItem\":{\"@type\":\"ListItem\",\"@id\":\"https:\\\/\\\/www.encontramaceio.com.br\\\/sobre#listItem\",\"name\":\"In\\u00edcio\"}},{\"@type\":\"ListItem\",\"@id\":\"https:\\\/\\\/www.encontramaceio.com.br\\\/sobre\\\/casa-do-autista-de-maceio-abre-novas-vagas-para-equipe-multidisciplinar-com-salarios-de-ate-r-10-mil\\\/#listItem\",\"position\":3,\"name\":\"Casa do Autista de Macei\\u00f3 abre novas vagas para equipe multidisciplinar com sal\\u00e1rios de at\\u00e9 R$ 10 mil\",\"previousItem\":{\"@type\":\"ListItem\",\"@id\":\"https:\\\/\\\/www.encontramaceio.com.br\\\/sobre\\\/noticias-em-maceio\\\/#listItem\",\"name\":\"Not\\u00edcias Macei\\u00f3\"}}]},{\"@type\":\"Organization\",\"@id\":\"https:\\\/\\\/www.encontramaceio.com.br\\\/sobre\\\/#organization\",\"name\":\"Encontra Macei\\u00f3\",\"description\":\"Not\\u00edcias, eventos, informa\\u00e7\\u00f5es e dicas na cidade Macei\\u00f3 e regi\\u00e3o.\",\"url\":\"https:\\\/\\\/www.encontramaceio.com.br\\\/sobre\\\/\"},{\"@type\":\"Person\",\"@id\":\"https:\\\/\\\/www.encontramaceio.com.br\\\/sobre\\\/author\\\/emaceio\\\/#author\",\"url\":\"https:\\\/\\\/www.encontramaceio.com.br\\\/sobre\\\/author\\\/emaceio\\\/\",\"name\":\"Encontra Macei\\u00f3\",\"image\":{\"@type\":\"ImageObject\",\"@id\":\"https:\\\/\\\/www.encontramaceio.com.br\\\/sobre\\\/casa-do-autista-de-maceio-abre-novas-vagas-para-equipe-multidisciplinar-com-salarios-de-ate-r-10-mil\\\/#authorImage\",\"url\":\"https:\\\/\\\/secure.gravatar.com\\\/avatar\\\/507340682b8270222e1f208e23198b6ae7e2c6a1033ae84e99bc6bce4f82a387?s=96&d=mm&r=g\",\"width\":96,\"height\":96,\"caption\":\"Encontra Macei\\u00f3\"}},{\"@type\":\"WebPage\",\"@id\":\"https:\\\/\\\/www.encontramaceio.com.br\\\/sobre\\\/casa-do-autista-de-maceio-abre-novas-vagas-para-equipe-multidisciplinar-com-salarios-de-ate-r-10-mil\\\/#webpage\",\"url\":\"https:\\\/\\\/www.encontramaceio.com.br\\\/sobre\\\/casa-do-autista-de-maceio-abre-novas-vagas-para-equipe-multidisciplinar-com-salarios-de-ate-r-10-mil\\\/\",\"name\":\"Casa do Autista de Macei\\u00f3 abre novas vagas para equipe multidisciplinar com sal\\u00e1rios de at\\u00e9 R$ 10 mil | Encontra Macei\\u00f3\",\"description\":\"Casa do Autista de Macei\\u00f3 abre novas vagas com sal\\u00e1rios at\\u00e9 R$ 10 mil.\",\"inLanguage\":\"pt-BR\",\"isPartOf\":{\"@id\":\"https:\\\/\\\/www.encontramaceio.com.br\\\/sobre\\\/#website\"},\"breadcrumb\":{\"@id\":\"https:\\\/\\\/www.encontramaceio.com.br\\\/sobre\\\/casa-do-autista-de-maceio-abre-novas-vagas-para-equipe-multidisciplinar-com-salarios-de-ate-r-10-mil\\\/#breadcrumblist\"},\"author\":{\"@id\":\"https:\\\/\\\/www.encontramaceio.com.br\\\/sobre\\\/author\\\/emaceio\\\/#author\"},\"creator\":{\"@id\":\"https:\\\/\\\/www.encontramaceio.com.br\\\/sobre\\\/author\\\/emaceio\\\/#author\"},\"image\":{\"@type\":\"ImageObject\",\"url\":\"https:\\\/\\\/www.encontramaceio.com.br\\\/sobre\\\/wp-content\\\/uploads\\\/2026\\\/03\\\/casa-do-autista-de-maceio-abre-novas-vagas-para-equipe-multidisciplinar-com-salarios-de-ate-r-10-mil.webp\",\"@id\":\"https:\\\/\\\/www.encontramaceio.com.br\\\/sobre\\\/casa-do-autista-de-maceio-abre-novas-vagas-para-equipe-multidisciplinar-com-salarios-de-ate-r-10-mil\\\/#mainImage\",\"width\":280,\"height\":280,\"caption\":\"Casa do Autista de Macei\\u00f3\"},\"primaryImageOfPage\":{\"@id\":\"https:\\\/\\\/www.encontramaceio.com.br\\\/sobre\\\/casa-do-autista-de-maceio-abre-novas-vagas-para-equipe-multidisciplinar-com-salarios-de-ate-r-10-mil\\\/#mainImage\"},\"datePublished\":\"2026-03-16T02:28:09-03:00\",\"dateModified\":\"2026-03-16T02:28:09-03:00\"},{\"@type\":\"WebSite\",\"@id\":\"https:\\\/\\\/www.encontramaceio.com.br\\\/sobre\\\/#website\",\"url\":\"https:\\\/\\\/www.encontramaceio.com.br\\\/sobre\\\/\",\"name\":\"Encontra Macei\\u00f3\",\"description\":\"Not\\u00edcias, eventos, informa\\u00e7\\u00f5es e dicas na cidade Macei\\u00f3 e regi\\u00e3o.\",\"inLanguage\":\"pt-BR\",\"publisher\":{\"@id\":\"https:\\\/\\\/www.encontramaceio.com.br\\\/sobre\\\/#organization\"}}]}\n\t\t<\/script>\n\t\t<!-- All in One SEO -->\n\n","aioseo_head_json":{"title":"Casa do Autista de Macei\u00f3 abre novas vagas para equipe multidisciplinar com sal\u00e1rios de at\u00e9 R$ 10 mil | Encontra Macei\u00f3","description":"Casa do Autista de Macei\u00f3 abre novas vagas com sal\u00e1rios at\u00e9 R$ 10 mil.","canonical_url":"https:\/\/www.encontramaceio.com.br\/sobre\/casa-do-autista-de-maceio-abre-novas-vagas-para-equipe-multidisciplinar-com-salarios-de-ate-r-10-mil\/","robots":"max-image-preview:large","keywords":"","webmasterTools":{"miscellaneous":""},"schema":{"@context":"https:\/\/schema.org","@graph":[{"@type":"Article","@id":"https:\/\/www.encontramaceio.com.br\/sobre\/casa-do-autista-de-maceio-abre-novas-vagas-para-equipe-multidisciplinar-com-salarios-de-ate-r-10-mil\/#article","name":"Casa do Autista de Macei\u00f3 abre novas vagas para equipe multidisciplinar com sal\u00e1rios de at\u00e9 R$ 10 mil | Encontra Macei\u00f3","headline":"Casa do Autista de Macei\u00f3 abre novas vagas para equipe multidisciplinar com sal\u00e1rios de at\u00e9 R$ 10 mil","author":{"@id":"https:\/\/www.encontramaceio.com.br\/sobre\/author\/emaceio\/#author"},"publisher":{"@id":"https:\/\/www.encontramaceio.com.br\/sobre\/#organization"},"image":{"@type":"ImageObject","url":"https:\/\/www.encontramaceio.com.br\/sobre\/wp-content\/uploads\/2026\/03\/casa-do-autista-de-maceio-abre-novas-vagas-para-equipe-multidisciplinar-com-salarios-de-ate-r-10-mil.webp","width":280,"height":280,"caption":"Casa do Autista de Macei\u00f3"},"datePublished":"2026-03-16T02:28:09-03:00","dateModified":"2026-03-16T02:28:09-03:00","inLanguage":"pt-BR","mainEntityOfPage":{"@id":"https:\/\/www.encontramaceio.com.br\/sobre\/casa-do-autista-de-maceio-abre-novas-vagas-para-equipe-multidisciplinar-com-salarios-de-ate-r-10-mil\/#webpage"},"isPartOf":{"@id":"https:\/\/www.encontramaceio.com.br\/sobre\/casa-do-autista-de-maceio-abre-novas-vagas-para-equipe-multidisciplinar-com-salarios-de-ate-r-10-mil\/#webpage"},"articleSection":"Not\u00edcias Macei\u00f3"},{"@type":"BreadcrumbList","@id":"https:\/\/www.encontramaceio.com.br\/sobre\/casa-do-autista-de-maceio-abre-novas-vagas-para-equipe-multidisciplinar-com-salarios-de-ate-r-10-mil\/#breadcrumblist","itemListElement":[{"@type":"ListItem","@id":"https:\/\/www.encontramaceio.com.br\/sobre#listItem","position":1,"name":"In\u00edcio","item":"https:\/\/www.encontramaceio.com.br\/sobre","nextItem":{"@type":"ListItem","@id":"https:\/\/www.encontramaceio.com.br\/sobre\/noticias-em-maceio\/#listItem","name":"Not\u00edcias Macei\u00f3"}},{"@type":"ListItem","@id":"https:\/\/www.encontramaceio.com.br\/sobre\/noticias-em-maceio\/#listItem","position":2,"name":"Not\u00edcias Macei\u00f3","item":"https:\/\/www.encontramaceio.com.br\/sobre\/noticias-em-maceio\/","nextItem":{"@type":"ListItem","@id":"https:\/\/www.encontramaceio.com.br\/sobre\/casa-do-autista-de-maceio-abre-novas-vagas-para-equipe-multidisciplinar-com-salarios-de-ate-r-10-mil\/#listItem","name":"Casa do Autista de Macei\u00f3 abre novas vagas para equipe multidisciplinar com sal\u00e1rios de at\u00e9 R$ 10 mil"},"previousItem":{"@type":"ListItem","@id":"https:\/\/www.encontramaceio.com.br\/sobre#listItem","name":"In\u00edcio"}},{"@type":"ListItem","@id":"https:\/\/www.encontramaceio.com.br\/sobre\/casa-do-autista-de-maceio-abre-novas-vagas-para-equipe-multidisciplinar-com-salarios-de-ate-r-10-mil\/#listItem","position":3,"name":"Casa do Autista de Macei\u00f3 abre novas vagas para equipe multidisciplinar com sal\u00e1rios de at\u00e9 R$ 10 mil","previousItem":{"@type":"ListItem","@id":"https:\/\/www.encontramaceio.com.br\/sobre\/noticias-em-maceio\/#listItem","name":"Not\u00edcias Macei\u00f3"}}]},{"@type":"Organization","@id":"https:\/\/www.encontramaceio.com.br\/sobre\/#organization","name":"Encontra Macei\u00f3","description":"Not\u00edcias, eventos, informa\u00e7\u00f5es e dicas na cidade Macei\u00f3 e regi\u00e3o.","url":"https:\/\/www.encontramaceio.com.br\/sobre\/"},{"@type":"Person","@id":"https:\/\/www.encontramaceio.com.br\/sobre\/author\/emaceio\/#author","url":"https:\/\/www.encontramaceio.com.br\/sobre\/author\/emaceio\/","name":"Encontra Macei\u00f3","image":{"@type":"ImageObject","@id":"https:\/\/www.encontramaceio.com.br\/sobre\/casa-do-autista-de-maceio-abre-novas-vagas-para-equipe-multidisciplinar-com-salarios-de-ate-r-10-mil\/#authorImage","url":"https:\/\/secure.gravatar.com\/avatar\/507340682b8270222e1f208e23198b6ae7e2c6a1033ae84e99bc6bce4f82a387?s=96&d=mm&r=g","width":96,"height":96,"caption":"Encontra Macei\u00f3"}},{"@type":"WebPage","@id":"https:\/\/www.encontramaceio.com.br\/sobre\/casa-do-autista-de-maceio-abre-novas-vagas-para-equipe-multidisciplinar-com-salarios-de-ate-r-10-mil\/#webpage","url":"https:\/\/www.encontramaceio.com.br\/sobre\/casa-do-autista-de-maceio-abre-novas-vagas-para-equipe-multidisciplinar-com-salarios-de-ate-r-10-mil\/","name":"Casa do Autista de Macei\u00f3 abre novas vagas para equipe multidisciplinar com sal\u00e1rios de at\u00e9 R$ 10 mil | Encontra Macei\u00f3","description":"Casa do Autista de Macei\u00f3 abre novas vagas com sal\u00e1rios at\u00e9 R$ 10 mil.","inLanguage":"pt-BR","isPartOf":{"@id":"https:\/\/www.encontramaceio.com.br\/sobre\/#website"},"breadcrumb":{"@id":"https:\/\/www.encontramaceio.com.br\/sobre\/casa-do-autista-de-maceio-abre-novas-vagas-para-equipe-multidisciplinar-com-salarios-de-ate-r-10-mil\/#breadcrumblist"},"author":{"@id":"https:\/\/www.encontramaceio.com.br\/sobre\/author\/emaceio\/#author"},"creator":{"@id":"https:\/\/www.encontramaceio.com.br\/sobre\/author\/emaceio\/#author"},"image":{"@type":"ImageObject","url":"https:\/\/www.encontramaceio.com.br\/sobre\/wp-content\/uploads\/2026\/03\/casa-do-autista-de-maceio-abre-novas-vagas-para-equipe-multidisciplinar-com-salarios-de-ate-r-10-mil.webp","@id":"https:\/\/www.encontramaceio.com.br\/sobre\/casa-do-autista-de-maceio-abre-novas-vagas-para-equipe-multidisciplinar-com-salarios-de-ate-r-10-mil\/#mainImage","width":280,"height":280,"caption":"Casa do Autista de Macei\u00f3"},"primaryImageOfPage":{"@id":"https:\/\/www.encontramaceio.com.br\/sobre\/casa-do-autista-de-maceio-abre-novas-vagas-para-equipe-multidisciplinar-com-salarios-de-ate-r-10-mil\/#mainImage"},"datePublished":"2026-03-16T02:28:09-03:00","dateModified":"2026-03-16T02:28:09-03:00"},{"@type":"WebSite","@id":"https:\/\/www.encontramaceio.com.br\/sobre\/#website","url":"https:\/\/www.encontramaceio.com.br\/sobre\/","name":"Encontra Macei\u00f3","description":"Not\u00edcias, eventos, informa\u00e7\u00f5es e dicas na cidade Macei\u00f3 e regi\u00e3o.","inLanguage":"pt-BR","publisher":{"@id":"https:\/\/www.encontramaceio.com.br\/sobre\/#organization"}}]},"og:locale":"pt_BR","og:site_name":"Encontra Macei\u00f3 | Not\u00edcias, eventos, informa\u00e7\u00f5es e dicas na cidade Macei\u00f3 e regi\u00e3o.","og:type":"article","og:title":"Casa do Autista de Macei\u00f3 abre novas vagas para equipe multidisciplinar com sal\u00e1rios de at\u00e9 R$ 10 mil | Encontra Macei\u00f3","og:description":"Casa do Autista de Macei\u00f3 abre novas vagas com sal\u00e1rios at\u00e9 R$ 10 mil.","og:url":"https:\/\/www.encontramaceio.com.br\/sobre\/casa-do-autista-de-maceio-abre-novas-vagas-para-equipe-multidisciplinar-com-salarios-de-ate-r-10-mil\/","article:published_time":"2026-03-16T05:28:09+00:00","article:modified_time":"2026-03-16T05:28:09+00:00","twitter:card":"summary","twitter:title":"Casa do Autista de Macei\u00f3 abre novas vagas para equipe multidisciplinar com sal\u00e1rios de at\u00e9 R$ 10 mil | Encontra Macei\u00f3","twitter:description":"Casa do Autista de Macei\u00f3 abre novas vagas com sal\u00e1rios at\u00e9 R$ 10 mil."},"aioseo_meta_data":{"post_id":"3589","title":null,"description":null,"keywords":null,"keyphrases":null,"primary_term":null,"canonical_url":null,"og_title":null,"og_description":null,"og_object_type":"default","og_image_type":"default","og_image_url":null,"og_image_width":null,"og_image_height":null,"og_image_custom_url":null,"og_image_custom_fields":null,"og_video":null,"og_custom_url":null,"og_article_section":null,"og_article_tags":null,"twitter_use_og":false,"twitter_card":"default","twitter_image_type":"default","twitter_image_url":null,"twitter_image_custom_url":null,"twitter_image_custom_fields":null,"twitter_title":null,"twitter_description":null,"schema":{"blockGraphs":[],"customGraphs":[],"default":{"data":{"Article":[],"Course":[],"Dataset":[],"FAQPage":[],"Movie":[],"Person":[],"Product":[],"ProductReview":[],"Car":[],"Recipe":[],"Service":[],"SoftwareApplication":[],"WebPage":[]},"graphName":"Article","isEnabled":true},"graphs":[]},"schema_type":"default","schema_type_options":null,"pillar_content":false,"robots_default":true,"robots_noindex":false,"robots_noarchive":false,"robots_nosnippet":false,"robots_nofollow":false,"robots_noimageindex":false,"robots_noodp":false,"robots_notranslate":false,"robots_max_snippet":null,"robots_max_videopreview":null,"robots_max_imagepreview":"large","priority":null,"frequency":null,"local_seo":null,"limit_modified_date":false,"created":"2026-03-16 05:28:13","updated":"2026-03-16 05:35:17","focus_keyword":null,"additional_keywords":null,"truseo_locale":null,"ai":null,"breadcrumb_settings":null,"seo_analyzer_scan_date":null},"aioseo_breadcrumb":"<div class=\"aioseo-breadcrumbs\"><span class=\"aioseo-breadcrumb\">\n\t\t\t<a href=\"https:\/\/www.encontramaceio.com.br\/sobre\" title=\"In\u00edcio\">In\u00edcio<\/a>\n\t\t<\/span><span class=\"aioseo-breadcrumb-separator\">&raquo;<\/span><span class=\"aioseo-breadcrumb\">\n\t\t\t<a href=\"https:\/\/www.encontramaceio.com.br\/sobre\/noticias-em-maceio\/\" title=\"Not\u00edcias Macei\u00f3\">Not\u00edcias Macei\u00f3<\/a>\n\t\t<\/span><span class=\"aioseo-breadcrumb-separator\">&raquo;<\/span><span class=\"aioseo-breadcrumb\">\n\t\t\tCasa do Autista de Macei\u00f3 abre novas vagas para equipe multidisciplinar com sal\u00e1rios de at\u00e9 R$ 10 mil\n\t\t<\/span><\/div>","aioseo_breadcrumb_json":[{"label":"In\u00edcio","link":"https:\/\/www.encontramaceio.com.br\/sobre"},{"label":"Not\u00edcias Macei\u00f3","link":"https:\/\/www.encontramaceio.com.br\/sobre\/noticias-em-maceio\/"},{"label":"Casa do Autista de Macei\u00f3 abre novas vagas para equipe multidisciplinar com sal\u00e1rios de at\u00e9 R$ 10 mil","link":"https:\/\/www.encontramaceio.com.br\/sobre\/casa-do-autista-de-maceio-abre-novas-vagas-para-equipe-multidisciplinar-com-salarios-de-ate-r-10-mil\/"}],"_links":{"self":[{"href":"https:\/\/www.encontramaceio.com.br\/sobre\/wp-json\/wp\/v2\/posts\/3589","targetHints":{"allow":["GET"]}}],"collection":[{"href":"https:\/\/www.encontramaceio.com.br\/sobre\/wp-json\/wp\/v2\/posts"}],"about":[{"href":"https:\/\/www.encontramaceio.com.br\/sobre\/wp-json\/wp\/v2\/types\/post"}],"author":[{"embeddable":true,"href":"https:\/\/www.encontramaceio.com.br\/sobre\/wp-json\/wp\/v2\/users\/1"}],"replies":[{"embeddable":true,"href":"https:\/\/www.encontramaceio.com.br\/sobre\/wp-json\/wp\/v2\/comments?post=3589"}],"version-history":[{"count":0,"href":"https:\/\/www.encontramaceio.com.br\/sobre\/wp-json\/wp\/v2\/posts\/3589\/revisions"}],"wp:featuredmedia":[{"embeddable":true,"href":"https:\/\/www.encontramaceio.com.br\/sobre\/wp-json\/wp\/v2\/media\/3588"}],"wp:attachment":[{"href":"https:\/\/www.encontramaceio.com.br\/sobre\/wp-json\/wp\/v2\/media?parent=3589"}],"wp:term":[{"taxonomy":"category","embeddable":true,"href":"https:\/\/www.encontramaceio.com.br\/sobre\/wp-json\/wp\/v2\/categories?post=3589"},{"taxonomy":"post_tag","embeddable":true,"href":"https:\/\/www.encontramaceio.com.br\/sobre\/wp-json\/wp\/v2\/tags?post=3589"}],"curies":[{"name":"wp","href":"https:\/\/api.w.org\/{rel}","templated":true}]}}