{"id":3568,"date":"2026-03-09T02:29:56","date_gmt":"2026-03-09T05:29:56","guid":{"rendered":"https:\/\/www.encontramaceio.com.br\/sobre\/saude-abre-inscricoes-para-capacitacao-sobre-o-uso-do-nirsevimabe\/"},"modified":"2026-03-09T02:29:56","modified_gmt":"2026-03-09T05:29:56","slug":"saude-abre-inscricoes-para-capacitacao-sobre-o-uso-do-nirsevimabe","status":"publish","type":"post","link":"https:\/\/www.encontramaceio.com.br\/sobre\/saude-abre-inscricoes-para-capacitacao-sobre-o-uso-do-nirsevimabe\/","title":{"rendered":"Sa\u00fade abre inscri\u00e7\u00f5es para capacita\u00e7\u00e3o sobre o uso do Nirsevimabe"},"content":{"rendered":"<div class=\"dcb782f0616bca5484400fea6b37e93d\" data-index=\"1\" style=\"float: none; margin:0px;\">\n<script async src=\"https:\/\/pagead2.googlesyndication.com\/pagead\/js\/adsbygoogle.js?client=ca-pub-8585364105181520\"\r\n     crossorigin=\"anonymous\"><\/script>\r\n<!-- Anuncio display - global -->\r\n<ins class=\"adsbygoogle\"\r\n     style=\"display:block\"\r\n     data-ad-client=\"ca-pub-8585364105181520\"\r\n     data-ad-slot=\"8789329856\"\r\n     data-ad-format=\"auto\"\r\n     data-full-width-responsive=\"true\"><\/ins>\r\n<script>\r\n     (adsbygoogle = window.adsbygoogle || []).push({});\r\n<\/script>\n<\/div>\n<h2>O que \u00e9 o Nirsevimabe?<\/h2>\n<p>O Nirsevimabe \u00e9 um anticorpo monoclonal que foi desenvolvido especialmente para a preven\u00e7\u00e3o de infec\u00e7\u00f5es respirat\u00f3rias graves em beb\u00eas. Essas infec\u00e7\u00f5es podem ser causadas pelo V\u00edrus Sincicial Respirat\u00f3rio (VSR), que \u00e9 conhecido por causar bronquiolite e pneumonia, condi\u00e7\u00f5es cl\u00ednicas preocupantes e potencialmente fatais em crian\u00e7as pequenas.<\/p>\n<h2>Import\u00e2ncia da capacita\u00e7\u00e3o para sa\u00fade infantil<\/h2>\n<p>A capacita\u00e7\u00e3o dos profissionais de sa\u00fade \u00e9 fundamental para garantir a correta aplica\u00e7\u00e3o do Nirsevimabe. Atrav\u00e9s de treinamentos bem estruturados, m\u00e9dicos e enfermeiros podem se atualizar sobre as melhores pr\u00e1ticas na administra\u00e7\u00e3o desse medicamento, garantindo n\u00e3o apenas a efic\u00e1cia do tratamento, mas tamb\u00e9m a seguran\u00e7a dos pacientes. Esta forma\u00e7\u00e3o cont\u00ednua \u00e9 essencial, especialmente em um cen\u00e1rio onde as doen\u00e7as respirat\u00f3rias em crian\u00e7as s\u00e3o uma das principais causas de interna\u00e7\u00f5es hospitalares.<\/p>\n<h2>Quem pode participar da capacita\u00e7\u00e3o?<\/h2>\n<p>O treinamento \u00e9 voltado principalmente para m\u00e9dicos e enfermeiros que atuam nas Unidades de Sa\u00fade de Macei\u00f3. Esses profissionais desempenham um papel crucial na implementa\u00e7\u00e3o das estrat\u00e9gias de preven\u00e7\u00e3o e devem estar aptos a administrar o Nirsevimabe de acordo com as diretrizes estabelecidas pelo Minist\u00e9rio da Sa\u00fade.<\/p>\n<p><img decoding=\"async\" src=\"https:\/\/www.encontramaceio.com.br\/sobre\/wp-content\/uploads\/2026\/03\/saude-abre-inscricoes-para-capacitacao-sobre-o-uso-do-nirsevimabe.webp\" alt=\"capacita\u00e7\u00e3o sobre o uso do Nirsevimabe\" loading=\"lazy\" \/><\/p>\n<h2>Como se inscrever na capacita\u00e7\u00e3o?<\/h2>\n<p>Para participar da capacita\u00e7\u00e3o sobre o uso do Nirsevimabe, os interessados devem realizar a inscri\u00e7\u00e3o atrav\u00e9s do link oficial disponibilizado pela Secretaria Municipal de Sa\u00fade. O processo \u00e9 simples e pode ser feito online, apenas acessando [o formul\u00e1rio de inscri\u00e7\u00e3o](https:\/\/eventos.sms.maceio.al.gov.br\/).<\/p>\n<h2>Data e local do evento<\/h2>\n<p>A capacita\u00e7\u00e3o ocorrer\u00e1 no dia 12 de mar\u00e7o, \u00e0s 14h, no audit\u00f3rio do Centro Universit\u00e1rio M\u00e1rio Juc\u00e1 (UMJ). Este espa\u00e7o foi escolhido para garantir que todos os participantes tenham um ambiente confort\u00e1vel e adequado para absorver as informa\u00e7\u00f5es apresentadas.<\/p>\n<h2>Conte\u00fado program\u00e1tico da capacita\u00e7\u00e3o<\/h2>\n<p>Durante a capacita\u00e7\u00e3o, os participantes ter\u00e3o acesso a um conte\u00fado abrangente que inclui:<\/p>\n<ul>\n<li>Indica\u00e7\u00f5es do Nirsevimabe: O que \u00e9 e como atua.<\/li>\n<li>Crit\u00e9rios e formas de administra\u00e7\u00e3o do anticorpo.<\/li>\n<li>Protocolos atualizados do Minist\u00e9rio da Sa\u00fade.<\/li>\n<li>Fluxos de atendimento em situa\u00e7\u00f5es de urg\u00eancia e emerg\u00eancia.<\/li>\n<li>Armazenamento e manejo adequado do medicamento.<\/li>\n<li>Organiza\u00e7\u00e3o da oferta nas unidades de sa\u00fade do munic\u00edpio.<\/li>\n<\/ul>\n<h2>Benef\u00edcios do Nirsevimabe para beb\u00eas<\/h2>\n<p>O uso do Nirsevimabe traz diversos benef\u00edcios para a sa\u00fade das crian\u00e7as. Entre os principais, podemos destacar:<\/p>\n<ul>\n<li><strong>Preven\u00e7\u00e3o eficaz:<\/strong> O anticorpo reduz o risco de infec\u00e7\u00f5es graves causadas pelo VSR.<\/li>\n<li><strong>Redu\u00e7\u00e3o de interna\u00e7\u00f5es:<\/strong> A administra\u00e7\u00e3o do Nirsevimabe diminui a necessidade de hospitaliza\u00e7\u00f5es devido a complica\u00e7\u00f5es respirat\u00f3rias.<\/li>\n<li><strong>Seguran\u00e7a:<\/strong> O medicamento foi rigorosamente testado e apresenta um perfil de seguran\u00e7a favor\u00e1vel.<\/li>\n<\/ul>\n<h2>Hist\u00f3rico de uso do Nirsevimabe<\/h2>\n<p>O Nirsevimabe foi introduzido como uma resposta \u00e0 crescente preocupa\u00e7\u00e3o com as infec\u00e7\u00f5es respirat\u00f3rias em crian\u00e7as pequenas. Desde seu lan\u00e7amento, o medicamento demonstrou resultados promissores em estudos cl\u00ednicos, reduzindo a incid\u00eancia de bronquiolite e pneumonia em popula\u00e7\u00f5es pedi\u00e1tricas. Essa efetividade, aliada ao rigor dos testes de seguran\u00e7a, coloca o Nirsevimabe como uma ferramenta vital nas estrat\u00e9gias de sa\u00fade infantil.<\/p>\n<h2>Depoimentos de profissionais da sa\u00fade<\/h2>\n<p>Profissionais que participaram de capacita\u00e7\u00f5es anteriores sobre o Nirsevimabe relatam experi\u00eancias positivas. Segundo a enfermeira Maria da Silva:<\/p>\n<blockquote><p>&#8220;A capacita\u00e7\u00e3o foi essencial! Aprendi novas t\u00e9cnicas de administra\u00e7\u00e3o que elevam a seguran\u00e7a das crian\u00e7as em nossas unidades. O Nirsevimabe \u00e9 um divisor de \u00e1guas na preven\u00e7\u00e3o de doen\u00e7as respirat\u00f3rias.&#8221;<\/p><\/blockquote>\n<p>Outro relato, do pediatra Jo\u00e3o Santos, destaca:<\/p>\n<blockquote><p>&#8220;Com o uso do Nirsevimabe, consegui reduzir significativamente o n\u00famero de interna\u00e7\u00f5es em minha pr\u00e1tica. \u00c9 um medicamento que vale a pena ser utilizado.&#8221;<\/p><\/blockquote>\n<h2>Pr\u00f3ximas a\u00e7\u00f5es da Secretaria de Sa\u00fade<\/h2>\n<p>Al\u00e9m da capacita\u00e7\u00e3o sobre o uso do Nirsevimabe, a Secretaria Municipal de Sa\u00fade planeja realizar mais a\u00e7\u00f5es voltadas para a sa\u00fade infantil. Entre elas, a implementa\u00e7\u00e3o de campanhas de conscientiza\u00e7\u00e3o sobre a import\u00e2ncia da vacina\u00e7\u00e3o e da preven\u00e7\u00e3o de doen\u00e7as respirat\u00f3rias, bem como a amplia\u00e7\u00e3o do atendimento pedi\u00e1trico em unidades de sa\u00fade. Essas iniciativas visam garantir um cuidado integral \u00e0 sa\u00fade das crian\u00e7as, promovendo um futuro mais saud\u00e1vel.<\/p>\n\n<div style=\"font-size: 0px; height: 0px; line-height: 0px; margin: 0; padding: 0; clear: both;\"><\/div>","protected":false},"excerpt":{"rendered":"<p>Capacita\u00e7\u00e3o gratuita sobre o uso do Nirsevimabe para profissionais da sa\u00fade.<\/p>\n","protected":false},"author":1,"featured_media":3567,"comment_status":"closed","ping_status":"closed","sticky":false,"template":"","format":"standard","meta":{"footnotes":""},"categories":[1],"tags":[],"class_list":["post-3568","post","type-post","status-publish","format-standard","has-post-thumbnail","hentry","category-noticias-em-maceio","has_thumb"],"aioseo_notices":[],"_links":{"self":[{"href":"https:\/\/www.encontramaceio.com.br\/sobre\/wp-json\/wp\/v2\/posts\/3568","targetHints":{"allow":["GET"]}}],"collection":[{"href":"https:\/\/www.encontramaceio.com.br\/sobre\/wp-json\/wp\/v2\/posts"}],"about":[{"href":"https:\/\/www.encontramaceio.com.br\/sobre\/wp-json\/wp\/v2\/types\/post"}],"author":[{"embeddable":true,"href":"https:\/\/www.encontramaceio.com.br\/sobre\/wp-json\/wp\/v2\/users\/1"}],"replies":[{"embeddable":true,"href":"https:\/\/www.encontramaceio.com.br\/sobre\/wp-json\/wp\/v2\/comments?post=3568"}],"version-history":[{"count":0,"href":"https:\/\/www.encontramaceio.com.br\/sobre\/wp-json\/wp\/v2\/posts\/3568\/revisions"}],"wp:featuredmedia":[{"embeddable":true,"href":"https:\/\/www.encontramaceio.com.br\/sobre\/wp-json\/wp\/v2\/media\/3567"}],"wp:attachment":[{"href":"https:\/\/www.encontramaceio.com.br\/sobre\/wp-json\/wp\/v2\/media?parent=3568"}],"wp:term":[{"taxonomy":"category","embeddable":true,"href":"https:\/\/www.encontramaceio.com.br\/sobre\/wp-json\/wp\/v2\/categories?post=3568"},{"taxonomy":"post_tag","embeddable":true,"href":"https:\/\/www.encontramaceio.com.br\/sobre\/wp-json\/wp\/v2\/tags?post=3568"}],"curies":[{"name":"wp","href":"https:\/\/api.w.org\/{rel}","templated":true}]}}