{"id":3559,"date":"2026-03-07T03:12:44","date_gmt":"2026-03-07T06:12:44","guid":{"rendered":"https:\/\/www.encontramaceio.com.br\/sobre\/16o-premio-selma-bandeira-reconhece-mulheres-com-trajetorias-de-impacto-social\/"},"modified":"2026-03-07T03:12:44","modified_gmt":"2026-03-07T06:12:44","slug":"16o-premio-selma-bandeira-reconhece-mulheres-com-trajetorias-de-impacto-social","status":"publish","type":"post","link":"https:\/\/www.encontramaceio.com.br\/sobre\/16o-premio-selma-bandeira-reconhece-mulheres-com-trajetorias-de-impacto-social\/","title":{"rendered":"16\u00ba Pr\u00eamio Selma Bandeira reconhece mulheres com trajet\u00f3rias de impacto social"},"content":{"rendered":"<div class=\"dcb782f0616bca5484400fea6b37e93d\" data-index=\"1\" style=\"float: none; margin:0px;\">\n<script async src=\"https:\/\/pagead2.googlesyndication.com\/pagead\/js\/adsbygoogle.js?client=ca-pub-8585364105181520\"\r\n     crossorigin=\"anonymous\"><\/script>\r\n<!-- Anuncio display - global -->\r\n<ins class=\"adsbygoogle\"\r\n     style=\"display:block\"\r\n     data-ad-client=\"ca-pub-8585364105181520\"\r\n     data-ad-slot=\"8789329856\"\r\n     data-ad-format=\"auto\"\r\n     data-full-width-responsive=\"true\"><\/ins>\r\n<script>\r\n     (adsbygoogle = window.adsbygoogle || []).push({});\r\n<\/script>\n<\/div>\n<h2>A Hist\u00f3ria do Pr\u00eamio Selma Bandeira<\/h2>\n<p>O Pr\u00eamio Selma Bandeira \u00e9 uma iniciativa significativa que foi criada com o intuito de honrar e reconhecer o trabalho de mulheres que fazem a diferen\u00e7a na sociedade. Nomeado em homenagem a Selma Bandeira, uma figura emblem\u00e1tica de Macei\u00f3, esse pr\u00eamio tem se tornado um s\u00edmbolo de empoderamento feminino ao longo dos anos. Ele foi concebido como uma forma de valorizar as a\u00e7\u00f5es de mulheres que, em suas diversas \u00e1reas de atua\u00e7\u00e3o, contribuem para o bem-estar da comunidade e para o fortalecimento das pol\u00edticas p\u00fablicas direcionadas \u00e0 igualdade de g\u00eanero.<\/p>\n<p>A primeira edi\u00e7\u00e3o do pr\u00eamio ocorreu em um contexto onde a invisibilidade das mulheres em pap\u00e9is de lideran\u00e7a era evidente. A iniciativa, realizada pela Secretaria Municipal da Mulher, Pessoas com Defici\u00eancia, Idosos e Cidadania (Semuc), busca romper com essa narrativa, promovendo o reconhecimento da import\u00e2ncia de cada uma das homenageadas e inspirando outras a se engajarem em suas comunidades.<\/p>\n<h2>Reconhecendo Mulheres de Impacto<\/h2>\n<p>A 16\u00aa edi\u00e7\u00e3o do pr\u00eamio, realizada recentemente, prestou homenagem a 13 mulheres que se destacam em suas respectivas \u00e1reas. O evento, que atraiu aten\u00e7\u00e3o de diversos setores da sociedade, teve como tema &#8220;M\u00e3os que moldam, fios que tecem, mulheres que transformam&#8221;. O foco foi n\u00e3o apenas o reconhecimento, mas tamb\u00e9m a celebra\u00e7\u00e3o das trajet\u00f3rias de vida dessas mulheres, que enfrentaram desafios e sempre buscaram transformar a realidade ao seu redor.<\/p>\n<p>A sele\u00e7\u00e3o das homenageadas cada ano reflete a diversidade da atua\u00e7\u00e3o feminina em Macei\u00f3. As premiadas incluem educadoras, empreendedoras e ativistas sociais, todas demonstrando compet\u00eancia e paix\u00e3o em suas \u00e1reas. Com relatos emocionantes, elas compartilhavam suas hist\u00f3rias, inspirando um ambiente de coletividade e apoio m\u00fatuo entre todas as participantes do evento.<\/p>\n<h2>O Que Significa Mudar Vidas<\/h2>\n<p>Quando mulheres se destacam por suas a\u00e7\u00f5es, elas n\u00e3o apenas mudam suas pr\u00f3prias vidas, mas tamb\u00e9m impactam a sociedade de forma mais ampla. O pr\u00eamio Selma Bandeira simboliza essa transforma\u00e7\u00e3o, pois cada reconhecimento \u00e9 uma oportunidade para que suas hist\u00f3rias sejam ouvidas e levadas adiante. Mulheres como Luciana Luz Ferreira, que recebeu o pr\u00eamio na categoria educacional, n\u00e3o apenas educam, mas tamb\u00e9m influenciam as futuras gera\u00e7\u00f5es a se tornarem agentes de mudan\u00e7a. O projeto \u2018N\u00e3o nos Mate!\u2019, idealizado por Luciana, \u00e9 um exemplo claro de como a educa\u00e7\u00e3o pode ser utilizada como uma ferramenta para combater a viol\u00eancia de g\u00eanero e promover o respeito \u00e0s mulheres.<\/p>\n<h2>Trajet\u00f3rias Inspiradoras<\/h2>\n<p>Cada uma das homenageadas possui uma trajet\u00f3ria \u00fanica. Luana Rodrigues, premiada na categoria empreendedorismo, criou a iniciativa &#8220;Fam\u00edlias At\u00edpicas Empreendedoras&#8221;. Ela transformou suas pr\u00f3prias experi\u00eancias como m\u00e3e de cinco crian\u00e7as autistas em um projeto que visa ajudar outras m\u00e3es e fam\u00edlias at\u00edpicas a se inserirem no mercado de trabalho e a terem estabilidade financeira. Sua luta e persist\u00eancia refletem a for\u00e7a que muitas mulheres t\u00eam em buscar melhorias em suas vidas e na vida de outras pessoas.<\/p>\n<h2>Empoderamento Feminino em Macei\u00f3<\/h2>\n<p>O pr\u00eamio Selma Bandeira \u00e9 um forte aliado no processo de empoderamento feminino em Macei\u00f3. Ele promove a visibilidade de mulheres que n\u00e3o apenas superam obst\u00e1culos, mas que tamb\u00e9m buscam a transforma\u00e7\u00e3o social. \u00c9 um reconhecimento que vai al\u00e9m de um trof\u00e9u; \u00e9 um chamado para que mais mulheres se unam em suas lutas, que compartilhem suas hist\u00f3rias e que n\u00e3o hesitem em ocupar espa\u00e7os de decis\u00e3o e poder na sociedade.<\/p>\n<p>O apoio governamental e da sociedade civil \u00e9 essencial para que essas vozes sejam amplificadas. Ao reconhecer o trabalho dessas mulheres, a Prefeitura de Macei\u00f3 afirma seu compromisso em promover a igualdade de g\u00eanero e o respeito aos direitos das mulheres.<\/p>\n<h2>Contribui\u00e7\u00f5es para a Sociedade<\/h2>\n<p>As contribui\u00e7\u00f5es das mulheres homenageadas v\u00e3o al\u00e9m do individual e atingem a coletividade. Elas atuam em \u00e1reas como educa\u00e7\u00e3o, sa\u00fade, assist\u00eancia social e empreendedorismo, sempre buscando solu\u00e7\u00f5es criativas e eficazes para os problemas enfrentados por suas comunidades. Ao criar redes de apoio e iniciativas que promovem a inclus\u00e3o, essas mulheres n\u00e3o apenas melhoram suas pr\u00f3prias realidades, mas tamb\u00e9m geram impacto positivo em v\u00e1rias camadas da sociedade.<\/p>\n<h2>Eventos e Celebra\u00e7\u00f5es<\/h2>\n<p>As edi\u00e7\u00f5es do pr\u00eamio Selma Bandeira se tornaram eventos esperados na agenda da cidade. Eles n\u00e3o apenas reconhecem o trabalho de mulheres, mas tamb\u00e9m oferecem uma plataforma para debates sobre a viol\u00eancia de g\u00eanero, sa\u00fade da mulher e outras pautas importantes. Cada edi\u00e7\u00e3o serve como uma oportunidade para que a sociedade reflita sobre os desafios que ainda precisam ser enfrentados e para que se unam esfor\u00e7os em busca de melhores condi\u00e7\u00f5es para todos.<\/p>\n<p>Com uma agenda recheada de atividades, o evento inclui palestras, workshops e intera\u00e7\u00e3o entre as homenageadas e o p\u00fablico, promovendo um verdadeiro interc\u00e2mbio de experi\u00eancias e aprendizados.<\/p>\n<h2>Exemplos de Lideran\u00e7a Feminina<\/h2>\n<p>As mulheres que recebem o pr\u00eamio Selma Bandeira s\u00e3o exemplos claros de lideran\u00e7a. Al\u00e9m de promover mudan\u00e7as significativas em suas \u00e1reas, elas incentivam outras mulheres a se posicionarem e a acreditarem em seu potencial. O papel de cada homenageada \u00e9 inspirar e mostrar que \u00e9 poss\u00edvel, sim, mudar o cen\u00e1rio por meio de atitudes concretas e persist\u00eancia.<\/p>\n<h2>Impacto nas Comunidades<\/h2>\n<p>O impacto do pr\u00eamio e das iniciativas promovidas por mulheres reconhecidas vai muito al\u00e9m das hist\u00f3rias individuais; ele ressoa nas comunidades. Ao encorajar outras mulheres a se unirem e a lutarem por seus direitos, cria-se uma sens\u00edvel onda de transforma\u00e7\u00e3o social. A visibilidade dessas a\u00e7\u00f5es junto ao pr\u00eamio gera um efeito multiplicador, motivando mais mulheres a se envolverem em a\u00e7\u00f5es comunit\u00e1rias e sociais.<\/p>\n<h2>Palavras de Homenagem<\/h2>\n<p>A secret\u00e1ria da Semuc, Sarah Nunes, fez afirma\u00e7\u00f5es contundentes sobre a import\u00e2ncia do pr\u00eamio Selma Bandeira. Suas palavras enfatizam que o reconhecimento n\u00e3o \u00e9 apenas uma celebra\u00e7\u00e3o, mas uma resist\u00eancia diante de uma sociedade que ainda luta contra a desigualdade de g\u00eanero. Ao premiar essas mulheres, estamos, de certa forma, enviando uma mensagem de esperan\u00e7a e determina\u00e7\u00e3o para um futuro onde a equidade se torna uma realidade.<\/p>\n<p>O caminho para a igualdade de g\u00eanero \u00e9 longo e repleto de desafios. Contudo, ao destacarmos e celebrarmos o trabalho dessas mulheres, damos um passo importante rumo a uma sociedade mais justa e inclusiva, onde todos possuem voz e espa\u00e7o para brilhar.<\/p>\n\n<div style=\"font-size: 0px; height: 0px; line-height: 0px; margin: 0; padding: 0; clear: both;\"><\/div>","protected":false},"excerpt":{"rendered":"<p>16\u00ba Pr\u00eamio Selma Bandeira homenageia mulheres com grande impacto social.<\/p>\n","protected":false},"author":1,"featured_media":0,"comment_status":"closed","ping_status":"closed","sticky":false,"template":"","format":"standard","meta":{"footnotes":""},"categories":[15],"tags":[],"class_list":["post-3559","post","type-post","status-publish","format-standard","hentry","category-cultura-em-maceio"],"aioseo_notices":[],"_links":{"self":[{"href":"https:\/\/www.encontramaceio.com.br\/sobre\/wp-json\/wp\/v2\/posts\/3559","targetHints":{"allow":["GET"]}}],"collection":[{"href":"https:\/\/www.encontramaceio.com.br\/sobre\/wp-json\/wp\/v2\/posts"}],"about":[{"href":"https:\/\/www.encontramaceio.com.br\/sobre\/wp-json\/wp\/v2\/types\/post"}],"author":[{"embeddable":true,"href":"https:\/\/www.encontramaceio.com.br\/sobre\/wp-json\/wp\/v2\/users\/1"}],"replies":[{"embeddable":true,"href":"https:\/\/www.encontramaceio.com.br\/sobre\/wp-json\/wp\/v2\/comments?post=3559"}],"version-history":[{"count":0,"href":"https:\/\/www.encontramaceio.com.br\/sobre\/wp-json\/wp\/v2\/posts\/3559\/revisions"}],"wp:attachment":[{"href":"https:\/\/www.encontramaceio.com.br\/sobre\/wp-json\/wp\/v2\/media?parent=3559"}],"wp:term":[{"taxonomy":"category","embeddable":true,"href":"https:\/\/www.encontramaceio.com.br\/sobre\/wp-json\/wp\/v2\/categories?post=3559"},{"taxonomy":"post_tag","embeddable":true,"href":"https:\/\/www.encontramaceio.com.br\/sobre\/wp-json\/wp\/v2\/tags?post=3559"}],"curies":[{"name":"wp","href":"https:\/\/api.w.org\/{rel}","templated":true}]}}