{"id":3553,"date":"2026-03-06T02:28:01","date_gmt":"2026-03-06T05:28:01","guid":{"rendered":"https:\/\/www.encontramaceio.com.br\/sobre\/professor-e-demitido-apos-associar-aluno-negro-a-chimpanze-em-maceio-al\/"},"modified":"2026-03-06T02:28:01","modified_gmt":"2026-03-06T05:28:01","slug":"professor-e-demitido-apos-associar-aluno-negro-a-chimpanze-em-maceio-al","status":"publish","type":"post","link":"https:\/\/www.encontramaceio.com.br\/sobre\/professor-e-demitido-apos-associar-aluno-negro-a-chimpanze-em-maceio-al\/","title":{"rendered":"Professor \u00e9 demitido ap\u00f3s associar aluno negro a chimpanz\u00e9 em Macei\u00f3 (AL)"},"content":{"rendered":"<div class=\"dcb782f0616bca5484400fea6b37e93d\" data-index=\"1\" style=\"float: none; margin:0px;\">\n<script async src=\"https:\/\/pagead2.googlesyndication.com\/pagead\/js\/adsbygoogle.js?client=ca-pub-8585364105181520\"\r\n     crossorigin=\"anonymous\"><\/script>\r\n<!-- Anuncio display - global -->\r\n<ins class=\"adsbygoogle\"\r\n     style=\"display:block\"\r\n     data-ad-client=\"ca-pub-8585364105181520\"\r\n     data-ad-slot=\"8789329856\"\r\n     data-ad-format=\"auto\"\r\n     data-full-width-responsive=\"true\"><\/ins>\r\n<script>\r\n     (adsbygoogle = window.adsbygoogle || []).push({});\r\n<\/script>\n<\/div>\n<h2>Entenda o epis\u00f3dio de Macei\u00f3<\/h2>\n<p>Um incidente grave ocorreu em fevereiro de 2026, em uma escola particular localizada no bairro Benedito Bentes, na parte alta de Macei\u00f3, Alagoas. Um professor de matem\u00e1tica de 45 anos foi demitido ap\u00f3s uma den\u00fancia de racismo. O professor associou a imagem de um chimpanz\u00e9 \u00e0 de um aluno negro de 13 anos durante uma aula. O fato foi comunicado \u00e0 Pol\u00edcia Civil de Alagoas, que come\u00e7ou a apurar as circunst\u00e2ncias do ocorrido.<\/p>\n<h2>Rep\u00fadio pelas redes sociais<\/h2>\n<p>Ap\u00f3s a repercuss\u00e3o do caso, muitas pessoas se manifestaram nas redes sociais, expressando apoio ao estudante e repudiando as atitudes do educador. Essas rea\u00e7\u00f5es destacaram a import\u00e2ncia da conscientiza\u00e7\u00e3o sobre o racismo e a necessidade de se combater qualquer forma de discrimina\u00e7\u00e3o nas institui\u00e7\u00f5es educacionais. O descontentamento coletivo refor\u00e7ou a urg\u00eancia de discutir temas como respeito e diversidade.<\/p>\n<h2>Como a escola reagiu ao caso<\/h2>\n<p>A administra\u00e7\u00e3o do Col\u00e9gio Fant\u00e1stico se posicionou rapidamente ao tomar conhecimento do epis\u00f3dio de racismo. A institui\u00e7\u00e3o divulgou uma nota em suas redes sociais, declarando rep\u00fadio a qualquer ato de discrimina\u00e7\u00e3o ou preconceito, e informaram que tomaram medidas administrativas. O professor foi afastado imediatamente, e n\u00e3o integra mais o quadro de colaboradores da escola.<\/p>\n<p><img decoding=\"async\" src=\"https:\/\/www.encontramaceio.com.br\/sobre\/wp-content\/uploads\/2026\/03\/professor-e-demitido-apos-associar-aluno-negro-a-chimpanze-em-maceio-al.webp\" alt=\"racismo em sala de aula\" loading=\"lazy\" \/><\/p>\n<h2>Investiga\u00e7\u00e3o policial e seus desdobramentos<\/h2>\n<p>O pai do aluno envolvido no incidente registrou uma queixa na Delegacia de Vulner\u00e1veis, resultando na abertura de um inqu\u00e9rito pela Pol\u00edcia Civil para investigar a suspeita de inj\u00faria racial. A delegada Rebecca Cordeiro est\u00e1 \u00e0 frente da investiga\u00e7\u00e3o, que visa apurar os detalhes do ocorrido. Essa a\u00e7\u00e3o demonstra a seriedade com que as autoridades percebem esses casos e a import\u00e2ncia de puni\u00e7\u00f5es adequadas para os envolvidos.<\/p>\n<h2>O papel dos educadores em situa\u00e7\u00f5es de racismo<\/h2>\n<p>O papel dos educadores vai al\u00e9m de transmitir conhecimento acad\u00eamico; eles tamb\u00e9m possuem a responsabilidade de promover um ambiente respeitoso e inclusivo. Situa\u00e7\u00f5es de racismo em sala de aula, como a que ocorreu em Macei\u00f3, revelam a necessidade de forma\u00e7\u00e3o cont\u00ednua para os professores sobre diversidade e respeito \u00e0s diferen\u00e7as, al\u00e9m da import\u00e2ncia de eles serem modelos de comportamento positivo para os alunos.<\/p>\n<h2>Impacto no aluno e na fam\u00edlia<\/h2>\n<p>O impacto desse tipo de incidente na vida do aluno pode ser profundo e duradouro. No relato do pai, o adolescente chegou em casa chorando e se sentindo humilhado ap\u00f3s a situa\u00e7\u00e3o na aula. Esse tipo de experi\u00eancia pode gerar consequ\u00eancias emocionais e sociais, n\u00e3o apenas para os estudantes diretamente envolvidos, mas tamb\u00e9m para suas fam\u00edlias. \u00c9 crucial que se ofere\u00e7a apoio psicol\u00f3gico e um ambiente seguro para que a v\u00edtima possa processar o ocorrido.<\/p>\n<h2>Acompanhamento psicol\u00f3gico para v\u00edtimas<\/h2>\n<p>A escola, reconhecendo a gravidade do sucedido, tomou a iniciativa de oferecer acompanhamento psicol\u00f3gico ao aluno afetado e sua fam\u00edlia. Profissionais da equipe pedag\u00f3gica e psicossocial podem ajudar a lidar com as consequ\u00eancias emocionais do epis\u00f3dio e proporcionar um espa\u00e7o seguro para a recupera\u00e7\u00e3o da autoestima do estudante. O apoio cont\u00ednuo \u00e9 fundamental para desfazer os efeitos prejudiciais que tais incidentes podem causar.<\/p>\n<h2>A import\u00e2ncia de pol\u00edticas contra racismo<\/h2>\n<p>Casos de racismo em escolas destacam a necessidade urgente de implementa\u00e7\u00e3o de pol\u00edticas eficazes de combate \u00e0 discrimina\u00e7\u00e3o. \u00c9 importante que normas claras sejam aplicadas nas escolas para prevenir situa\u00e7\u00f5es semelhantes. O estabelecimento de diretrizes que promovam a inclus\u00e3o e a diversidade deve ser uma prioridade para todos os educadores e institui\u00e7\u00f5es de ensino. A constru\u00e7\u00e3o de um ambiente escolar livre de preconceitos \u00e9 um direito de todos os estudantes.<\/p>\n<h2>Repercuss\u00e3o na m\u00eddia e opini\u00f5es p\u00fablicas<\/h2>\n<p>A narrativa do caso se espalhou rapidamente pela m\u00eddia, gerando debates sobre racismo e suas manifesta\u00e7\u00f5es nas salas de aula. A cobertura desse incidente levanta quest\u00f5es relevantes sobre a discrimina\u00e7\u00e3o racial na educa\u00e7\u00e3o e suscita discuss\u00f5es sobre como a sociedade deve agir para promover mudan\u00e7as. A visibilidade da situa\u00e7\u00e3o pode ser um fator positivo para a conscientiza\u00e7\u00e3o e para a promo\u00e7\u00e3o de a\u00e7\u00f5es que favore\u00e7am a inclus\u00e3o.<\/p>\n<h2>Reflex\u00f5es sobre educa\u00e7\u00e3o e inclus\u00e3o<\/h2>\n<p>O epis\u00f3dio em Macei\u00f3 serve como um alerta sobre a necessidade de refletirmos sobre as pr\u00e1ticas educacionais e a import\u00e2ncia de um ambiente escolar onde todos se sintam respeitados e valorizados. A educa\u00e7\u00e3o deve ser um espa\u00e7o em que as diferen\u00e7as s\u00e3o celebradas e n\u00e3o motivo de marginaliza\u00e7\u00e3o. Promover di\u00e1logos sobre racismo e inclus\u00e3o pode moldar uma nova gera\u00e7\u00e3o mais consciente e respeitosa.<\/p>\n\n<div style=\"font-size: 0px; height: 0px; line-height: 0px; margin: 0; padding: 0; clear: both;\"><\/div>","protected":false},"excerpt":{"rendered":"<p>Professor demitido em Macei\u00f3 por associar aluno negro a chimpanz\u00e9 em aula.<\/p>\n","protected":false},"author":1,"featured_media":3552,"comment_status":"closed","ping_status":"closed","sticky":false,"template":"","format":"standard","meta":{"footnotes":""},"categories":[1],"tags":[],"class_list":["post-3553","post","type-post","status-publish","format-standard","has-post-thumbnail","hentry","category-noticias-em-maceio","has_thumb"],"aioseo_notices":[],"_links":{"self":[{"href":"https:\/\/www.encontramaceio.com.br\/sobre\/wp-json\/wp\/v2\/posts\/3553","targetHints":{"allow":["GET"]}}],"collection":[{"href":"https:\/\/www.encontramaceio.com.br\/sobre\/wp-json\/wp\/v2\/posts"}],"about":[{"href":"https:\/\/www.encontramaceio.com.br\/sobre\/wp-json\/wp\/v2\/types\/post"}],"author":[{"embeddable":true,"href":"https:\/\/www.encontramaceio.com.br\/sobre\/wp-json\/wp\/v2\/users\/1"}],"replies":[{"embeddable":true,"href":"https:\/\/www.encontramaceio.com.br\/sobre\/wp-json\/wp\/v2\/comments?post=3553"}],"version-history":[{"count":0,"href":"https:\/\/www.encontramaceio.com.br\/sobre\/wp-json\/wp\/v2\/posts\/3553\/revisions"}],"wp:featuredmedia":[{"embeddable":true,"href":"https:\/\/www.encontramaceio.com.br\/sobre\/wp-json\/wp\/v2\/media\/3552"}],"wp:attachment":[{"href":"https:\/\/www.encontramaceio.com.br\/sobre\/wp-json\/wp\/v2\/media?parent=3553"}],"wp:term":[{"taxonomy":"category","embeddable":true,"href":"https:\/\/www.encontramaceio.com.br\/sobre\/wp-json\/wp\/v2\/categories?post=3553"},{"taxonomy":"post_tag","embeddable":true,"href":"https:\/\/www.encontramaceio.com.br\/sobre\/wp-json\/wp\/v2\/tags?post=3553"}],"curies":[{"name":"wp","href":"https:\/\/api.w.org\/{rel}","templated":true}]}}