{"id":3545,"date":"2026-03-04T02:31:54","date_gmt":"2026-03-04T05:31:54","guid":{"rendered":"https:\/\/www.encontramaceio.com.br\/sobre\/prefeitura-de-maceio-prorroga-prazo-para-entrega-de-documentos-de-convocados-no-pss-da-educacao\/"},"modified":"2026-03-04T02:31:54","modified_gmt":"2026-03-04T05:31:54","slug":"prefeitura-de-maceio-prorroga-prazo-para-entrega-de-documentos-de-convocados-no-pss-da-educacao","status":"publish","type":"post","link":"https:\/\/www.encontramaceio.com.br\/sobre\/prefeitura-de-maceio-prorroga-prazo-para-entrega-de-documentos-de-convocados-no-pss-da-educacao\/","title":{"rendered":"Prefeitura de Macei\u00f3 prorroga prazo para entrega de documentos de convocados no PSS da Educa\u00e7\u00e3o"},"content":{"rendered":"<div class=\"dcb782f0616bca5484400fea6b37e93d\" data-index=\"1\" style=\"float: none; margin:0px;\">\n<script async src=\"https:\/\/pagead2.googlesyndication.com\/pagead\/js\/adsbygoogle.js?client=ca-pub-8585364105181520\"\r\n     crossorigin=\"anonymous\"><\/script>\r\n<!-- Anuncio display - global -->\r\n<ins class=\"adsbygoogle\"\r\n     style=\"display:block\"\r\n     data-ad-client=\"ca-pub-8585364105181520\"\r\n     data-ad-slot=\"8789329856\"\r\n     data-ad-format=\"auto\"\r\n     data-full-width-responsive=\"true\"><\/ins>\r\n<script>\r\n     (adsbygoogle = window.adsbygoogle || []).push({});\r\n<\/script>\n<\/div>\n<h2>Import\u00e2ncia da Prorroga\u00e7\u00e3o<\/h2>\n<p>A prorroga\u00e7\u00e3o do prazo para a entrega da documenta\u00e7\u00e3o para os convocados no Processo Seletivo Simplificado (PSS) da Educa\u00e7\u00e3o \u00e9 uma medida significativa da Prefeitura de Macei\u00f3. Essa a\u00e7\u00e3o tem como principal objetivo permitir que os candidatos tenham tempo adequado para reunir toda a documenta\u00e7\u00e3o necess\u00e1ria. Essa extens\u00e3o \u00e9 crucial, pois garante que os profissionais convocados possam atender \u00e0 demanda da secretaria e evitar processos vexat\u00f3rios associados \u00e0 falta de documenta\u00e7\u00e3o.<\/p>\n<h2>Quem Est\u00e1 Afetado pela Mudan\u00e7a<\/h2>\n<p>A prorroga\u00e7\u00e3o atinge aproximadamente mil candidatos que foram aprovados no PSS realizado recentemente. Dentre eles, mais de 800 profissionais atuar\u00e3o como Auxiliares de Sala, al\u00e9m de nutricionistas e professores capacitados nas \u00e1reas de Educa\u00e7\u00e3o Infantil, L\u00edngua Portuguesa, Matem\u00e1tica, Educa\u00e7\u00e3o F\u00edsica, Hist\u00f3ria, Ensino Religioso e Artes. Essa diversidade na convoca\u00e7\u00e3o reflete a necessidade da administra\u00e7\u00e3o p\u00fablica de atender a diferentes frentes educacionais e de apoio ao aprendizado.<\/p>\n<h2>Documentos Necess\u00e1rios para Entrega<\/h2>\n<p>Para formalizar a entrega da documenta\u00e7\u00e3o, os candidatos convocados precisam apresentar uma s\u00e9rie de documentos, sendo eles:<\/p>\n<p><img decoding=\"async\" src=\"https:\/\/www.encontramaceio.com.br\/sobre\/wp-content\/uploads\/2026\/03\/prefeitura-de-maceio-prorroga-prazo-para-entrega-de-documentos-de-convocados-no-pss-da-educacao.webp\" alt=\"PSS da Educa\u00e7\u00e3o\" loading=\"lazy\" \/><\/p>\n<ul>\n<li><strong>Documento de identidade:<\/strong> Deve ser um documento de identifica\u00e7\u00e3o v\u00e1lido, com foto.<\/li>\n<li><strong>Cadastro de Pessoas F\u00edsicas (CPF):<\/strong> Importante para identifica\u00e7\u00e3o fiscal.<\/li>\n<li><strong>Cart\u00e3o ou Extrato do PIS\/PASEP\/NIT:<\/strong> Este documento pode ser obtido na Caixa Econ\u00f4mica Federal ou Banco do Brasil.<\/li>\n<li><strong>Carteira de Trabalho Profissional (CTPS):<\/strong> Fundamental para registros de emprego.<\/li>\n<li><strong>Comprovante de Resid\u00eancia:<\/strong> Recente, para confirma\u00e7\u00e3o do endere\u00e7o.<\/li>\n<li><strong>Certificado de Reservista:<\/strong> Necess\u00e1rio para homens, ou documento equivalente.<\/li>\n<li><strong>Declara\u00e7\u00e3o de Acumula\u00e7\u00e3o de Cargos:<\/strong> Deve seguir o modelo ANEXO II do edital.<\/li>\n<li><strong>Diploma de Escolaridade:<\/strong> Comprova\u00e7\u00e3o atrav\u00e9s de documento reconhecido pelo MEC.<\/li>\n<li><strong>Registro no conselho profissional:<\/strong> Com a comprova\u00e7\u00e3o de quita\u00e7\u00e3o e regularidade.<\/li>\n<li><strong>Conta sal\u00e1rio no BRB:<\/strong> Para candidatos convocados via portaria.<\/li>\n<\/ul>\n<h2>Local de Entrega<\/h2>\n<p>A entrega da documenta\u00e7\u00e3o deve ser realizada na Coordena\u00e7\u00e3o de Gest\u00e3o de Pessoas, situada na sede da Secretaria Municipal de Educa\u00e7\u00e3o (Semed). O endere\u00e7o \u00e9 Rua General Hermes, 1199, Cambona. \u00c9 importante que os candidatos se dirijam ao local dentro do hor\u00e1rio estipulado, de segunda a sexta-feira, das 8h \u00e0s 14h.<\/p>\n<h2>Prazo Final e Detalhes<\/h2>\n<p>Conforme a nova portaria publicada no Di\u00e1rio Oficial do Munic\u00edpio, o prazo final para a entrega da documenta\u00e7\u00e3o foi estendido at\u00e9 o dia 3 de mar\u00e7o. Essa prorroga\u00e7\u00e3o visa facilitar a organiza\u00e7\u00e3o e evitar contratempos para os candidatos que est\u00e3o se preparando para iniciar suas atividades profissionais na rede municipal de educa\u00e7\u00e3o.<\/p>\n<h2>Orienta\u00e7\u00f5es para Candidatos<\/h2>\n<p>Os candidatos convocados devem observar algumas orienta\u00e7\u00f5es importantes:<\/p>\n<ul>\n<li>Comparecer com os originais e c\u00f3pias dos documentos listados.<\/li>\n<li>Confirmar que todos os documentos estejam leg\u00edveis e atualizados.<\/li>\n<li>Organizar os documentos antes da entrega para facilitar o processo.<\/li>\n<li>Verificar se a data e o hor\u00e1rio da entrega s\u00e3o convenientes, evitando assim poss\u00edveis contratempos.<\/li>\n<\/ul>\n<h2>O Que Esperar Ap\u00f3s a Entrega<\/h2>\n<p>Ap\u00f3s a entrega da documenta\u00e7\u00e3o, os candidatos podem esperar a formaliza\u00e7\u00e3o de seus contratos e a orienta\u00e7\u00e3o sobre os pr\u00f3ximos passos para iniciarem suas atividades. A Semed fornecer\u00e1 informa\u00e7\u00f5es detalhadas sobre a capacita\u00e7\u00e3o e a integra\u00e7\u00e3o dos novos colaboradores \u00e0 rede de ensino.<\/p>\n<h2>Benef\u00edcios da Prorroga\u00e7\u00e3o do Prazo<\/h2>\n<p>Esta extens\u00e3o no prazo oferece diversos benef\u00edcios, como:<\/p>\n<ul>\n<li><strong>Redu\u00e7\u00e3o de Estresse:<\/strong> Os candidatos ter\u00e3o menos press\u00e3o na organiza\u00e7\u00e3o de documentos.<\/li>\n<li><strong>Maior Organiza\u00e7\u00e3o:<\/strong> Haver\u00e1 tempo suficiente para que os convocados organizem toda a documenta\u00e7\u00e3o necess\u00e1ria.<\/li>\n<li><strong>Inclus\u00e3o Social:<\/strong> Profissionais que talvez n\u00e3o conseguissem entregar a documenta\u00e7\u00e3o a tempo agora t\u00eam a chance de participar do processo.<\/li>\n<\/ul>\n<h2>Atua\u00e7\u00e3o da Semed em Conveni\u00eancia<\/h2>\n<p>A Secretaria Municipal de Educa\u00e7\u00e3o (Semed) tem se mostrado dispon\u00edvel e atenta \u00e0s necessidades dos candidatos, adequando seu funcionamento para melhor atender. Essa postura reflete um compromisso com a efici\u00eancia administrativa e social, garantindo que mais profissionais possam contribuir com a educa\u00e7\u00e3o municipal.<\/p>\n<h2>Comunica\u00e7\u00f5es Futuras da Prefeitura<\/h2>\n<p>A Prefeitura de Macei\u00f3 continua a se comprometer com a transpar\u00eancia das informa\u00e7\u00f5es e comunicar\u00e1 qualquer altera\u00e7\u00e3o ou nova instru\u00e7\u00e3o relacionada ao PSS por meio dos canais oficiais de comunica\u00e7\u00e3o, incluindo o Di\u00e1rio Oficial e as redes sociais da Institui\u00e7\u00e3o. Al\u00e9m disso, ser\u00e1 fundamental que os candidatos fiquem atentos \u00e0s atualiza\u00e7\u00f5es e novas orienta\u00e7\u00f5es que possam surgir, sempre buscando informa\u00e7\u00f5es em fontes confi\u00e1veis.<\/p>\n\n<div style=\"font-size: 0px; height: 0px; line-height: 0px; margin: 0; padding: 0; clear: both;\"><\/div>","protected":false},"excerpt":{"rendered":"<p>Descubra a prorroga\u00e7\u00e3o do prazo para entrega de documentos de convocados no PSS da Educa\u00e7\u00e3o em Macei\u00f3.<\/p>\n","protected":false},"author":1,"featured_media":3544,"comment_status":"closed","ping_status":"closed","sticky":false,"template":"","format":"standard","meta":{"footnotes":""},"categories":[1],"tags":[],"class_list":["post-3545","post","type-post","status-publish","format-standard","has-post-thumbnail","hentry","category-noticias-em-maceio","has_thumb"],"aioseo_notices":[],"_links":{"self":[{"href":"https:\/\/www.encontramaceio.com.br\/sobre\/wp-json\/wp\/v2\/posts\/3545","targetHints":{"allow":["GET"]}}],"collection":[{"href":"https:\/\/www.encontramaceio.com.br\/sobre\/wp-json\/wp\/v2\/posts"}],"about":[{"href":"https:\/\/www.encontramaceio.com.br\/sobre\/wp-json\/wp\/v2\/types\/post"}],"author":[{"embeddable":true,"href":"https:\/\/www.encontramaceio.com.br\/sobre\/wp-json\/wp\/v2\/users\/1"}],"replies":[{"embeddable":true,"href":"https:\/\/www.encontramaceio.com.br\/sobre\/wp-json\/wp\/v2\/comments?post=3545"}],"version-history":[{"count":0,"href":"https:\/\/www.encontramaceio.com.br\/sobre\/wp-json\/wp\/v2\/posts\/3545\/revisions"}],"wp:featuredmedia":[{"embeddable":true,"href":"https:\/\/www.encontramaceio.com.br\/sobre\/wp-json\/wp\/v2\/media\/3544"}],"wp:attachment":[{"href":"https:\/\/www.encontramaceio.com.br\/sobre\/wp-json\/wp\/v2\/media?parent=3545"}],"wp:term":[{"taxonomy":"category","embeddable":true,"href":"https:\/\/www.encontramaceio.com.br\/sobre\/wp-json\/wp\/v2\/categories?post=3545"},{"taxonomy":"post_tag","embeddable":true,"href":"https:\/\/www.encontramaceio.com.br\/sobre\/wp-json\/wp\/v2\/tags?post=3545"}],"curies":[{"name":"wp","href":"https:\/\/api.w.org\/{rel}","templated":true}]}}