{"id":3543,"date":"2026-03-04T02:30:24","date_gmt":"2026-03-04T05:30:24","guid":{"rendered":"https:\/\/www.encontramaceio.com.br\/sobre\/banda-da-guarda-municipal-participa-de-momento-civico-no-colegio-seb\/"},"modified":"2026-03-04T02:30:24","modified_gmt":"2026-03-04T05:30:24","slug":"banda-da-guarda-municipal-participa-de-momento-civico-no-colegio-seb","status":"publish","type":"post","link":"https:\/\/www.encontramaceio.com.br\/sobre\/banda-da-guarda-municipal-participa-de-momento-civico-no-colegio-seb\/","title":{"rendered":"Banda da Guarda Municipal participa de momento c\u00edvico no Col\u00e9gio SEB"},"content":{"rendered":"<div class=\"dcb782f0616bca5484400fea6b37e93d\" data-index=\"1\" style=\"float: none; margin:0px;\">\n<script async src=\"https:\/\/pagead2.googlesyndication.com\/pagead\/js\/adsbygoogle.js?client=ca-pub-8585364105181520\"\r\n     crossorigin=\"anonymous\"><\/script>\r\n<!-- Anuncio display - global -->\r\n<ins class=\"adsbygoogle\"\r\n     style=\"display:block\"\r\n     data-ad-client=\"ca-pub-8585364105181520\"\r\n     data-ad-slot=\"8789329856\"\r\n     data-ad-format=\"auto\"\r\n     data-full-width-responsive=\"true\"><\/ins>\r\n<script>\r\n     (adsbygoogle = window.adsbygoogle || []).push({});\r\n<\/script>\n<\/div>\n<h2>Celebra\u00e7\u00e3o da Cultura Local<\/h2>\n<p>No \u00faltimo dia 26 de fevereiro de 2026, a Banda da Guarda Municipal de Macei\u00f3 teve a honra de participar de um significativo momento c\u00edvico no Col\u00e9gio SEB, situado no bairro da Ponta Verde. O evento, que marcou o in\u00edcio das atividades c\u00edvicas do ano letivo, reuniu alunos em um ambiente festivo, onde puderam celebrar a cultura e tradi\u00e7\u00f5es do Brasil.<\/p>\n<p>A apresenta\u00e7\u00e3o da banda foi um destaque especial, trazendo m\u00fasicas que enaltecem a cultura local e criando um empreendimento de harmonia e uni\u00e3o entre os presentes. Os estudantes foram convidados a vivenciar e valorizar as manifesta\u00e7\u00f5es culturais que comp\u00f5em a identidade nacional.<\/p>\n<h2>Import\u00e2ncia da Banda na Comunidade<\/h2>\n<p>A Banda da Guarda Municipal ocupa um lugar importante dentro da comunidade. Sua presen\u00e7a em eventos c\u00edvicos e culturais ajuda a promover um sentimento de unidade e seguran\u00e7a, al\u00e9m de aproximar os cidad\u00e3os da Guarda Municipal, refor\u00e7ando a fun\u00e7\u00e3o essencial que esta institui\u00e7\u00e3o desempenha na seguran\u00e7a da cidade. A m\u00fasica, de fato, \u00e9 um elo poderoso que conecta os indiv\u00edduos e as institui\u00e7\u00f5es.<\/p>\n<p><img decoding=\"async\" src=\"https:\/\/www.encontramaceio.com.br\/sobre\/wp-content\/uploads\/2026\/03\/banda-da-guarda-municipal-participa-de-momento-civico-no-colegio-seb.webp\" alt=\"Banda da Guarda Municipal\" loading=\"lazy\" \/><\/p>\n<p>Participa\u00e7\u00f5es como esta n\u00e3o apenas proporcionam entretenimento, mas tamb\u00e9m incentivam o envolvimento dos jovens em atividades construtivas e enriquecedoras. Por meio da m\u00fasica, a banda transmite valores c\u00edvicos, sociais e emocionais, fundamentais para o desenvolvimento dos estudantes e da sociedade como um todo.<\/p>\n<h2>A Proximidade entre Guarda e Alunos<\/h2>\n<p>Um dos aspectos mais impactantes da apresenta\u00e7\u00e3o foi a intera\u00e7\u00e3o entre os integrantes da Banda e os alunos. Este contato fortalece la\u00e7os de confian\u00e7a e respeito, essenciais para a constru\u00e7\u00e3o de uma comunidade segura e consciente. A presen\u00e7a da Guarda em eventos escolares \u00e9 um passo importante para humanizar a imagem da seguran\u00e7a p\u00fablica, tornando-a mais acess\u00edvel aos mais novos.<\/p>\n<p>As crian\u00e7as e adolescentes, ao verem de perto os guardas e interagirem de maneira amig\u00e1vel, percebem que a seguran\u00e7a n\u00e3o \u00e9 apenas uma obriga\u00e7\u00e3o, mas tamb\u00e9m faz parte do cotidiano e pode ser algo positivo e protetor. Esta aproxima\u00e7\u00e3o \u00e9 um fator de grande import\u00e2ncia para a forma\u00e7\u00e3o de uma sociedade mais coesa e colaborativa.<\/p>\n<h2>Momento C\u00edvico de Grande Relev\u00e2ncia<\/h2>\n<p>O evento no Col\u00e9gio SEB foi mais do que uma simples apresenta\u00e7\u00e3o musical. Ele representa uma oportunidade de reflex\u00e3o sobre o significado de ser cidad\u00e3o e a import\u00e2ncia de valorizar os s\u00edmbolos nacionais. Momentos c\u00edvicos como este s\u00e3o essenciais para educar os jovens sobre o patriotismo e a valoriza\u00e7\u00e3o dos valores que sustentam a na\u00e7\u00e3o.<\/p>\n<p>Os alunos assistiram a atos que exaltam a bandeira e outras ins\u00edgnias, despertando neles a consci\u00eancia de pertencer a um pa\u00eds rico em cultura e diversidade. Essa educa\u00e7\u00e3o c\u00edvica \u00e9 vital, pois instiga o desejo de contribuir para melhorias na comunidade e respeito aos direitos e deveres de cada cidad\u00e3o.<\/p>\n<h2>Significado da M\u00fasica na Educa\u00e7\u00e3o<\/h2>\n<p>A m\u00fasica, empregada como ferramenta educativa, mostra-se extremamente eficaz na promo\u00e7\u00e3o da aprendizagem e desenvolvimento emocional das crian\u00e7as. Atrav\u00e9s da Banda da Guarda Municipal, os alunos puderam experimentar a uni\u00e3o entre arte e educa\u00e7\u00e3o. A m\u00fasica n\u00e3o s\u00f3 entret\u00e9m, mas tamb\u00e9m educa, promovendo habilidades sociais e emocionais.<\/p>\n<p>A apresenta\u00e7\u00e3o da banda oferece um ambiente de aprendizagem onde os jovens podem se expressar, desenvolver talentos e, principalmente, reconhecer a import\u00e2ncia do trabalho em equipe. Atrav\u00e9s da m\u00fasica, eles aprendem sobre disciplina, responsabilidade e a satisfa\u00e7\u00e3o de alcan\u00e7ar um objetivo em conjunto.<\/p>\n<h2>Refor\u00e7ando a Cidadania<\/h2>\n<p>Participa\u00e7\u00f5es da Banda da Guarda em eventos escolares n\u00e3o s\u00f3 celebram a cultura, mas tamb\u00e9m refor\u00e7am a cidadania entre os alunos. A educa\u00e7\u00e3o c\u00edvica \u00e9 fundamental para preparar os jovens para os desafios do futuro, tornando-os cidad\u00e3os mais cr\u00edticos e conscientes de suas a\u00e7\u00f5es.<\/p>\n<p>Os ensinamentos transmitidos pelos m\u00fasicos e a pr\u00f3pria viv\u00eancia do evento enriquecem a forma\u00e7\u00e3o \u00e9tica dos alunos, instigando neles um senso de dever e pertencimento \u00e0 sua comunidade e ao seu pa\u00eds. Esse processo de forma\u00e7\u00e3o c\u00edvica \u00e9 imprescind\u00edvel para o desenvolvimento de uma sociedade mais justa e participativa.<\/p>\n<h2>A Import\u00e2ncia dos S\u00edmbolos Nacionais<\/h2>\n<p>Os s\u00edmbolos nacionais, como a bandeira e o hino, s\u00e3o elementos que representam a hist\u00f3ria e os valores de um pa\u00eds. Ensinar os jovens sobre a relev\u00e2ncia desses s\u00edmbolos \u00e9 uma parte essencial da educa\u00e7\u00e3o c\u00edvica. A Banda da Guarda Municipal, ao tocar can\u00e7\u00f5es que exaltam a na\u00e7\u00e3o, contribui para que os estudantes compreendam e respeitem a signific\u00e2ncia dessas tradi\u00e7\u00f5es.<\/p>\n<p>Quando os estudantes s\u00e3o expostos ao valor dos s\u00edmbolos nacionais, eles n\u00e3o s\u00f3 aprendem sobre a hist\u00f3ria do Brasil, mas tamb\u00e9m desenvolvem um senso de orgulho e respeito que os acompanhar\u00e1 por toda a vida. Este conhecimento \u00e9 fundamental para a forma\u00e7\u00e3o de cidad\u00e3os conscientes de sua heran\u00e7a cultural.<\/p>\n<h2>Reconhecimento da Equipe da Banda<\/h2>\n<p>O reconhecimento do trabalho realizado pela Banda da Guarda Municipal \u00e9 essencial. O secret\u00e1rio da Semsc, Eduardo Marinho, elogiou a equipe pela apresenta\u00e7\u00e3o e demonstrou apre\u00e7o pelas habilidades e pelo compromisso dos m\u00fasicos. Essa valoriza\u00e7\u00e3o \u00e9 importante para manter a motiva\u00e7\u00e3o e o entusiasmo em continuar promovendo a cultura e o civismo.<\/p>\n<p>O trabalho da banda inspira n\u00e3o apenas os alunos, mas toda a comunidade, mostrando que a cultura \u00e9 um elemento vital para a conex\u00e3o social e a constru\u00e7\u00e3o de uma sociedade mais unida e respeitosa. Assim, o apoio cont\u00ednuo a essa equipe \u00e9 crucial para que mais iniciativas como esta possam se repetir.<\/p>\n<h2>Compromisso com a Seguran\u00e7a Cidad\u00e3<\/h2>\n<p>Al\u00e9m de promover a cultura, a Banda da Guarda tamb\u00e9m reafirma o compromisso da Guarda Municipal com a seguran\u00e7a cidad\u00e3. A realiza\u00e7\u00e3o de eventos c\u00edvicos demonstra a preocupa\u00e7\u00e3o da institui\u00e7\u00e3o em se aproximar da popula\u00e7\u00e3o, humanizando a seguran\u00e7a e mostrando que a Guarda est\u00e1 ali para proteger e servir.<\/p>\n<p>Essa rela\u00e7\u00e3o de proximidade \u00e9 fundamental em tempos onde a seguran\u00e7a se tornou um tema delicado nas sociedades urbanas. Atrav\u00e9s da m\u00fasica e da cultura, a Guarda Municipal \u00e9 capaz de transmitir mensagens de paz e cidadania, contribuindo para um ambiente mais seguro e harmonioso.<\/p>\n<h2>Iniciativas que Unem a Guarda e a Popula\u00e7\u00e3o<\/h2>\n<p>A participa\u00e7\u00e3o da Banda da Guarda Municipal em eventos educativos, como o que ocorreu no Col\u00e9gio SEB, \u00e9 apenas uma das v\u00e1rias iniciativas que visam estreitar la\u00e7os entre a Guarda e a comunidade. Projetos semelhantes podem ser ampliados e adaptados para outras institui\u00e7\u00f5es de ensino, potencializando o impacto positivo na sociedade.<\/p>\n<p>Eventos como estes s\u00e3o oportunidades de di\u00e1logo entre as for\u00e7as de seguran\u00e7a e os cidad\u00e3os, onde ocorre a troca de experi\u00eancias e o fortalecimento de valores comuns. \u00c0 medida que mais cidad\u00e3os se envolvem em atividades culturais promovidas pela Guarda, a percep\u00e7\u00e3o de seguran\u00e7a e pertencimento na comunidade tende a crescer.<\/p>\n<p>Assim, \u00e9 essencial que novas a\u00e7\u00f5es sejam planejadas, buscando sempre a inclus\u00e3o e a participa\u00e7\u00e3o ativa da popula\u00e7\u00e3o nas iniciativas de seguran\u00e7a e cultura, fortalecendo os la\u00e7os comunit\u00e1rios e a confian\u00e7a nas institui\u00e7\u00f5es.<\/p>\n\n<div style=\"font-size: 0px; height: 0px; line-height: 0px; margin: 0; padding: 0; clear: both;\"><\/div>","protected":false},"excerpt":{"rendered":"<p>A Banda da Guarda Municipal participa ativamente de eventos c\u00edvicos no Col\u00e9gio SEB.<\/p>\n","protected":false},"author":1,"featured_media":3542,"comment_status":"closed","ping_status":"closed","sticky":false,"template":"","format":"standard","meta":{"footnotes":""},"categories":[1],"tags":[],"class_list":["post-3543","post","type-post","status-publish","format-standard","has-post-thumbnail","hentry","category-noticias-em-maceio","has_thumb"],"aioseo_notices":[],"_links":{"self":[{"href":"https:\/\/www.encontramaceio.com.br\/sobre\/wp-json\/wp\/v2\/posts\/3543","targetHints":{"allow":["GET"]}}],"collection":[{"href":"https:\/\/www.encontramaceio.com.br\/sobre\/wp-json\/wp\/v2\/posts"}],"about":[{"href":"https:\/\/www.encontramaceio.com.br\/sobre\/wp-json\/wp\/v2\/types\/post"}],"author":[{"embeddable":true,"href":"https:\/\/www.encontramaceio.com.br\/sobre\/wp-json\/wp\/v2\/users\/1"}],"replies":[{"embeddable":true,"href":"https:\/\/www.encontramaceio.com.br\/sobre\/wp-json\/wp\/v2\/comments?post=3543"}],"version-history":[{"count":0,"href":"https:\/\/www.encontramaceio.com.br\/sobre\/wp-json\/wp\/v2\/posts\/3543\/revisions"}],"wp:featuredmedia":[{"embeddable":true,"href":"https:\/\/www.encontramaceio.com.br\/sobre\/wp-json\/wp\/v2\/media\/3542"}],"wp:attachment":[{"href":"https:\/\/www.encontramaceio.com.br\/sobre\/wp-json\/wp\/v2\/media?parent=3543"}],"wp:term":[{"taxonomy":"category","embeddable":true,"href":"https:\/\/www.encontramaceio.com.br\/sobre\/wp-json\/wp\/v2\/categories?post=3543"},{"taxonomy":"post_tag","embeddable":true,"href":"https:\/\/www.encontramaceio.com.br\/sobre\/wp-json\/wp\/v2\/tags?post=3543"}],"curies":[{"name":"wp","href":"https:\/\/api.w.org\/{rel}","templated":true}]}}