{"id":3537,"date":"2026-03-02T02:31:32","date_gmt":"2026-03-02T05:31:32","guid":{"rendered":"https:\/\/www.encontramaceio.com.br\/sobre\/saude-de-maceio-apoia-i-seminario-de-equidade-do-pet\/"},"modified":"2026-03-02T02:31:32","modified_gmt":"2026-03-02T05:31:32","slug":"saude-de-maceio-apoia-i-seminario-de-equidade-do-pet","status":"publish","type":"post","link":"https:\/\/www.encontramaceio.com.br\/sobre\/saude-de-maceio-apoia-i-seminario-de-equidade-do-pet\/","title":{"rendered":"Sa\u00fade de Macei\u00f3 apoia I Semin\u00e1rio de Equidade do PET"},"content":{"rendered":"<div class=\"dcb782f0616bca5484400fea6b37e93d\" data-index=\"1\" style=\"float: none; margin:0px;\">\n<script async src=\"https:\/\/pagead2.googlesyndication.com\/pagead\/js\/adsbygoogle.js?client=ca-pub-8585364105181520\"\r\n     crossorigin=\"anonymous\"><\/script>\r\n<!-- Anuncio display - global -->\r\n<ins class=\"adsbygoogle\"\r\n     style=\"display:block\"\r\n     data-ad-client=\"ca-pub-8585364105181520\"\r\n     data-ad-slot=\"8789329856\"\r\n     data-ad-format=\"auto\"\r\n     data-full-width-responsive=\"true\"><\/ins>\r\n<script>\r\n     (adsbygoogle = window.adsbygoogle || []).push({});\r\n<\/script>\n<\/div>\n<h2>O que \u00e9 o PET-Sa\u00fade?<\/h2>\n<p>O <strong>Programa de Educa\u00e7\u00e3o pelo Trabalho para a Sa\u00fade<\/strong> (PET-Sa\u00fade) \u00e9 uma iniciativa colaborativa dos Minist\u00e9rios da Sa\u00fade e da Educa\u00e7\u00e3o. Este programa tem como meta integrar o ensino superior, os servi\u00e7os de sa\u00fade e a comunidade local, promovendo uma forma\u00e7\u00e3o profissional que respeita e se alinha aos princ\u00edpios do <strong>Sistema \u00danico de Sa\u00fade (SUS)<\/strong>. O PET-Sa\u00fade visa capacitar os alunos atrav\u00e9s de experi\u00eancias pr\u00e1ticas e reflexivas, contribuindo para uma educa\u00e7\u00e3o mais inclusiva e cr\u00edtica.<\/p>\n<h2>Objetivos do Semin\u00e1rio de Equidade<\/h2>\n<p>O <strong>I Semin\u00e1rio de Equidade do PET-Sa\u00fade Ufal<\/strong>, agendado para os dias 11 e 12 de mar\u00e7o, tem como principais objetivos:<\/p>\n<ul>\n<li>Promover discuss\u00f5es sobre justi\u00e7a social no contexto da sa\u00fade.<\/li>\n<li>Estabelecer um espa\u00e7o para reflex\u00e3o cr\u00edtica sobre as desigualdades sociais, raciais e de g\u00eanero.<\/li>\n<li>Refor\u00e7ar o compromisso com a forma\u00e7\u00e3o de profissionais de sa\u00fade sens\u00edveis \u00e0s necessidades da popula\u00e7\u00e3o.<\/li>\n<li>Fomentar o di\u00e1logo entre estudantes, docentes, e trabalhadores da sa\u00fade, estimulando a troca de conhecimentos e experi\u00eancias.<\/li>\n<\/ul>\n<h2>Programa\u00e7\u00e3o do Evento<\/h2>\n<p>A programa\u00e7\u00e3o do semin\u00e1rio ser\u00e1 dividida entre mesas de discuss\u00e3o, oficinas pr\u00e1ticas e di\u00e1logos interprofissionais, focando em temas atuais e relevantes para a forma\u00e7\u00e3o em sa\u00fade. O evento contar\u00e1 com:<\/p>\n<p><img decoding=\"async\" src=\"https:\/\/www.encontramaceio.com.br\/sobre\/wp-content\/uploads\/2026\/03\/saude-de-maceio-apoia-i-seminario-de-equidade-do-pet.webp\" alt=\"Sa\u00fade de Macei\u00f3\" loading=\"lazy\" \/><\/p>\n<ul>\n<li><strong>Mesas redondas:<\/strong> Debates sobre equidade na forma\u00e7\u00e3o e na pr\u00e1tica em sa\u00fade.<\/li>\n<li><strong>Oficinas:<\/strong> Pr\u00e1ticas voltadas ao cuidado cr\u00edtico em sa\u00fade, abordando temas como g\u00eanero, ra\u00e7a, e sa\u00fade mental.<\/li>\n<li><strong>Exposi\u00e7\u00f5es:<\/strong> A mostra &#8220;Sementes e Frutos&#8221;, que ir\u00e1 apresentar as atividades realizadas pelos Grupos de Aprendizagem Tutorial (GATs) ao longo do projeto.<\/li>\n<\/ul>\n<h2>Import\u00e2ncia da Educa\u00e7\u00e3o em Sa\u00fade<\/h2>\n<p>A educa\u00e7\u00e3o em sa\u00fade desempenha um papel vital na forma\u00e7\u00e3o de profissionais capazes de lidar com as complexas quest\u00f5es de sa\u00fade p\u00fablica. Ao integrar conhecimento te\u00f3rico e pr\u00e1tico, o PET-Sa\u00fade visa criar um corpo de profissionais que entendem as necessidades da popula\u00e7\u00e3o e est\u00e3o prontos para atuar de forma consciente e cr\u00edtica diante das desigualdades existentes.<\/p>\n<h2>Desigualdades e Sa\u00fade no Brasil<\/h2>\n<p>No Brasil, as desigualdades sociais e raciais t\u00eam um impacto significativo na sa\u00fade da popula\u00e7\u00e3o. Fatores como acesso a servi\u00e7os de sa\u00fade, condi\u00e7\u00f5es de vida e educa\u00e7\u00e3o influenciam diretamente a sa\u00fade das pessoas. O semin\u00e1rio busca discutir essas quest\u00f5es de forma a promover solu\u00e7\u00f5es que possam mitigar essas desigualdades, al\u00e9m de sensibilizar os futuros profissionais sobre essa realidade.<\/p>\n<h2>Atividades Pr\u00e1ticas do Semin\u00e1rio<\/h2>\n<p>As oficinas pr\u00e1ticas ser\u00e3o um dos destaques do semin\u00e1rio e abordar\u00e3o temas atuais e relevantes. Cada oficina se concentrar\u00e1 em um eixo espec\u00edfico:<\/p>\n<ul>\n<li><strong>Eixo 1:<\/strong> G\u00eanero, sexualidade, ra\u00e7a, etnia, defici\u00eancias e interseccionalidades no ensino e no servi\u00e7o em sa\u00fade.<\/li>\n<li><strong>Eixo 2:<\/strong> Sa\u00fade mental e viol\u00eancias no ensino e no servi\u00e7o em sa\u00fade.<\/li>\n<li><strong>Eixo 3:<\/strong> Maternagem, acolhimento e valoriza\u00e7\u00e3o de mulheres, homens trans e outras pessoas que est\u00e3o no ensino e no servi\u00e7o em sa\u00fade.<\/li>\n<\/ul>\n<h2>Participa\u00e7\u00e3o da Comunidade e Estudantes<\/h2>\n<p>O semin\u00e1rio \u00e9 aberto a todos que desejam contribuir e aprender sobre as quest\u00f5es de equidade em sa\u00fade. Estudantes de diversas \u00e1reas, profissionais da sa\u00fade, e membros da comunidade s\u00e3o encorajados a participar. As inscri\u00e7\u00f5es s\u00e3o gratuitas e podem ser feitas online, permitindo uma maior inclus\u00e3o e diversidade nos debates.<\/p>\n<h2>Palestrantes Confirmados<\/h2>\n<p>O evento contar\u00e1 com a presen\u00e7a de renomados especialistas e acad\u00eamicos na \u00e1rea de sa\u00fade e educa\u00e7\u00e3o, incluindo:<\/p>\n<ul>\n<li><strong>Prof. Dr. Saulo Luders Fernandes<\/strong><\/li>\n<li><strong>Profa. Dra. Jeane F\u00e9lix da Silva<\/strong><\/li>\n<li><strong>Profa. Me. Nayara Rodrigues<\/strong><\/li>\n<li><strong>Prof. e Historiador Diego B\u00e1ra On\u00e3<\/strong><\/li>\n<\/ul>\n<h2>Como se Inscrever<\/h2>\n<p>Os interessados em participar do I Semin\u00e1rio de Equidade do PET-Sa\u00fade Ufal podem realizar suas inscri\u00e7\u00f5es atrav\u00e9s do link dispon\u00edvel na p\u00e1gina do evento. A inscri\u00e7\u00e3o \u00e9 gratuita e fundamental para o planejamento adequado das atividades.<\/p>\n<h2>Espa\u00e7o para Networking e Di\u00e1logo<\/h2>\n<p>Al\u00e9m das atividades formais, o semin\u00e1rio proporcionar\u00e1 um espa\u00e7o para troca de experi\u00eancias e cria\u00e7\u00e3o de redes entre os participantes. O networking \u00e9 essencial para fortalecer o di\u00e1logo sobre pr\u00e1ticas de sa\u00fade e para que novas parcerias possam surgir, beneficiando a a atua\u00e7\u00e3o de todos os envolvidos no SUS.<\/p>\n\n<div style=\"font-size: 0px; height: 0px; line-height: 0px; margin: 0; padding: 0; clear: both;\"><\/div>","protected":false},"excerpt":{"rendered":"<p>Sa\u00fade de Macei\u00f3 destaca o I Semin\u00e1rio de Equidade e suas relev\u00e2ncias.<\/p>\n","protected":false},"author":1,"featured_media":3536,"comment_status":"closed","ping_status":"closed","sticky":false,"template":"","format":"standard","meta":{"footnotes":""},"categories":[1],"tags":[],"class_list":["post-3537","post","type-post","status-publish","format-standard","has-post-thumbnail","hentry","category-noticias-em-maceio","has_thumb"],"aioseo_notices":[],"_links":{"self":[{"href":"https:\/\/www.encontramaceio.com.br\/sobre\/wp-json\/wp\/v2\/posts\/3537","targetHints":{"allow":["GET"]}}],"collection":[{"href":"https:\/\/www.encontramaceio.com.br\/sobre\/wp-json\/wp\/v2\/posts"}],"about":[{"href":"https:\/\/www.encontramaceio.com.br\/sobre\/wp-json\/wp\/v2\/types\/post"}],"author":[{"embeddable":true,"href":"https:\/\/www.encontramaceio.com.br\/sobre\/wp-json\/wp\/v2\/users\/1"}],"replies":[{"embeddable":true,"href":"https:\/\/www.encontramaceio.com.br\/sobre\/wp-json\/wp\/v2\/comments?post=3537"}],"version-history":[{"count":0,"href":"https:\/\/www.encontramaceio.com.br\/sobre\/wp-json\/wp\/v2\/posts\/3537\/revisions"}],"wp:featuredmedia":[{"embeddable":true,"href":"https:\/\/www.encontramaceio.com.br\/sobre\/wp-json\/wp\/v2\/media\/3536"}],"wp:attachment":[{"href":"https:\/\/www.encontramaceio.com.br\/sobre\/wp-json\/wp\/v2\/media?parent=3537"}],"wp:term":[{"taxonomy":"category","embeddable":true,"href":"https:\/\/www.encontramaceio.com.br\/sobre\/wp-json\/wp\/v2\/categories?post=3537"},{"taxonomy":"post_tag","embeddable":true,"href":"https:\/\/www.encontramaceio.com.br\/sobre\/wp-json\/wp\/v2\/tags?post=3537"}],"curies":[{"name":"wp","href":"https:\/\/api.w.org\/{rel}","templated":true}]}}