{"id":3531,"date":"2026-03-01T02:30:25","date_gmt":"2026-03-01T05:30:25","guid":{"rendered":"https:\/\/www.encontramaceio.com.br\/sobre\/conselho-municipal-de-defesa-do-consumidor-inicia-planejamento-estrategico-para-2026\/"},"modified":"2026-03-01T02:30:25","modified_gmt":"2026-03-01T05:30:25","slug":"conselho-municipal-de-defesa-do-consumidor-inicia-planejamento-estrategico-para-2026","status":"publish","type":"post","link":"https:\/\/www.encontramaceio.com.br\/sobre\/conselho-municipal-de-defesa-do-consumidor-inicia-planejamento-estrategico-para-2026\/","title":{"rendered":"Conselho Municipal de Defesa do Consumidor inicia planejamento estrat\u00e9gico para 2026"},"content":{"rendered":"<div class=\"dcb782f0616bca5484400fea6b37e93d\" data-index=\"1\" style=\"float: none; margin:0px;\">\n<script async src=\"https:\/\/pagead2.googlesyndication.com\/pagead\/js\/adsbygoogle.js?client=ca-pub-8585364105181520\"\r\n     crossorigin=\"anonymous\"><\/script>\r\n<!-- Anuncio display - global -->\r\n<ins class=\"adsbygoogle\"\r\n     style=\"display:block\"\r\n     data-ad-client=\"ca-pub-8585364105181520\"\r\n     data-ad-slot=\"8789329856\"\r\n     data-ad-format=\"auto\"\r\n     data-full-width-responsive=\"true\"><\/ins>\r\n<script>\r\n     (adsbygoogle = window.adsbygoogle || []).push({});\r\n<\/script>\n<\/div>\n<h2>O que \u00e9 o Conselho Municipal de Defesa do Consumidor?<\/h2>\n<p>O <strong>Conselho Municipal de Defesa do Consumidor<\/strong> (Condecon) \u00e9 uma entidade criada para promover e proteger os direitos dos consumidores em Macei\u00f3. Sua principal fun\u00e7\u00e3o \u00e9 atuar em prol do bem-estar e da seguran\u00e7a dos cidad\u00e3os, assegurando que seus direitos sejam respeitados no exerc\u00edcio do consumo de produtos e servi\u00e7os. O Condecon \u00e9 composto por representantes de diferentes segmentos, como \u00f3rg\u00e3os p\u00fablicos, institui\u00e7\u00f5es civis e entidades de defesa do consumidor, formando um espa\u00e7o plural para discuss\u00e3o e desenvolvimento de pol\u00edticas que visem a prote\u00e7\u00e3o do consumidor.<\/p>\n<h2>Objetivos do planejamento estrat\u00e9gico para 2026<\/h2>\n<p>O planejamento estrat\u00e9gico do Condecon para 2026 tem como objetivos centrais aprimorar a atua\u00e7\u00e3o do \u00f3rg\u00e3o em Macei\u00f3 atrav\u00e9s de uma s\u00e9rie de a\u00e7\u00f5es. Esses objetivos incluem:<\/p>\n<ul>\n<li><strong>Fortalecer a fiscaliza\u00e7\u00e3o:<\/strong> Ampliar o controle sobre empresas que prestam servi\u00e7os essenciais, como \u00e1gua e energia, garantindo a qualidade e a respectiva conformidade com as normas de consumo.<\/li>\n<li><strong>Aumentar a conscientiza\u00e7\u00e3o:<\/strong> Desenvolver campanhas educativas para informar os consumidores sobre seus direitos e deveres, promovendo uma cidadania ativa e consciente.<\/li>\n<li><strong>Promover a transpar\u00eancia:<\/strong> Assegurar que os dados relacionados aos atendimentos e fiscaliza\u00e7\u00f5es do Procon sejam acess\u00edveis \u00e0 popula\u00e7\u00e3o, aumentando a confian\u00e7a nas a\u00e7\u00f5es do governo municipal.<\/li>\n<li><strong>Integrar esfor\u00e7os:<\/strong> Trabalhar em conjunto com outras entidades e setores p\u00fablicos para implementar pol\u00edticas p\u00fablicas que beneficiem os consumidores.<\/li>\n<\/ul>\n<h2>Estrat\u00e9gias para fiscaliza\u00e7\u00e3o de servi\u00e7os essenciais<\/h2>\n<p>Uma das prioridades do planejamento estrat\u00e9gico \u00e9 a fiscaliza\u00e7\u00e3o rigorosa dos servi\u00e7os essenciais. As estrat\u00e9gias a serem adotadas incluem:<\/p>\n<p><img decoding=\"async\" src=\"https:\/\/www.encontramaceio.com.br\/sobre\/wp-content\/uploads\/2026\/03\/conselho-municipal-de-defesa-do-consumidor-inicia-planejamento-estrategico-para-2026.webp\" alt=\"Conselho Municipal de Defesa do Consumidor\" loading=\"lazy\" \/><\/p>\n<ul>\n<li><strong>Aumento da equipe de fiscais:<\/strong> Refor\u00e7ar o n\u00famero de atendentes e fiscais no Procon para garantir um acompanhamento mais eficiente das reclama\u00e7\u00f5es e den\u00fancias dos cidad\u00e3os.<\/li>\n<li><strong>Treinamentos regulares:<\/strong> Proporcionar capacita\u00e7\u00e3o cont\u00ednua aos funcion\u00e1rios do Procon, assegurando que estejam sempre atualizados sobre as legisla\u00e7\u00f5es vigentes e as melhores pr\u00e1ticas em atendimento ao consumidor.<\/li>\n<li><strong>Monitoramento constante:<\/strong> Implementar sistemas de monitoramento que permitam rastrear a qualidade dos servi\u00e7os oferecidos, facilitando a identifica\u00e7\u00e3o de falhas e problemas recorrentes.<\/li>\n<li><strong>Parcerias com concession\u00e1rias:<\/strong> Estabelecer di\u00e1logos com empresas de servi\u00e7os essenciais para discutir melhorias e formas de solucionar os problemas encontrados pelos consumidores.<\/li>\n<\/ul>\n<h2>Participa\u00e7\u00e3o do Procon nas discuss\u00f5es<\/h2>\n<p>A participa\u00e7\u00e3o do Procon nas discuss\u00f5es sobre os direitos do consumidor \u00e9 fundamental. Durante reuni\u00f5es, o \u00f3rg\u00e3o apresenta dados sobre reclama\u00e7\u00f5es registradas e propostas de melhorias. Esse envolvimento permite que as pautas debatidas sejam embasadas em informa\u00e7\u00f5es concretas e relevantes para o cotidiano do consumidor, proporcionando solu\u00e7\u00f5es mais eficazes e adequadas.<\/p>\n<h2>Reuni\u00f5es com entidades civis e \u00f3rg\u00e3os p\u00fablicos<\/h2>\n<p>O Condecon organiza reuni\u00f5es peri\u00f3dicas com a participa\u00e7\u00e3o de diversas entidades civis e \u00f3rg\u00e3os p\u00fablicos. Essas reuni\u00f5es t\u00eam como foco:<\/p>\n<ul>\n<li><strong>Debater quest\u00f5es atuais:<\/strong> Trocar informa\u00e7\u00f5es sobre as principais reclama\u00e7\u00f5es dos cidad\u00e3os e buscar solu\u00e7\u00f5es conjuntas para os desafios enfrentados.<\/li>\n<li><strong>Construir pol\u00edticas p\u00fablicas:<\/strong> Criar e avaliar pol\u00edticas que possam ser aplicadas em benef\u00edcio dos consumidores, visando melhorar a qualidade de vida na cidade.<\/li>\n<li><strong>Estreitar la\u00e7os:<\/strong> Fomentar um esp\u00edrito colaborativo entre diferentes setores, permitindo a troca de ideias e a elabora\u00e7\u00e3o de solu\u00e7\u00f5es inovadoras.<\/li>\n<\/ul>\n<h2>A import\u00e2ncia do di\u00e1logo com concession\u00e1rias<\/h2>\n<p>O di\u00e1logo com as concession\u00e1rias de servi\u00e7os essenciais \u00e9 vital para a efetividade do Condecon. Por meio dessa comunica\u00e7\u00e3o, \u00e9 poss\u00edvel:<\/p>\n<ul>\n<li><strong>Identificar demandas:<\/strong> O Procon pode apontar problemas que afetam os consumidores e que precisam ser endere\u00e7ados pelas empresas.<\/li>\n<li><strong>PROMOVER solu\u00e7\u00f5es:<\/strong> Indicando maneiras de melhorar os servi\u00e7os prestados e oferecendo feedback sobre a experi\u00eancia do usu\u00e1rio.<\/li>\n<li><strong>Cooperar em campanhas:<\/strong> Trabalhar em conjunto com as concession\u00e1rias para desenvolver iniciativas que visam informar melhor os consumidores sobre seus direitos.<\/li>\n<\/ul>\n<h2>Projetos e fiscaliza\u00e7\u00e3o do Procon em 2026<\/h2>\n<p>Nos pr\u00f3ximos anos, o Procon implementar\u00e1 uma s\u00e9rie de projetos inovadores para fortalecer sua fiscaliza\u00e7\u00e3o:<\/p>\n<ul>\n<li><strong>Cria\u00e7\u00e3o de aplicativos:<\/strong> Desenvolver um aplicativo que permita ao consumidor registrar reclama\u00e7\u00f5es de maneira f\u00e1cil e r\u00e1pida.<\/li>\n<li><strong>Campanhas nas redes sociais:<\/strong> Utilizar as m\u00eddias sociais como canal para informar os consumidores sobre seus direitos e as a\u00e7\u00f5es do Procon.<\/li>\n<li><strong>A\u00e7\u00f5es educativas em escolas:<\/strong> Promover atividades que ensinem os jovens sobre cidadania e consumo consciente.<\/li>\n<\/ul>\n<h2>Como ser\u00e3o celebradas as a\u00e7\u00f5es do M\u00eas do Consumidor?<\/h2>\n<p>O M\u00eas do Consumidor, que acontece em mar\u00e7o, ser\u00e1 marcado por uma s\u00e9rie de iniciativas. O Procon planeja realizar:<\/p>\n<ul>\n<li><strong>Palestras e workshops:<\/strong> Abordando temas relevantes para a defesa do consumidor.<\/li>\n<li><strong>Mutir\u00f5es de atendimento:<\/strong> Oferecendo um canal direto para que os cidad\u00e3os apresentem suas queixas e busquem orienta\u00e7\u00e3o.<\/li>\n<li><strong>Pesquisas de pre\u00e7os:<\/strong> Comparar valores de produtos e servi\u00e7os com o intuito de informar os consumidores sobre como fazer escolhas mais vantajosas.<\/li>\n<li><strong>Campanhas de conscientiza\u00e7\u00e3o:<\/strong> Distribuir materiais informativos e realizar a\u00e7\u00f5es pr\u00e1ticas, como panfletagens nas ruas e estabelecimentos comerciais.<\/li>\n<\/ul>\n<h2>O papel da sociedade na defesa do consumidor<\/h2>\n<p>A sociedade tem um papel fundamental na luta pela defesa do consumidor. A participa\u00e7\u00e3o ativa dos cidad\u00e3os \u00e9 essencial para que as pol\u00edticas p\u00fablicas sejam eficazes. Aqui est\u00e3o algumas maneiras de como a popula\u00e7\u00e3o pode colaborar:<\/p>\n<ul>\n<li><strong>Registrar reclama\u00e7\u00f5es:<\/strong> Ao comunicar problemas de consumo, a popula\u00e7\u00e3o ajuda o Procon a identificar pr\u00e1ticas inadequadas no mercado.<\/li>\n<li><strong>Participar de campanhas:<\/strong> Engajar-se em campanhas que promovam o consumo consciente e denunciem abusos.<\/li>\n<li><strong>Apoiar iniciativas locais:<\/strong> Valorizar empresas que atuam de forma \u00e9tica e transparente, contribuindo para um mercado mais justo.<\/li>\n<\/ul>\n<h2>Transpar\u00eancia e planejamento colaborativo<\/h2>\n<p>A transpar\u00eancia nas a\u00e7\u00f5es do Procon e o planejamento colaborativo s\u00e3o cruciais para fortalecer a confian\u00e7a do p\u00fablico. A disponibiliza\u00e7\u00e3o de dados e informa\u00e7\u00f5es sobre atividades e resultados das fiscaliza\u00e7\u00f5es, bem como o envolvimento da sociedade civil nas decis\u00f5es, s\u00e3o passos fundamentais para alcan\u00e7ar essa transpar\u00eancia. Isso n\u00e3o apenas garante que a popula\u00e7\u00e3o tenha acesso a informa\u00e7\u00f5es relevantes, mas tamb\u00e9m fomenta um espa\u00e7o de di\u00e1logo e colabora\u00e7\u00e3o entre as partes interessadas, resultando em um ambiente mais justo e equitativo para todos.<\/p>\n\n<div style=\"font-size: 0px; height: 0px; line-height: 0px; margin: 0; padding: 0; clear: both;\"><\/div>","protected":false},"excerpt":{"rendered":"<p>Descubra como o Conselho Municipal de Defesa do Consumidor planeja 2026 para proteger seus direitos.<\/p>\n","protected":false},"author":1,"featured_media":3530,"comment_status":"closed","ping_status":"closed","sticky":false,"template":"","format":"standard","meta":{"footnotes":""},"categories":[1],"tags":[],"class_list":["post-3531","post","type-post","status-publish","format-standard","has-post-thumbnail","hentry","category-noticias-em-maceio","has_thumb"],"aioseo_notices":[],"_links":{"self":[{"href":"https:\/\/www.encontramaceio.com.br\/sobre\/wp-json\/wp\/v2\/posts\/3531","targetHints":{"allow":["GET"]}}],"collection":[{"href":"https:\/\/www.encontramaceio.com.br\/sobre\/wp-json\/wp\/v2\/posts"}],"about":[{"href":"https:\/\/www.encontramaceio.com.br\/sobre\/wp-json\/wp\/v2\/types\/post"}],"author":[{"embeddable":true,"href":"https:\/\/www.encontramaceio.com.br\/sobre\/wp-json\/wp\/v2\/users\/1"}],"replies":[{"embeddable":true,"href":"https:\/\/www.encontramaceio.com.br\/sobre\/wp-json\/wp\/v2\/comments?post=3531"}],"version-history":[{"count":0,"href":"https:\/\/www.encontramaceio.com.br\/sobre\/wp-json\/wp\/v2\/posts\/3531\/revisions"}],"wp:featuredmedia":[{"embeddable":true,"href":"https:\/\/www.encontramaceio.com.br\/sobre\/wp-json\/wp\/v2\/media\/3530"}],"wp:attachment":[{"href":"https:\/\/www.encontramaceio.com.br\/sobre\/wp-json\/wp\/v2\/media?parent=3531"}],"wp:term":[{"taxonomy":"category","embeddable":true,"href":"https:\/\/www.encontramaceio.com.br\/sobre\/wp-json\/wp\/v2\/categories?post=3531"},{"taxonomy":"post_tag","embeddable":true,"href":"https:\/\/www.encontramaceio.com.br\/sobre\/wp-json\/wp\/v2\/tags?post=3531"}],"curies":[{"name":"wp","href":"https:\/\/api.w.org\/{rel}","templated":true}]}}