{"id":3525,"date":"2026-02-28T02:29:08","date_gmt":"2026-02-28T05:29:08","guid":{"rendered":"https:\/\/www.encontramaceio.com.br\/sobre\/receita-federal-participa-da-1a-caravana-federativa-em-maceio-al\/"},"modified":"2026-02-28T02:29:08","modified_gmt":"2026-02-28T05:29:08","slug":"receita-federal-participa-da-1a-caravana-federativa-em-maceio-al","status":"publish","type":"post","link":"https:\/\/www.encontramaceio.com.br\/sobre\/receita-federal-participa-da-1a-caravana-federativa-em-maceio-al\/","title":{"rendered":"Receita Federal participa da 1\u00aa Caravana Federativa em Macei\u00f3\/AL"},"content":{"rendered":"<div class=\"dcb782f0616bca5484400fea6b37e93d\" data-index=\"1\" style=\"float: none; margin:0px;\">\n<script async src=\"https:\/\/pagead2.googlesyndication.com\/pagead\/js\/adsbygoogle.js?client=ca-pub-8585364105181520\"\r\n     crossorigin=\"anonymous\"><\/script>\r\n<!-- Anuncio display - global -->\r\n<ins class=\"adsbygoogle\"\r\n     style=\"display:block\"\r\n     data-ad-client=\"ca-pub-8585364105181520\"\r\n     data-ad-slot=\"8789329856\"\r\n     data-ad-format=\"auto\"\r\n     data-full-width-responsive=\"true\"><\/ins>\r\n<script>\r\n     (adsbygoogle = window.adsbygoogle || []).push({});\r\n<\/script>\n<\/div>\n<h2>O que \u00e9 a Caravana Federativa?<\/h2>\n<p>A Caravana Federativa \u00e9 uma iniciativa do governo brasileiro voltada para a aproxima\u00e7\u00e3o entre a administra\u00e7\u00e3o federal e os gestores locais. O objetivo \u00e9 levar informa\u00e7\u00f5es e recursos diretamente a diversos munic\u00edpios, promovendo di\u00e1logo e intera\u00e7\u00e3o entre os diferentes n\u00edveis de governo. Essas caravanas s\u00e3o realizadas periodicamente em diferentes estados, oferecendo um espa\u00e7o para a apresenta\u00e7\u00e3o de a\u00e7\u00f5es e programas do governo federal que podem beneficiar diretamente as comunidades locais.<\/p>\n<h2>Objetivos da Caravana em Macei\u00f3<\/h2>\n<p>Criada com o intuito de fortalecer a estrutura administrativa dos munic\u00edpios, a Caravana em Macei\u00f3, realizada nos dias 26 e 27 de fevereiro de 2026, tinha como meta principal capacitar os gestores locais, por meio de oficinas e palestras, sobre os servi\u00e7os dispon\u00edveis da Receita Federal e outros \u00f3rg\u00e3os federais. Al\u00e9m disso, buscava facilitar a implementa\u00e7\u00e3o de pol\u00edticas p\u00fablicas e a ades\u00e3o a projetos direcionados ao desenvolvimento local.<\/p>\n<h2>Participa\u00e7\u00e3o de Todos os Munic\u00edpios<\/h2>\n<p>Um dos marcos desta Caravana foi a presen\u00e7a dos representantes de 100% dos munic\u00edpios alagoanos, um feito not\u00e1vel que representa a agrega\u00e7\u00e3o de esfor\u00e7os em prol do fortalecimento local. Os gestores puderam interagir diretamente com representantes federais, buscando solu\u00e7\u00f5es para as dificuldades enfrentadas em suas localidades.<\/p>\n<p><img decoding=\"async\" src=\"https:\/\/www.encontramaceio.com.br\/sobre\/wp-content\/uploads\/2026\/02\/receita-federal-participa-da-1-caravana-federativa-em-maceio-al.webp\" alt=\"Receita Federal\" loading=\"lazy\" \/><\/p>\n<h2>A Import\u00e2ncia da Receita Federal para os Munic\u00edpios<\/h2>\n<p>A Receita Federal desempenha um papel crucial no suporte \u00e0s administra\u00e7\u00f5es locais, ajudando na gest\u00e3o tribut\u00e1ria e na implementa\u00e7\u00e3o de pol\u00edticas fiscais que beneficiam a popula\u00e7\u00e3o. Nesta Caravana, a Receita apresentou programas como a Cidadania Fiscal, que visa sensibilizar a popula\u00e7\u00e3o sobre a import\u00e2ncia do cumprimento das obriga\u00e7\u00f5es fiscais e sua rela\u00e7\u00e3o direta com o desenvolvimento social e econ\u00f4mico das cidades.<\/p>\n<h2>Servi\u00e7os Apresentados pela Receita Federal<\/h2>\n<p>Durante o evento, a Receita Federal ofereceu uma variedade de servi\u00e7os e informa\u00e7\u00f5es sobre como os munic\u00edpios podem se beneficiar de suas a\u00e7\u00f5es. Foi ministrada uma oficina intitulada &#8220;Cidadania Fiscal em Movimento: A Receita Federal no Fortalecimento da Gest\u00e3o Municipal&#8221;, que discutiu diversos programas feitos \u00e0 disposi\u00e7\u00e3o das prefeituras. Os participantes tiveram acesso a informa\u00e7\u00f5es sobre servi\u00e7os, parcerias institucionais e possibilidades de colabora\u00e7\u00e3o entre os diferentes n\u00edveis governamentais.<\/p>\n<h2>Impacto das Oficinas Realizadas<\/h2>\n<p>As oficinas realizadas durante a Caravana foram fundamentais para a dissemina\u00e7\u00e3o de conhecimento sobre as ferramentas que os gestores municipais podem usar para melhorar a efici\u00eancia do seu trabalho. A troca de experi\u00eancias entre munic\u00edpios e os representantes da Receita Federal resultou em uma maior compreens\u00e3o sobre a import\u00e2ncia da colabora\u00e7\u00e3o e do acesso a recursos que podem ser aplicados em benef\u00edcio da comunidade.<\/p>\n<h2>Depoimentos de Participantes<\/h2>\n<p>Os participantes expressaram satisfa\u00e7\u00e3o com a oportunidade de estar presentes na Caravana. Um dos prefeitos destacou a relev\u00e2ncia do evento para conhecer melhor as obriga\u00e7\u00f5es fiscais e como a Receita pode ajudar na implementa\u00e7\u00e3o de projetos locais. Outro participante ressaltou a import\u00e2ncia da presen\u00e7a do governo federal nas discuss\u00f5es sobre os desafios enfrentados pelos munic\u00edpios e a oferta de solu\u00e7\u00f5es pr\u00e1ticas para o dia a dia.<\/p>\n<h2>Resultados da Caravana<\/h2>\n<p>Os resultados da Caravana em Macei\u00f3 foram palp\u00e1veis, com um aumento no engajamento dos munic\u00edpios em suas obriga\u00e7\u00f5es fiscais e acesso a informa\u00e7\u00f5es que antes estavam distantes. Al\u00e9m disso, a intera\u00e7\u00e3o entre os gestores e a Receita Federal serviu para criar um ambiente de colabora\u00e7\u00e3o que potencializa as pol\u00edticas p\u00fablicas locais, contribuindo para um Brasil mais forte e com maior desenvolvimento social.<\/p>\n<h2>Como a Caravana Ajuda na Gest\u00e3o Municipal<\/h2>\n<p>Com a realiza\u00e7\u00e3o da Caravana, os gestores municipais tiveram a oportunidade de entender melhor os servi\u00e7os oferecidos pela Receita Federal e outros \u00f3rg\u00e3os federais. Isso n\u00e3o s\u00f3 fortalece a capacidade de gest\u00e3o das prefeituras, mas tamb\u00e9m melhora a presta\u00e7\u00e3o de servi\u00e7os \u00e0 popula\u00e7\u00e3o. A Caravana serve como um ponto de partida para novos di\u00e1logos e parcerias que podem resultar em investimentos e melhorias nas condi\u00e7\u00f5es de vida dos cidad\u00e3os.<\/p>\n<h2>Vis\u00e3o Futura da Caravana Federativa<\/h2>\n<p>Com a experi\u00eancia bem-sucedida da Caravana em Macei\u00f3, h\u00e1 uma perspectiva positiva sobre a continuidade deste projeto. O objetivo \u00e9 expandir a iniciativa para outros estados, garantindo que um n\u00famero ainda maior de munic\u00edpios tenha acesso a informa\u00e7\u00f5es e servi\u00e7os que podem melhorar a gest\u00e3o p\u00fablica. Assim, a Caravana Federativa se torna uma ferramenta essencial para a constru\u00e7\u00e3o de um Brasil mais equitativo e com desenvolvimento sustent\u00e1vel.<\/p>\n\n<div style=\"font-size: 0px; height: 0px; line-height: 0px; margin: 0; padding: 0; clear: both;\"><\/div>","protected":false},"excerpt":{"rendered":"<p>A Receita Federal participou da 1\u00aa Caravana Federativa em Macei\u00f3, alcan\u00e7ando todos os munic\u00edpios.<\/p>\n","protected":false},"author":1,"featured_media":3524,"comment_status":"closed","ping_status":"closed","sticky":false,"template":"","format":"standard","meta":{"footnotes":""},"categories":[1],"tags":[],"class_list":["post-3525","post","type-post","status-publish","format-standard","has-post-thumbnail","hentry","category-noticias-em-maceio","has_thumb"],"aioseo_notices":[],"_links":{"self":[{"href":"https:\/\/www.encontramaceio.com.br\/sobre\/wp-json\/wp\/v2\/posts\/3525","targetHints":{"allow":["GET"]}}],"collection":[{"href":"https:\/\/www.encontramaceio.com.br\/sobre\/wp-json\/wp\/v2\/posts"}],"about":[{"href":"https:\/\/www.encontramaceio.com.br\/sobre\/wp-json\/wp\/v2\/types\/post"}],"author":[{"embeddable":true,"href":"https:\/\/www.encontramaceio.com.br\/sobre\/wp-json\/wp\/v2\/users\/1"}],"replies":[{"embeddable":true,"href":"https:\/\/www.encontramaceio.com.br\/sobre\/wp-json\/wp\/v2\/comments?post=3525"}],"version-history":[{"count":0,"href":"https:\/\/www.encontramaceio.com.br\/sobre\/wp-json\/wp\/v2\/posts\/3525\/revisions"}],"wp:featuredmedia":[{"embeddable":true,"href":"https:\/\/www.encontramaceio.com.br\/sobre\/wp-json\/wp\/v2\/media\/3524"}],"wp:attachment":[{"href":"https:\/\/www.encontramaceio.com.br\/sobre\/wp-json\/wp\/v2\/media?parent=3525"}],"wp:term":[{"taxonomy":"category","embeddable":true,"href":"https:\/\/www.encontramaceio.com.br\/sobre\/wp-json\/wp\/v2\/categories?post=3525"},{"taxonomy":"post_tag","embeddable":true,"href":"https:\/\/www.encontramaceio.com.br\/sobre\/wp-json\/wp\/v2\/tags?post=3525"}],"curies":[{"name":"wp","href":"https:\/\/api.w.org\/{rel}","templated":true}]}}