{"id":3517,"date":"2026-02-26T02:31:36","date_gmt":"2026-02-26T05:31:36","guid":{"rendered":"https:\/\/www.encontramaceio.com.br\/sobre\/casa-do-autista-de-maceio-abre-vagas-para-contratar-profissionais-de-diversas-areas-veja-como-participar\/"},"modified":"2026-02-26T02:31:36","modified_gmt":"2026-02-26T05:31:36","slug":"casa-do-autista-de-maceio-abre-vagas-para-contratar-profissionais-de-diversas-areas-veja-como-participar","status":"publish","type":"post","link":"https:\/\/www.encontramaceio.com.br\/sobre\/casa-do-autista-de-maceio-abre-vagas-para-contratar-profissionais-de-diversas-areas-veja-como-participar\/","title":{"rendered":"Casa do Autista de Macei\u00f3 abre vagas para contratar profissionais de diversas \u00e1reas; veja como participar"},"content":{"rendered":"<div class=\"dcb782f0616bca5484400fea6b37e93d\" data-index=\"1\" style=\"float: none; margin:0px;\">\n<script async src=\"https:\/\/pagead2.googlesyndication.com\/pagead\/js\/adsbygoogle.js?client=ca-pub-8585364105181520\"\r\n     crossorigin=\"anonymous\"><\/script>\r\n<!-- Anuncio display - global -->\r\n<ins class=\"adsbygoogle\"\r\n     style=\"display:block\"\r\n     data-ad-client=\"ca-pub-8585364105181520\"\r\n     data-ad-slot=\"8789329856\"\r\n     data-ad-format=\"auto\"\r\n     data-full-width-responsive=\"true\"><\/ins>\r\n<script>\r\n     (adsbygoogle = window.adsbygoogle || []).push({});\r\n<\/script>\n<\/div>\n<h2>O que \u00e9 a Casa do Autista de Macei\u00f3?<\/h2>\n<p>A Casa do Autista de Macei\u00f3 \u00e9 uma iniciativa inovadora em Alagoas, destinada a fornecer atendimento especializado e gratuito para crian\u00e7as diagnosticadas com Transtorno do Espectro Autista (TEA). Localizada no bairro Gruta de Lourdes, ao lado do Hospital da Cidade, essa unidade tem como miss\u00e3o oferecer uma abordagem multidisciplinar, garantindo suporte n\u00e3o apenas \u00e0s crian\u00e7as, mas tamb\u00e9m \u00e0s suas fam\u00edlias, buscando promover inclus\u00e3o e desenvolvimento.<\/p>\n<h2>Quais \u00e1reas est\u00e3o com vagas abertas?<\/h2>\n<p>Recentemente, a Casa do Autista anunciou a abertura de vagas em diversas \u00e1reas profissionais. As categorias que est\u00e3o recrutando incluem:<\/p>\n<ul>\n<li><strong>Neuropediatras<\/strong><\/li>\n<li><strong>Psiquiatras<\/strong><\/li>\n<li><strong>Psic\u00f3logos<\/strong><\/li>\n<li><strong>Fonoaudi\u00f3logos<\/strong><\/li>\n<li><strong>Terapeutas Ocupacionais<\/strong><\/li>\n<li><strong>Psicopedagogos<\/strong><\/li>\n<li><strong>Musicoterapeutas<\/strong><\/li>\n<li><strong>Profissionais de Educa\u00e7\u00e3o F\u00edsica<\/strong><\/li>\n<li><strong>Assistentes Sociais<\/strong><\/li>\n<li><strong>Fisioterapeutas<\/strong><\/li>\n<li><strong>Pedagogos<\/strong><\/li>\n<li><strong>Enfermeiros<\/strong><\/li>\n<li><strong>Nutricionistas<\/strong><\/li>\n<\/ul>\n<h2>Detalhes da remunera\u00e7\u00e3o para os profissionais<\/h2>\n<p>Os sal\u00e1rios para os profissionais contratados variam consideravelmente, indo de R$ 2.500 a R$ 10.000, dependendo da fun\u00e7\u00e3o e da experi\u00eancia do candidato. Esse intervalo salarial \u00e9 uma tentativa de atrair talentos qualificados e garantir que a Casa do Autista conte com uma equipe competente e bem preparada para atender as demandas das crian\u00e7as e suas fam\u00edlias. Os interessados devem enviar seus curr\u00edculos para o e-mail designado, com o prazo de inscri\u00e7\u00e3o se estendendo at\u00e9 o dia 27 de mar\u00e7o de 2026.<\/p>\n<p><img decoding=\"async\" src=\"https:\/\/www.encontramaceio.com.br\/sobre\/wp-content\/uploads\/2026\/02\/casa-do-autista-de-maceio-abre-vagas-para-contratar-profissionais-de-diversas-areas-veja-como-partic.webp\" alt=\"Casa do Autista de Macei\u00f3\" loading=\"lazy\" \/><\/p>\n<h2>Como se inscrever para as vagas?<\/h2>\n<p>Para participar do processo seletivo da Casa do Autista, os candidatos devem:<\/p>\n<ul>\n<li>Enviar-se um curr\u00edculo atualizado para o e-mail <a href=\"mailto:selecao@maceiosaude.com\">selecao@maceiosaude.com<\/a>.<\/li>\n<li>Certificar-se de que sua forma\u00e7\u00e3o e experi\u00eancia condizem com a vaga desejada.<\/li>\n<li>Aguardar a avalia\u00e7\u00e3o curricular, que ser\u00e1 a \u00fanica forma de sele\u00e7\u00e3o para os candidatos.<\/li>\n<\/ul>\n<h2>Import\u00e2ncia do atendimento multidisciplinar<\/h2>\n<p>O atendimento multidisciplinar \u00e9 vital para o desenvolvimento de crian\u00e7as com TEA, pois combina diferentes abordagens terap\u00eauticas que se complementam. Essa metodologia permite um tratamento mais integrado e eficaz, favorecendo o desenvolvimento das habilidades sociais, emocionais e cognitivas das crian\u00e7as. Profissionais de diversas \u00e1reas colaboram, oferecendo uma vis\u00e3o abrangente do tratamento e contribuindo para a autonomia das crian\u00e7as atendidas.<\/p>\n<h2>Estrutura da Casa do Autista<\/h2>\n<p>A Casa do Autista foi projetada para atender \u00e0s especificidades das crian\u00e7as com autismo. A estrutura inclui:<\/p>\n<ul>\n<li>Salas de terapia equipadas para diferentes tipos de atendimento.<\/li>\n<li>Ambientes sensoriais que estimulam a percep\u00e7\u00e3o e o reconhecimento de emo\u00e7\u00f5es.<\/li>\n<li>\u00c1reas de conviv\u00eancia que promovem a socializa\u00e7\u00e3o e atividades de grupo.<\/li>\n<li>Espa\u00e7os educativos adaptados, que visam facilitar a aprendizagem e o desenvolvimento.<\/li>\n<\/ul>\n<p>Essas instala\u00e7\u00f5es s\u00e3o parte de um planejamento cuidadoso para garantir que cada crian\u00e7a tenha uma experi\u00eancia rica e positiva durante suas terapias.<\/p>\n<h2>Benef\u00edcios para as fam\u00edlias atendidas<\/h2>\n<p>As fam\u00edlias que buscam apoio na Casa do Autista n\u00e3o t\u00eam apenas acesso a servi\u00e7os especializados; elas tamb\u00e9m recebem orienta\u00e7\u00e3o e acompanhamento cont\u00ednuo. Entre os principais benef\u00edcios oferecidos est\u00e3o:<\/p>\n<ul>\n<li>Apoio psicol\u00f3gico e social para ajudar as fam\u00edlias a lidar com os desafios do TEA.<\/li>\n<li>Orienta\u00e7\u00f5es sobre como estimular o desenvolvimento das habilidades de seus filhos em casa.<\/li>\n<li>Oportunidade de interagir com outras fam\u00edlias, criando uma rede de suporte compartilhado.<\/li>\n<\/ul>\n<h2>Transpar\u00eancia no processo de sele\u00e7\u00e3o<\/h2>\n<p>A Casa do Autista prioriza a transpar\u00eancia em todos os seus processos, especialmente na sele\u00e7\u00e3o de profissionais. Segundo Camila Porci\u00fancula, diretora-presidente do Macei\u00f3 Sa\u00fade, a sele\u00e7\u00e3o ser\u00e1 feita unicamente atrav\u00e9s da avalia\u00e7\u00e3o curricular, sem privil\u00e9gios ou interfer\u00eancias pol\u00edticas. Essa postura reafirma o compromisso da institui\u00e7\u00e3o com a \u00e9tica e a qualidade no atendimento.<\/p>\n<h2>Depoimentos de profissionais envolvidos<\/h2>\n<p>Profissionais que atuam na \u00e1rea da sa\u00fade e da educa\u00e7\u00e3o expressam entusiasmo pela abertura da Casa do Autista. Muitos destacam a import\u00e2ncia desse espa\u00e7o para a sociedade e para a melhoria da qualidade de vida das crian\u00e7as com TEA. Em depoimentos, alguns mencionam:<\/p>\n<ul>\n<li><strong>A principal motiva\u00e7\u00e3o:<\/strong> &#8220;Trabalhar aqui ser\u00e1 uma oportunidade \u00fanica de fazer a diferen\u00e7a na vida de muitas crian\u00e7as e suas fam\u00edlias.&#8221;<\/li>\n<li><strong>A colabora\u00e7\u00e3o interdisciplinar:<\/strong> &#8220;A intera\u00e7\u00e3o com outros especialistas enriquece nosso conhecimento e melhora os servi\u00e7os que podemos oferecer.&#8221;<\/li>\n<\/ul>\n<h2>Como a Casa do Autista impactar\u00e1 a comunidade?<\/h2>\n<p>A inaugura\u00e7\u00e3o da Casa do Autista significa um avan\u00e7o significativo nas pol\u00edticas p\u00fablicas voltadas para pessoas com defici\u00eancia em Macei\u00f3. Ao proporcionar um espa\u00e7o adaptado e acolhedor, a casa n\u00e3o s\u00f3 atender\u00e1 \u00e0s necessidades das crian\u00e7as com TEA, mas tamb\u00e9m abrir\u00e1 portas para maior conscientiza\u00e7\u00e3o e aceita\u00e7\u00e3o na comunidade. Espera-se que a Casa do Autista:<\/p>\n<ul>\n<li>Promova a inclus\u00e3o social e cultural de crian\u00e7as com autismo.<\/li>\n<li>Incentive a forma\u00e7\u00e3o de profissionais qualificados em diversas \u00e1reas de atendimento.<\/li>\n<li>Se torne um modelo para futuras iniciativas em outras regi\u00f5es.<\/li>\n<\/ul>\n\n<div style=\"font-size: 0px; height: 0px; line-height: 0px; margin: 0; padding: 0; clear: both;\"><\/div>","protected":false},"excerpt":{"rendered":"<p>Casa do Autista em Macei\u00f3 abre vagas para profissionais de sa\u00fade e educa\u00e7\u00e3o.<\/p>\n","protected":false},"author":1,"featured_media":3516,"comment_status":"closed","ping_status":"closed","sticky":false,"template":"","format":"standard","meta":{"footnotes":""},"categories":[1],"tags":[],"class_list":["post-3517","post","type-post","status-publish","format-standard","has-post-thumbnail","hentry","category-noticias-em-maceio","has_thumb"],"aioseo_notices":[],"_links":{"self":[{"href":"https:\/\/www.encontramaceio.com.br\/sobre\/wp-json\/wp\/v2\/posts\/3517","targetHints":{"allow":["GET"]}}],"collection":[{"href":"https:\/\/www.encontramaceio.com.br\/sobre\/wp-json\/wp\/v2\/posts"}],"about":[{"href":"https:\/\/www.encontramaceio.com.br\/sobre\/wp-json\/wp\/v2\/types\/post"}],"author":[{"embeddable":true,"href":"https:\/\/www.encontramaceio.com.br\/sobre\/wp-json\/wp\/v2\/users\/1"}],"replies":[{"embeddable":true,"href":"https:\/\/www.encontramaceio.com.br\/sobre\/wp-json\/wp\/v2\/comments?post=3517"}],"version-history":[{"count":0,"href":"https:\/\/www.encontramaceio.com.br\/sobre\/wp-json\/wp\/v2\/posts\/3517\/revisions"}],"wp:featuredmedia":[{"embeddable":true,"href":"https:\/\/www.encontramaceio.com.br\/sobre\/wp-json\/wp\/v2\/media\/3516"}],"wp:attachment":[{"href":"https:\/\/www.encontramaceio.com.br\/sobre\/wp-json\/wp\/v2\/media?parent=3517"}],"wp:term":[{"taxonomy":"category","embeddable":true,"href":"https:\/\/www.encontramaceio.com.br\/sobre\/wp-json\/wp\/v2\/categories?post=3517"},{"taxonomy":"post_tag","embeddable":true,"href":"https:\/\/www.encontramaceio.com.br\/sobre\/wp-json\/wp\/v2\/tags?post=3517"}],"curies":[{"name":"wp","href":"https:\/\/api.w.org\/{rel}","templated":true}]}}