{"id":3515,"date":"2026-02-26T02:29:42","date_gmt":"2026-02-26T05:29:42","guid":{"rendered":"https:\/\/www.encontramaceio.com.br\/sobre\/em-maceio-al-ministra-da-sri-gleisi-hoffmann-participa-da-caravana-federativa-do-governo-federal\/"},"modified":"2026-02-26T02:29:42","modified_gmt":"2026-02-26T05:29:42","slug":"em-maceio-al-ministra-da-sri-gleisi-hoffmann-participa-da-caravana-federativa-do-governo-federal","status":"publish","type":"post","link":"https:\/\/www.encontramaceio.com.br\/sobre\/em-maceio-al-ministra-da-sri-gleisi-hoffmann-participa-da-caravana-federativa-do-governo-federal\/","title":{"rendered":"Em Macei\u00f3 (AL), ministra da SRI, Gleisi Hoffmann, participa da Caravana Federativa do Governo Federal"},"content":{"rendered":"<div class=\"dcb782f0616bca5484400fea6b37e93d\" data-index=\"1\" style=\"float: none; margin:0px;\">\n<script async src=\"https:\/\/pagead2.googlesyndication.com\/pagead\/js\/adsbygoogle.js?client=ca-pub-8585364105181520\"\r\n     crossorigin=\"anonymous\"><\/script>\r\n<!-- Anuncio display - global -->\r\n<ins class=\"adsbygoogle\"\r\n     style=\"display:block\"\r\n     data-ad-client=\"ca-pub-8585364105181520\"\r\n     data-ad-slot=\"8789329856\"\r\n     data-ad-format=\"auto\"\r\n     data-full-width-responsive=\"true\"><\/ins>\r\n<script>\r\n     (adsbygoogle = window.adsbygoogle || []).push({});\r\n<\/script>\n<\/div>\n<h2>Abertura da Caravana em Macei\u00f3<\/h2>\n<p>Nos dias 26 e 27 de fevereiro, a cidade de Macei\u00f3, em Alagoas, ser\u00e1 o palco da 16\u00aa edi\u00e7\u00e3o da Caravana Federativa. Este evento busca promover a comunica\u00e7\u00e3o eficiente entre os entes federativos e \u00e9 uma oportunidade para que o Governo Federal reforce sua presen\u00e7a nas comunidades. A ministra-chefe da Secretaria de Rela\u00e7\u00f5es Institucionais da Presid\u00eancia da Rep\u00fablica, Gleisi Hoffmann, estar\u00e1 presente, destacando a relev\u00e2ncia do encontro no fortalecimento das rela\u00e7\u00f5es entre a Uni\u00e3o, os estados e os munic\u00edpios.<\/p>\n<h2>Objetivos e Import\u00e2ncia do Evento<\/h2>\n<p>A Caravana Federativa visa facilitar o di\u00e1logo entre o Governo Federal e diversos p\u00fablicos locais. Entre os principais objetivos est\u00e3o:<\/p>\n<ul>\n<li><strong>Fortalecimento das Rela\u00e7\u00f5es Federativas:<\/strong> Promover uma intera\u00e7\u00e3o mais pr\u00f3xima entre o governo federal e as administra\u00e7\u00f5es estaduais e municipais.<\/li>\n<li><strong>Acesso a Programas P\u00fablicos:<\/strong> Ampliar o alcance de programas e servi\u00e7os oferecidos pelo governo, de maneira que mais cidad\u00e3os possam se beneficiar.<\/li>\n<li><strong>Investimentos P\u00fablicos:<\/strong> Estimular a discuss\u00e3o sobre investimentos nas regi\u00f5es, impactando positivamente a infraestrutura e o desenvolvimento local.<\/li>\n<\/ul>\n<h2>Ministros Presentes na Caravana<\/h2>\n<p>Al\u00e9m de Gleisi Hoffmann, outros ministros de diferentes pastas tamb\u00e9m marcar\u00e3o presen\u00e7a na Caravana, incluindo:<\/p>\n<p><img decoding=\"async\" src=\"https:\/\/www.encontramaceio.com.br\/sobre\/wp-content\/uploads\/2026\/02\/em-maceio-al-ministra-da-sri-gleisi-hoffmann-participa-da-caravana-federativa-do-governo-federal.webp\" alt=\"Caravana Federativa do Governo Federal\" loading=\"lazy\" \/><\/p>\n<ul>\n<li><strong>M\u00e1rcia Lopes:<\/strong> Ministra das Mulheres<\/li>\n<li><strong>Renan Filho:<\/strong> Ministro dos Transportes<\/li>\n<li><strong>Gustavo Feliciano:<\/strong> Ministro do Turismo<\/li>\n<li><strong>Wolney Queiroz:<\/strong> Ministro da Previd\u00eancia Social<\/li>\n<\/ul>\n<h2>Servi\u00e7os e Programas Dispon\u00edveis<\/h2>\n<p>Durante o evento, ser\u00e3o oferecidos diversos servi\u00e7os e programas \u00e0s autoridades locais e ao p\u00fablico em geral. Entre eles est\u00e3o:<\/p>\n<ul>\n<li>Informa\u00e7\u00f5es sobre programas de assist\u00eancia social e benef\u00edcios.<\/li>\n<li>Oficinas e palestras sobre desenvolvimento sustent\u00e1vel e infraestrutura.<\/li>\n<li>Acesso a consultorias sobre licita\u00e7\u00f5es e contrata\u00e7\u00e3o p\u00fablica.<\/li>\n<\/ul>\n<h2>O Papel da SRI no Fortalecimento Regional<\/h2>\n<p>A Secretaria de Rela\u00e7\u00f5es Institucionais desempenha um papel central na promo\u00e7\u00e3o da articula\u00e7\u00e3o entre os diferentes n\u00edveis de governo. A presen\u00e7a da SRI na Caravana refor\u00e7a o compromisso do governo em fortalecer as rela\u00e7\u00f5es federativas, garantindo que as vozes dos munic\u00edpios sejam ouvidas e que suas necessidades sejam atendidas. A SRI tamb\u00e9m servir\u00e1 como um canal de comunica\u00e7\u00e3o entre os gestores municipais e os minist\u00e9rios.<\/p>\n<h2>Como a Caravana Beneficiar\u00e1 os Mun\u00edcipes<\/h2>\n<p>A Caravana \u00e9 uma oportunidade \u00fanica para os cidad\u00e3os de Macei\u00f3, pois:<\/p>\n<ul>\n<li><strong>Favorece o acesso \u00e0 informa\u00e7\u00e3o:<\/strong> Os mun\u00edcipes poder\u00e3o se informar diretamente sobre programas que impactam suas vidas.<\/li>\n<li><strong>Fortalece a participa\u00e7\u00e3o cidad\u00e3:<\/strong> Promove um espa\u00e7o para que os cidad\u00e3os se manifestem sobre suas demandas e sugest\u00f5es.<\/li>\n<li><strong>Estimula o desenvolvimento local:<\/strong> Com a presen\u00e7a de servi\u00e7os federais, h\u00e1 a promessa de impulsionar a economia local.<\/li>\n<\/ul>\n<h2>Destaques da Participa\u00e7\u00e3o de Gleisi Hoffmann<\/h2>\n<p>A ministra Gleisi Hoffmann comentar\u00e1 sobre a import\u00e2ncia do di\u00e1logo cont\u00ednuo entre o governo e a popula\u00e7\u00e3o, ressaltando que as Caravanas s\u00e3o essenciais para ouvir as demandas locais e adaptar as pol\u00edticas federais \u00e0s realidades regionais. Sua participa\u00e7\u00e3o tamb\u00e9m buscar\u00e1 refor\u00e7ar a import\u00e2ncia da inclus\u00e3o de todos os segmentos da sociedade nas discuss\u00f5es sobre o desenvolvimento nacional.<\/p>\n<h2>Atendimento \u00e0 Imprensa Local<\/h2>\n<p>Ap\u00f3s a abertura da Caravana, os ministros estar\u00e3o dispon\u00edveis para atender \u00e0 imprensa local. Este momento ser\u00e1 uma oportunidade para que jornalistas fa\u00e7am perguntas e obtenham informa\u00e7\u00f5es detalhadas sobre os temas abordados durante o evento. A coletiva de imprensa est\u00e1 programada para acontecer \u00e0s 14h30, logo ap\u00f3s a visita aos estandes.<\/p>\n<h2>Localiza\u00e7\u00e3o e Hor\u00e1rios da Caravana<\/h2>\n<p>O evento ser\u00e1 realizado no Centro Cultural e de Exposi\u00e7\u00f5es Ruth Cardoso, situado na Rua Celso Piatti, s\/n, no bairro Jaragu\u00e1, em Macei\u00f3. A abertura oficial ocorrer\u00e1 no dia 26 de fevereiro, \u00e0s 14h, e a cobertura da imprensa come\u00e7ar\u00e1 \u00e0s 14h30.<\/p>\n<h2>Implica\u00e7\u00f5es para o Futuro das Rela\u00e7\u00f5es Federativas<\/h2>\n<p>A Caravana Federativa em Macei\u00f3 n\u00e3o \u00e9 apenas um evento isolado, mas representa um passo significativo para o fortalecimento das rela\u00e7\u00f5es entre os diferentes n\u00edveis de governo. O sucesso desta iniciativa poder\u00e1 levar \u00e0 cria\u00e7\u00e3o de novas oportunidades de intera\u00e7\u00e3o e colabora\u00e7\u00e3o, promovendo um ambiente mais coeso para o desenvolvimento social e econ\u00f4mico do Brasil. A continuidade desse tipo de evento pode alterar significativamente o modo como o Governo Federal se relaciona com cidades e estados, criando um verdadeiro canal aberto para o di\u00e1logo e a constru\u00e7\u00e3o conjunta de estrat\u00e9gias para o desenvolvimento do pa\u00eds.<\/p>\n\n<div style=\"font-size: 0px; height: 0px; line-height: 0px; margin: 0; padding: 0; clear: both;\"><\/div>","protected":false},"excerpt":{"rendered":"<p>Gleisi Hoffmann participa da Caravana Federativa em Macei\u00f3, AL.<\/p>\n","protected":false},"author":1,"featured_media":3514,"comment_status":"closed","ping_status":"closed","sticky":false,"template":"","format":"standard","meta":{"footnotes":""},"categories":[1],"tags":[],"class_list":["post-3515","post","type-post","status-publish","format-standard","has-post-thumbnail","hentry","category-noticias-em-maceio","has_thumb"],"aioseo_notices":[],"_links":{"self":[{"href":"https:\/\/www.encontramaceio.com.br\/sobre\/wp-json\/wp\/v2\/posts\/3515","targetHints":{"allow":["GET"]}}],"collection":[{"href":"https:\/\/www.encontramaceio.com.br\/sobre\/wp-json\/wp\/v2\/posts"}],"about":[{"href":"https:\/\/www.encontramaceio.com.br\/sobre\/wp-json\/wp\/v2\/types\/post"}],"author":[{"embeddable":true,"href":"https:\/\/www.encontramaceio.com.br\/sobre\/wp-json\/wp\/v2\/users\/1"}],"replies":[{"embeddable":true,"href":"https:\/\/www.encontramaceio.com.br\/sobre\/wp-json\/wp\/v2\/comments?post=3515"}],"version-history":[{"count":0,"href":"https:\/\/www.encontramaceio.com.br\/sobre\/wp-json\/wp\/v2\/posts\/3515\/revisions"}],"wp:featuredmedia":[{"embeddable":true,"href":"https:\/\/www.encontramaceio.com.br\/sobre\/wp-json\/wp\/v2\/media\/3514"}],"wp:attachment":[{"href":"https:\/\/www.encontramaceio.com.br\/sobre\/wp-json\/wp\/v2\/media?parent=3515"}],"wp:term":[{"taxonomy":"category","embeddable":true,"href":"https:\/\/www.encontramaceio.com.br\/sobre\/wp-json\/wp\/v2\/categories?post=3515"},{"taxonomy":"post_tag","embeddable":true,"href":"https:\/\/www.encontramaceio.com.br\/sobre\/wp-json\/wp\/v2\/tags?post=3515"}],"curies":[{"name":"wp","href":"https:\/\/api.w.org\/{rel}","templated":true}]}}