{"id":3495,"date":"2026-02-22T02:29:20","date_gmt":"2026-02-22T05:29:20","guid":{"rendered":"https:\/\/www.encontramaceio.com.br\/sobre\/semsc-e-dmtt-realizam-operacao-contra-flanelinhas-e-uso-irregular-do-espaco-publico\/"},"modified":"2026-02-22T02:29:20","modified_gmt":"2026-02-22T05:29:20","slug":"semsc-e-dmtt-realizam-operacao-contra-flanelinhas-e-uso-irregular-do-espaco-publico","status":"publish","type":"post","link":"https:\/\/www.encontramaceio.com.br\/sobre\/semsc-e-dmtt-realizam-operacao-contra-flanelinhas-e-uso-irregular-do-espaco-publico\/","title":{"rendered":"Semsc e DMTT realizam opera\u00e7\u00e3o contra flanelinhas e uso irregular do espa\u00e7o p\u00fablico"},"content":{"rendered":"<div class=\"dcb782f0616bca5484400fea6b37e93d\" data-index=\"1\" style=\"float: none; margin:0px;\">\n<script async src=\"https:\/\/pagead2.googlesyndication.com\/pagead\/js\/adsbygoogle.js?client=ca-pub-8585364105181520\"\r\n     crossorigin=\"anonymous\"><\/script>\r\n<!-- Anuncio display - global -->\r\n<ins class=\"adsbygoogle\"\r\n     style=\"display:block\"\r\n     data-ad-client=\"ca-pub-8585364105181520\"\r\n     data-ad-slot=\"8789329856\"\r\n     data-ad-format=\"auto\"\r\n     data-full-width-responsive=\"true\"><\/ins>\r\n<script>\r\n     (adsbygoogle = window.adsbygoogle || []).push({});\r\n<\/script>\n<\/div>\n<h2>A\u00e7\u00e3o Integrada de Combate<\/h2>\n<p>No \u00faltimo s\u00e1bado, dia 24, uma opera\u00e7\u00e3o conjunta foi realizada pelas equipes da Secretaria Municipal de Seguran\u00e7a Cidad\u00e3 (Semsc) e do Departamento Municipal de Transportes e Tr\u00e2nsito (DMTT). Essa a\u00e7\u00e3o teve como objetivo combater a presen\u00e7a irregular de flanelinhas e a utiliza\u00e7\u00e3o inadequada de espa\u00e7os p\u00fablicos em \u00e1reas espec\u00edficas como Jaragu\u00e1 e Ponta Grossa. A opera\u00e7\u00e3o foi uma resposta a solicita\u00e7\u00f5es da Coordena\u00e7\u00e3o Integrada de Opera\u00e7\u00f5es (CIOP), assegurando que as normas de utiliza\u00e7\u00e3o do espa\u00e7o p\u00fablico sejam respeitadas.<\/p>\n<h2>Impactos na Utiliza\u00e7\u00e3o do Espa\u00e7o P\u00fablico<\/h2>\n<p>Durante a opera\u00e7\u00e3o, as equipes notaram que alguns locais estavam sendo utilizados indevidamente para opera\u00e7\u00f5es de estacionamento, onde a cobran\u00e7a estava sendo realizada sem a devida autoriza\u00e7\u00e3o. O uso inadequado do espa\u00e7o p\u00fablico n\u00e3o apenas prejudica motoristas e cidad\u00e3os, mas tamb\u00e9m compromete a imagem e a ordem da cidade. Com a presen\u00e7a de flanelinhas, h\u00e1 uma manifesta\u00e7\u00e3o de desordem que gera desconforto aos cidad\u00e3os que buscam estacionar seus ve\u00edculos de maneira segura e organizada.<\/p>\n<h2>Fiscaliza\u00e7\u00e3o de Estacionamentos Irregulares<\/h2>\n<p>A fiscaliza\u00e7\u00e3o foi direcionada para identificar e retirar, quando poss\u00edvel, os materiais utilizados para a cobran\u00e7a irregular de estacionamento. Durante a opera\u00e7\u00e3o, foram coletados cinco cones e outros materiais que estavam sendo usados indevidamente. Nos casos em que a retirada imediata n\u00e3o foi poss\u00edvel, os propriet\u00e1rios dos estabelecimentos foram notificados para que os objetos fossem removidos e n\u00e3o fossem utilizados novamente. Essa abordagem preventiva visa inibir futuras ocorr\u00eancias semelhantes.<\/p>\n<p><img decoding=\"async\" src=\"https:\/\/www.encontramaceio.com.br\/sobre\/wp-content\/uploads\/2026\/02\/semsc-e-dmtt-realizam-operacao-contra-flanelinhas-e-uso-irregular-do-espaco-publico.webp\" alt=\"opera\u00e7\u00e3o contra flanelinhas\" loading=\"lazy\" \/><\/p>\n<h2>Notifica\u00e7\u00f5es e Responsabilidade<\/h2>\n<p>Al\u00e9m da retirada de materiais irregulares, a opera\u00e7\u00e3o tamb\u00e9m incluiu notifica\u00e7\u00f5es aos respons\u00e1veis pelos estabelecimentos. Tal procedimento visa assegurar que os pontos de estacionamento retornem ao seu estado regular, promovendo maior ordem e permitindo que os ve\u00edculos possam ser estacionados sem a imposi\u00e7\u00e3o de taxas indevidas. A responsabilidade cabe aos propriet\u00e1rios, que agora t\u00eam um compromisso formal de agir dentro da legalidade e respeitar as normas municipais.<\/p>\n<h2>Compromisso da Gest\u00e3o Municipal<\/h2>\n<p>O secret\u00e1rio municipal de Seguran\u00e7a Cidad\u00e3, Eduardo Marinho, destacou a import\u00e2ncia dessa opera\u00e7\u00e3o como um reflexo do compromisso da gest\u00e3o com a ordem urbana e o uso apropriado das \u00e1reas p\u00fablicas. Ele enfatizou: &#8220;Nosso objetivo \u00e9 garantir que as vias e \u00e1reas p\u00fablicas sejam utilizadas corretamente, sem explora\u00e7\u00e3o ou constrangimento a motoristas e trabalhadores. A atua\u00e7\u00e3o integrada demonstra que estamos atentos \u00e0s demandas da cidade e firmes na luta contra pr\u00e1ticas irregulares.&#8221;<\/p>\n<h2>Resultados da Opera\u00e7\u00e3o<\/h2>\n<p>Com a fiscaliza\u00e7\u00e3o efetuada, a opera\u00e7\u00e3o obteve resultado positivo na desarticula\u00e7\u00e3o de pr\u00e1ticas inadequadas nas \u00e1reas verificadas. Contudo, o foco da gest\u00e3o n\u00e3o se restringe a uma \u00fanica a\u00e7\u00e3o. As demandas de seguran\u00e7a e organiza\u00e7\u00e3o das vias p\u00fablicas exigem um monitoramento cont\u00ednuo para que a ordem seja mantida e demais \u00e1reas da cidade tamb\u00e9m sejam abrangidas por iniciativas semelhantes.<\/p>\n<h2>Pr\u00f3ximas A\u00e7\u00f5es de Fiscaliza\u00e7\u00e3o<\/h2>\n<p>Novas a\u00e7\u00f5es de fiscaliza\u00e7\u00e3o est\u00e3o programadas para acontecer de forma regular em diversas outras regi\u00f5es de Macei\u00f3. A gest\u00e3o municipal visa consolidar um ambiente urbano mais organizado, promovendo o correto uso das vias e espa\u00e7os p\u00fablicos, possibilitando seguran\u00e7a e comodidade n\u00e3o apenas para motoristas, mas tamb\u00e9m para transeuntes e comerciantes locais.<\/p>\n<h2>Transforma\u00e7\u00e3o nas Regi\u00f5es de Jaragu\u00e1<\/h2>\n<p>A opera\u00e7\u00e3o gerou um impacto relevante nas \u00e1reas abrangidas, trazendo al\u00edvio para a popula\u00e7\u00e3o que desejava mais seguran\u00e7a ao estacionar seus ve\u00edculos. O retorno \u00e0 ordem em Jaragu\u00e1 e Ponta Grossa \u00e9 um sinal do empenho do governo municipal em transformar a cidade em um espa\u00e7o cada vez mais respeitado e organizado, servindo melhor a todos os cidad\u00e3os.<\/p>\n<h2>A Import\u00e2ncia do Uso Adequado P\u00fablico<\/h2>\n<p>O uso adequado do espa\u00e7o p\u00fablico \u00e9 um aspecto crucial da vida urbana. Ele garante que todos possam usufruir das \u00e1reas criadas para o bem-estar comum. A falta de respeito por tais espa\u00e7os pode gerar conflitos e descontentamento entre a popula\u00e7\u00e3o. Portanto, essa opera\u00e7\u00e3o n\u00e3o \u00e9 um epis\u00f3dio isolado; \u00e9 parte de uma estrat\u00e9gia mais ampla para assegurar que todos os cidad\u00e3os tenham um acesso justo e ordenado \u00e0s \u00e1reas p\u00fablicas.<\/p>\n<h2>Seguran\u00e7a e Ordem Urbana em Macei\u00f3<\/h2>\n<p>A implementa\u00e7\u00e3o de a\u00e7\u00f5es como essas reflete um comprometimento cont\u00ednuo com a seguran\u00e7a e a organiza\u00e7\u00e3o urbanas em Macei\u00f3. Com a presen\u00e7a ativa das autoridades competentes, h\u00e1 um esfor\u00e7o conjunto para erradicar a desordem e oferecer um ambiente seguro e favor\u00e1vel para todos os cidad\u00e3os. Assim, a gest\u00e3o busca garantir que a cidade n\u00e3o apenas ofere\u00e7a estrutura, mas tamb\u00e9m um modelo de organiza\u00e7\u00e3o que inspira confian\u00e7a e respeito entre os moradores e visitantes.<\/p>\n\n<div style=\"font-size: 0px; height: 0px; line-height: 0px; margin: 0; padding: 0; clear: both;\"><\/div>","protected":false},"excerpt":{"rendered":"<p>A opera\u00e7\u00e3o contra flanelinhas teve grande impacto em Macei\u00f3, saiba mais!<\/p>\n","protected":false},"author":1,"featured_media":3494,"comment_status":"closed","ping_status":"closed","sticky":false,"template":"","format":"standard","meta":{"footnotes":""},"categories":[1],"tags":[],"class_list":["post-3495","post","type-post","status-publish","format-standard","has-post-thumbnail","hentry","category-noticias-em-maceio","has_thumb"],"aioseo_notices":[],"_links":{"self":[{"href":"https:\/\/www.encontramaceio.com.br\/sobre\/wp-json\/wp\/v2\/posts\/3495","targetHints":{"allow":["GET"]}}],"collection":[{"href":"https:\/\/www.encontramaceio.com.br\/sobre\/wp-json\/wp\/v2\/posts"}],"about":[{"href":"https:\/\/www.encontramaceio.com.br\/sobre\/wp-json\/wp\/v2\/types\/post"}],"author":[{"embeddable":true,"href":"https:\/\/www.encontramaceio.com.br\/sobre\/wp-json\/wp\/v2\/users\/1"}],"replies":[{"embeddable":true,"href":"https:\/\/www.encontramaceio.com.br\/sobre\/wp-json\/wp\/v2\/comments?post=3495"}],"version-history":[{"count":0,"href":"https:\/\/www.encontramaceio.com.br\/sobre\/wp-json\/wp\/v2\/posts\/3495\/revisions"}],"wp:featuredmedia":[{"embeddable":true,"href":"https:\/\/www.encontramaceio.com.br\/sobre\/wp-json\/wp\/v2\/media\/3494"}],"wp:attachment":[{"href":"https:\/\/www.encontramaceio.com.br\/sobre\/wp-json\/wp\/v2\/media?parent=3495"}],"wp:term":[{"taxonomy":"category","embeddable":true,"href":"https:\/\/www.encontramaceio.com.br\/sobre\/wp-json\/wp\/v2\/categories?post=3495"},{"taxonomy":"post_tag","embeddable":true,"href":"https:\/\/www.encontramaceio.com.br\/sobre\/wp-json\/wp\/v2\/tags?post=3495"}],"curies":[{"name":"wp","href":"https:\/\/api.w.org\/{rel}","templated":true}]}}