{"id":3463,"date":"2026-02-16T02:42:55","date_gmt":"2026-02-16T05:42:55","guid":{"rendered":"https:\/\/www.encontramaceio.com.br\/sobre\/maceio-abraca-o-mundo-programa-lancado-pelo-prefeito-jhc-leva\/"},"modified":"2026-02-16T02:42:55","modified_gmt":"2026-02-16T05:42:55","slug":"maceio-abraca-o-mundo-programa-lancado-pelo-prefeito-jhc-leva","status":"publish","type":"post","link":"https:\/\/www.encontramaceio.com.br\/sobre\/maceio-abraca-o-mundo-programa-lancado-pelo-prefeito-jhc-leva\/","title":{"rendered":"&#8220;Macei\u00f3 Abra\u00e7a o Mundo&#8221;: programa lan\u00e7ado pelo prefeito JHC leva\u2026"},"content":{"rendered":"<div class=\"dcb782f0616bca5484400fea6b37e93d\" data-index=\"1\" style=\"float: none; margin:0px;\">\n<script async src=\"https:\/\/pagead2.googlesyndication.com\/pagead\/js\/adsbygoogle.js?client=ca-pub-8585364105181520\"\r\n     crossorigin=\"anonymous\"><\/script>\r\n<!-- Anuncio display - global -->\r\n<ins class=\"adsbygoogle\"\r\n     style=\"display:block\"\r\n     data-ad-client=\"ca-pub-8585364105181520\"\r\n     data-ad-slot=\"8789329856\"\r\n     data-ad-format=\"auto\"\r\n     data-full-width-responsive=\"true\"><\/ins>\r\n<script>\r\n     (adsbygoogle = window.adsbygoogle || []).push({});\r\n<\/script>\n<\/div>\n<h2>O Que \u00e9 o Programa Macei\u00f3 Abra\u00e7a o Mundo?<\/h2>\n<p>O programa &#8220;Macei\u00f3 Abra\u00e7a o Mundo&#8221; foi oficialmente criado pelo prefeito JHC com o intuito de oferecer uma oportunidade in\u00e9dita aos estudantes da rede municipal de ensino de Macei\u00f3. Seu foco \u00e9 permitir que 25 alunos selecionados, provenientes de 15 diferentes escolas, realizem um interc\u00e2mbio em Londres, Inglaterra, onde vivenciar\u00e3o uma imers\u00e3o na cultura local e aprimorar\u00e3o suas habilidades na l\u00edngua inglesa.<\/p>\n<h2>Objetivos do Interc\u00e2mbio Internacional<\/h2>\n<p>As metas centrais do programa incluem:<\/p>\n<ul>\n<li><strong>Desenvolvimento da flu\u00eancia em ingl\u00eas:<\/strong> Os alunos ter\u00e3o a chance de praticar a l\u00edngua em um ambiente onde \u00e9 falada nativamente.<\/li>\n<li><strong>Enriquecimento cultural:<\/strong> Atrav\u00e9s das experi\u00eancias em Londres, os estudantes poder\u00e3o compreender e vivenciar uma cultura diferente.<\/li>\n<li><strong>Fomento ao protagonismo juvenil:<\/strong> O interc\u00e2mbio visa estimular a autonomia e o engajamento dos jovens na sociedade.<\/li>\n<li><strong>Fortalecimento das compet\u00eancias curriculares:<\/strong> O foco ser\u00e1 melhorar as habilidades de comunica\u00e7\u00e3o em contexto internacional.<\/li>\n<\/ul>\n<h2>Como Funciona o Processo Seletivo?<\/h2>\n<p>O processo de sele\u00e7\u00e3o dos alunos envolve duas fases importantes:<\/p>\n<p><img decoding=\"async\" src=\"https:\/\/www.encontramaceio.com.br\/sobre\/wp-content\/uploads\/2026\/02\/maceio-abraca-o-mundo-programa-lancado-pelo-prefeito-jhc-leva.webp\" alt=\"Macei\u00f3 Abra\u00e7a o Mundo\" loading=\"lazy\" \/><\/p>\n<ul>\n<li><strong>Primeira fase:<\/strong> Cada escola da rede pode nomear at\u00e9 quatro alunos que atendam aos crit\u00e9rios estabelecidos, como estar matriculado no Anos Finais do Ensino Fundamental e ter uma boa frequ\u00eancia escolar.<\/li>\n<li><strong>Segunda fase:<\/strong> Realizada na Escola Municipal Nosso Lar I, esta etapa consiste em uma prova objetiva de L\u00edngua Inglesa, que tem como objetivo avaliar a profici\u00eancia dos candidatos.<\/li>\n<\/ul>\n<h2>Experi\u00eancia Imersiva: O que Esperar?<\/h2>\n<p>A viagem est\u00e1 programada para ocorrer entre os dias 21 de fevereiro e 3 de mar\u00e7o de 2026. Durante esse per\u00edodo, os estudantes ter\u00e3o a oportunidade de:<\/p>\n<ul>\n<li><strong>Aul\u00f5es de ingl\u00eas intensivos:<\/strong> Os alunos participar\u00e3o de aulas junto a professores nativos para melhorar sua flu\u00eancia e compreens\u00e3o da l\u00edngua.<\/li>\n<li><strong>Paticipa\u00e7\u00f5es em atividades culturais:<\/strong> Visitas a museus, teatros e locais hist\u00f3ricos, proporcionando uma experi\u00eancia enriquecedora.<\/li>\n<li><strong>Intera\u00e7\u00e3o com nativos:<\/strong> Os estudantes poder\u00e3o interagir com a popula\u00e7\u00e3o local, facilitando a pr\u00e1tica e aprendizado da l\u00edngua em situa\u00e7\u00f5es reais.<\/li>\n<\/ul>\n<h2>Depoimentos de Estudantes Selecionados<\/h2>\n<p>Os alunos selecionados expressaram suas emo\u00e7\u00f5es e expectativas com rela\u00e7\u00e3o \u00e0 experi\u00eancia:<\/p>\n<ul>\n<li><strong>Maria, 14 anos:<\/strong> &#8220;Estou muito animada! Sempre sonhei em conhecer Londres e melhorar meu ingl\u00eas. Ser\u00e1 uma grande oportunidade para mim.&#8221;<\/li>\n<li><strong>Jos\u00e9, 12 anos:<\/strong> &#8220;Quero muito aprender e trazer tudo de bom que vou vivenciar para a minha escola e meus amigos.&#8221;<\/li>\n<\/ul>\n<h2>Import\u00e2ncia da Flu\u00eancia em L\u00edngua Estrangeira<\/h2>\n<p>Flu\u00eancia em outros idiomas, especialmente o ingl\u00eas, \u00e9 um diferencial no mercado de trabalho. Algumas vantagens incluem:<\/p>\n<ul>\n<li><strong>Acesso \u00e0 informa\u00e7\u00e3o:<\/strong> A maior parte do conte\u00fado dispon\u00edvel na internet est\u00e1 em ingl\u00eas.<\/li>\n<li><strong>Oportunidades profissionais:<\/strong> Muitas empresas exigem o dom\u00ednio do idioma para posi\u00e7\u00f5es estrat\u00e9gicas.<\/li>\n<li><strong>Networking global:<\/strong> A capacidade de se comunicar com o mundo abre portas para novas conex\u00f5es e parcerias.<\/li>\n<\/ul>\n<h2>Impacto na Educa\u00e7\u00e3o Municipal<\/h2>\n<p>O programa representa um compromisso da gest\u00e3o de JHC com a promo\u00e7\u00e3o de uma educa\u00e7\u00e3o p\u00fablica de qualidade e inclusiva. O secret\u00e1rio de Educa\u00e7\u00e3o, Luiz Rog\u00e9rio, enfatiza que iniciativas como essa s\u00e3o essenciais para oferecer novas perspectivas aos jovens e inspirar outros alunos a se dedicarem em seus estudos.<\/p>\n<h2>Detalhes da Viagem a Londres<\/h2>\n<p>A viagem incluir\u00e1 acomoda\u00e7\u00e3o, alimenta\u00e7\u00e3o, transporte e todos os passeios programados. Os estudantes ser\u00e3o acompanhados por um grupo de professores e coordenadores, proporcionando seguran\u00e7a e apoio durante toda a estadia.<\/p>\n<h2>Apoio da Prefeitura e da Comunidade<\/h2>\n<p>A administra\u00e7\u00e3o municipal tem se mostrado bastante empenhada em garantir que o programa aconte\u00e7a. A primeira-dama, Marina Candia, expressou que a iniciativa visa n\u00e3o apenas privilegiar os estudantes destacados, mas tamb\u00e9m incentivar a comunidade escolar como um todo.<\/p>\n<h2>Futuro dos Participantes Ap\u00f3s o Programa<\/h2>\n<p>Participar do &#8220;Macei\u00f3 Abra\u00e7a o Mundo&#8221; certamente ampliar\u00e1 as horizontes dos alunos. Eles retornar\u00e3o com experi\u00eancia internacional, que poder\u00e1 favorecer sua trajet\u00f3ria acad\u00eamica e profissional. Ademais, a viv\u00eancia em um contexto diferente promover\u00e1 o desenvolvimento de compet\u00eancias socioemocionais importantes, como resili\u00eancia e empatia.<\/p>\n\n<div style=\"font-size: 0px; height: 0px; line-height: 0px; margin: 0; padding: 0; clear: both;\"><\/div>","protected":false},"excerpt":{"rendered":"<p>&#8220;Macei\u00f3 Abra\u00e7a o Mundo&#8221; \u00e9 o programa que oferece interc\u00e2mbio na Inglaterra para alunos.<\/p>\n","protected":false},"author":1,"featured_media":3462,"comment_status":"closed","ping_status":"closed","sticky":false,"template":"","format":"standard","meta":{"footnotes":""},"categories":[1],"tags":[],"class_list":["post-3463","post","type-post","status-publish","format-standard","has-post-thumbnail","hentry","category-noticias-em-maceio","has_thumb"],"aioseo_notices":[],"_links":{"self":[{"href":"https:\/\/www.encontramaceio.com.br\/sobre\/wp-json\/wp\/v2\/posts\/3463","targetHints":{"allow":["GET"]}}],"collection":[{"href":"https:\/\/www.encontramaceio.com.br\/sobre\/wp-json\/wp\/v2\/posts"}],"about":[{"href":"https:\/\/www.encontramaceio.com.br\/sobre\/wp-json\/wp\/v2\/types\/post"}],"author":[{"embeddable":true,"href":"https:\/\/www.encontramaceio.com.br\/sobre\/wp-json\/wp\/v2\/users\/1"}],"replies":[{"embeddable":true,"href":"https:\/\/www.encontramaceio.com.br\/sobre\/wp-json\/wp\/v2\/comments?post=3463"}],"version-history":[{"count":0,"href":"https:\/\/www.encontramaceio.com.br\/sobre\/wp-json\/wp\/v2\/posts\/3463\/revisions"}],"wp:featuredmedia":[{"embeddable":true,"href":"https:\/\/www.encontramaceio.com.br\/sobre\/wp-json\/wp\/v2\/media\/3462"}],"wp:attachment":[{"href":"https:\/\/www.encontramaceio.com.br\/sobre\/wp-json\/wp\/v2\/media?parent=3463"}],"wp:term":[{"taxonomy":"category","embeddable":true,"href":"https:\/\/www.encontramaceio.com.br\/sobre\/wp-json\/wp\/v2\/categories?post=3463"},{"taxonomy":"post_tag","embeddable":true,"href":"https:\/\/www.encontramaceio.com.br\/sobre\/wp-json\/wp\/v2\/tags?post=3463"}],"curies":[{"name":"wp","href":"https:\/\/api.w.org\/{rel}","templated":true}]}}