{"id":3378,"date":"2026-01-31T02:46:01","date_gmt":"2026-01-31T05:46:01","guid":{"rendered":"https:\/\/www.encontramaceio.com.br\/sobre\/confira-principais-duvidas-sobre-a-vacinacao-de-bloqueio-contra-a-meningite-c\/"},"modified":"2026-01-31T02:46:01","modified_gmt":"2026-01-31T05:46:01","slug":"confira-principais-duvidas-sobre-a-vacinacao-de-bloqueio-contra-a-meningite-c","status":"publish","type":"post","link":"https:\/\/www.encontramaceio.com.br\/sobre\/confira-principais-duvidas-sobre-a-vacinacao-de-bloqueio-contra-a-meningite-c\/","title":{"rendered":"Confira principais d\u00favidas sobre a vacina\u00e7\u00e3o de bloqueio contra a meningite C"},"content":{"rendered":"<div class=\"dcb782f0616bca5484400fea6b37e93d\" data-index=\"1\" style=\"float: none; margin:0px;\">\n<script async src=\"https:\/\/pagead2.googlesyndication.com\/pagead\/js\/adsbygoogle.js?client=ca-pub-8585364105181520\"\r\n     crossorigin=\"anonymous\"><\/script>\r\n<!-- Anuncio display - global -->\r\n<ins class=\"adsbygoogle\"\r\n     style=\"display:block\"\r\n     data-ad-client=\"ca-pub-8585364105181520\"\r\n     data-ad-slot=\"8789329856\"\r\n     data-ad-format=\"auto\"\r\n     data-full-width-responsive=\"true\"><\/ins>\r\n<script>\r\n     (adsbygoogle = window.adsbygoogle || []).push({});\r\n<\/script>\n<\/div>\n<h2>Quem pode se vacinar contra a meningite C?<\/h2>\n<p>A vacina\u00e7\u00e3o de bloqueio contra a meningite C \u00e9 destinada a residentes de \u00e1reas espec\u00edficas que foram definidas para a imuniza\u00e7\u00e3o. Isso inclui os habitantes dos bairros de Cana\u00e3, Gruta de Lourdes, Jardim Petr\u00f3polis, Ouro Preto, Serraria, Barro Duro, Antares, Benedito Bentes e Jacarecica. O objetivo desta medida \u00e9 conter a propaga\u00e7\u00e3o da bact\u00e9ria que causa a doen\u00e7a. \u00c9 importante que as pessoas verifiquem a listagem de endere\u00e7os que est\u00e3o eleg\u00edveis para a vacina\u00e7\u00e3o, que pode ser encontrada em um documento disponibilizado pelos servi\u00e7os de sa\u00fade.<\/p>\n<h2>Qual \u00e9 a import\u00e2ncia da vacina\u00e7\u00e3o de bloqueio?<\/h2>\n<p>A vacina\u00e7\u00e3o de bloqueio contra a meningite C \u00e9 uma estrat\u00e9gia cr\u00edtica para interromper a dissemina\u00e7\u00e3o da bact\u00e9ria entre os indiv\u00edduos que residem em \u00e1reas de risco. Quando um surto \u00e9 identificado em uma regi\u00e3o, a vacina\u00e7\u00e3o imediata ajuda a proteger a popula\u00e7\u00e3o, especialmente aqueles que est\u00e3o em maior risco, como crian\u00e7as e idosos. As vacinas t\u00eam um papel essencial na prote\u00e7\u00e3o n\u00e3o apenas do indiv\u00edduo vacinado, mas da comunidade como um todo, contribuindo para a constru\u00e7\u00e3o de imunidade coletiva. Isso \u00e9 especialmente relevante em locais onde h\u00e1 um aumento das infec\u00e7\u00f5es ou surtos.<\/p>\n<h2>Onde encontrar pontos de vacina\u00e7\u00e3o?<\/h2>\n<p>Durante a campanha de vacina\u00e7\u00e3o, v\u00e1rios locais s\u00e3o disponibilizados para atender a popula\u00e7\u00e3o. Exemplos de pontos de vacina\u00e7\u00e3o incluem:<\/p>\n<p><img decoding=\"async\" src=\"https:\/\/www.encontramaceio.com.br\/sobre\/wp-content\/uploads\/2026\/01\/confira-principais-duvidas-sobre-a-vacinacao-de-bloqueio-contra-a-meningite-c.webp\" alt=\"vacina\u00e7\u00e3o de bloqueio contra a meningite C\" loading=\"lazy\" \/><\/p>\n<ul>\n<li><strong>Ouro Preto:<\/strong><\/li>\n<ul>\n<li>ESF Ouro Preto<\/li>\n<li>US Maria Tereza Holanda<\/li>\n<li>CAC Ouro Preto<\/li>\n<li>USF S\u00e3o Jos\u00e9 (Cana\u00e3)<\/li>\n<\/ul>\n<li><strong>Serraria:<\/strong><\/li>\n<ul>\n<li>US Jos\u00e9 Ten\u00f3rio<\/li>\n<li>Pra\u00e7a Santa Ana<\/li>\n<li>Col\u00e9gio Funda\u00e7\u00e3o Bradesco<\/li>\n<li>Col\u00e9gio Brasil<\/li>\n<li>Escola Municipal Monsenhor Ant\u00f4nio Assun\u00e7\u00e3o Ara\u00fajo<\/li>\n<li>Drive da Justi\u00e7a Federal<\/li>\n<\/ul>\n<li><strong>Barro Duro:<\/strong><\/li>\n<ul>\n<li>Loja Start Car (estacionamento)<\/li>\n<\/ul>\n<li><strong>Benedito Bentes:<\/strong><\/li>\n<ul>\n<li>US Aliomar Lins<\/li>\n<li>US Robson Cavalcante<\/li>\n<li>US Caet\u00e9s<\/li>\n<li>USF Carla Nogueira<\/li>\n<li>Shopping Popular do Caet\u00e9s<\/li>\n<li>Entrada do Conjunto Planalto<\/li>\n<li>CAT na Rotat\u00f3ria do Conjunto Apr\u00edgio Vilela<\/li>\n<li>CMEI Prof. Silvanio Barbosa dos Santos<\/li>\n<li>Cmei Professora Maria Ivone Santos De Oliveira<\/li>\n<li>Associa\u00e7\u00e3o Fam\u00edlias de Anjos<\/li>\n<li>Escola Municipal Dra Elizabeth Anne Lyra<\/li>\n<li>Drive Rotat\u00f3ria entre o Apr\u00edgio Vilela e Caet\u00e9s<\/li>\n<li>Escola Municipal Professor Aur\u00e9lio Buarque De Holanda Ferreira<\/li>\n<\/ul>\n<\/ul>\n<p>Esses locais est\u00e3o preparados para realizar a vacina\u00e7\u00e3o dos moradores da regi\u00e3o durante o per\u00edodo especificado pela campanha.<\/p>\n<h2>Como saber se estou na \u00e1rea de cobertura?<\/h2>\n<p>Para verificar se voc\u00ea est\u00e1 dentro da \u00e1rea de cobertura para a vacina\u00e7\u00e3o contra a meningite C, \u00e9 fundamental consultar a listagem de endere\u00e7os que foi disponibilizada pelas autoridades de sa\u00fade. Este documento indica exatamente quais ruas e bairros est\u00e3o contemplados. Apenas as pessoas que residem nos locais especificados poder\u00e3o receber a vacina durante esta campanha. Caso voc\u00ea n\u00e3o consiga encontrar informa\u00e7\u00f5es, os servi\u00e7os de sa\u00fade locais podem oferecer assist\u00eancia e esclarecer d\u00favidas.<\/p>\n<h2>Vacina de primeira dose ou refor\u00e7o?<\/h2>\n<p>A aplica\u00e7\u00e3o da vacina pode variar de acordo com o hist\u00f3rico vacinal de cada indiv\u00edduo. A vacina contra a meningite C faz parte do Calend\u00e1rio Nacional de Vacina\u00e7\u00e3o desde 2010 e \u00e9 administrada em v\u00e1rias etapas:<\/p>\n<ul>\n<li>Beb\u00eas a partir de 3 meses recebem a primeira dose.<\/li>\n<li>Uma segunda dose \u00e9 aplicada aos 5 meses.<\/li>\n<li>A terceira dose ocorre aos 12 meses.<\/li>\n<\/ul>\n<p>Adultos e idosos que ainda n\u00e3o foram vacinados ter\u00e3o a oportunidade de receber uma dose \u00fanica durante a campanha, ent\u00e3o \u00e9 crucial verificar seu hist\u00f3rico. Se voc\u00ea j\u00e1 completou todas as doses, n\u00e3o ser\u00e1 necess\u00e1rio tomar novamente a vacina a menos que um novo esquema de refor\u00e7o seja indicado, como a vacina meningoc\u00f3cica ACWY para aqueles que precisam.<\/p>\n<h2>Quais os efeitos colaterais comuns?<\/h2>\n<p>Assim como qualquer vacina\u00e7\u00e3o, a vacina contra a meningite C pode causar alguns efeitos colaterais, embora a maioria das pessoas n\u00e3o apresente complica\u00e7\u00f5es s\u00e9rias. Os efeitos colaterais comuns incluem:<\/p>\n<ul>\n<li>Vermelhid\u00e3o ou dor no local da aplica\u00e7\u00e3o.<\/li>\n<li>Febre leve.<\/li>\n<li>Cansa\u00e7o ou mal-estar tempor\u00e1rio.<\/li>\n<li>Rea\u00e7\u00f5es al\u00e9rgicas raras e mais severas.<\/li>\n<\/ul>\n<p>No entanto, a grande maioria dos indiv\u00edduos apresenta apenas sintomas leves que desaparecem rapidamente. Se voc\u00ea tiver rea\u00e7\u00f5es mais severas ou persistentes, \u00e9 importante consultar um profissional de sa\u00fade imediatamente.<\/p>\n<h2>\u00c9 necess\u00e1rio agendar a vacina\u00e7\u00e3o para crian\u00e7as?<\/h2>\n<p>Geralmente, n\u00e3o \u00e9 necess\u00e1rio agendar a vacina\u00e7\u00e3o para crian\u00e7as durante as campanhas de vacina\u00e7\u00e3o de bloqueio, pois os pontos de vacina\u00e7\u00e3o costumam ser abertos para atender todos os residentes da \u00e1rea durante os hor\u00e1rios estipulados. No entanto, \u00e9 sempre bom verificar se h\u00e1 novas diretrizes ou requisitos espec\u00edficos com as autoridades de sa\u00fade locais, pois pode haver mudan\u00e7as nas pol\u00edticas ou na log\u00edstica de vacina\u00e7\u00e3o dependendo das condi\u00e7\u00f5es atuais de sa\u00fade p\u00fablica.<\/p>\n<h2>O que fazer se n\u00e3o puder comparecer ao local?<\/h2>\n<p>Se voc\u00ea n\u00e3o puder comparecer aos locais de vacina\u00e7\u00e3o durante a campanha, \u00e9 recomend\u00e1vel entrar em contato com a Secretaria Municipal de Sa\u00fade ou o servi\u00e7o respons\u00e1vel pela vacina\u00e7\u00e3o. Eles poder\u00e3o fornecer informa\u00e7\u00f5es sobre oportunidades para vacina\u00e7\u00e3o em outras datas ou sugerir alternativas para assegurar que voc\u00ea ou seus filhos sejam vacinados em outra ocasi\u00e3o. Manter sua sa\u00fade em dia \u00e9 fundamental, e a equipe de sa\u00fade est\u00e1 presente para apoiar e orientar voc\u00ea nesse processo.<\/p>\n<h2>Como provar que tomei a vacina?<\/h2>\n<p>Ap\u00f3s receber a vacina, voc\u00ea dever\u00e1 receber um cart\u00e3o de vacina\u00e7\u00e3o que serve como prova de que foi imunizado. Este cart\u00e3o deve conter informa\u00e7\u00f5es relevantes, como a data da vacina\u00e7\u00e3o, o tipo de vacina e a assinatura do profissional que aplicou a dose. \u00c9 essencial guardar este cart\u00e3o em um lugar seguro, pois pode ser solicitado em futuras consultas ou para a realiza\u00e7\u00e3o de matr\u00edculas em escolas, que muitas vezes exigem a comprova\u00e7\u00e3o das vacinas em dia.<\/p>\n<h2>O que fazer ap\u00f3s a vacina\u00e7\u00e3o de bloqueio?<\/h2>\n<p>Ap\u00f3s a vacina\u00e7\u00e3o, \u00e9 importante observar algumas orienta\u00e7\u00f5es para garantir seu bem-estar:<\/p>\n<ul>\n<li>Mantenha o local da aplica\u00e7\u00e3o limpo e seco.<\/li>\n<li>Evite praticar atividades f\u00edsicas intensas por um ou dois dias ap\u00f3s a vacina\u00e7\u00e3o.<\/li>\n<li>Monitore a presen\u00e7a de qualquer efeito colateral e, caso surjam d\u00favidas ou preocupa\u00e7\u00f5es, entre em contato com um profissional de sa\u00fade.<\/li>\n<li>Continue seguindo as orienta\u00e7\u00f5es do calend\u00e1rio vacinal e mantenha-se atualizado sobre outras vacinas necess\u00e1rias.<\/li>\n<\/ul>\n<p>Esse cuidado ajuda a garantir que a vacina\u00e7\u00e3o alcance a efic\u00e1cia desejada e contribua para a sa\u00fade individual e coletiva. Caso voc\u00ea tenha mais perguntas ou precise de esclarecimentos, n\u00e3o hesite em procurar os servi\u00e7os de sa\u00fade locais.<\/p>\n\n<div style=\"font-size: 0px; height: 0px; line-height: 0px; margin: 0; padding: 0; clear: both;\"><\/div>","protected":false},"excerpt":{"rendered":"<p>Vacina\u00e7\u00e3o de bloqueio contra meningite C: saiba mais sobre a a\u00e7\u00e3o.<\/p>\n","protected":false},"author":1,"featured_media":3377,"comment_status":"closed","ping_status":"closed","sticky":false,"template":"","format":"standard","meta":{"footnotes":""},"categories":[1],"tags":[],"class_list":["post-3378","post","type-post","status-publish","format-standard","has-post-thumbnail","hentry","category-noticias-em-maceio","has_thumb"],"aioseo_notices":[],"_links":{"self":[{"href":"https:\/\/www.encontramaceio.com.br\/sobre\/wp-json\/wp\/v2\/posts\/3378","targetHints":{"allow":["GET"]}}],"collection":[{"href":"https:\/\/www.encontramaceio.com.br\/sobre\/wp-json\/wp\/v2\/posts"}],"about":[{"href":"https:\/\/www.encontramaceio.com.br\/sobre\/wp-json\/wp\/v2\/types\/post"}],"author":[{"embeddable":true,"href":"https:\/\/www.encontramaceio.com.br\/sobre\/wp-json\/wp\/v2\/users\/1"}],"replies":[{"embeddable":true,"href":"https:\/\/www.encontramaceio.com.br\/sobre\/wp-json\/wp\/v2\/comments?post=3378"}],"version-history":[{"count":0,"href":"https:\/\/www.encontramaceio.com.br\/sobre\/wp-json\/wp\/v2\/posts\/3378\/revisions"}],"wp:featuredmedia":[{"embeddable":true,"href":"https:\/\/www.encontramaceio.com.br\/sobre\/wp-json\/wp\/v2\/media\/3377"}],"wp:attachment":[{"href":"https:\/\/www.encontramaceio.com.br\/sobre\/wp-json\/wp\/v2\/media?parent=3378"}],"wp:term":[{"taxonomy":"category","embeddable":true,"href":"https:\/\/www.encontramaceio.com.br\/sobre\/wp-json\/wp\/v2\/categories?post=3378"},{"taxonomy":"post_tag","embeddable":true,"href":"https:\/\/www.encontramaceio.com.br\/sobre\/wp-json\/wp\/v2\/tags?post=3378"}],"curies":[{"name":"wp","href":"https:\/\/api.w.org\/{rel}","templated":true}]}}