{"id":3354,"date":"2026-01-27T02:41:26","date_gmt":"2026-01-27T05:41:26","guid":{"rendered":"https:\/\/www.encontramaceio.com.br\/sobre\/educacao-de-maceio-convoca-mais-de-350-profissionais-aprovados-em-pss-para-fortalecer-rede-de-ensino\/"},"modified":"2026-01-27T02:41:26","modified_gmt":"2026-01-27T05:41:26","slug":"educacao-de-maceio-convoca-mais-de-350-profissionais-aprovados-em-pss-para-fortalecer-rede-de-ensino","status":"publish","type":"post","link":"https:\/\/www.encontramaceio.com.br\/sobre\/educacao-de-maceio-convoca-mais-de-350-profissionais-aprovados-em-pss-para-fortalecer-rede-de-ensino\/","title":{"rendered":"Educa\u00e7\u00e3o de Macei\u00f3 convoca mais de 350 profissionais aprovados em PSS para fortalecer rede de ensino"},"content":{"rendered":"<div class=\"dcb782f0616bca5484400fea6b37e93d\" data-index=\"1\" style=\"float: none; margin:0px;\">\n<script async src=\"https:\/\/pagead2.googlesyndication.com\/pagead\/js\/adsbygoogle.js?client=ca-pub-8585364105181520\"\r\n     crossorigin=\"anonymous\"><\/script>\r\n<!-- Anuncio display - global -->\r\n<ins class=\"adsbygoogle\"\r\n     style=\"display:block\"\r\n     data-ad-client=\"ca-pub-8585364105181520\"\r\n     data-ad-slot=\"8789329856\"\r\n     data-ad-format=\"auto\"\r\n     data-full-width-responsive=\"true\"><\/ins>\r\n<script>\r\n     (adsbygoogle = window.adsbygoogle || []).push({});\r\n<\/script>\n<\/div>\n<h2>A Convoca\u00e7\u00e3o de 350 Profissionais<\/h2>\n<p>No contexto do fortalecimento da educa\u00e7\u00e3o em Macei\u00f3, a Prefeitura, por meio da Secretaria Municipal de Educa\u00e7\u00e3o (Semed), anunciou a convoca\u00e7\u00e3o de mais de 350 profissionais aprovados no Processo Seletivo Simplificado (PSS). Esta iniciativa visa otimizar a qualidade do ensino na cidade, com a inclus\u00e3o de diversos profissionais que desempenham fun\u00e7\u00f5es essenciais em unidades educacionais.<\/p>\n<h2>Perfil dos Profissionais Convocados<\/h2>\n<p>Entre os convocados, encontramos uma variedade de cargos que atendem \u00e0s necessidades da rede de ensino. Os profissionais incluem:<\/p>\n<ul>\n<li><strong>114 Auxiliares de Sala:<\/strong> fundamentais para o suporte em atividades de classe, auxiliando professores e alunos.<\/li>\n<li><strong>24 Psic\u00f3logos:<\/strong> respons\u00e1veis por oferecer apoio emocional e psicol\u00f3gico aos estudantes, promovendo o bem-estar mental.<\/li>\n<li><strong>20 Assistentes Sociais:<\/strong> atuantes no apoio a fam\u00edlias e alunos em situa\u00e7\u00e3o de vulnerabilidade social.<\/li>\n<li><strong>7 Nutricionistas:<\/strong> encarregados de garantir a alimenta\u00e7\u00e3o saud\u00e1vel e balanceada dos alunos.<\/li>\n<li><strong>1 Merendeiro:<\/strong> respons\u00e1vel pela prepara\u00e7\u00e3o e distribui\u00e7\u00e3o das refei\u00e7\u00f5es nas escolas.<\/li>\n<li><strong>61 Professores do 1\u00ba ao 5\u00ba ano e 50 da Educa\u00e7\u00e3o Infantil:<\/strong> na linha de frente do ensino fundamental.<\/li>\n<li><strong>Professores de diferentes disciplinas:<\/strong> incluindo L\u00edngua Portuguesa, Matem\u00e1tica, Ci\u00eancias, Educa\u00e7\u00e3o F\u00edsica, Ensino Religioso, Hist\u00f3ria, Ingl\u00eas, Arte e Geografia.<\/li>\n<\/ul>\n<h2>Import\u00e2ncia dos Auxiliares de Sala<\/h2>\n<p>Os Auxiliares de Sala desempenham um papel chave na estrutura educacional. Eles ajudam os professores a gerenciar a sala de aula e a facilitar o aprendizado. Essa colabora\u00e7\u00e3o \u00e9 vital, principalmente em turmas grandes, onde a aten\u00e7\u00e3o individualizada pode ser desafiadora. A presen\u00e7a desses profissionais garante que os alunos recebam uma aten\u00e7\u00e3o necess\u00e1ria e que as atividades sejam realizadas de maneira mais eficaz.<\/p>\n<p><img decoding=\"async\" src=\"https:\/\/www.encontramaceio.com.br\/sobre\/wp-content\/uploads\/2026\/01\/educacao-de-maceio-convoca-mais-de-350-profissionais-aprovados-em-pss-para-fortalecer-rede-de-ensino.webp\" alt=\"\" loading=\"lazy\" \/><\/p>\n<h2>A Fun\u00e7\u00e3o dos Psic\u00f3logos na Educa\u00e7\u00e3o<\/h2>\n<p>Os Psic\u00f3logos convocados t\u00eam uma responsabilidade significativa no ambiente escolar. Eles trabalham n\u00e3o apenas para abordar quest\u00f5es emocionais e comportamentais, mas tamb\u00e9m para implementar programas de preven\u00e7\u00e3o e interven\u00e7\u00e3o. A presen\u00e7a de profissionais de sa\u00fade mental no ambiente escolar se torna um diferencial na promo\u00e7\u00e3o do bem-estar emocional dos estudantes, ajudando a evitar problemas maiores no futuro.<\/p>\n<h2>Assistentes Sociais: Um Apoio Fundamental<\/h2>\n<p>Os Assistentes Sociais s\u00e3o essenciais para a conex\u00e3o entre a escola e a comunidade. Eles interv\u00eam em situa\u00e7\u00f5es de risco, ajudando fam\u00edlias a acessar recursos que possam facilitar a educa\u00e7\u00e3o dos seus filhos. Al\u00e9m disso, promovem a inclus\u00e3o social e a valoriza\u00e7\u00e3o de direitos fundamentais, garantindo que todas as crian\u00e7as tenham acesso \u00e0 educa\u00e7\u00e3o de qualidade.<\/p>\n<h2>O Papel dos Nutricionistas nas Escolas<\/h2>\n<p>Os Nutricionistas convocados t\u00eam como principal fun\u00e7\u00e3o implementar e monitorar programas de alimenta\u00e7\u00e3o escolar. Uma alimenta\u00e7\u00e3o equilibrada \u00e9 crucial para o desenvolvimento e o aprendizado das crian\u00e7as, uma vez que a nutri\u00e7\u00e3o adequada impacta diretamente na capacidade de concentra\u00e7\u00e3o e no desempenho escolar.<\/p>\n<h2>Documenta\u00e7\u00e3o Necess\u00e1ria para a Posse<\/h2>\n<p>Os profissionais convocados dever\u00e3o apresentar uma s\u00e9rie de documentos quando comparecerem para a formaliza\u00e7\u00e3o do contrato. A lista inclui:<\/p>\n<ul>\n<li>Documento de identidade com foto;<\/li>\n<li>Cadastro de Pessoas F\u00edsicas (CPF);<\/li>\n<li>Carteira de Trabalho Profissional (CTPS);<\/li>\n<li>Comprovante de resid\u00eancia atualizado;<\/li>\n<li>Comprovante de regularidade com a Justi\u00e7a Eleitoral;<\/li>\n<li>Certificado de Reservista, se do sexo masculino;<\/li>\n<li>Declara\u00e7\u00e3o de ac\u00famulo de cargos, se aplic\u00e1vel;<\/li>\n<li>Diploma de escolaridade exigida;<\/li>\n<li>Registro no conselho de classe com comprova\u00e7\u00e3o de regularidade.<\/li>\n<\/ul>\n<h2>Datas de Comparecimento dos Convocados<\/h2>\n<p>Os convocados devem se atentar \u00e0s datas espec\u00edficas para comparecimento:<\/p>\n<ul>\n<li><strong>23 de janeiro:<\/strong> Psic\u00f3logos, Assistentes Sociais, Professores de L\u00edngua Portuguesa, Nutricionistas e Merendeiros;<\/li>\n<li><strong>26 de janeiro:<\/strong> Professores de Matem\u00e1tica, Ci\u00eancias, Educa\u00e7\u00e3o F\u00edsica, Hist\u00f3ria e Geografia;<\/li>\n<li><strong>27 de janeiro:<\/strong> Professores do 1\u00ba ao 5\u00ba ano e de Ensino Religioso;<\/li>\n<li><strong>28 de janeiro:<\/strong> Professores da Educa\u00e7\u00e3o Infantil, Ingl\u00eas e Arte;<\/li>\n<li><strong>29 de janeiro:<\/strong> Auxiliares de sala.<\/li>\n<\/ul>\n<h2>Impacto na Educa\u00e7\u00e3o de Macei\u00f3<\/h2>\n<p>Essa convoca\u00e7\u00e3o de profissionais representa um investimento significativo na educa\u00e7\u00e3o p\u00fablica de Macei\u00f3. A inten\u00e7\u00e3o \u00e9 melhorar a qualidade do ensino atrav\u00e9s da amplia\u00e7\u00e3o do quadro de professores e outros profissionais essenciais. Com a inclus\u00e3o desses novos membros, espera-se que os alunos recebam um suporte mais adequado e direcionado, contribuindo para um aprendizado mais efetivo.<\/p>\n<h2>Pr\u00f3ximos Passos para os Aprovados<\/h2>\n<p>Ap\u00f3s o comparecimento e entrega da documenta\u00e7\u00e3o, os convocados dever\u00e3o aguardar a formaliza\u00e7\u00e3o de seus contratos e a inclus\u00e3o em suas respectivas fun\u00e7\u00f5es. A expectativa \u00e9 de que todos estejam prontos para atuar no in\u00edcio do ano letivo, contribuindo para o desenvolvimento educacional da cidade.<\/p>\n\n<div style=\"font-size: 0px; height: 0px; line-height: 0px; margin: 0; padding: 0; clear: both;\"><\/div>","protected":false},"excerpt":{"rendered":"<p>Educa\u00e7\u00e3o de Macei\u00f3 convoca mais de 350 profissionais aprovados em PSS para fortalecer a rede de ensino.<\/p>\n","protected":false},"author":1,"featured_media":3353,"comment_status":"closed","ping_status":"closed","sticky":false,"template":"","format":"standard","meta":{"footnotes":""},"categories":[1],"tags":[],"class_list":["post-3354","post","type-post","status-publish","format-standard","has-post-thumbnail","hentry","category-noticias-em-maceio","has_thumb"],"aioseo_notices":[],"_links":{"self":[{"href":"https:\/\/www.encontramaceio.com.br\/sobre\/wp-json\/wp\/v2\/posts\/3354","targetHints":{"allow":["GET"]}}],"collection":[{"href":"https:\/\/www.encontramaceio.com.br\/sobre\/wp-json\/wp\/v2\/posts"}],"about":[{"href":"https:\/\/www.encontramaceio.com.br\/sobre\/wp-json\/wp\/v2\/types\/post"}],"author":[{"embeddable":true,"href":"https:\/\/www.encontramaceio.com.br\/sobre\/wp-json\/wp\/v2\/users\/1"}],"replies":[{"embeddable":true,"href":"https:\/\/www.encontramaceio.com.br\/sobre\/wp-json\/wp\/v2\/comments?post=3354"}],"version-history":[{"count":0,"href":"https:\/\/www.encontramaceio.com.br\/sobre\/wp-json\/wp\/v2\/posts\/3354\/revisions"}],"wp:featuredmedia":[{"embeddable":true,"href":"https:\/\/www.encontramaceio.com.br\/sobre\/wp-json\/wp\/v2\/media\/3353"}],"wp:attachment":[{"href":"https:\/\/www.encontramaceio.com.br\/sobre\/wp-json\/wp\/v2\/media?parent=3354"}],"wp:term":[{"taxonomy":"category","embeddable":true,"href":"https:\/\/www.encontramaceio.com.br\/sobre\/wp-json\/wp\/v2\/categories?post=3354"},{"taxonomy":"post_tag","embeddable":true,"href":"https:\/\/www.encontramaceio.com.br\/sobre\/wp-json\/wp\/v2\/tags?post=3354"}],"curies":[{"name":"wp","href":"https:\/\/api.w.org\/{rel}","templated":true}]}}