{"id":3352,"date":"2026-01-26T02:44:20","date_gmt":"2026-01-26T05:44:20","guid":{"rendered":"https:\/\/www.encontramaceio.com.br\/sobre\/procon-maceio-encerra-2025-com-quase-10-mil-atendimentos-e-reforca-defesa-do-consumidor\/"},"modified":"2026-01-26T02:44:20","modified_gmt":"2026-01-26T05:44:20","slug":"procon-maceio-encerra-2025-com-quase-10-mil-atendimentos-e-reforca-defesa-do-consumidor","status":"publish","type":"post","link":"https:\/\/www.encontramaceio.com.br\/sobre\/procon-maceio-encerra-2025-com-quase-10-mil-atendimentos-e-reforca-defesa-do-consumidor\/","title":{"rendered":"Procon Macei\u00f3 encerra 2025 com quase 10 mil atendimentos e refor\u00e7a defesa do consumidor"},"content":{"rendered":"<div class=\"dcb782f0616bca5484400fea6b37e93d\" data-index=\"1\" style=\"float: none; margin:0px;\">\n<script async src=\"https:\/\/pagead2.googlesyndication.com\/pagead\/js\/adsbygoogle.js?client=ca-pub-8585364105181520\"\r\n     crossorigin=\"anonymous\"><\/script>\r\n<!-- Anuncio display - global -->\r\n<ins class=\"adsbygoogle\"\r\n     style=\"display:block\"\r\n     data-ad-client=\"ca-pub-8585364105181520\"\r\n     data-ad-slot=\"8789329856\"\r\n     data-ad-format=\"auto\"\r\n     data-full-width-responsive=\"true\"><\/ins>\r\n<script>\r\n     (adsbygoogle = window.adsbygoogle || []).push({});\r\n<\/script>\n<\/div>\n<h2>Balan\u00e7o de Atendimentos do Procon Macei\u00f3 em 2025<\/h2>\n<p>No encerramento do ano de 2025, o Procon Macei\u00f3 registrou um desempenho not\u00e1vel no tocante ao atendimento ao consumidor, somando quase <strong>10 mil atendimentos<\/strong> durante o ano. Esses n\u00fameros refletem o esfor\u00e7o cont\u00ednuo do \u00f3rg\u00e3o em atender a demanda dos cidad\u00e3os e refor\u00e7ar a prote\u00e7\u00e3o dos direitos do consumidor na capital alagoana.<\/p>\n<p>Ao longo do ano, o Procon se destacou na media\u00e7\u00e3o de conflitos e na orienta\u00e7\u00e3o dos consumidores, atuando de forma incisiva na fiscaliza\u00e7\u00e3o do mercado. O balan\u00e7o demonstra um compromisso firme em promover uma rela\u00e7\u00e3o mais justa entre consumidores e fornecedores.<\/p>\n<h2>Mutir\u00f5es de Renegocia\u00e7\u00e3o de D\u00e9bitos: Um Sucesso<\/h2>\n<p>Um dos programas que merecem destaque em 2025 foi o <strong>Mutir\u00e3o de Renegocia\u00e7\u00e3o de D\u00e9bitos<\/strong>, que resultou em aproximadamente <strong>2.400 atendimentos<\/strong>. Este trabalho foi crucial para muitos consumidores que precisavam reorganizar suas finan\u00e7as e envolveram eventos como o <strong>Renegocia<\/strong>, que ocorreu em mar\u00e7o, o <strong>Mutir\u00e3o Febraban<\/strong> em novembro e o <strong>Feir\u00e3o Nome Limpo<\/strong> em dezembro.<\/p>\n<p><img decoding=\"async\" src=\"https:\/\/www.encontramaceio.com.br\/sobre\/wp-content\/uploads\/2026\/01\/procon-maceio-encerra-2025-com-quase-10-mil-atendimentos-e-reforca-defesa-do-consumidor.webp\" alt=\"Procon Macei\u00f3\" loading=\"lazy\" \/><\/p>\n<p>Essas a\u00e7\u00f5es tiveram um impacto significativo na vida financeira dos consumidores, permitindo a renegocia\u00e7\u00e3o de d\u00edvidas e a recupera\u00e7\u00e3o do cr\u00e9dito. A presen\u00e7a constante do Procon em eventos que visam facilitar a renegocia\u00e7\u00e3o \u00e9 um indicativo do seu comprometimento em apoiar a popula\u00e7\u00e3o.<\/p>\n<h2>Acesso Ampliado aos Servi\u00e7os do Procon<\/h2>\n<p>Em busca de expandir seu alcance, o Procon Macei\u00f3 tamb\u00e9m promoveu a\u00e7\u00f5es itinerantes, que possibilitaram a realiza\u00e7\u00e3o de <strong>430 atendimentos<\/strong> em diversas \u00e1reas da cidade. Entre as iniciativas relevantes, destacam-se o <strong>Proconmunidade<\/strong>, que ocorreu no bairro Cruz das Almas, e a participa\u00e7\u00e3o no <strong>Evento Dia C \u2013 M\u00eas do Consumidor<\/strong>, em Benedito Bentes, realizados em mar\u00e7o de 2025.<\/p>\n<p>Esses esfor\u00e7os na amplia\u00e7\u00e3o do acesso aos servi\u00e7os demonstram uma preocupa\u00e7\u00e3o em levar direitos e informa\u00e7\u00f5es a locais mais distantes, onde os cidad\u00e3os frequentemente enfrentam dificuldades em acessar servi\u00e7os essenciais.<\/p>\n<h2>Avan\u00e7os Institucionais em 2025<\/h2>\n<p>O ano de 2025 tamb\u00e9m trouxe consigo uma s\u00e9rie de <strong>avan\u00e7ados institucionais<\/strong> que fortaleceram a atua\u00e7\u00e3o do Procon. Um marco significativo foi a inaugura\u00e7\u00e3o do n\u00facleo do Procon na OAB Alagoas \u2013 Centro, que se apresenta como um ponto de apoio importante para os consumidores. <\/p>\n<p>Al\u00e9m disso, foi criado o <strong>Conselho Municipal de Defesa do Consumidor<\/strong>, que serve como uma plataforma para discutir e implementar pol\u00edticas de prote\u00e7\u00e3o ao consumidor em Macei\u00f3. O lan\u00e7amento da <strong>Cartilha para o Consumo de Energia El\u00e9trica<\/strong> tamb\u00e9m se destacou, proporcionando orienta\u00e7\u00f5es valiosas \u00e0 popula\u00e7\u00e3o quanto ao uso consciente e direitos ligados ao fornecimento de energia.<\/p>\n<h2>Fiscaliza\u00e7\u00e3o e Penaliza\u00e7\u00f5es Aplicadas<\/h2>\n<p>A fiscaliza\u00e7\u00e3o \u00e9 uma das principais atribui\u00e7\u00f5es do Procon, e em 2025, o \u00f3rg\u00e3o realizou <strong>307 fiscaliza\u00e7\u00f5es<\/strong> em estabelecimentos. Essas a\u00e7\u00f5es resultaram em multas que totalizaram <strong>R$ 7,7 milh\u00f5es<\/strong>, evidenciando a necessidade de garantir que as rela\u00e7\u00f5es de consumo sejam justas e transparentes.<\/p>\n<p>Al\u00e9m da aplica\u00e7\u00e3o de penaliza\u00e7\u00f5es, o Procon tamb\u00e9m promoveu <strong>18 capacita\u00e7\u00f5es<\/strong> tanto para consumidores quanto para fornecedores. Essas iniciativas educacionais s\u00e3o fundamentais para que todos os envolvidos conhe\u00e7am seus direitos e deveres, promovendo assim melhores pr\u00e1ticas de mercado.<\/p>\n<h2>Educa\u00e7\u00e3o para o Consumo Consciente<\/h2>\n<p>No que se refere \u00e0 educa\u00e7\u00e3o do consumidor, o Procon Macei\u00f3 se empenhou em proporcionar ferramentas e informa\u00e7\u00f5es que capacitem a popula\u00e7\u00e3o a tomar decis\u00f5es mais conscientes. O lan\u00e7amento de materiais educativos e a realiza\u00e7\u00e3o de workshops foram algumas das a\u00e7\u00f5es implementadas ao longo do ano.<\/p>\n<p>Essas medidas visam n\u00e3o apenas prevenir conflitos, mas tamb\u00e9m promover uma cultura de consumo respons\u00e1vel, onde os cidad\u00e3os s\u00e3o incentivados a buscar informa\u00e7\u00f5es e esclarecer d\u00favidas antes de realizar compras ou contrata\u00e7\u00f5es de servi\u00e7os.<\/p>\n<h2>Media\u00e7\u00e3o de Conflitos: A Import\u00e2ncia do Di\u00e1logo<\/h2>\n<p>A media\u00e7\u00e3o de conflitos \u00e9 uma das atividades fundamentais do Procon, que em 2025 realizou <strong>1.833 audi\u00eancias de concilia\u00e7\u00e3o<\/strong>. Essas audi\u00eancias se mostram essenciais para resolver desentendimentos entre consumidores e fornecedores de maneira pac\u00edfica e efetiva.<\/p>\n<p>A utiliza\u00e7\u00e3o da media\u00e7\u00e3o como uma estrat\u00e9gia de solu\u00e7\u00e3o de conflitos refor\u00e7a a import\u00e2ncia do di\u00e1logo na resolu\u00e7\u00e3o de quest\u00f5es que envolvem consumo, evitando que situa\u00e7\u00f5es se transformem em lit\u00edgios mais complexos.<\/p>\n<h2>Demandas Mais Reclamadas pelos Consumidores<\/h2>\n<p>As reivindica\u00e7\u00f5es dos consumidores em 2025 revelam as preocupa\u00e7\u00f5es mais comuns no mercado. Entre as demandas, destacam-se:<\/p>\n<ul>\n<li><strong>Cart\u00e3o de cr\u00e9dito, d\u00e9bito e cart\u00e3o de loja<\/strong><\/li>\n<li><strong>Bancos de dados e cadastros de consumidores (SPC, Serasa, SCPC)<\/strong><\/li>\n<li><strong>Superendividamento e renegocia\u00e7\u00e3o de d\u00edvidas em bloco<\/strong><\/li>\n<li><strong>Energia el\u00e9trica<\/strong><\/li>\n<li><strong>Aparelho celular<\/strong><\/li>\n<\/ul>\n<p>Essas quest\u00f5es indicam \u00e1reas onde os consumidores t\u00eam enfrentado desafios significativos, e o Procon tem se dedicado a oferecer suporte e orienta\u00e7\u00e3o nessas situa\u00e7\u00f5es.<\/p>\n<h2>As Principais Empresas em Reclama\u00e7\u00e3o<\/h2>\n<p>No tocante \u00e0s empresas mais frequentemente reclamadas em 2025, a lista inclui:<\/p>\n<ol>\n<li><strong>Grupo Equatorial<\/strong><\/li>\n<li><strong>Ita\u00fa Unibanco<\/strong><\/li>\n<li><strong>BRK Ambiental<\/strong><\/li>\n<li><strong>Banco do Brasil<\/strong><\/li>\n<li><strong>Claro<\/strong><\/li>\n<\/ol>\n<p>Esses dados oferecem uma vis\u00e3o sobre onde as queixas est\u00e3o concentradas, revelando a necessidade de maior fiscaliza\u00e7\u00e3o e respostas r\u00e1pidas por parte dos fornecedores.<\/p>\n<h2>Compromisso do Procon com os Direitos do Consumidor<\/h2>\n<p>O panorama de atendimentos e a\u00e7\u00f5es realizadas pelo Procon Macei\u00f3 em 2025 solidifica sua miss\u00e3o de proteger os direitos do consumidor. A quantidade de atendimentos e a variedade de programas implementados refletem um foco em garantir que os cidad\u00e3os possam exercer seus direitos de maneira plena.<\/p>\n<p>O \u00f3rg\u00e3o continua a se dedicar a ampliar o acesso aos servi\u00e7os, melhorar a fiscaliza\u00e7\u00e3o e promover rela\u00e7\u00f5es de consumo mais justas e equilibradas em toda a cidade. O compromisso cont\u00ednuo com a defesa dos direitos dos consumidores reafirma a relev\u00e2ncia do Procon Macei\u00f3 como um agente de mudan\u00e7a positiva no mercado local.<\/p>\n\n<div style=\"font-size: 0px; height: 0px; line-height: 0px; margin: 0; padding: 0; clear: both;\"><\/div>","protected":false},"excerpt":{"rendered":"<p>Procon Macei\u00f3 registra quase 10 mil atendimentos e fortalece a prote\u00e7\u00e3o do consumidor em 2025.<\/p>\n","protected":false},"author":1,"featured_media":3351,"comment_status":"closed","ping_status":"closed","sticky":false,"template":"","format":"standard","meta":{"footnotes":""},"categories":[1],"tags":[],"class_list":["post-3352","post","type-post","status-publish","format-standard","has-post-thumbnail","hentry","category-noticias-em-maceio","has_thumb"],"aioseo_notices":[],"_links":{"self":[{"href":"https:\/\/www.encontramaceio.com.br\/sobre\/wp-json\/wp\/v2\/posts\/3352","targetHints":{"allow":["GET"]}}],"collection":[{"href":"https:\/\/www.encontramaceio.com.br\/sobre\/wp-json\/wp\/v2\/posts"}],"about":[{"href":"https:\/\/www.encontramaceio.com.br\/sobre\/wp-json\/wp\/v2\/types\/post"}],"author":[{"embeddable":true,"href":"https:\/\/www.encontramaceio.com.br\/sobre\/wp-json\/wp\/v2\/users\/1"}],"replies":[{"embeddable":true,"href":"https:\/\/www.encontramaceio.com.br\/sobre\/wp-json\/wp\/v2\/comments?post=3352"}],"version-history":[{"count":0,"href":"https:\/\/www.encontramaceio.com.br\/sobre\/wp-json\/wp\/v2\/posts\/3352\/revisions"}],"wp:featuredmedia":[{"embeddable":true,"href":"https:\/\/www.encontramaceio.com.br\/sobre\/wp-json\/wp\/v2\/media\/3351"}],"wp:attachment":[{"href":"https:\/\/www.encontramaceio.com.br\/sobre\/wp-json\/wp\/v2\/media?parent=3352"}],"wp:term":[{"taxonomy":"category","embeddable":true,"href":"https:\/\/www.encontramaceio.com.br\/sobre\/wp-json\/wp\/v2\/categories?post=3352"},{"taxonomy":"post_tag","embeddable":true,"href":"https:\/\/www.encontramaceio.com.br\/sobre\/wp-json\/wp\/v2\/tags?post=3352"}],"curies":[{"name":"wp","href":"https:\/\/api.w.org\/{rel}","templated":true}]}}