{"id":332,"date":"2014-01-06T10:17:55","date_gmt":"2014-01-06T12:17:55","guid":{"rendered":"http:\/\/www.encontramaceio.com.br\/noticias\/?p=332"},"modified":"2019-04-15T10:50:20","modified_gmt":"2019-04-15T13:50:20","slug":"giro-de-folguedos-domingos-de-cultura-na-orla-de-maceio","status":"publish","type":"post","link":"https:\/\/www.encontramaceio.com.br\/sobre\/giro-de-folguedos-domingos-de-cultura-na-orla-de-maceio\/","title":{"rendered":"Giro de Folguedos: Domingos de cultura na orla de Macei\u00f3"},"content":{"rendered":"<div class=\"dcb782f0616bca5484400fea6b37e93d\" data-index=\"1\" style=\"float: none; margin:0px;\">\n<script async src=\"https:\/\/pagead2.googlesyndication.com\/pagead\/js\/adsbygoogle.js?client=ca-pub-8585364105181520\"\r\n     crossorigin=\"anonymous\"><\/script>\r\n<!-- Anuncio display - global -->\r\n<ins class=\"adsbygoogle\"\r\n     style=\"display:block\"\r\n     data-ad-client=\"ca-pub-8585364105181520\"\r\n     data-ad-slot=\"8789329856\"\r\n     data-ad-format=\"auto\"\r\n     data-full-width-responsive=\"true\"><\/ins>\r\n<script>\r\n     (adsbygoogle = window.adsbygoogle || []).push({});\r\n<\/script>\n<\/div>\n<p>Promovido pela Prefeitura de Macei\u00f3, por meio da Funda\u00e7\u00e3o Municipal de A\u00e7\u00e3o Cultural (FMAC), o Giro de Folguedos est\u00e1 de volta com a miss\u00e3o de divulgar e incentivar a cultura popular da cidade. Dentro da programa\u00e7\u00e3o do Ver\u00e3o Macei\u00f3 2014, todos os domingos do m\u00eas de janeiro ser\u00e3o embalados com arte, dan\u00e7a e m\u00fasica.<\/p>\n<p>Nesta, que \u00e9 a quinta edi\u00e7\u00e3o, cinco tablados foram montados ao longo da Avenida Silvio Viana, onde os grupos se apresentar\u00e3o durante nos dias 12, 19 e 26 a partir das 16h. Muitas fam\u00edlias e turistas puderam ver a for\u00e7a da express\u00e3o cultural em cada folguedo apresentado. \u201cSou alagoana e fico muito orgulhosa de poder mostrar aos meus amigos de S\u00e3o Paulo a riqueza cultural que n\u00f3s temos\u201d, disse Luana Lopes.<\/p>\n<p>Para o baiano Paulo Moraes, que est\u00e1 em Macei\u00f3 com a fam\u00edlia passando f\u00e9rias, o Giro de Folguedos foi uma grata surpresa. \u201cN\u00e3o imaginava encontrar algo t\u00e3o bonito na praia. \u00d3tima iniciativa da prefeitura\u201d, afirmou. Sua filha Maria Fernanda, de 9 anos, tamb\u00e9m gostou do que viu. \u201cAchei tudo muito lindo, principalmente as roupas\u201d, disse ela.<\/p>\n<p>Duas inova\u00e7\u00f5es nesta edi\u00e7\u00e3o: a inclus\u00e3o das escolas de samba na programa\u00e7\u00e3o e a escolha da \u00e1rea que tradicionalmente fica fechada na orla da Ponta Verde. \u201cCada semana teremos uma escola de samba diferente dando uma mostra da produ\u00e7\u00e3o que est\u00e1 sendo ensaiada para os desfiles no Carnaval 2014 de Macei\u00f3\u201d, disse o Diretor de Produ\u00e7\u00e3o Cultural da FMAC, Keyler Sim\u00f5es.<\/p>\n<p>Nos palcos o p\u00fablico pode conferir na abertura as Negras da Costa, Pastoril Estrela de Bel\u00e9m, Coco-de-roda Xique-xique, Fandango do Pontal, Guerreiro Vencedor Alagoano, Bumba Meu Boi Bumb\u00e1 Alagoano, Maculel\u00ea Y\u00e1 Capoeira, Guerreiro S\u00e3o Pedro Alagoano, Quilombo de Limoeiro e Escola de Samba Gavi\u00f5es da Paju\u00e7ara.<\/p>\n\n<div style=\"font-size: 0px; height: 0px; line-height: 0px; margin: 0; padding: 0; clear: both;\"><\/div>","protected":false},"excerpt":{"rendered":"<p>Promovido pela Prefeitura de Macei\u00f3, por meio da Funda\u00e7\u00e3o Municipal de A\u00e7\u00e3o Cultural (FMAC), o Giro de Folguedos est\u00e1 de volta com a miss\u00e3o de divulgar e incentivar a cultura popular da cidade. Dentro da programa\u00e7\u00e3o do Ver\u00e3o Macei\u00f3 2014, todos os domingos do m\u00eas de janeiro ser\u00e3o embalados com arte, dan\u00e7a e m\u00fasica. Nesta, que \u00e9 a quinta edi\u00e7\u00e3o, cinco tablados foram montados ao longo da Avenida Silvio Viana, onde os grupos se apresentar\u00e3o durante nos dias 12, 19 e 26 a partir das 16h. Muitas fam\u00edlias e turistas puderam ver a for\u00e7a da express\u00e3o cultural em cada folguedo <\/p>\n","protected":false},"author":1,"featured_media":0,"comment_status":"open","ping_status":"closed","sticky":false,"template":"","format":"standard","meta":{"footnotes":""},"categories":[1],"tags":[],"class_list":["post-332","post","type-post","status-publish","format-standard","hentry","category-noticias-em-maceio"],"aioseo_notices":[],"_links":{"self":[{"href":"https:\/\/www.encontramaceio.com.br\/sobre\/wp-json\/wp\/v2\/posts\/332","targetHints":{"allow":["GET"]}}],"collection":[{"href":"https:\/\/www.encontramaceio.com.br\/sobre\/wp-json\/wp\/v2\/posts"}],"about":[{"href":"https:\/\/www.encontramaceio.com.br\/sobre\/wp-json\/wp\/v2\/types\/post"}],"author":[{"embeddable":true,"href":"https:\/\/www.encontramaceio.com.br\/sobre\/wp-json\/wp\/v2\/users\/1"}],"replies":[{"embeddable":true,"href":"https:\/\/www.encontramaceio.com.br\/sobre\/wp-json\/wp\/v2\/comments?post=332"}],"version-history":[{"count":1,"href":"https:\/\/www.encontramaceio.com.br\/sobre\/wp-json\/wp\/v2\/posts\/332\/revisions"}],"predecessor-version":[{"id":333,"href":"https:\/\/www.encontramaceio.com.br\/sobre\/wp-json\/wp\/v2\/posts\/332\/revisions\/333"}],"wp:attachment":[{"href":"https:\/\/www.encontramaceio.com.br\/sobre\/wp-json\/wp\/v2\/media?parent=332"}],"wp:term":[{"taxonomy":"category","embeddable":true,"href":"https:\/\/www.encontramaceio.com.br\/sobre\/wp-json\/wp\/v2\/categories?post=332"},{"taxonomy":"post_tag","embeddable":true,"href":"https:\/\/www.encontramaceio.com.br\/sobre\/wp-json\/wp\/v2\/tags?post=332"}],"curies":[{"name":"wp","href":"https:\/\/api.w.org\/{rel}","templated":true}]}}