{"id":3280,"date":"2026-01-14T02:41:41","date_gmt":"2026-01-14T05:41:41","guid":{"rendered":"https:\/\/www.encontramaceio.com.br\/sobre\/prefeitura-divulga-calendario-escolar-de-2026-nas-unidades-da-rede-publica-municipal\/"},"modified":"2026-01-14T02:41:41","modified_gmt":"2026-01-14T05:41:41","slug":"prefeitura-divulga-calendario-escolar-de-2026-nas-unidades-da-rede-publica-municipal","status":"publish","type":"post","link":"https:\/\/www.encontramaceio.com.br\/sobre\/prefeitura-divulga-calendario-escolar-de-2026-nas-unidades-da-rede-publica-municipal\/","title":{"rendered":"Prefeitura divulga Calend\u00e1rio Escolar de 2026 nas unidades da rede p\u00fablica municipal"},"content":{"rendered":"<div class=\"dcb782f0616bca5484400fea6b37e93d\" data-index=\"1\" style=\"float: none; margin:0px;\">\n<script async src=\"https:\/\/pagead2.googlesyndication.com\/pagead\/js\/adsbygoogle.js?client=ca-pub-8585364105181520\"\r\n     crossorigin=\"anonymous\"><\/script>\r\n<!-- Anuncio display - global -->\r\n<ins class=\"adsbygoogle\"\r\n     style=\"display:block\"\r\n     data-ad-client=\"ca-pub-8585364105181520\"\r\n     data-ad-slot=\"8789329856\"\r\n     data-ad-format=\"auto\"\r\n     data-full-width-responsive=\"true\"><\/ins>\r\n<script>\r\n     (adsbygoogle = window.adsbygoogle || []).push({});\r\n<\/script>\n<\/div>\n<h2>Data de In\u00edcio do Ano Letivo<\/h2>\n<p>O in\u00edcio do ano letivo de 2026 na rede p\u00fablica municipal de Macei\u00f3 est\u00e1 marcado para o dia 9 de fevereiro. Essa data \u00e9 fundamental, pois estabelece o ponto de partida para as atividades escolares nas unidades de ensino, que incluem tanto as escolas regulares quanto os Centros Municipais de Educa\u00e7\u00e3o Infantil (CMEIs). Para as institui\u00e7\u00f5es que completaram o ano letivo anterior at\u00e9 o dia 30 de dezembro, essa ser\u00e1 a data oficial de in\u00edcio. Contudo, para aquelas que n\u00e3o se encaixam neste crit\u00e9rio, o per\u00edodo de f\u00e9rias dos docentes ser\u00e1 considerado, e as aulas se iniciar\u00e3o ap\u00f3s a conclus\u00e3o de um intervalo de 30 dias.<\/p>\n<p>A defini\u00e7\u00e3o dessa data \u00e9 regulamentada por uma portaria da Secretaria Municipal de Educa\u00e7\u00e3o (Semed), que tamb\u00e9m se encarrega de estabelecer diretrizes a serem seguidas por todas as unidades escolares. Isso garante que haja um padr\u00e3o e uma organiza\u00e7\u00e3o adequada no in\u00edcio das atividades letivas, respeitando a carga hor\u00e1ria m\u00ednima exigida pela legisla\u00e7\u00e3o educacional vigente. O cumprimento dessa carga hor\u00e1ria \u00e9 vital para garantir que os alunos recebam a educa\u00e7\u00e3o de qualidade que merecem, dentro dos par\u00e2metros legais estabelecidos pelo Minist\u00e9rio da Educa\u00e7\u00e3o.<\/p>\n<p>Al\u00e9m do in\u00edcio das aulas, a Semed tamb\u00e9m se preocupa em planejar outras datas importantes ao longo do ano, como recessos e feriados, que s\u00e3o igualmente essenciais para a estrutura\u00e7\u00e3o do calend\u00e1rio escolar. Estudantes, pais e professores se beneficiam ao conhecer as datas com anteced\u00eancia, o que permite um melhor planejamento para o ano todo.<\/p>\n<p><img decoding=\"async\" src=\"https:\/\/www.encontramaceio.com.br\/sobre\/wp-content\/uploads\/2026\/01\/prefeitura-divulga-calendario-escolar-de-2026-nas-unidades-da-rede-publica-municipal.webp\" alt=\"calend\u00e1rio escolar 2026\" loading=\"lazy\" \/><\/p>\n<h2>Import\u00e2ncia do Calend\u00e1rio Escolar<\/h2>\n<p>O calend\u00e1rio escolar \u00e9 um documento essencial para a organiza\u00e7\u00e3o das atividades pedag\u00f3gicas e administrativas nas institui\u00e7\u00f5es de ensino. Ele funciona como um guia que proporciona previsibilidade para alunos, pais e educadores, permitindo que todos se preparem para os diferentes per\u00edodos de ensino e aprendizagem. Um calend\u00e1rio bem estruturado ajuda a garantir que sejam cumpridas todas as exig\u00eancias legais e educacionais, al\u00e9m de maximizar o tempo dedicado ao aprendizado.<\/p>\n<p>Uma das principais import\u00e2ncias do calend\u00e1rio escolar \u00e9 a possibilidade de planejamento. Com as datas definidas, a comunidade escolar pode se organizar para atender a diversos eventos, como reuni\u00f5es de pais, conselhos de classe, atividades extracurriculares e regulares. Al\u00e9m disso, a clareza sobre os per\u00edodos de aulas e recessos permite que os alunos tenham um melhor gerenciamento do seu tempo, essenciais para o planejamento das atividades acad\u00eamicas e outras responsabilidades.<\/p>\n<p>O calend\u00e1rio tamb\u00e9m \u00e9 relevante para a preven\u00e7\u00e3o de interrup\u00e7\u00f5es nas aulas. Eventos imprevistos, como desastres naturais ou emerg\u00eancias de sa\u00fade p\u00fablica, como a pandemia de COVID-19, podem impactar seriamente o andamento do ano letivo. Um calend\u00e1rio que considera essas vari\u00e1veis, com estrat\u00e9gias para compensar poss\u00edveis interrup\u00e7\u00f5es, \u00e9 crucial. Dessa maneira, as institui\u00e7\u00f5es podem garantir o aproveitamento do tempo escolar, minimizando a dispers\u00e3o do aprendizado e contribuindo para um ano letivo mais produtivo.<\/p>\n<h2>Recesso Escolar Unificado<\/h2>\n<p>O recesso escolar unificado \u00e9 uma das principais caracter\u00edsticas do calend\u00e1rio escolar de Macei\u00f3 para 2026. Este recesso ser\u00e1 realizado de 22 de junho a 6 de julho. Durante este per\u00edodo, todas as unidades escolares da rede p\u00fablica municipal interromper\u00e3o suas atividades letivas, proporcionando um tempo de descanso tanto para os alunos quanto para os professores. Esse momento de pausa \u00e9 crucial para revitalizar a energia necess\u00e1ria para retomar as aulas com mais disposi\u00e7\u00e3o quando as atividades forem reiniciadas.<\/p>\n<p>A unifica\u00e7\u00e3o do recesso \u00e9 uma estrat\u00e9gia que visa garantir que todos os estudantes, independentemente de sua unidade de ensino, tenham a mesma oportunidade de descanso. Isso ajuda a criar um sentido de comunidade entre os alunos e suas fam\u00edlias, que podem planejar atividades conjuntas e momentos de lazer durante o recesso. Al\u00e9m disso, a coletiva pausa permite que as escolas organizem melhor suas atividades acad\u00eamicas, sem o risco de descompassos entre as diferentes unidades de ensino.<\/p>\n<p>Outro aspecto importante do recesso \u00e9 que ele permite aos educadores realizarem planejamentos semestrais e revis\u00f5es nas pr\u00e1ticas pedag\u00f3gicas, o que contribui para a melhoria da qualidade de ensino. Nesse sentido, o recesso n\u00e3o \u00e9 apenas um per\u00edodo de descanso, mas tamb\u00e9m um momento que pode ser utilizado para refletir e aprimorar as metodologias utilizadas nas salas de aula e trazer inova\u00e7\u00f5es que beneficiam o aprendizado dos alunos.<\/p>\n<h2>Modelos de Calend\u00e1rio Dispon\u00edveis<\/h2>\n<p>A Secretaria Municipal de Educa\u00e7\u00e3o de Macei\u00f3 disponibiliza modelos de calend\u00e1rio escolar para as unidades de ensino, permitindo que cada institui\u00e7\u00e3o adapte as diretrizes gerais \u00e0s suas necessidades espec\u00edficas. A portaria da Semed oferece orienta\u00e7\u00f5es claras sobre como elaborar o calend\u00e1rio escolar, que deve ser seguido por todas as institui\u00e7\u00f5es vinculadas \u00e0 rede p\u00fablica municipal.<\/p>\n<p>As escolas s\u00e3o incentivadas a personalizar seu calend\u00e1rio com base nos modelos oferecidos, garantindo que a proposta se encaixe nas particularidades e caracter\u00edsticas de cada comunidade escolar. Al\u00e9m disso, esta adapta\u00e7\u00e3o permite a inclus\u00e3o de atividades locais que podem enriquecer o ensino e promover ainda mais a integra\u00e7\u00e3o entre a escola e a comunidade.<\/p>\n<p>Os modelos disponibilizados incluem todas as datas importantes do calend\u00e1rio escolar, como feriados, reuni\u00f5es de pais, recessos e avalia\u00e7\u00f5es. As institui\u00e7\u00f5es devem submeter suas vers\u00f5es finais ao Conselho Escolar para aprova\u00e7\u00e3o, e uma vez homologado, o calend\u00e1rio deve ser amplamente divulgado para a comunidade escolar. Essa transpar\u00eancia \u00e9 fundamental para assegurar que todos os envolvidos \u2013 pais, alunos e educadores \u2013 estejam cientes das datas e possam se organizar adequadamente.<\/p>\n<h2>Consequ\u00eancias de Interrup\u00e7\u00f5es<\/h2>\n<p>Interrup\u00e7\u00f5es no ano letivo podem ter consequ\u00eancias significativas para o aprendizado dos alunos, por isso a Semed estabelece medidas para minimizar esses impactos. Em situa\u00e7\u00f5es excepcionais, como pandemias, desastres naturais ou outras crises que possam impedir o funcionamento regular das aulas, a legisla\u00e7\u00e3o educacional prev\u00ea a necessidade de um plano para a recomposi\u00e7\u00e3o do calend\u00e1rio letivo.<\/p>\n<p>Quando h\u00e1 interrup\u00e7\u00f5es, a primeira medida recomendada \u00e9 a inser\u00e7\u00e3o de s\u00e1bados letivos. Essa estrat\u00e9gia visa compensar os dias n\u00e3o letivos, garantindo que a carga hor\u00e1ria m\u00ednima anual prevista na legisla\u00e7\u00e3o seja cumprida. A inclus\u00e3o de aulas aos s\u00e1bados, apesar de inicialmente parecer um \u00f4nus adicional, pode ser uma solu\u00e7\u00e3o eficaz para assegurar a continuidade do aprendizado e a forma\u00e7\u00e3o dos alunos, evitando lacunas no ensino.<\/p>\n<p>Al\u00e9m disso, as interrup\u00e7\u00f5es inesperadas podem afetar a sa\u00fade emocional de alunos e educadores, gerando ansiedade e inseguran\u00e7a sobre o futuro acad\u00eamico. Para mitigar esses efeitos, \u00e9 imprescind\u00edvel que haja uma comunica\u00e7\u00e3o clara e constante entre a gest\u00e3o da escola e a comunidade escolar, garantindo que todos estejam atualizados sobre as mudan\u00e7as e estrat\u00e9gias sendo adotadas para resolver a situa\u00e7\u00e3o. O suporte emocional e psicol\u00f3gico tamb\u00e9m deve ser fornecido quando necess\u00e1rio, auxiliando os alunos a lidarem com as poss\u00edveis consequ\u00eancias de interrup\u00e7\u00f5es no seu aprendizado.<\/p>\n<h2>Como Elaborar o Calend\u00e1rio Escolar<\/h2>\n<p>A elabora\u00e7\u00e3o do calend\u00e1rio escolar \u00e9 um processo que requer aten\u00e7\u00e3o a uma s\u00e9rie de fatores. As escolas devem come\u00e7ar com a an\u00e1lise das diretrizes estabelecidas pela Secretaria Municipal de Educa\u00e7\u00e3o, que tra\u00e7a os par\u00e2metros gerais que devem ser respeitados. Al\u00e9m disso, \u00e9 importante considerar a legisla\u00e7\u00e3o educacional vigente que rege a organiza\u00e7\u00e3o do ano letivo.<\/p>\n<p>Cada unidade escolar precisa realizar reuni\u00f5es com o Corpo Docente e a comunidade escolar para ouvir suas sugest\u00f5es e expectativas em rela\u00e7\u00e3o ao calend\u00e1rio. Esse di\u00e1logo \u00e9 essencial para garantir que o calend\u00e1rio elaborado atenda \u00e0s necessidades da comunidade e promova um ambiente escolar que prioriza a educa\u00e7\u00e3o de qualidade. Ap\u00f3s o levantamento das informa\u00e7\u00f5es, um modelo preliminar deve ser elaborado e apresentado ao Conselho Escolar para aprova\u00e7\u00e3o.<\/p>\n<p>Uma vez aprovado, \u00e9 importante que o calend\u00e1rio seja amplamente divulgado. \u00c9 fundamental que pais, alunos e professores tenham acesso f\u00e1cil \u00e0s informa\u00e7\u00f5es, o que pode ser feito atrav\u00e9s do site da escola, redes sociais e meios de comunica\u00e7\u00e3o interna. A transpar\u00eancia nesta etapa contribui para um entendimento m\u00fatuo entre todos os envolvidos, facilitando o comprometimento e a colabora\u00e7\u00e3o de todos em torno das atividades escolares ao longo do ano.<\/p>\n<h2>Legisla\u00e7\u00e3o Educacional Vigente<\/h2>\n<p>A legisla\u00e7\u00e3o educacional vigente \u00e9 um aspecto fundamental a ser considerado durante a elabora\u00e7\u00e3o do calend\u00e1rio escolar. No Brasil, a Lei de Diretrizes e Bases da Educa\u00e7\u00e3o Nacional (LDB) estabelece par\u00e2metros gerais que regulam a organiza\u00e7\u00e3o do ensino na educa\u00e7\u00e3o b\u00e1sica. Essa legisla\u00e7\u00e3o \u00e9 acompanhada por normas estaduais e municipais que podem influenciar a estrutura do calend\u00e1rio, incluindo a carga hor\u00e1ria m\u00ednima e per\u00edodos de recesso.<\/p>\n<p>As normas espec\u00edficas sobre o calend\u00e1rio letivo podem variar de acordo com o estado ou munic\u00edpio, mas, geralmente, exigem que as escolas cumpram um m\u00ednimo de horas de ensino por ano. A portaria da Semed, por exemplo, estabelece adequa\u00e7\u00f5es que devem ser feitas em conformidade com as determina\u00e7\u00f5es superiores, garantindo que a educa\u00e7\u00e3o oferecida \u00e0s crian\u00e7as e jovens da cidade respeite os padr\u00f5es de qualidade exigidos.<\/p>\n<p>Al\u00e9m disso, cada unidade escolar deve estar ciente das normativas relacionadas a feriados nacionais e locais. A observ\u00e2ncia dessas legisla\u00e7\u00f5es \u00e9 imprescind\u00edvel para que o calend\u00e1rio escolar n\u00e3o apenas atenda \u00e0s exig\u00eancias legais, mas tamb\u00e9m evite complica\u00e7\u00f5es futuras, como a poss\u00edvel reposi\u00e7\u00e3o de aulas n\u00e3o realizadas em virtude de feriados n\u00e3o considerados. Dessa forma, o alinhamento entre o calend\u00e1rio escolar e a legisla\u00e7\u00e3o educacional garante uma organiza\u00e7\u00e3o eficaz e de qualidade no processo educacional.<\/p>\n<h2>Crit\u00e9rios para Unidades Escolares<\/h2>\n<p>Os crit\u00e9rios para a elabora\u00e7\u00e3o do calend\u00e1rio escolar s\u00e3o fundamentais para que as unidades de ensino sigam um padr\u00e3o e para que todas as escolas da rede p\u00fablica municipal operem da mesma maneira. As diretrizes estabelecidas pela Secretaria Municipal de Educa\u00e7\u00e3o contemplam crit\u00e9rios que incluem o cumprimento da carga hor\u00e1ria m\u00ednima estabelecida, a defini\u00e7\u00e3o de feriados e recessos, bem como a programa\u00e7\u00e3o de eventos importantes ao longo do ano letivo.<\/p>\n<p>Cada unidade escolar deve seguir as orienta\u00e7\u00f5es sugeridas, mas tamb\u00e9m tem a flexibilidade de incluir datas e eventos que sejam apropriados \u00e0 sua realidade. Os crit\u00e9rios a serem respeitados garantem que o calend\u00e1rio mantenha uma coes\u00e3o entre as diversas institui\u00e7\u00f5es, favorecendo a troca de experi\u00eancias e a cria\u00e7\u00e3o de um senso de comunidade.<\/p>\n<p>Al\u00e9m disso, as escolas s\u00e3o incentivadas a criar estrat\u00e9gias que promovam o envolvimento da comunidade no processo educacional, como a realiza\u00e7\u00e3o de eventos culturais, palestras e reuni\u00f5es. Essas intera\u00e7\u00f5es enriquecem a experi\u00eancia escolar e tamb\u00e9m ajudam as institui\u00e7\u00f5es a se alinharem com as necessidades e expectativas da popula\u00e7\u00e3o local. O envolvimento ativo da comunidade \u00e9 uma das chaves para o sucesso das iniciativas educacionais e deve ser considerado no desenvolvimento do calend\u00e1rio escolar.<\/p>\n<h2>Divulga\u00e7\u00e3o do Calend\u00e1rio para a Comunidade<\/h2>\n<p>A divulga\u00e7\u00e3o do calend\u00e1rio escolar \u00e9 um passo cr\u00edtico na constru\u00e7\u00e3o de um ambiente educacional eficaz. Atrav\u00e9s de uma comunica\u00e7\u00e3o clara e acess\u00edvel, a escola garante que todos os envolvidos \u2013 pais, alunos e educadores \u2013 possam se planejar adequadamente. A Semed orienta as institui\u00e7\u00f5es a disponibilizarem seus calend\u00e1rios de forma vis\u00edvel, utilizando diferentes meios de comunica\u00e7\u00e3o, como sites, e-mails, redes sociais e murais escolares.<\/p>\n<p>A transpar\u00eancia na divulga\u00e7\u00e3o das datas e informa\u00e7\u00f5es do calend\u00e1rio ajuda a minimizar confus\u00f5es e garante que todos os colaboradores da escola estejam cientes das atividades previstas ao longo do ano letivo. Al\u00e9m disso, a abordagem proativa na comunica\u00e7\u00e3o pode ajudar a aumentar a participa\u00e7\u00e3o dos pais nas reuni\u00f5es e eventos escolares, o que \u00e9 extremamente relevante para o fortalecimento dos v\u00ednculos entre a escola e a comunidade.<\/p>\n<p>Ademais, \u00e9 importante que as escolas atualizem periodicamente suas informa\u00e7\u00f5es e mantenham a comunidade informada sobre quaisquer altera\u00e7\u00f5es que possam ocorrer ao longo do ano letivo. Essas atualiza\u00e7\u00f5es devem ser comunicadas rapidamente e de maneira clara, para que todos estejam cientes de eventuais mudan\u00e7as que possam afetar o calend\u00e1rio. Desta forma, a transpar\u00eancia e o di\u00e1logo cont\u00ednuo s\u00e3o fundamentais para construir um ambiente escolar colaborativo e saud\u00e1vel.<\/p>\n<h2>Orienta\u00e7\u00f5es para Pais e Mestres<\/h2>\n<p>Os pais e mestres desempenham um papel fundamental no processo educacional e, portanto, \u00e9 crucial que estejam plenamente informados sobre o calend\u00e1rio escolar. A Secretaria Municipal de Educa\u00e7\u00e3o recomenda que os professores elaborem orienta\u00e7\u00f5es claras que possam ser transmitidas aos respons\u00e1veis pelos alunos, garantindo que eles compreendam as datas, feriados, reuni\u00f5es e outros eventos importantes durante o ano.<\/p>\n<p>Uma orienta\u00e7\u00e3o eficaz \u00e9 aquela que promove o envolvimento dos pais na vida escolar dos filhos. Isso pode ser atingido atrav\u00e9s da realiza\u00e7\u00e3o de reuni\u00f5es peri\u00f3dicas, onde as informa\u00e7\u00f5es sobre o calend\u00e1rio escolar s\u00e3o discutidas e os pais t\u00eam a oportunidade de fazer perguntas e expressar suas preocupa\u00e7\u00f5es. Al\u00e9m disso, os educadores devem estar sempre dispon\u00edveis para acolher as preocupa\u00e7\u00f5es dos pais, seja por meio de reuni\u00f5es, telefonemas ou mensagens.<\/p>\n<p>Para os educadores, \u00e9 crucial que se mantenham atualizados sobre as datas e termos do calend\u00e1rio escolar, para que possam planejar suas aulas e atividades de maneira eficaz. Uma boa comunica\u00e7\u00e3o entre pais e professores favorece o engajamento escolar e garante que a participa\u00e7\u00e3o dos respons\u00e1veis se fa\u00e7a de maneira ativa e positiva, contribuindo para o sucesso educacional dos alunos. Assim, a troca m\u00fatua de informa\u00e7\u00f5es entre os diferentes atores do processo educacional fortalece o aprendizado e promove um ambiente escolar mais integrado e harmonioso.  <\/p>\n\n<div style=\"font-size: 0px; height: 0px; line-height: 0px; margin: 0; padding: 0; clear: both;\"><\/div>","protected":false},"excerpt":{"rendered":"<p>Calend\u00e1rio escolar de 2026 revela informa\u00e7\u00f5es importantes para pais e alunos.<\/p>\n","protected":false},"author":1,"featured_media":3279,"comment_status":"closed","ping_status":"closed","sticky":false,"template":"","format":"standard","meta":{"footnotes":""},"categories":[1],"tags":[],"class_list":["post-3280","post","type-post","status-publish","format-standard","has-post-thumbnail","hentry","category-noticias-em-maceio","has_thumb"],"aioseo_notices":[],"_links":{"self":[{"href":"https:\/\/www.encontramaceio.com.br\/sobre\/wp-json\/wp\/v2\/posts\/3280","targetHints":{"allow":["GET"]}}],"collection":[{"href":"https:\/\/www.encontramaceio.com.br\/sobre\/wp-json\/wp\/v2\/posts"}],"about":[{"href":"https:\/\/www.encontramaceio.com.br\/sobre\/wp-json\/wp\/v2\/types\/post"}],"author":[{"embeddable":true,"href":"https:\/\/www.encontramaceio.com.br\/sobre\/wp-json\/wp\/v2\/users\/1"}],"replies":[{"embeddable":true,"href":"https:\/\/www.encontramaceio.com.br\/sobre\/wp-json\/wp\/v2\/comments?post=3280"}],"version-history":[{"count":0,"href":"https:\/\/www.encontramaceio.com.br\/sobre\/wp-json\/wp\/v2\/posts\/3280\/revisions"}],"wp:featuredmedia":[{"embeddable":true,"href":"https:\/\/www.encontramaceio.com.br\/sobre\/wp-json\/wp\/v2\/media\/3279"}],"wp:attachment":[{"href":"https:\/\/www.encontramaceio.com.br\/sobre\/wp-json\/wp\/v2\/media?parent=3280"}],"wp:term":[{"taxonomy":"category","embeddable":true,"href":"https:\/\/www.encontramaceio.com.br\/sobre\/wp-json\/wp\/v2\/categories?post=3280"},{"taxonomy":"post_tag","embeddable":true,"href":"https:\/\/www.encontramaceio.com.br\/sobre\/wp-json\/wp\/v2\/tags?post=3280"}],"curies":[{"name":"wp","href":"https:\/\/api.w.org\/{rel}","templated":true}]}}