{"id":3270,"date":"2026-01-12T11:58:11","date_gmt":"2026-01-12T14:58:11","guid":{"rendered":"https:\/\/www.encontramaceio.com.br\/sobre\/massayo-verao-impulsiona-a-economia-local-e-fortalece-o-trabalho-dos-ambulantes-na-cidade\/"},"modified":"2026-01-12T11:58:11","modified_gmt":"2026-01-12T14:58:11","slug":"massayo-verao-impulsiona-a-economia-local-e-fortalece-o-trabalho-dos-ambulantes-na-cidade","status":"publish","type":"post","link":"https:\/\/www.encontramaceio.com.br\/sobre\/massayo-verao-impulsiona-a-economia-local-e-fortalece-o-trabalho-dos-ambulantes-na-cidade\/","title":{"rendered":"Massay\u00f3 Ver\u00e3o impulsiona a economia local e fortalece o trabalho dos ambulantes na cidade"},"content":{"rendered":"<div class=\"dcb782f0616bca5484400fea6b37e93d\" data-index=\"1\" style=\"float: none; margin:0px;\">\n<script async src=\"https:\/\/pagead2.googlesyndication.com\/pagead\/js\/adsbygoogle.js?client=ca-pub-8585364105181520\"\r\n     crossorigin=\"anonymous\"><\/script>\r\n<!-- Anuncio display - global -->\r\n<ins class=\"adsbygoogle\"\r\n     style=\"display:block\"\r\n     data-ad-client=\"ca-pub-8585364105181520\"\r\n     data-ad-slot=\"8789329856\"\r\n     data-ad-format=\"auto\"\r\n     data-full-width-responsive=\"true\"><\/ins>\r\n<script>\r\n     (adsbygoogle = window.adsbygoogle || []).push({});\r\n<\/script>\n<\/div>\n<h2>O que \u00e9 o Massay\u00f3 Ver\u00e3o?<\/h2>\n<p>O Massay\u00f3 Ver\u00e3o \u00e9 um evento anual promovido pela Prefeitura de Macei\u00f3, que visa celebrar a cultura local e fomentar o turismo na regi\u00e3o. Tradicionalmente realizado durante a alta temporada de ver\u00e3o, o evento se destaca por suas diversas atra\u00e7\u00f5es e atividades, incluindo shows de artistas renomados, apresenta\u00e7\u00f5es culturais, e atividades recreativas.<\/p>\n<p>Desde sua cria\u00e7\u00e3o, o Massay\u00f3 Ver\u00e3o tornou-se um marco no calend\u00e1rio cultural da cidade, criando um espa\u00e7o para a valoriza\u00e7\u00e3o das tradi\u00e7\u00f5es alagoanas e a intera\u00e7\u00e3o entre residentes e turistas. A gest\u00e3o municipal investe na infraestrutura e na seguran\u00e7a do evento, garantindo que seja uma experi\u00eancia agrad\u00e1vel e segura para todos os participantes.<\/p>\n<p>Al\u00e9m da divers\u00e3o e da cultura, o Massay\u00f3 Ver\u00e3o tem como principal objetivo a promo\u00e7\u00e3o do desenvolvimento econ\u00f4mico local, situa\u00e7\u00e3o que gera emprego e renda para muitos cidad\u00e3os. Com a participa\u00e7\u00e3o ativa deambulantes e comerciantes, o evento representa uma grande oportunidade de neg\u00f3cios e networking, fundamental para o aquecimento da economia da cidade durante o ver\u00e3o.<\/p>\n<p><img decoding=\"async\" src=\"https:\/\/www.encontramaceio.com.br\/sobre\/wp-content\/uploads\/2026\/01\/massayo-verao-impulsiona-a-economia-local-e-fortalece-o-trabalho-dos-ambulantes-na-cidade.webp\" alt=\"Massay\u00f3 Ver\u00e3o\" loading=\"lazy\" \/><\/p>\n<h2>Benef\u00edcios para a Economia Local<\/h2>\n<p>Um dos principais resultados positivos do Massay\u00f3 Ver\u00e3o \u00e9 o impacto econ\u00f4mico gerado pela movimenta\u00e7\u00e3o do turismo e do com\u00e9rcio local. Durante o per\u00edodo do evento, a cidade de Macei\u00f3 recebe um grande n\u00famero de visitantes, o que consequentemente aumenta a demanda por servi\u00e7os, produtos e experi\u00eancias locais. <\/p>\n<p>As vendas de ambulantes e pequenos comerciantes dispararam durante este per\u00edodo. Os resultados mostram que muitos destes profissionais conseguem arrecadar, em apenas uma semana de festividades, o que normalmente levariam meses para conseguir em suas vendas regulares. Esse aumento no fluxo financeiro beneficia n\u00e3o apenas os vendedores, mas tamb\u00e9m o ecossistema econ\u00f4mico em que est\u00e3o inseridos.<\/p>\n<p>Al\u00e9m disso, o evento fomenta a contrata\u00e7\u00e3o tempor\u00e1ria de trabalhadores, desde m\u00fasicos e artistas at\u00e9 funcion\u00e1rios de apoio e seguran\u00e7a. Essa oportunidade de trabalho \u00e9 crucial para muitos que buscam complementar a renda durante o ver\u00e3o. Os setores de hotelaria, alimenta\u00e7\u00e3o e turismo se beneficiam continuamente, com os hot\u00e9is lotados e os restaurantes sempre cheios durante as noites do evento.<\/p>\n<h2>O Impacto nos Ambulantes<\/h2>\n<p>Os ambulantes s\u00e3o uma parte essencial do Massay\u00f3 Ver\u00e3o, e sua inclus\u00e3o no evento \u00e9 uma estrat\u00e9gia reconhecida pela Prefeitura de Macei\u00f3. Ao todo, 245 ambulantes s\u00e3o selecionados para atuar durante o festival, contribuindo com a variedade de produtos e servi\u00e7os dispon\u00edveis ao p\u00fablico. Desde a venda de comidas t\u00edpicas como cuscuz e macaxeira at\u00e9 bebidas refrescantes, os ambulantes n\u00e3o s\u00f3 geram renda, mas tamb\u00e9m aproximam os turistas da cultura local.<\/p>\n<p>A atua\u00e7\u00e3o desses trabalhadores \u00e9 muito mais do que uma simples venda de produtos. Eles t\u00eam acesso a capacita\u00e7\u00f5es, como cursos de manipula\u00e7\u00e3o de alimentos e atendimento ao cliente, que visam profissionalizar ainda mais o trabalho realizado. Essa valoriza\u00e7\u00e3o \u00e9 essencial para garantir que ofere\u00e7am produtos de qualidade, respeitando normas sanit\u00e1rias e proporcionando um excelente atendimento ao consumidor.<\/p>\n<p>Os relatos dos ambulantes evidenciam como o Massay\u00f3 Ver\u00e3o impacta positivamente suas vidas: as vendas durante o evento garantem a subsist\u00eancia de muitas fam\u00edlias. Cada festival \u00e9 uma nova oportunidade de conquistar novos clientes e fidelizar consumidores, criando la\u00e7os que se estender\u00e3o para al\u00e9m do evento.<\/p>\n<h2>Capacita\u00e7\u00e3o e Prepara\u00e7\u00e3o<\/h2>\n<p>A contempla\u00e7\u00e3o de capacita\u00e7\u00f5es para os ambulantes \u00e9 uma das marcas registradas do Massay\u00f3 Ver\u00e3o. Antes do in\u00edcio do evento, s\u00e3o oferecidos treinamentos que abordam temas cr\u00edticos como higiene, qualidade no atendimento, e as normas estabelecidas pela Vigil\u00e2ncia Sanit\u00e1ria. Esses cursos s\u00e3o fundamentais n\u00e3o apenas para a permiss\u00e3o de venda, mas tamb\u00e9m para a inser\u00e7\u00e3o de pr\u00e1ticas de trabalho mais \u00e9ticas e conscientes.<\/p>\n<p>Por meio dessas capacita\u00e7\u00f5es, os ambulantes n\u00e3o ganham apenas conhecimento, mas tamb\u00e9m confian\u00e7a para atuar no mercado. Eles aprendem a import\u00e2ncia de adaptar seus produtos \u00e0s prefer\u00eancias dos consumidores e a gerenciar melhor suas finan\u00e7as, o que pode agregar valor ao seu neg\u00f3cio.<\/p>\n<p>Os feedbacks s\u00e3o bastante positivos. Os participantes relatam que essas capacita\u00e7\u00f5es n\u00e3o apenas melhoraram suas vendas durante o evento, mas tamb\u00e9m impactaram positivamente suas pr\u00e1ticas di\u00e1rias, tornando-os profissionais mais capacitados e respeitados.<\/p>\n<h2>Experi\u00eancias \u00danicas para os Turistas<\/h2>\n<p>O Massay\u00f3 Ver\u00e3o n\u00e3o \u00e9 apenas uma festividade para os locais, mas tamb\u00e9m uma atra\u00e7\u00e3o irresist\u00edvel para turistas que buscam experi\u00eancias aut\u00eanticas. O evento oferece uma rica programa\u00e7\u00e3o cultural, com shows de m\u00fasica ao vivo que abrangem desde artistas regionais at\u00e9 bandas renomadas nacionalmente, apresentando o melhor da m\u00fasica brasileira.<\/p>\n<p>Al\u00e9m da m\u00fasica, o evento \u00e9 repleto de atividades para toda a fam\u00edlia. Existem \u00e1reas de recrea\u00e7\u00e3o para crian\u00e7as, oferecendo uma programa\u00e7\u00e3o de entretenimento que abrange apresenta\u00e7\u00f5es de dan\u00e7as folcl\u00f3ricas, teatro, e outras modalidades culturais que celebram a arte e a tradi\u00e7\u00e3o alagoana.<\/p>\n<p>A presen\u00e7a de estandes que mostram a cultura e a gastronomia local tamb\u00e9m enriquecer\u00e1 a experi\u00eancia dos visitantes. Turistas podem experimentar pratos t\u00edpicos da culin\u00e1ria alagoana, tornando-se parte da viv\u00eancia dos costumes locais. A intera\u00e7\u00e3o entre turistas e moradores \u00e9 uma das maiores riquezas do evento, criando um interc\u00e2mbio cultural saud\u00e1vel e divertido.<\/p>\n<h2>Como Participar do Evento<\/h2>\n<p>Para participar do Massay\u00f3 Ver\u00e3o, tanto como turista quanto vendedor, \u00e9 importante estar atento \u00e0s informa\u00e7\u00f5es divulgadas pela Prefeitura de Macei\u00f3. O evento \u00e9 anunciado com anteced\u00eancia e as redes sociais da Prefeitura s\u00e3o um \u00f3timo canal de comunica\u00e7\u00e3o para obter informa\u00e7\u00f5es relativas \u00e0 programa\u00e7\u00e3o e \u00e0s oportunidades.<\/p>\n<p>Os ambulantes interessados em atuar durante o evento devem realizar um cadastro com a Secretaria Municipal de Seguran\u00e7a Cidad\u00e3. O processo geralmente envolve a apresenta\u00e7\u00e3o de documentos espec\u00edficos e a participa\u00e7\u00e3o em cursos preparat\u00f3rios que garantem a conformidade com as normativas de sa\u00fade e seguran\u00e7a.<\/p>\n<p>Os turistas, por sua vez, podem acompanhar as datas e a programa\u00e7\u00e3o do Massay\u00f3 Ver\u00e3o atrav\u00e9s do site oficial da Prefeitura de Macei\u00f3 e em seus perfis nas redes sociais. Ademais, muitas ag\u00eancias de turismo tamb\u00e9m oferecem pacotes que incluem participa\u00e7\u00e3o no evento, facilitando a experi\u00eancia dos visitantes.<\/p>\n<h2>Hist\u00f3rias de Sucesso dos Ambulantes<\/h2>\n<p>O Massay\u00f3 Ver\u00e3o tem trazido \u00e0 tona diversas hist\u00f3rias inspiradoras entre os ambulantes que participam do evento. Muitas delas traduzem n\u00e3o apenas o esp\u00edrito de luta e resist\u00eancia, mas tamb\u00e9m a for\u00e7a que a uni\u00e3o e o trabalho podem proporcionar.<\/p>\n<p>Um exemplo \u00e9 o de uma ambulante que, ap\u00f3s participar do evento por v\u00e1rios ver\u00f5es consecutivos, conseguiu economizar o suficiente para abrir seu pr\u00f3prio restaurante. Gra\u00e7as ao reconhecimento que obteve durante o Massay\u00f3 Ver\u00e3o, ela construiu uma clientela que vai al\u00e9m da temporada e conquistou um espa\u00e7o no cora\u00e7\u00e3o dos moradores e turistas. Sua trajet\u00f3ria \u00e9 um testemunho poderoso sobre como eventos culturais podem servir de trampolim para a realiza\u00e7\u00e3o de sonhos.<\/p>\n<p>Outra hist\u00f3ria \u00e9 a de um casal que come\u00e7ou vendendo apenas bebidas durante o evento e, com o tempo, diversificou seu estoque para incluir comidas t\u00edpicas. Hoje, eles s\u00e3o refer\u00eancia em seu segmento e t\u00eam uma base fixa de clientes regulares. Essas hist\u00f3rias retratam a transforma\u00e7\u00e3o que o Massay\u00f3 Ver\u00e3o provoca na vida dos envolvidos e mostra que as oportunidades existem quando se est\u00e1 disposto a trabalhar duro e se dedicar.<\/p>\n<h2>A Import\u00e2ncia da Gest\u00e3o Municipal<\/h2>\n<p>A realiza\u00e7\u00e3o do Massay\u00f3 Ver\u00e3o s\u00f3 \u00e9 poss\u00edvel gra\u00e7as ao envolvimento ativo da gest\u00e3o municipal, que organiza, planeja e executa todos os detalhes do evento. A Prefeitura de Macei\u00f3 se compromete em garantir que o festival seja seguro e satisfat\u00f3rio, atuando em parceria com diversas secretarias e \u00f3rg\u00e3os p\u00fablicos de seguran\u00e7a e sa\u00fade.<\/p>\n<p>A efetividade dessas medidas \u00e9 crucial para promover um ambiente confort\u00e1vel e agrad\u00e1vel, onde as pessoas se sintam seguras para desfrutar plenamente da experi\u00eancia. Um planejamento bem estruturado inclui a presen\u00e7a de policiamento, servi\u00e7os de sa\u00fade, e uma log\u00edstica bem pensada para o transporte e o acesso ao local do evento.<\/p>\n<p>Al\u00e9m disso, a gest\u00e3o municipal mant\u00e9m uma constante intera\u00e7\u00e3o com a comunidade, ouvindo as demandas e sugest\u00f5es dos moradores para aprimorar a experi\u00eancia do evento a cada ano. Esta contribui\u00e7\u00e3o da popula\u00e7\u00e3o \u00e9 essencial para promover um di\u00e1logo aberto e integrado, fortalecendo a rela\u00e7\u00e3o entre os comerciantes, ambulantes, e a administra\u00e7\u00e3o p\u00fablica.<\/p>\n<h2>Expectativas para o Futuro<\/h2>\n<p>O futuro do Massay\u00f3 Ver\u00e3o parece promissor, com a expectativa de crescer ainda mais e atrair visitantes de todo o Brasil e at\u00e9 do exterior. Com cada edi\u00e7\u00e3o do evento, h\u00e1 um desejo de inova\u00e7\u00e3o e melhoria, com novas ideias surgindo a cada ano para tornar a experi\u00eancia ainda mais atrativa.<\/p>\n<p>Al\u00e9m das inova\u00e7\u00f5es nas atividades e na programa\u00e7\u00e3o, tamb\u00e9m h\u00e1 uma preocupa\u00e7\u00e3o com a sustentabilidade do evento. Em tempos onde quest\u00f5es ambientais s\u00e3o cada vez mais urgentes, a gest\u00e3o municipal e os organizadores t\u00eam buscado parcerias que contemplem pr\u00e1ticas sustent\u00e1veis. Iniciativas como a promo\u00e7\u00e3o do uso de copos reutiliz\u00e1veis e a coleta seletiva s\u00e3o alguns dos passos que visam minimizar o impacto ambiental do festival.<\/p>\n<p>Projetos de revitaliza\u00e7\u00e3o de espa\u00e7os p\u00fablicos e melhorias na infraestrutura local tamb\u00e9m podem surgir como consequ\u00eancia direta do crescimento do Massay\u00f3 Ver\u00e3o, criando um legado duradouro para a cidade. Esse desenvolvimento promove n\u00e3o apenas a valoriza\u00e7\u00e3o do turismo, mas tamb\u00e9m a qualidade de vida dos moradores locais.<\/p>\n<h2>Como Voc\u00ea Pode Contribuir<\/h2>\n<p>Se voc\u00ea deseja contribuir para o sucesso do Massay\u00f3 Ver\u00e3o, existem v\u00e1rias maneiras de se envolver. Se voc\u00ea \u00e9 visitante, pode compartilhar suas experi\u00eancias nas redes sociais, recomendando o evento para amigos e familiares. A divulga\u00e7\u00e3o boca a boca \u00e9 uma ferramenta poderosa e pode atrair ainda mais visitantes para a pr\u00f3xima edi\u00e7\u00e3o.<\/p>\n<p>Outra forma de contribuir \u00e9 participando ativamente dos eventos. Cada presen\u00e7a marca o apoio \u00e0 cultura local e ao trabalho dos ambulantes e comerciantes. Al\u00e9m disso, ao optar por consumir produtos locais e artesanais, voc\u00ea n\u00e3o somente ajuda a movimentar a economia da cidade, mas tamb\u00e9m incentiva o trabalho de muitos que dependem desse evento para sua sobreviv\u00eancia.<\/p>\n<p>Por \u00faltimo, se voc\u00ea \u00e9 um morador de Macei\u00f3, pode colaborar oferecendo sugest\u00f5es e feedback para a gest\u00e3o municipal. Um evento comunit\u00e1rio como o Massay\u00f3 Ver\u00e3o envolve n\u00e3o apenas os organizadores, mas tamb\u00e9m todos os cidad\u00e3os que desejam ver melhorias cont\u00ednuas e um festival que reflita a ess\u00eancia da cultura alagoana. Juntos, podemos fazer a diferen\u00e7a!<\/p>\n\n<div style=\"font-size: 0px; height: 0px; line-height: 0px; margin: 0; padding: 0; clear: both;\"><\/div>","protected":false},"excerpt":{"rendered":"<p>Massay\u00f3 Ver\u00e3o traz oportunidades incr\u00edveis para os ambulantes e turistas.<\/p>\n","protected":false},"author":1,"featured_media":3269,"comment_status":"closed","ping_status":"closed","sticky":false,"template":"","format":"standard","meta":{"footnotes":""},"categories":[1],"tags":[],"class_list":["post-3270","post","type-post","status-publish","format-standard","has-post-thumbnail","hentry","category-noticias-em-maceio","has_thumb"],"aioseo_notices":[],"_links":{"self":[{"href":"https:\/\/www.encontramaceio.com.br\/sobre\/wp-json\/wp\/v2\/posts\/3270","targetHints":{"allow":["GET"]}}],"collection":[{"href":"https:\/\/www.encontramaceio.com.br\/sobre\/wp-json\/wp\/v2\/posts"}],"about":[{"href":"https:\/\/www.encontramaceio.com.br\/sobre\/wp-json\/wp\/v2\/types\/post"}],"author":[{"embeddable":true,"href":"https:\/\/www.encontramaceio.com.br\/sobre\/wp-json\/wp\/v2\/users\/1"}],"replies":[{"embeddable":true,"href":"https:\/\/www.encontramaceio.com.br\/sobre\/wp-json\/wp\/v2\/comments?post=3270"}],"version-history":[{"count":0,"href":"https:\/\/www.encontramaceio.com.br\/sobre\/wp-json\/wp\/v2\/posts\/3270\/revisions"}],"wp:featuredmedia":[{"embeddable":true,"href":"https:\/\/www.encontramaceio.com.br\/sobre\/wp-json\/wp\/v2\/media\/3269"}],"wp:attachment":[{"href":"https:\/\/www.encontramaceio.com.br\/sobre\/wp-json\/wp\/v2\/media?parent=3270"}],"wp:term":[{"taxonomy":"category","embeddable":true,"href":"https:\/\/www.encontramaceio.com.br\/sobre\/wp-json\/wp\/v2\/categories?post=3270"},{"taxonomy":"post_tag","embeddable":true,"href":"https:\/\/www.encontramaceio.com.br\/sobre\/wp-json\/wp\/v2\/tags?post=3270"}],"curies":[{"name":"wp","href":"https:\/\/api.w.org\/{rel}","templated":true}]}}