{"id":3260,"date":"2026-01-12T02:22:20","date_gmt":"2026-01-12T05:22:20","guid":{"rendered":"https:\/\/www.encontramaceio.com.br\/sobre\/confira-os-servicos-oferecidos-pela-prefeitura-durante-o-verao-massayo\/"},"modified":"2026-01-12T02:22:20","modified_gmt":"2026-01-12T05:22:20","slug":"confira-os-servicos-oferecidos-pela-prefeitura-durante-o-verao-massayo","status":"publish","type":"post","link":"https:\/\/www.encontramaceio.com.br\/sobre\/confira-os-servicos-oferecidos-pela-prefeitura-durante-o-verao-massayo\/","title":{"rendered":"Confira os servi\u00e7os oferecidos pela Prefeitura durante o Ver\u00e3o Massay\u00f3"},"content":{"rendered":"<div class=\"dcb782f0616bca5484400fea6b37e93d\" data-index=\"1\" style=\"float: none; margin:0px;\">\n<script async src=\"https:\/\/pagead2.googlesyndication.com\/pagead\/js\/adsbygoogle.js?client=ca-pub-8585364105181520\"\r\n     crossorigin=\"anonymous\"><\/script>\r\n<!-- Anuncio display - global -->\r\n<ins class=\"adsbygoogle\"\r\n     style=\"display:block\"\r\n     data-ad-client=\"ca-pub-8585364105181520\"\r\n     data-ad-slot=\"8789329856\"\r\n     data-ad-format=\"auto\"\r\n     data-full-width-responsive=\"true\"><\/ins>\r\n<script>\r\n     (adsbygoogle = window.adsbygoogle || []).push({});\r\n<\/script>\n<\/div>\n<h2>A Prepara\u00e7\u00e3o para o Ver\u00e3o Massay\u00f3<\/h2>\n<p>O Ver\u00e3o Massay\u00f3, um dos eventos mais aguardados do calend\u00e1rio de Macei\u00f3, tem como objetivo proporcionar divers\u00e3o e cultura a moradores e turistas. Para que isso aconte\u00e7a da melhor maneira poss\u00edvel, a Prefeitura de Macei\u00f3 se empenha em realizar um planejamento cuidadoso e abrangente, reunindo diversas secretarias e \u00f3rg\u00e3os p\u00fablicos. O resultado \u00e9 uma s\u00e9rie de servi\u00e7os e a\u00e7\u00f5es que visam garantir seguran\u00e7a, bem-estar e acesso a todos os p\u00fablicos durante os dias do evento.<\/p>\n<p>Primeiramente, a Prefeitura inicia suas prepara\u00e7\u00f5es meses antes do evento, trabalhando em log\u00edstica e infraestrutura. Isso inclui a previs\u00e3o de p\u00fablico, organiza\u00e7\u00e3o do espa\u00e7o onde os shows ocorrer\u00e3o e a defini\u00e7\u00e3o de linhas de transporte e seguran\u00e7a que estar\u00e3o dispon\u00edveis. Uma das prioridades \u00e9 a limpeza da \u00e1rea, com refor\u00e7o em equipes e materiais, garantindo um ambiente bonito e seguro para o p\u00fablico. Tamb\u00e9m s\u00e3o implementadas estrat\u00e9gias para atender a eventos imprevistos, como chuvas, que podem impactar a programa\u00e7\u00e3o.<\/p>\n<p>Al\u00e9m disso, a comunica\u00e7\u00e3o \u00e9 totalmente articulada para informar aos cidad\u00e3os sobre as datas, op\u00e7\u00f5es de transporte e seguran\u00e7a durante o evento. Informativos e banners s\u00e3o disseminados pela cidade e postos de informa\u00e7\u00f5es s\u00e3o disponibilizados nas principais avenidas de acesso ao evento. Essa comunica\u00e7\u00e3o tamb\u00e9m \u00e9 feita em plataformas digitais, aproveitando as redes sociais que t\u00eam grande alcance e taxa de intera\u00e7\u00e3o, como Facebook, Instagram e Twitter, permitindo um di\u00e1logo aberto e constante com o p\u00fablico.<\/p>\n<p><img decoding=\"async\" src=\"https:\/\/www.encontramaceio.com.br\/sobre\/wp-content\/uploads\/2026\/01\/confira-os-servicos-oferecidos-pela-prefeitura-durante-o-verao-massayo.webp\" alt=\"servi\u00e7os oferecidos pela prefeitura durante o ver\u00e3o massay\u00f3\" loading=\"lazy\" \/><\/p>\n<h2>Servi\u00e7os de Seguran\u00e7a Dispon\u00edveis<\/h2>\n<p>A seguran\u00e7a durante o Ver\u00e3o Massay\u00f3 \u00e9 prioridade para a Prefeitura, que mobiliza um grande aparato para garantir a tranquilidade dos presentes. Com a participa\u00e7\u00e3o de diferentes for\u00e7as de seguran\u00e7a como a Guarda Civil Municipal e a Pol\u00edcia Militar, a opera\u00e7\u00e3o se inicia com um planejamento detalhado que inclui a presen\u00e7a de cerca de 400 seguran\u00e7as privados, que est\u00e3o sempre atentos ao controle de acesso e \u00e0 seguran\u00e7a interna do evento.<\/p>\n<p>Os agentes da Guarda Civil Municipal s\u00e3o posicionados em pontos estrat\u00e9gicos do evento, al\u00e9m de contarem com 28 viaturas e suporte log\u00edstico para atuar de forma integrada com a Pol\u00edcia Civil e o Juizado da Crian\u00e7a e do Adolescente. O diferencial desta opera\u00e7\u00e3o \u00e9 o investimento em monitoramento tecnol\u00f3gico, que inclui mais de 100 c\u00e2meras de alta defini\u00e7\u00e3o e at\u00e9 mesmo a utiliza\u00e7\u00e3o de drones que sobrevoam a \u00e1rea do evento, transmitindo informa\u00e7\u00f5es em tempo real para uma central de videomonitoramento.<\/p>\n<p>Com essas iniciativas, a Prefeitura busca criar um ambiente seguro, onde todos possam se divertir sem preocupa\u00e7\u00f5es. Al\u00e9m disso, \u00e9 fundamental a conscientiza\u00e7\u00e3o do p\u00fablico sobre a import\u00e2ncia da colabora\u00e7\u00e3o com as equipes de seguran\u00e7a, que est\u00e3o ali para garantir a ordem e bem-estar de todos.<\/p>\n<h2>Atendimento \u00e0 Sa\u00fade no Evento<\/h2>\n<p>Durante o Ver\u00e3o Massay\u00f3, a sa\u00fade do p\u00fablico tamb\u00e9m \u00e9 uma das prioridades. A Secretaria Municipal de Sa\u00fade (SMS) prepara uma opera\u00e7\u00e3o crucial, com unidades m\u00f3veis e profissionais de sa\u00fade prontos para prestar atendimento imediato em casos de emerg\u00eancia. Al\u00e9m de equipes m\u00e9dicas que atuam diretamente na \u00e1rea do evento, as Unidades de Pronto Atendimento (UPAs) e hospitais da cidade ficam em alerta para qualquer demanda que surja fora do espa\u00e7o do festival.<\/p>\n<p>Um ponto significativo dessa opera\u00e7\u00e3o \u00e9 a disponibiliza\u00e7\u00e3o de servi\u00e7os de urg\u00eancia e emerg\u00eancia, que ser\u00e3o posicionados estrategicamente para garantir que o p\u00fablico tenha acesso r\u00e1pido a atendimento. Al\u00e9m disso, a SMS promove a\u00e7\u00f5es de preven\u00e7\u00e3o, disponibilizando preservativos e materiais educativos sobre sa\u00fade sexual, doen\u00e7as sexualmente transmiss\u00edveis (ISTs) e HIV\/Aids, refor\u00e7ando a import\u00e2ncia da preven\u00e7\u00e3o, especialmente durante uma festividade onde a intera\u00e7\u00e3o social \u00e9 intensa.<\/p>\n<p>Com essas a\u00e7\u00f5es, a Prefeitura demonstra seu compromisso em cuidar da sa\u00fade da popula\u00e7\u00e3o, proporcionando seguran\u00e7a e sa\u00fade no ambiente festivo.<\/p>\n<h2>Acessibilidade e Inclus\u00e3o<\/h2>\n<p>Um dos diferenciais do Ver\u00e3o Massay\u00f3 \u00e9 a preocupa\u00e7\u00e3o com a inclus\u00e3o e acessibilidade. A Prefeitura de Macei\u00f3 implementa diversas iniciativas para garantir que pessoas com defici\u00eancia (PCD) possam desfrutar das festividades de forma confort\u00e1vel e segura. Isso inclui a cria\u00e7\u00e3o do Camarote PCD, um espa\u00e7o exclusivo e acess\u00edvel, onde essas pessoas e seus acompanhantes podem assistir aos shows com conforto.<\/p>\n<p>Os interessados em utilizar esse espa\u00e7o podem se inscrever por meio de links disponibilizados pela Secretaria Municipal da Mulher, Pessoas com Defici\u00eancia, Idosos e Cidadania. Para facilitar ainda mais o acesso, a Prefeitura disponibiliza uma Van PCD, que oferece transporte adaptado e gratuito, evitando que as pessoas com defici\u00eancia tenham que atravessar a multid\u00e3o.<\/p>\n<p>Al\u00e9m disso, ser\u00e1 criada uma Sala Sensorial, logicamente coordenada pela Semuc e pela Cl\u00ednica Ciclos, destinada ao atendimento de pessoas neurodivergentes, oferecendo um ambiente organizado e tranquilo para aqueles que podem ser impactados negativamente por est\u00edmulos sensoriais, como sons altos e grande aglomera\u00e7\u00e3o de pessoas.<\/p>\n<h2>Transporte P\u00fablico Gratuito<\/h2>\n<p>Para facilitar o acesso de maceioenses e turistas ao Ver\u00e3o Massay\u00f3, a Prefeitura oferece um servi\u00e7o de transporte p\u00fablico gratuito, disponibilizando 16 linhas de \u00f4nibus que operam durante todo o evento. Essa iniciativa \u00e9 uma forma de incentivar a utiliza\u00e7\u00e3o do transporte coletivo, reduzindo a quantidade de ve\u00edculos particulares e, consequentemente, os problemas de tr\u00e2nsito e estacionamento na \u00e1rea do evento.<\/p>\n<p>Os pontos de embarque e desembarque s\u00e3o estrategicamente localizados nas proximidades do evento, garantindo conveni\u00eancia e seguran\u00e7a aos usu\u00e1rios. A Prefeitura tamb\u00e9m orienta sobre os itiner\u00e1rios e hor\u00e1rios de opera\u00e7\u00e3o dos \u00f4nibus, utilizando canais de comunica\u00e7\u00e3o como redes sociais e avisos p\u00fablicos, para que todos possam planejar sua participa\u00e7\u00e3o no evento de forma tranquila.<\/p>\n<p>Essa integra\u00e7\u00e3o com o transporte p\u00fablico \u00e9 uma forma de refor\u00e7ar o compromisso da gest\u00e3o municipal com a mobilidade urbana e o acesso \u00e0 cultura e lazer para a popula\u00e7\u00e3o, democratizando o prazer de viver intensamente as festividades do Ver\u00e3o Massay\u00f3.<\/p>\n<h2>Cuidados com a Limpeza e Higiene<\/h2>\n<p>A preocupa\u00e7\u00e3o com a limpeza e a higiene \u00e9 vital em um evento de grande porte como o Ver\u00e3o Massay\u00f3. Para garantir um ambiente limpo e agrad\u00e1vel, a Prefeitura mobiliza uma equipe de mais de 200 agentes de limpeza, que atuam de forma cont\u00ednua no local do evento. Eles s\u00e3o respons\u00e1veis pela higieniza\u00e7\u00e3o e manuten\u00e7\u00e3o do espa\u00e7o, utilizando equipamentos e pr\u00e1ticas que asseguram um ambiente seguro e acolhedor ao p\u00fablico.<\/p>\n<p>Al\u00e9m das equipes de limpeza em campo, a Prefeitura opera um projeto ambiental conhecido como Ecoleta, onde triciclos el\u00e9tricos s\u00e3o utilizados para a coleta de res\u00edduos recicl\u00e1veis. Isso n\u00e3o s\u00f3 ajuda a manter a \u00e1rea limpa, mas tamb\u00e9m promove a conscientiza\u00e7\u00e3o sobre a import\u00e2ncia da reciclagem e do descarte correto de residuos durante as festividades.<\/p>\n<p>Al\u00e9m disso, h\u00e1 uma coordena\u00e7\u00e3o entre as equipes de limpeza e as opera\u00e7\u00f5es de sa\u00fade e seguran\u00e7a para garantir que todas as \u00e1reas do evento recebam a aten\u00e7\u00e3o necess\u00e1ria, principalmente nas \u00e1reas de alimenta\u00e7\u00e3o e de maior concentra\u00e7\u00e3o de p\u00fablico, evitando assim a prolifera\u00e7\u00e3o de doen\u00e7as e mantendo um ambiente seguro para todos.<\/p>\n<h2>Apoio aos Contribuintes<\/h2>\n<p>A Prefeitura de Macei\u00f3 tamb\u00e9m se preocupa com o apoio significativo a empres\u00e1rios e contribuintes durante o Ver\u00e3o Massay\u00f3. Lojas, restaurantes e ambulantes s\u00e3o incentivados a participar do evento, e, para isso, recebem orienta\u00e7\u00f5es e capacita\u00e7\u00f5es sobre as melhores pr\u00e1ticas para atender ao p\u00fablico, gerando assim uma experi\u00eancia positiva para os visitantes. A capacita\u00e7\u00e3o inclui orienta\u00e7\u00f5es sobre a manipula\u00e7\u00e3o de alimentos, higiene e atendimento de qualidade, pr\u00e1ticas essenciais para que o evento transcorra de maneira harmoniosa.<\/p>\n<p>O acesso ao Portal da Transpar\u00eancia e \u00e0 Ouvidoria Municipal tamb\u00e9m \u00e9 fundamental para que cidad\u00e3os e empres\u00e1rios possam esclarecer d\u00favidas e fazer den\u00fancias, garantindo um espa\u00e7o de di\u00e1logo aberto entre a Prefeitura e a comunidade sobre condutas e regulamenta\u00e7\u00f5es. Isso cria um ambiente de confian\u00e7a, onde todos t\u00eam espa\u00e7o para contribuir e opinar sobre as a\u00e7\u00f5es do governo municipal.<\/p>\n<p>Essas iniciativas demonstram a preocupa\u00e7\u00e3o e o comprometimento da gest\u00e3o municipal com a economia local e o fortalecimento das rela\u00e7\u00f5es comunit\u00e1rias, promovendo um Ver\u00e3o Massay\u00f3 que n\u00e3o s\u00f3 entret\u00e9m, mas tamb\u00e9m impulsiona o desenvolvimento socioecon\u00f4mico da cidade.<\/p>\n<h2>Servi\u00e7os ao Turista em Macei\u00f3<\/h2>\n<p>Macei\u00f3, como um destino tur\u00edstico de renome nacional e internacional, recebe milhares de turistas durante o Ver\u00e3o Massay\u00f3. Para garantir que esses visitantes se sintam acolhidos e informados, a Prefeitura oferece uma variedade de servi\u00e7os direcionados a eles. Isso inclui informa\u00e7\u00f5es tur\u00edsticas, atendimento ao p\u00fablico em pontos estrat\u00e9gicos da cidade, distribui\u00e7\u00e3o de mapas e programa\u00e7\u00e3o do evento.<\/p>\n<p>A op\u00e7\u00e3o de City Tours \u00e9 outra forma de impulsionar o turismo na regi\u00e3o. A Prefeitura colabora com ag\u00eancias e guias locais qualificados para apresentar os pontos tur\u00edsticos da cidade de maneira segura e informativa. Isso ajuda os turistas a conhecer as belezas de Macei\u00f3, enquanto desfrutam das atra\u00e7\u00f5es do Ver\u00e3o Massay\u00f3.<\/p>\n<p>Al\u00e9m disso, iniciativas como o Massay\u00f3 Solid\u00e1rio, que arrecada alimentos n\u00e3o perec\u00edveis para fam\u00edlias em vulnerabilidade social, permite que os turistas que querem se envolver com a comunidade possam fazer sua contribui\u00e7\u00e3o de forma pr\u00e1tica. A colabora\u00e7\u00e3o entre turistas e comunidade reflete o esp\u00edrito de coletividade que permeia o evento, deixando um legado positivo no cora\u00e7\u00e3o dos visitantes ao lev\u00e1-los a conhecer as pr\u00e1ticas solid\u00e1rias da cidade.<\/p>\n<h2>A\u00e7\u00f5es de Preven\u00e7\u00e3o e Educa\u00e7\u00e3o<\/h2>\n<p>Durante o Ver\u00e3o Massay\u00f3, a educa\u00e7\u00e3o \u00e9 uma parte integrante das a\u00e7\u00f5es realizadas. As equipes da Secretaria de Sa\u00fade atuam em a\u00e7\u00f5es educativas sobre sa\u00fade sexual e doen\u00e7as sexualmente transmiss\u00edveis, promovendo uma conscientiza\u00e7\u00e3o que \u00e9 t\u00e3o importante quanto o entretenimento. A distribui\u00e7\u00e3o de preservativos e o fornecimento de informa\u00e7\u00f5es sobre ISTs s\u00e3o pr\u00e1ticas estabelecidas que ajudam na preven\u00e7\u00e3o, especialmente em eventos onde a intera\u00e7\u00e3o social \u00e9 intensa.<\/p>\n<p>Al\u00e9m disso, a\u00e7\u00f5es voltadas para o combate ao ass\u00e9dio e \u00e0 viol\u00eancia tamb\u00e9m s\u00e3o promovidas durante o evento. Uma equipe identificada com a camiseta \u201cPosso Ajudar\u201d atua de forma proativa para orientar e acolher poss\u00edveis v\u00edtimas, garantindo que todos tenham um espa\u00e7o de respeito e dignidade durante as festividades. Essa iniciativa demonstra a consci\u00eancia da Prefeitura sobre quest\u00f5es sociais e a busca por um ambiente seguro e acolhedor para todos.<\/p>\n<p>As estrat\u00e9gias de comunica\u00e7\u00e3o digital e presencial desempenham um papel cr\u00edtico em dispersar essas informa\u00e7\u00f5es. Campanhas nas redes sociais, material impresso e abordagens em pontos de alta circula\u00e7\u00e3o garantem que a mensagem de respeito e preven\u00e7\u00e3o chegue a todos, reafirmando no p\u00fablico a import\u00e2ncia do cuidado com a sa\u00fade e a seguran\u00e7a pessoal.<\/p>\n<h2>Colabora\u00e7\u00e3o da Comunidade e Voluntariado<\/h2>\n<p>Por fim, o Ver\u00e3o Massay\u00f3 \u00e9 tamb\u00e9m uma oportunidade para a comunidade local se engajar e participar ativamente do evento. Projetos de voluntariado s\u00e3o incentivados, e a Prefeitura acolhe pessoas dispostas a ajudar em diversas frentes, desde a organiza\u00e7\u00e3o at\u00e9 a promo\u00e7\u00e3o das a\u00e7\u00f5es de inclus\u00e3o e acessibilidade. Atrav\u00e9s de parcerias com ONGs e institui\u00e7\u00f5es locais, a popula\u00e7\u00e3o se mobiliza para contribuir com a realiza\u00e7\u00e3o do evento.<\/p>\n<p>Essas iniciativas de coopera\u00e7\u00e3o fortalecem os la\u00e7os comunit\u00e1rios, promovendo um senso de uni\u00e3o entre os habitantes de Macei\u00f3. Ao integrar os cidad\u00e3os nas a\u00e7\u00f5es do Ver\u00e3o Massay\u00f3, a Prefeitura n\u00e3o s\u00f3 consegue um evento mais rico em diversidade, mas tamb\u00e9m refor\u00e7a o sentimento de pertencimento e a identidade cultural da cidade.<\/p>\n<p>A valoriza\u00e7\u00e3o do trabalho comunit\u00e1rio e do voluntariado simboliza um passo importante para construir uma cidade mais participativa e engajada, onde os cidad\u00e3os se tornam protagonistas do desenvolvimento e das festividades locais, resultando em um Ver\u00e3o Massay\u00f3 que celebrou n\u00e3o s\u00f3 a cultura e o lazer, mas tamb\u00e9m a solidariedade e a inclus\u00e3o.<\/p>\n\n<div style=\"font-size: 0px; height: 0px; line-height: 0px; margin: 0; padding: 0; clear: both;\"><\/div>","protected":false},"excerpt":{"rendered":"<p>Ver\u00e3o Massay\u00f3 traz servi\u00e7os essenciais da Prefeitura para todos.<\/p>\n","protected":false},"author":1,"featured_media":3259,"comment_status":"closed","ping_status":"closed","sticky":false,"template":"","format":"standard","meta":{"footnotes":""},"categories":[1],"tags":[],"class_list":["post-3260","post","type-post","status-publish","format-standard","has-post-thumbnail","hentry","category-noticias-em-maceio","has_thumb"],"aioseo_notices":[],"_links":{"self":[{"href":"https:\/\/www.encontramaceio.com.br\/sobre\/wp-json\/wp\/v2\/posts\/3260","targetHints":{"allow":["GET"]}}],"collection":[{"href":"https:\/\/www.encontramaceio.com.br\/sobre\/wp-json\/wp\/v2\/posts"}],"about":[{"href":"https:\/\/www.encontramaceio.com.br\/sobre\/wp-json\/wp\/v2\/types\/post"}],"author":[{"embeddable":true,"href":"https:\/\/www.encontramaceio.com.br\/sobre\/wp-json\/wp\/v2\/users\/1"}],"replies":[{"embeddable":true,"href":"https:\/\/www.encontramaceio.com.br\/sobre\/wp-json\/wp\/v2\/comments?post=3260"}],"version-history":[{"count":0,"href":"https:\/\/www.encontramaceio.com.br\/sobre\/wp-json\/wp\/v2\/posts\/3260\/revisions"}],"wp:featuredmedia":[{"embeddable":true,"href":"https:\/\/www.encontramaceio.com.br\/sobre\/wp-json\/wp\/v2\/media\/3259"}],"wp:attachment":[{"href":"https:\/\/www.encontramaceio.com.br\/sobre\/wp-json\/wp\/v2\/media?parent=3260"}],"wp:term":[{"taxonomy":"category","embeddable":true,"href":"https:\/\/www.encontramaceio.com.br\/sobre\/wp-json\/wp\/v2\/categories?post=3260"},{"taxonomy":"post_tag","embeddable":true,"href":"https:\/\/www.encontramaceio.com.br\/sobre\/wp-json\/wp\/v2\/tags?post=3260"}],"curies":[{"name":"wp","href":"https:\/\/api.w.org\/{rel}","templated":true}]}}