{"id":3238,"date":"2026-01-07T02:32:47","date_gmt":"2026-01-07T05:32:47","guid":{"rendered":"https:\/\/www.encontramaceio.com.br\/sobre\/prefeitura-de-maceio-abre-inscricoes-para-mais-uma-edicao-do-emprega-jovem\/"},"modified":"2026-01-07T02:32:47","modified_gmt":"2026-01-07T05:32:47","slug":"prefeitura-de-maceio-abre-inscricoes-para-mais-uma-edicao-do-emprega-jovem","status":"publish","type":"post","link":"https:\/\/www.encontramaceio.com.br\/sobre\/prefeitura-de-maceio-abre-inscricoes-para-mais-uma-edicao-do-emprega-jovem\/","title":{"rendered":"Prefeitura de Macei\u00f3 abre inscri\u00e7\u00f5es para mais uma edi\u00e7\u00e3o do Emprega Jovem"},"content":{"rendered":"<div class=\"dcb782f0616bca5484400fea6b37e93d\" data-index=\"1\" style=\"float: none; margin:0px;\">\n<script async src=\"https:\/\/pagead2.googlesyndication.com\/pagead\/js\/adsbygoogle.js?client=ca-pub-8585364105181520\"\r\n     crossorigin=\"anonymous\"><\/script>\r\n<!-- Anuncio display - global -->\r\n<ins class=\"adsbygoogle\"\r\n     style=\"display:block\"\r\n     data-ad-client=\"ca-pub-8585364105181520\"\r\n     data-ad-slot=\"8789329856\"\r\n     data-ad-format=\"auto\"\r\n     data-full-width-responsive=\"true\"><\/ins>\r\n<script>\r\n     (adsbygoogle = window.adsbygoogle || []).push({});\r\n<\/script>\n<\/div>\n<h2>O que \u00e9 o Programa Emprega Jovem?<\/h2>\n<p>O <strong>Programa Emprega Jovem<\/strong> \u00e9 uma iniciativa da Prefeitura de Macei\u00f3, desenvolvida em parceria com o Senai (Servi\u00e7o Nacional de Aprendizagem Industrial), que visa fomentar a qualifica\u00e7\u00e3o profissional de jovens e adultos que buscam uma coloca\u00e7\u00e3o no mercado de trabalho. Este programa se destaca por oferecer cursos gratuitos, abordando diversas \u00e1reas de atua\u00e7\u00e3o, e por facilitar o acesso \u00e0 forma\u00e7\u00e3o profissional, proporcionando, assim, melhores oportunidades para a popula\u00e7\u00e3o de Macei\u00f3.<\/p>\n<p>Desde a sua implementa\u00e7\u00e3o, o Emprega Jovem tem se mostrado uma alternativa eficaz na luta contra o desemprego, especialmente entre os jovens. Atrav\u00e9s de um rigoroso processo de sele\u00e7\u00e3o, o programa consegue concentrar esfor\u00e7os em capacitar aqueles que mais necessitam, possibilitando a amplia\u00e7\u00e3o de suas compet\u00eancias e conhecimentos.<\/p>\n<h2>Vagas e Cursos Dispon\u00edveis<\/h2>\n<p>Na 13\u00aa edi\u00e7\u00e3o do programa, foram disponibilizadas <strong>500 vagas<\/strong> em cursos voltados para diversas \u00e1reas, permitindo que jovens de diferentes perfis possam se capacitar. Dentre os cursos oferecidos, destacam-se:<\/p>\n<p><img decoding=\"async\" src=\"https:\/\/www.encontramaceio.com.br\/sobre\/wp-content\/uploads\/2026\/01\/prefeitura-de-maceio-abre-inscricoes-para-mais-uma-edicao-do-emprega-jovem.webp\" alt=\"Emprega Jovem\" loading=\"lazy\" \/><\/p>\n<ul>\n<li><strong>Assistente Administrativo<\/strong>: 160 vagas<\/li>\n<li><strong>Assistente de Recursos Humanos<\/strong>: 80 vagas<\/li>\n<li><strong>Auxiliar de Opera\u00e7\u00f5es Log\u00edsticas<\/strong>: 80 vagas<\/li>\n<li><strong>Operador de Computador<\/strong>: 100 vagas<\/li>\n<li><strong>Mec\u00e2nico de Manuten\u00e7\u00e3o de M\u00e1quinas Industriais<\/strong>: 25 vagas<\/li>\n<li><strong>Operador de Processos de Industrializa\u00e7\u00e3o de P\u00e3es, Massas Aliment\u00edcias, Bolos e Biscoitos<\/strong>: 50 vagas<\/li>\n<\/ul>\n<p>Os cursos s\u00e3o oferecidos nos turnos matutino e vespertino, proporcionando flexibilidade para que os interessados possam conciliar as atividades de estudo com outras responsabilidades, como trabalho ou cuidados familiares.<\/p>\n<h2>Quem Pode se Inscrever?<\/h2>\n<p>O programa se destina a jovens a partir de <strong>14 anos<\/strong>, sem limite de idade superior, o que o torna acess\u00edvel tanto para adolescentes em busca de seu primeiro emprego quanto para adultos que desejam se requalificar profissionalmente. No entanto, \u00e9 importante destacar que menores de idade devem estar acompanhados de um respons\u00e1vel no momento da inscri\u00e7\u00e3o. Esta orienta\u00e7\u00e3o visa garantir a seguran\u00e7a e a legalidade do processo.<\/p>\n<p>A abrang\u00eancia do programa reflete a preocupa\u00e7\u00e3o da Prefeitura em atender a todos os setores da popula\u00e7\u00e3o, independentemente de faixa et\u00e1ria, e promove a inclus\u00e3o social atrav\u00e9s da educa\u00e7\u00e3o e do trabalho.<\/p>\n<h2>Documentos Necess\u00e1rios para Inscri\u00e7\u00e3o<\/h2>\n<p>Os interessados em participar do Emprega Jovem devem apresentar alguns documentos que s\u00e3o essenciais para a efetiva\u00e7\u00e3o da inscri\u00e7\u00e3o. Os documentos exigidos incluem:<\/p>\n<ul>\n<li><strong>RG<\/strong> (Registro Geral)<\/li>\n<li><strong>CPF<\/strong> (Cadastro de Pessoa F\u00edsica)<\/li>\n<li><strong>Comprovante de resid\u00eancia<\/strong><\/li>\n<\/ul>\n<p>\u00c9 importante que os candidatos apresentem <strong>c\u00f3pias e originais<\/strong> desses documentos, pois a equipe respons\u00e1vel pela sele\u00e7\u00e3o ir\u00e1 precisar conferi-los para garantir a autenticidade das informa\u00e7\u00f5es fornecidas. Ter a documenta\u00e7\u00e3o completa \u00e9 fundamental para evitar contratempos no processo de inscri\u00e7\u00e3o e garantir uma experi\u00eancia tranquila para todos os envolvidos.<\/p>\n<h2>Como Funciona a Inscri\u00e7\u00e3o?<\/h2>\n<p>A inscri\u00e7\u00e3o para o Programa Emprega Jovem ocorre no Senai do Po\u00e7o, com atendimento <strong>por ordem de chegada<\/strong>. Os candidatos devem se dirigir ao local a partir das <strong>8h<\/strong> e ficar atentos ao n\u00famero de vagas dispon\u00edveis. Essa din\u00e2mica permite que o programa consiga gerenciar a demanda de forma organizada, garantindo que todos tenham uma chance justa de inscri\u00e7\u00e3o.<\/p>\n<p>Os atendentes do Senai est\u00e3o preparados para auxiliar os interessados durante o processo, fornecendo informa\u00e7\u00f5es detalhadas sobre os cursos e esclarecendo d\u00favidas. A rapidez e a efici\u00eancia do atendimento s\u00e3o prioridades, visando oferecer a melhor experi\u00eancia possible.<\/p>\n<h2>In\u00edcio das Aulas e Dura\u00e7\u00e3o dos Cursos<\/h2>\n<p>Uma vez conclu\u00eddo o processo de inscri\u00e7\u00e3o, os alunos podem se preparar para o in\u00edcio das aulas, que est\u00e1 marcado para o dia <strong>12 de janeiro de 2026<\/strong>. \u00c9 fundamental que os participantes estejam cientes dessa data, para que possam se programar adequadamente e n\u00e3o perder a oportunidade de iniciar seus estudos.<\/p>\n<p>A dura\u00e7\u00e3o dos cursos varia conforme a \u00e1rea e a carga hor\u00e1ria definida para cada modalidade de forma\u00e7\u00e3o. Os participantes ter\u00e3o uma forma\u00e7\u00e3o te\u00f3rica e pr\u00e1tica, que proporcionar\u00e1 uma base s\u00f3lida para que possam atuar na profiss\u00e3o escolhida.<\/p>\n<h2>Benef\u00edcios do Programa para os Participantes<\/h2>\n<p>O Emprega Jovem oferece uma s\u00e9rie de <strong>benef\u00edcios<\/strong> que v\u00e3o al\u00e9m da capacita\u00e7\u00e3o profissional. Dentre os principais, podemos citar:<\/p>\n<ul>\n<li><strong>Qualifica\u00e7\u00e3o Profissional<\/strong>: Os cursos oferecem uma forma\u00e7\u00e3o que contribui para o aumento da empregabilidade dos participantes.<\/li>\n<li><strong>Acesso \u00e0 Plataforma Senai Conecta<\/strong>: Os inscritos t\u00eam acesso a uma plataforma gratuita onde podem cadastrar seus curr\u00edculos e se conectar com empresas que buscam profissionais qualificados.<\/li>\n<li><strong>Networking<\/strong>: Oportunidade de conhecer pessoas da \u00e1rea e ampliar suas redes de contatos.<\/li>\n<li><strong>Custo Zero<\/strong>: Os cursos s\u00e3o gratuitos, proporcionando acesso \u00e0 educa\u00e7\u00e3o sem nenhum custo para os participantes.<\/li>\n<\/ul>\n<p>Esses benef\u00edcios s\u00e3o fundamentais para a inser\u00e7\u00e3o dos jovens no mercado de trabalho, contribuindo para o desenvolvimento pessoal e profissional.<\/p>\n<h2>Import\u00e2ncia da Qualifica\u00e7\u00e3o Profissional<\/h2>\n<p>A qualifica\u00e7\u00e3o profissional \u00e9 essencial em um mercado de trabalho cada vez mais competitivo. Com o avan\u00e7o da tecnologia e as constantes mudan\u00e7as nas demandas do mercado, ter conhecimentos atualizados se torna uma necessidade. O Programa Emprega Jovem vai de encontro a essa necessidade, proporcionando forma\u00e7\u00e3o que atenda \u00e0s exig\u00eancias do setor produtivo.<\/p>\n<p>Al\u00e9m de aumentar as chances de inser\u00e7\u00e3o no mercado, a qualifica\u00e7\u00e3o tamb\u00e9m promove <strong>autoconfian\u00e7a<\/strong> e <strong>autonomia<\/strong>, fatores essenciais para o desenvolvimento de uma carreira. Profissionais qualificados tendem a ter melhores oportunidades de crescimento e remunera\u00e7\u00e3o em suas \u00e1reas de atua\u00e7\u00e3o.<\/p>\n<h2>Depoimentos de Ex-Alunos<\/h2>\n<p>A experi\u00eancia de quem j\u00e1 participou do Programa Emprega Jovem \u00e9 um indicativo da efic\u00e1cia da iniciativa. Muitos ex-alunos relatam que, ap\u00f3s a conclus\u00e3o dos cursos, conseguiram a t\u00e3o sonhada coloca\u00e7\u00e3o no mercado de trabalho. Depoimentos indicam:<\/p>\n<ul>\n<li><strong>&#8220;O curso de Assistente Administrativo me ajudou a entender melhor como funciona a parte burocr\u00e1tica de uma empresa. Hoje, trabalho em um escrit\u00f3rio e estou muito feliz!&#8221;<\/strong><\/li>\n<li><strong>&#8220;A forma\u00e7\u00e3o em Mec\u00e2nico de Manuten\u00e7\u00e3o abriu portas para mim. Consegui uma vaga em uma grande ind\u00fastria e sou muito grato ao programa!&#8221;<\/strong><\/li>\n<\/ul>\n<p>Esses relatos demonstram como o programa pode transformar a vida dos participantes, possibilitando novos horizontes e realiza\u00e7\u00e3o de sonhos profissionais.<\/p>\n<h2>Como se Preparar para as Aulas?<\/h2>\n<p>Preparar-se para as aulas do Programa Emprega Jovem \u00e9 fundamental para aproveitar ao m\u00e1ximo a oportunidade. Algumas dicas para os inscritos incluem:<\/p>\n<ul>\n<li><strong>Organiza\u00e7\u00e3o<\/strong>: Tenha uma agenda onde voc\u00ea possa anotar datas importantes e hor\u00e1rios das aulas.<\/li>\n<li><strong>Atitude Proativa<\/strong>: Chegue \u00e0s aulas com a mente aberta e disposi\u00e7\u00e3o para aprender.<br \/>Assista \u00e0s aulas com aten\u00e7\u00e3o e participe ativamente das discuss\u00f5es.<\/li>\n<li><strong>Material Did\u00e1tico<\/strong>: Verifique se voc\u00ea possui todo o material necess\u00e1rio para as aulas, como apostilas e cadernos de anota\u00e7\u00f5es.<\/li>\n<li><strong>Networking<\/strong>: Aproveite a oportunidade para fazer novas amizades e contatos profissionais.<\/li>\n<\/ul>\n<p>Seguir essas recomenda\u00e7\u00f5es pode facilitar o processo de aprendizado e garantir uma experi\u00eancia bem-sucedida no Emprega Jovem.<\/p>\n\n<div style=\"font-size: 0px; height: 0px; line-height: 0px; margin: 0; padding: 0; clear: both;\"><\/div>","protected":false},"excerpt":{"rendered":"<p>Emprega Jovem oferece 500 vagas em cursos profissionalizantes gratuitos.<\/p>\n","protected":false},"author":1,"featured_media":3237,"comment_status":"closed","ping_status":"closed","sticky":false,"template":"","format":"standard","meta":{"footnotes":""},"categories":[1],"tags":[],"class_list":["post-3238","post","type-post","status-publish","format-standard","has-post-thumbnail","hentry","category-noticias-em-maceio","has_thumb"],"aioseo_notices":[],"_links":{"self":[{"href":"https:\/\/www.encontramaceio.com.br\/sobre\/wp-json\/wp\/v2\/posts\/3238","targetHints":{"allow":["GET"]}}],"collection":[{"href":"https:\/\/www.encontramaceio.com.br\/sobre\/wp-json\/wp\/v2\/posts"}],"about":[{"href":"https:\/\/www.encontramaceio.com.br\/sobre\/wp-json\/wp\/v2\/types\/post"}],"author":[{"embeddable":true,"href":"https:\/\/www.encontramaceio.com.br\/sobre\/wp-json\/wp\/v2\/users\/1"}],"replies":[{"embeddable":true,"href":"https:\/\/www.encontramaceio.com.br\/sobre\/wp-json\/wp\/v2\/comments?post=3238"}],"version-history":[{"count":0,"href":"https:\/\/www.encontramaceio.com.br\/sobre\/wp-json\/wp\/v2\/posts\/3238\/revisions"}],"wp:featuredmedia":[{"embeddable":true,"href":"https:\/\/www.encontramaceio.com.br\/sobre\/wp-json\/wp\/v2\/media\/3237"}],"wp:attachment":[{"href":"https:\/\/www.encontramaceio.com.br\/sobre\/wp-json\/wp\/v2\/media?parent=3238"}],"wp:term":[{"taxonomy":"category","embeddable":true,"href":"https:\/\/www.encontramaceio.com.br\/sobre\/wp-json\/wp\/v2\/categories?post=3238"},{"taxonomy":"post_tag","embeddable":true,"href":"https:\/\/www.encontramaceio.com.br\/sobre\/wp-json\/wp\/v2\/tags?post=3238"}],"curies":[{"name":"wp","href":"https:\/\/api.w.org\/{rel}","templated":true}]}}