{"id":3146,"date":"2025-12-11T12:55:00","date_gmt":"2025-12-11T15:55:00","guid":{"rendered":"https:\/\/www.encontramaceio.com.br\/sobre\/?p=3146"},"modified":"2025-12-11T12:55:00","modified_gmt":"2025-12-11T15:55:00","slug":"aprendizes-de-curso-profissionalizante-recebem-formacao-voltada-ao-consumo","status":"publish","type":"post","link":"https:\/\/www.encontramaceio.com.br\/sobre\/aprendizes-de-curso-profissionalizante-recebem-formacao-voltada-ao-consumo\/","title":{"rendered":"Aprendizes de curso profissionalizante recebem forma\u00e7\u00e3o voltada ao consumo"},"content":{"rendered":"<div class=\"dcb782f0616bca5484400fea6b37e93d\" data-index=\"1\" style=\"float: none; margin:0px;\">\n<script async src=\"https:\/\/pagead2.googlesyndication.com\/pagead\/js\/adsbygoogle.js?client=ca-pub-8585364105181520\"\r\n     crossorigin=\"anonymous\"><\/script>\r\n<!-- Anuncio display - global -->\r\n<ins class=\"adsbygoogle\"\r\n     style=\"display:block\"\r\n     data-ad-client=\"ca-pub-8585364105181520\"\r\n     data-ad-slot=\"8789329856\"\r\n     data-ad-format=\"auto\"\r\n     data-full-width-responsive=\"true\"><\/ins>\r\n<script>\r\n     (adsbygoogle = window.adsbygoogle || []).push({});\r\n<\/script>\n<\/div>\n<h2>Entendendo o que \u00e9 forma\u00e7\u00e3o voltada ao consumo<\/h2>\n<p>A forma\u00e7\u00e3o voltada ao consumo refere-se ao conjunto de ensinamentos e capacita\u00e7\u00f5es que visam educar os indiv\u00edduos sobre os seus direitos e deveres enquanto consumidores. Esta abordagem educacional \u00e9 essencial \u00e0 medida que cada vez mais pessoas se inserem no mercado de consumo, e a compreens\u00e3o dessas din\u00e2micas pode ter um impacto significativo na qualidade de vida e na cidadania. Cada vez mais, a educa\u00e7\u00e3o do consumidor n\u00e3o \u00e9 apenas um direito, mas tamb\u00e9m uma responsabilidade, e abord\u00e1-la em ambientes de forma\u00e7\u00e3o profissional \u00e9 um passo vital para garantir que o conhecimento correto seja disseminado.<\/p>\n<p>O conhecimento sobre forma\u00e7\u00e3o voltada ao consumo vai al\u00e9m do simples entendimento das regras e leis que regem as rela\u00e7\u00f5es de consumo. Esteja o consumidor ciente do que pode ou n\u00e3o ser feito, \u00e9 vital para evitar abusos por parte de fornecedores e para fazer escolhas mais conscientes e informadas. Al\u00e9m disso, essas forma\u00e7\u00f5es t\u00eam o papel de empoderar os consumidores, permitindo que eles tomem decis\u00f5es que n\u00e3o s\u00f3 atendam \u00e0s suas necessidades imediatas, mas que tamb\u00e9m considerem aspectos \u00e9ticos e sustent\u00e1veis na hora de adquirir produtos e servi\u00e7os.<\/p>\n<h2>Direitos e deveres do consumidor<\/h2>\n<p>Os direitos do consumidor s\u00e3o garantidos por uma s\u00e9rie de legisla\u00e7\u00f5es e normas que visam proteger os interesses do p\u00fablico. No Brasil, o C\u00f3digo de Defesa do Consumidor (CDC) estabelece os direitos fundamentais que todo consumidor deve conhecer. Alguns dos principais direitos incluem:<\/p>\n<p><img decoding=\"async\" src=\"https:\/\/www.encontramaceio.com.br\/sobre\/wp-content\/uploads\/2025\/12\/aprendizes-de-curso-profissionalizante-recebem-formacao-voltada-ao-consumo.webp\" alt=\"forma\u00e7\u00e3o voltada ao consumo\" loading=\"lazy\" \/><\/p>\n<ul>\n<li><strong>Direito \u00e0 informa\u00e7\u00e3o:<\/strong> O consumidor tem o direito de ser informado de forma clara e precisa sobre os produtos e servi\u00e7os que adquire, incluindo caracter\u00edsticas, pre\u00e7o e prazos de entrega.<\/li>\n<li><strong>Direito \u00e0 prote\u00e7\u00e3o da vida e sa\u00fade:<\/strong> Produtos e servi\u00e7os devem garantir a seguran\u00e7a e a sa\u00fade dos consumidores, sendo que casos de produtos nocivos devem ser amplamente divulgados.<\/li>\n<li><strong>Direito \u00e0 liberdade de escolha:<\/strong> O consumidor deve ser respeitado em sua decis\u00e3o de escolha, sem pr\u00e1ticas coercitivas ou enganosas.<\/li>\n<\/ul>\n<p>Al\u00e9m dos direitos, tamb\u00e9m existem deveres que o consumidor deve seguir. Entre eles, podemos citar:<\/p>\n<ul>\n<li><strong>Dever de informar:<\/strong> O consumidor deve fornecer informa\u00e7\u00f5es verdadeiras ao fornecedor, especialmente em quest\u00f5es relacionadas a pagamento e condi\u00e7\u00f5es de compra.<\/li>\n<li><strong>Dever de cuidado:<\/strong> O consumidor deve usar os produtos e servi\u00e7os de maneira segura e respons\u00e1vel, respeitando as instru\u00e7\u00f5es de uso.<\/li>\n<li><strong>Dever de reclamar:<\/strong> \u00c9 fundamental que os consumidores reivindiquem seus direitos quando s\u00e3o desrespeitados, utilizando canais adequados para isso.<\/li>\n<\/ul>\n<h2>Identificando pr\u00e1ticas abusivas no consumo<\/h2>\n<p>O reconhecimento de pr\u00e1ticas abusivas \u00e9 uma habilidade essencial que deve ser desenvolvida por todos os consumidores. Tais pr\u00e1ticas incluem, mas n\u00e3o se limitam a, publicidade enganosa, falta de informa\u00e7\u00e3o, pre\u00e7os abusivos e coercitividade na venda. Por exemplo, a publicidade enganosa ocorre quando um produto \u00e9 promovido com informa\u00e7\u00f5es que n\u00e3o correspondem \u00e0 realidade.<\/p>\n<p>Outras formas de abuso podem se manifestar no uso indevido de dados pessoais, como em casos onde empresas compartilham as informa\u00e7\u00f5es do consumidor sem consentimento. Tamb\u00e9m \u00e9 importante observar as cl\u00e1usulas contratuais que podem ser consideradas abusivas, como aquelas que excluem a responsabilidade do fornecedor em caso de falhas.<\/p>\n<p>Para identificar essas pr\u00e1ticas abusivas, os consumidores devem adotar uma postura cr\u00edtica e informada. Isso inclui a leitura atenta dos contratos, a compara\u00e7\u00e3o de pre\u00e7os e a busca por informa\u00e7\u00f5es em diferentes fontes antes de tomar uma decis\u00e3o de compra.<\/p>\n<h2>Como agir em casos de problemas de consumo<\/h2>\n<p>Quando um consumidor se depara com um problema relacionado \u00e0 compra de um produto ou servi\u00e7o, existem passos claros que devem ser seguidos. Primeiro, \u00e9 importante reunir todas as provas que possam comprovar o problema, como recibos, imagens e qualquer comunica\u00e7\u00e3o feita com a empresa.<\/p>\n<p>O pr\u00f3ximo passo \u00e9 contatar o fornecedor diretamente. Muitas vezes, as empresas possuem canais de atendimentos efici\u00eantes para resolver problemas. Caso o problema n\u00e3o seja resolvido, o consumidor pode recorrer ao Procon e outras entidades de defesa do consumidor. A den\u00fancia documentada pode facilitar a resolu\u00e7\u00e3o do conflito.<\/p>\n<p>Al\u00e9m disso, \u00e9 fundamental que o consumidor saiba que pode buscar a justi\u00e7a caso seus direitos n\u00e3o sejam respeitados. Existem \u00f3rg\u00e3os que oferecem assist\u00eancia jur\u00eddica gratuita para consumidores, e muitas a\u00e7\u00f5es podem ser feitas sem a necessidade de um advogado.<\/p>\n<h2>A parceria entre Procon e Senac<\/h2>\n<p>A iniciativa entre o Procon e o Senac \u00e9 uma alian\u00e7a estrat\u00e9gica que visa fortalecer a educa\u00e7\u00e3o para o consumo nas institui\u00e7\u00f5es de ensino. O Procon, que \u00e9 respons\u00e1vel por assegurar os direitos dos consumidores, traz sua autoridade e expertise, enquanto o Senac oferece a infraestrutura e o conhecimento pedag\u00f3gico necess\u00e1rio para viabilizar essa forma\u00e7\u00e3o.<\/p>\n<p>Atrav\u00e9s de atividades como o Procon Educa, os jovens em forma\u00e7\u00e3o profissional t\u00eam acesso a conte\u00fados que s\u00e3o importantes n\u00e3o apenas para sua vida pessoal, mas tamb\u00e9m para suas futuras carreiras. Na pr\u00e1tica, atividades de capacita\u00e7\u00e3o s\u00e3o desenvolvidas em conjunto, abordando temas como \u00e9tica nas rela\u00e7\u00f5es comerciais e an\u00e1lise cr\u00edtica de ofertas e contratos.<\/p>\n<p>Esta parceria aborda a educa\u00e7\u00e3o dos jovens e contribui para formar cidad\u00e3os mais conscientes e preparados para o mercado de trabalho. \u00c9 uma pr\u00e1tica que deve ser incentivada e replicada em outras institui\u00e7\u00f5es, dado seu potencial transformador.<\/p>\n<h2>A import\u00e2ncia da educa\u00e7\u00e3o financeira<\/h2>\n<p>A educa\u00e7\u00e3o financeira \u00e9 um aspecto igualmente importante no contexto da forma\u00e7\u00e3o voltada ao consumo. Compreender como gerenciar recursos financeiros e realizar um planejamento econ\u00f4mico pessoal \u00e9 essencial para evitar endividamento e promover um consumo consciente.<\/p>\n<p>Alguns t\u00f3picos fundamentais a serem abordados neste tipo de forma\u00e7\u00e3o incluem:<\/p>\n<ul>\n<li><strong>Economia dom\u00e9stica:<\/strong> Aprender a administrar gastos, receitas e economias, respeitando limites e prioridades.<\/li>\n<li><strong>Planejamento financeiro:<\/strong> Como elaborar e acompanhar um or\u00e7amento mensal, definindo metas e objetivos financeiros.<\/li>\n<li><strong>Cr\u00e9dito e d\u00edvidas:<\/strong> Compreender o funcionamento do cr\u00e9dito, as consequ\u00eancias do endividamento e a import\u00e2ncia de manter um hist\u00f3rico de cr\u00e9dito saud\u00e1vel.<\/li>\n<\/ul>\n<p>Com a educa\u00e7\u00e3o financeira, indiv\u00edduos ficam mais capacitados a tomar decis\u00f5es que impactam suas vidas de forma significativa, permitindo uma melhor administra\u00e7\u00e3o de suas finan\u00e7as e, consequentemente, maior satisfa\u00e7\u00e3o e estabilidade.<\/p>\n<h2>Capacita\u00e7\u00e3o e sua influ\u00eancia no mercado de trabalho<\/h2>\n<p>A capacita\u00e7\u00e3o em temas relacionados ao consumo n\u00e3o apenas melhora a vida dos indiv\u00edduos, mas tamb\u00e9m proporciona um diferencial no mercado de trabalho. Profissionais que possuem conhecimento sobre direitos do consumidor, pr\u00e1ticas de mercado e \u00e9tica s\u00e3o valorizados nas empresas.<\/p>\n<p>Al\u00e9m disso, a educa\u00e7\u00e3o voltada ao consumo ajuda os jovens a compreenderem como funciona a din\u00e2mica de mercado em que atuar\u00e3o, capacitando-os para responder melhor \u00e0s demandas do mercado. Estar preparado para lidar com clientes e consumidores de maneira \u00e9tica e consciente \u00e9 um aspecto que os empregadores valorizam muito.<\/p>\n<p>Com isso, a forma\u00e7\u00e3o voltada ao consumo pode contribuir para a diminui\u00e7\u00e3o do desemprego e aumentar as chances de inser\u00e7\u00e3o desses jovens em posi\u00e7\u00f5es desejadas. Se todos fizerem a sua parte, a sociedade se beneficiar\u00e1, criando um c\u00edrculo virtuoso de conhecimento, responsabilidade e desenvolvimento profissional.<\/p>\n<h2>O papel do Procon na educa\u00e7\u00e3o do consumidor<\/h2>\n<p>O Procon desempenha um papel crucial na prote\u00e7\u00e3o dos direitos dos consumidores e na promo\u00e7\u00e3o da educa\u00e7\u00e3o. Al\u00e9m de atuar na fiscaliza\u00e7\u00e3o e media\u00e7\u00e3o de conflitos, o \u00f3rg\u00e3o realiza uma s\u00e9rie de programas educativos, com o objetivo de informar a popula\u00e7\u00e3o sobre seus direitos.<\/p>\n<p>Essas iniciativas s\u00e3o vitais para garantir que os cidad\u00e3os n\u00e3o apenas conhe\u00e7am seus direitos, mas tamb\u00e9m como exerc\u00ea-los. O Procon \u00e9 um agente de transforma\u00e7\u00e3o social, j\u00e1 que a educa\u00e7\u00e3o voltada ao consumo pode ajudar na forma\u00e7\u00e3o de cidad\u00e3os mais cr\u00edticos, reflexivos e atuantes.<\/p>\n<p>Al\u00e9m disso, a presen\u00e7a do Procon nas escolas e institui\u00e7\u00f5es de ensino, como no programa Procon Educa, ajuda a despertar a consci\u00eancia cidad\u00e3 desde cedo, formando uma gera\u00e7\u00e3o de consumidores mais conscientes e \u00e9ticos.<\/p>\n<h2>Como institui\u00e7\u00f5es podem solicitar o programa<\/h2>\n<p>As institui\u00e7\u00f5es que desejam receber capacita\u00e7\u00f5es do programa Procon Educa podem entrar em contato diretamente com o Procon local. Geralmente, essa solicita\u00e7\u00e3o pode ser feita por e-mail ou telefone, onde se far\u00e1 um pr\u00e9-cadastro da institui\u00e7\u00e3o e o desenvolvimento da agenda de capacita\u00e7\u00e3o.<\/p>\n<p>O programa \u00e9 direcionado principalmente para escolas, universidades e centros de forma\u00e7\u00e3o e seu objetivo \u00e9 promover a discuss\u00e3o e o aprendizado sobre os direitos do consumidor. O Procon ir\u00e1 avaliar a demanda e elaborar um cronograma que se encaixe na realidade da institui\u00e7\u00e3o, promovendo um di\u00e1logo aberto e construtivo sobre consumo.<\/p>\n<h2>Transformando jovens em multiplicadores de conhecimento<\/h2>\n<p>O verdadeiro impacto da forma\u00e7\u00e3o voltada ao consumo se d\u00e1 quando os jovens se tornam multiplicadores desse conhecimento em suas comunidades e fam\u00edlias. Quando educados adequadamente, esses jovens n\u00e3o apenas aplicam o que aprenderam em sua pr\u00f3pria vida, mas tamb\u00e9m compartilham com amigos e familiares, potencializando a conscientiza\u00e7\u00e3o sobre consumo respons\u00e1vel.<\/p>\n<p>A forma\u00e7\u00e3o em educa\u00e7\u00e3o para o consumo pode cultivar uma cultura de responsabilidade n\u00e3o apenas individual, mas coletiva. Torna-se um ciclo que traz benef\u00edcios tanto a curto como a longo prazo, uma vez que consumidores mais conscientes, informados e preparados para atuar criticamente no mercado contribuem para uma sociedade mais justa e equilibrada.<\/p>\n<p>Com isso, a iniciativa do Procon e Senac n\u00e3o s\u00f3 visa preparar os jovens para enfrentarem desafios pessoais, mas tamb\u00e9m para que sejam catalisadores de transforma\u00e7\u00e3o social, criando uma rede de conhecimento que se espalha por todas as esferas da sociedade.<\/p>\n\n<div style=\"font-size: 0px; height: 0px; line-height: 0px; margin: 0; padding: 0; clear: both;\"><\/div>","protected":false},"excerpt":{"rendered":"<p>A forma\u00e7\u00e3o voltada ao consumo \u00e9 vital para aprendizes de curso profissionalizante.<\/p>\n","protected":false},"author":1,"featured_media":3145,"comment_status":"closed","ping_status":"closed","sticky":false,"template":"","format":"standard","meta":{"footnotes":""},"categories":[1],"tags":[],"class_list":["post-3146","post","type-post","status-publish","format-standard","has-post-thumbnail","hentry","category-noticias-em-maceio","has_thumb"],"aioseo_notices":[],"_links":{"self":[{"href":"https:\/\/www.encontramaceio.com.br\/sobre\/wp-json\/wp\/v2\/posts\/3146","targetHints":{"allow":["GET"]}}],"collection":[{"href":"https:\/\/www.encontramaceio.com.br\/sobre\/wp-json\/wp\/v2\/posts"}],"about":[{"href":"https:\/\/www.encontramaceio.com.br\/sobre\/wp-json\/wp\/v2\/types\/post"}],"author":[{"embeddable":true,"href":"https:\/\/www.encontramaceio.com.br\/sobre\/wp-json\/wp\/v2\/users\/1"}],"replies":[{"embeddable":true,"href":"https:\/\/www.encontramaceio.com.br\/sobre\/wp-json\/wp\/v2\/comments?post=3146"}],"version-history":[{"count":1,"href":"https:\/\/www.encontramaceio.com.br\/sobre\/wp-json\/wp\/v2\/posts\/3146\/revisions"}],"predecessor-version":[{"id":3153,"href":"https:\/\/www.encontramaceio.com.br\/sobre\/wp-json\/wp\/v2\/posts\/3146\/revisions\/3153"}],"wp:featuredmedia":[{"embeddable":true,"href":"https:\/\/www.encontramaceio.com.br\/sobre\/wp-json\/wp\/v2\/media\/3145"}],"wp:attachment":[{"href":"https:\/\/www.encontramaceio.com.br\/sobre\/wp-json\/wp\/v2\/media?parent=3146"}],"wp:term":[{"taxonomy":"category","embeddable":true,"href":"https:\/\/www.encontramaceio.com.br\/sobre\/wp-json\/wp\/v2\/categories?post=3146"},{"taxonomy":"post_tag","embeddable":true,"href":"https:\/\/www.encontramaceio.com.br\/sobre\/wp-json\/wp\/v2\/tags?post=3146"}],"curies":[{"name":"wp","href":"https:\/\/api.w.org\/{rel}","templated":true}]}}