{"id":3132,"date":"2025-12-09T09:12:00","date_gmt":"2025-12-09T12:12:00","guid":{"rendered":"https:\/\/www.encontramaceio.com.br\/sobre\/?p=3132"},"modified":"2025-12-09T09:12:00","modified_gmt":"2025-12-09T12:12:00","slug":"procon-maceio-interdita-academia-por-risco-a-saude-e-seguranca-dos-consumidores","status":"publish","type":"post","link":"https:\/\/www.encontramaceio.com.br\/sobre\/procon-maceio-interdita-academia-por-risco-a-saude-e-seguranca-dos-consumidores\/","title":{"rendered":"Procon Macei\u00f3 interdita academia por risco \u00e0 sa\u00fade e seguran\u00e7a dos consumidores"},"content":{"rendered":"<div class=\"dcb782f0616bca5484400fea6b37e93d\" data-index=\"1\" style=\"float: none; margin:0px;\">\n<script async src=\"https:\/\/pagead2.googlesyndication.com\/pagead\/js\/adsbygoogle.js?client=ca-pub-8585364105181520\"\r\n     crossorigin=\"anonymous\"><\/script>\r\n<!-- Anuncio display - global -->\r\n<ins class=\"adsbygoogle\"\r\n     style=\"display:block\"\r\n     data-ad-client=\"ca-pub-8585364105181520\"\r\n     data-ad-slot=\"8789329856\"\r\n     data-ad-format=\"auto\"\r\n     data-full-width-responsive=\"true\"><\/ins>\r\n<script>\r\n     (adsbygoogle = window.adsbygoogle || []).push({});\r\n<\/script>\n<\/div>\n<h2>Den\u00fancia An\u00f4nima<\/h2>\n<p>Recentemente, o Procon Macei\u00f3 tomou uma atitude significativa que destaca a import\u00e2ncia da prote\u00e7\u00e3o e seguran\u00e7a do consumidor no contexto de sa\u00fade p\u00fablica. A a\u00e7\u00e3o foi motivada por uma den\u00fancia an\u00f4nima, que chama aten\u00e7\u00e3o para o papel ativo que os cidad\u00e3os podem exercer na fiscaliza\u00e7\u00e3o e na promo\u00e7\u00e3o de ambientes seguros. A den\u00fancia relatava a presen\u00e7a de fios expostos em uma academia situada no bairro da Jati\u00faca, o que representa um grave risco \u00e0 sa\u00fade e seguran\u00e7a dos frequentadores.<\/p>\n<p>Essa situa\u00e7\u00e3o evidencia n\u00e3o apenas as responsabilidades dos estabelecimentos comerciais, mas tamb\u00e9m a efetiva participa\u00e7\u00e3o da popula\u00e7\u00e3o no processo de vigil\u00e2ncia sanit\u00e1ria e seguran\u00e7a p\u00fablica. O Procon atua como um \u00f3rg\u00e3o regulador e defensor dos consumidores, e sua resposta \u00e1gil \u00e0 den\u00fancia reafirma seu compromisso em garantir ambientes seguros. O fato de uma den\u00fancia an\u00f4nima ter gerado uma a\u00e7\u00e3o corretiva ressalta a import\u00e2ncia do envolvimento da comunidade na identifica\u00e7\u00e3o de irregularidades.<\/p>\n<h2>A\u00e7\u00e3o Fiscalizat\u00f3ria do Procon<\/h2>\n<p>Na manh\u00e3 de uma quinta-feira, os fiscais do Procon Macei\u00f3 foram mobilizados para verificar a situa\u00e7\u00e3o relatada na den\u00fancia. Essa a\u00e7\u00e3o fiscalizat\u00f3ria teve um impacto crucial, pois o Procon n\u00e3o s\u00f3 \u00e9 respons\u00e1vel pela prote\u00e7\u00e3o dos direitos dos consumidores, mas tamb\u00e9m pela promo\u00e7\u00e3o de pr\u00e1ticas comerciais respons\u00e1veis e seguras. Durante a fiscaliza\u00e7\u00e3o, foram identificadas v\u00e1rias irregularidades, o que levou \u00e0 imediata interdi\u00e7\u00e3o da academia.<\/p>\n<p><img decoding=\"async\" src=\"https:\/\/www.encontramaceio.com.br\/sobre\/wp-content\/uploads\/2025\/12\/procon-maceio-interdita-academia-por-risco-a-saude-e-seguranca-dos-consumidores.webp\" alt=\"Procon Macei\u00f3 interdita academia por risco \u00e0 sa\u00fade e seguran\u00e7a dos consumidores\" loading=\"lazy\" \/><\/p>\n<p>Essa opera\u00e7\u00e3o demonstra a efic\u00e1cia do Procon na resposta a sinais de risco para a sa\u00fade p\u00fablica. A fiscaliza\u00e7\u00e3o \u00e9 um instrumento chave para garantir que os prestadores de servi\u00e7os operem dentro das normas exigidas pelas legisla\u00e7\u00f5es vigentes. O foco do Procon \u00e9 n\u00e3o apenas a puni\u00e7\u00e3o de infratores, mas tamb\u00e9m a promo\u00e7\u00e3o de um ambiente onde a seguran\u00e7a e os direitos do consumidor s\u00e3o respeitados e assegurados. A visibilidade e a efic\u00e1cia dessas opera\u00e7\u00f5es s\u00e3o essenciais para educar tanto consumidores quanto prestadores de servi\u00e7os sobre a import\u00e2ncia de seguir padr\u00f5es de seguran\u00e7a.<\/p>\n<h2>Riscos Identificados na Academia<\/h2>\n<p>Durante a opera\u00e7\u00e3o de fiscaliza\u00e7\u00e3o, os fiscais do Procon encontraram n\u00e3o apenas fios expostos, mas uma s\u00e9rie de outras nonconformidades que colocavam em risco a integridade f\u00edsica dos usu\u00e1rios. Isso inclui a aus\u00eancia de um profissional qualificado presente na academia, uma exig\u00eancia para garantir que as atividades f\u00edsicas sejam realizadas em seguran\u00e7a. Al\u00e9m disso, verificou-se que o Registro T\u00e9cnico (RT) da academia estava desatualizado, afetando a conformidade legal do estabelecimento.<\/p>\n<p>Esses riscos s\u00e3o inaceit\u00e1veis, especialmente em um centro de atividade f\u00edsica onde a seguran\u00e7a \u00e9 fundamental. A presen\u00e7a de um profissional habilitado \u00e9 crucial n\u00e3o s\u00f3 para prevenir acidentes, mas tamb\u00e9m para orientar os clientes em rela\u00e7\u00e3o ao uso correto dos equipamentos. Al\u00e9m disso, ambientes com fia\u00e7\u00e3o exposta podem resultar em acidentes el\u00e9tricos graves, colocando em risco n\u00e3o apenas os usu\u00e1rios, mas tamb\u00e9m os funcion\u00e1rios e propriet\u00e1rios. O Procon, ao identificar essas n\u00e3o conformidades, tomou a decis\u00e3o correta de interdi\u00e7\u00e3o, visando priorizar a seguran\u00e7a acima de tudo.<\/p>\n<h2>Irregularidades e Aus\u00eancias<\/h2>\n<p>As irregularidades identificadas pelo Procon n\u00e3o se limitavam aos riscos f\u00edsicos. A aus\u00eancia do C\u00f3digo de Defesa do Consumidor em meio ao ambiente da academia tamb\u00e9m foi um ponto destacado. Essa \u00e9 uma exig\u00eancia legal que assegura aos consumidores o acesso \u00e0 informa\u00e7\u00e3o sobre os seus direitos e deve ser visivelmente exposta em todos os estabelecimentos. A falta desse documento \u00e9 um sinal claro de descaso por parte do gest\u00e3o do local, comprometendo a confian\u00e7a do consumidor.<\/p>\n<p>Outro aspecto preocupante foi a aus\u00eancia do Alvar\u00e1 de Funcionamento da Prefeitura, bem como do Auto de Vistoria do Corpo de Bombeiros (AVCB). Estes documentos s\u00e3o fundamentais para a legalidade das opera\u00e7\u00f5es de qualquer estabelecimento comercial e sua falta \u00e9 indicativa de irregularidades que podem ter consequ\u00eancias s\u00e9rias, tanto legais quanto operacionais. O Procon, ao agir, n\u00e3o apenas protege os consumidores, mas tamb\u00e9m assegura que os respons\u00e1veis pelas irregularidades enfrentem as consequ\u00eancias de suas a\u00e7\u00f5es.<\/p>\n<h2>A Import\u00e2ncia do Registro T\u00e9cnico<\/h2>\n<p>O Registro T\u00e9cnico (RT) \u00e9 um documento legal que atesta a conformidade de um estabelecimento com as normas e regulamentos t\u00e9cnicos exigidos para sua opera\u00e7\u00e3o. No caso da academia interditada, a desatualiza\u00e7\u00e3o do RT \u00e9 um s\u00e9rio indicativo de neglig\u00eancia. Esse documento \u00e9 essencial, pois garante que o local foi inspecionado e atende \u00e0s normas de seguran\u00e7a estabelecidas. Os consumidores t\u00eam o direito de frequentar estabelecimentos que operem com todas as licen\u00e7as em dia e que priorizem sua seguran\u00e7a.<\/p>\n<p>Al\u00e9m da prote\u00e7\u00e3o ao consumidor, a regulariza\u00e7\u00e3o do Registro T\u00e9cnico contribui para a transpar\u00eancia no mercado e para a concorr\u00eancia leal entre os prestadores de servi\u00e7os. Quando estabelecimentos competem em um ambiente onde todos seguem as mesmas regras, isso beneficia n\u00e3o apenas os consumidores, mas tamb\u00e9m o setor como um todo. A solicita\u00e7\u00e3o e a atualiza\u00e7\u00e3o regular do RT deveriam ser uma prioridade n\u00e3o apenas para o Procon, mas para todos os prestadores de servi\u00e7os que desejam operar legalmente e de forma \u00e9tica.<\/p>\n<h2>Procedimentos de Interdi\u00e7\u00e3o<\/h2>\n<p>A interdi\u00e7\u00e3o de um estabelecimento, como a academia em quest\u00e3o, n\u00e3o \u00e9 um ato arbitr\u00e1rio. \u00c9 o resultado de um processo rigoroso de avalia\u00e7\u00e3o e a aplica\u00e7\u00e3o de procedimentos legais que envolvem a verifica\u00e7\u00e3o de irregularidades e riscos \u00e0 sa\u00fade p\u00fablica. Ap\u00f3s a fiscaliza\u00e7\u00e3o, o Procon Macei\u00f3, em conformidade com a lei, ordenou a interdi\u00e7\u00e3o imediata da academia, permitindo um prazo de sete dias para a apresenta\u00e7\u00e3o da documenta\u00e7\u00e3o necess\u00e1ria e a realiza\u00e7\u00e3o dos reparos pendentes.<\/p>\n<p>Esse processo \u00e9 crucial para garantir que as a\u00e7\u00f5es n\u00e3o apenas protejam os consumidores no curto prazo, mas tamb\u00e9m incentivem melhorias que durar\u00e3o no longo prazo. O prazo estipulado para a regulariza\u00e7\u00e3o tem por objetivo dar ao estabelecimento a chance de corrigir suas falhas e mostrar um comprometimento com a seguran\u00e7a e a qualidade dos servi\u00e7os prestados. Durante esse per\u00edodo, o Procon deve acompanhar de perto as a\u00e7\u00f5es da empresa para assegurar que as mudan\u00e7as sejam implementadas adequadamente.<\/p>\n<h2>Prazo para Regulariza\u00e7\u00e3o<\/h2>\n<p>A determina\u00e7\u00e3o de um prazo de sete dias para a regulariza\u00e7\u00e3o \u00e9 uma medida que n\u00e3o apenas proporciona urg\u00eancia, mas tamb\u00e9m \u00e9 um tempo razo\u00e1vel para que a administra\u00e7\u00e3o do estabelecimento possa fazer as corre\u00e7\u00f5es necess\u00e1rias. Durante esse per\u00edodo, a academia dever\u00e1 apresentar a documenta\u00e7\u00e3o exigida e tomar as provid\u00eancias corretivas para eliminar os riscos identificados. A regulariza\u00e7\u00e3o inclui n\u00e3o apenas a atualiza\u00e7\u00e3o do registro e a contrata\u00e7\u00e3o de profissionais capacitados, mas tamb\u00e9m a corre\u00e7\u00e3o das instala\u00e7\u00f5es el\u00e9tricas que representam um risco imediato.<\/p>\n<p>Os propriet\u00e1rios de estabelecimentos que recebem o embargo, como o ocorrido com a academia, devem encarar a situa\u00e7\u00e3o como uma oportunidade de melhorar sua opera\u00e7\u00e3o, n\u00e3o apenas para cumprir a legisla\u00e7\u00e3o, mas tamb\u00e9m para resgatar a confian\u00e7a do consumidor. A regulariza\u00e7\u00e3o, uma vez que realizada, pode n\u00e3o apenas evitar problemas futuros com a fiscaliza\u00e7\u00e3o, mas tamb\u00e9m aprimorar a reputa\u00e7\u00e3o do neg\u00f3cio. Estabelecimentos que seguem a legisla\u00e7\u00e3o e cumprem as normas de seguran\u00e7a conquistam a confian\u00e7a de seus clientes, levando a um aumento no fluxo de consumidores e \u00e0 resist\u00eancia do neg\u00f3cio em momentos dif\u00edceis.<\/p>\n<h2>Declara\u00e7\u00e3o do Coordenador do Procon<\/h2>\n<p>O coordenador de fiscaliza\u00e7\u00e3o do Procon Macei\u00f3, Matheus Pita, destacou a import\u00e2ncia da a\u00e7\u00e3o tomada pelo \u00f3rg\u00e3o em sua declara\u00e7\u00e3o ap\u00f3s a interdi\u00e7\u00e3o da academia. Ele mencionou que a responsabilidade do Procon vai al\u00e9m da simples fiscaliza\u00e7\u00e3o; \u00e9 uma quest\u00e3o de assegurar a integridade f\u00edsica dos consumidores e o cumprimento das normas legais. Matheus enfatizou que a interdi\u00e7\u00e3o \u00e9 uma medida necess\u00e1ria e deve ser vista como parte do trabalho do Procon em sua miss\u00e3o de proteger os consumidores.<\/p>\n<p>Essa vis\u00e3o demonstra que o Procon n\u00e3o age de forma punitiva, mas sim proativa. A inten\u00e7\u00e3o \u00e9 garantir que a sa\u00fade e seguran\u00e7a do consumidor sejam sempre priorizadas. A declara\u00e7\u00e3o de Matheus revela uma compreens\u00e3o clara do papel do Procon na sociedade, que n\u00e3o \u00e9 apenas de punir, mas de educar e implementar medidas que assegurem padr\u00f5es de qualidade e seguran\u00e7a em todas as presta\u00e7\u00f5es de servi\u00e7o.<\/p>\n<h2>Como Registrar Den\u00fancias<\/h2>\n<p>Os consumidores t\u00eam um papel fundamental na prote\u00e7\u00e3o de seus direitos e podem inclusive se tornar agentes ativos de mudan\u00e7a em suas comunidades. Registrar uma den\u00fancia no Procon \u00e9 um processo simples e acess\u00edvel a todos. Os cidad\u00e3os podem relatar irregularidades atrav\u00e9s do WhatsApp, telefone ou presencialmente em um dos n\u00facleos do \u00f3rg\u00e3o. A linha direta do Procon Macei\u00f3 est\u00e1 dispon\u00edvel para que os consumidores possam fazer suas reclama\u00e7\u00f5es de maneira r\u00e1pida e eficaz.<\/p>\n<p>\u00c9 importante que o consumidor conhe\u00e7a seus direitos e n\u00e3o hesite em denunci\u00e1-los quando perceber qualquer viola\u00e7\u00e3o. A participa\u00e7\u00e3o ativa dos consumidores \u00e9 crucial, pois a den\u00fancia pode se transformar em um catalisador para mudan\u00e7as significativas. Al\u00e9m disso, o Procon pode utilizar essas informa\u00e7\u00f5es para direcionar suas a\u00e7\u00f5es de fiscaliza\u00e7\u00e3o e priorizar locais que apresentam um hist\u00f3rico de infra\u00e7\u00f5es.<\/p>\n<h2>O Papel do Procon na Prote\u00e7\u00e3o ao Consumidor<\/h2>\n<p>O Procon desempenha um papel vital na sociedade, atuando como um defensor dos direitos dos consumidores e um promotor de pr\u00e1ticas comerciais \u00e9ticas. Por meio de a\u00e7\u00f5es fiscalizat\u00f3rias, den\u00fancias e imposi\u00e7\u00f5es de medidas corretivas, o Procon n\u00e3o s\u00f3 garante que os estabelecimentos sigam as normas estabelecidas, mas tamb\u00e9m educa os consumidores sobre os seus direitos e responsabilidades. A seguran\u00e7a e sa\u00fade dos consumidores s\u00e3o prioridades em um mundo onde as pr\u00e1ticas comerciais podem variar amplamente em qualidade e seguran\u00e7a.<\/p>\n<p>A atua\u00e7\u00e3o do Procon ajuda a criar um ambiente de confian\u00e7a entre consumidores e prestadores de servi\u00e7os. Com um mercado mais transparente e seguro, os consumidores se sentem mais \u00e0 vontade para fazer compras e utilizar servi\u00e7os, sabendo que existem \u00f3rg\u00e3os reguladores que trabalham incessantemente em sua defesa. Ao se posicionar firmemente em quest\u00f5es de seguran\u00e7a e sa\u00fade, o Procon fomenta um padr\u00e3o de excel\u00eancia que, em \u00faltima an\u00e1lise, beneficia toda a sociedade.<\/p>\n\n<div style=\"font-size: 0px; height: 0px; line-height: 0px; margin: 0; padding: 0; clear: both;\"><\/div>","protected":false},"excerpt":{"rendered":"<p>Procon Macei\u00f3 interdita academia por riscos \u00e0 sa\u00fade e seguran\u00e7a de consumidores.<\/p>\n","protected":false},"author":1,"featured_media":3131,"comment_status":"closed","ping_status":"closed","sticky":false,"template":"","format":"standard","meta":{"footnotes":""},"categories":[1],"tags":[],"class_list":["post-3132","post","type-post","status-publish","format-standard","has-post-thumbnail","hentry","category-noticias-em-maceio","has_thumb"],"aioseo_notices":[],"_links":{"self":[{"href":"https:\/\/www.encontramaceio.com.br\/sobre\/wp-json\/wp\/v2\/posts\/3132","targetHints":{"allow":["GET"]}}],"collection":[{"href":"https:\/\/www.encontramaceio.com.br\/sobre\/wp-json\/wp\/v2\/posts"}],"about":[{"href":"https:\/\/www.encontramaceio.com.br\/sobre\/wp-json\/wp\/v2\/types\/post"}],"author":[{"embeddable":true,"href":"https:\/\/www.encontramaceio.com.br\/sobre\/wp-json\/wp\/v2\/users\/1"}],"replies":[{"embeddable":true,"href":"https:\/\/www.encontramaceio.com.br\/sobre\/wp-json\/wp\/v2\/comments?post=3132"}],"version-history":[{"count":1,"href":"https:\/\/www.encontramaceio.com.br\/sobre\/wp-json\/wp\/v2\/posts\/3132\/revisions"}],"predecessor-version":[{"id":3133,"href":"https:\/\/www.encontramaceio.com.br\/sobre\/wp-json\/wp\/v2\/posts\/3132\/revisions\/3133"}],"wp:featuredmedia":[{"embeddable":true,"href":"https:\/\/www.encontramaceio.com.br\/sobre\/wp-json\/wp\/v2\/media\/3131"}],"wp:attachment":[{"href":"https:\/\/www.encontramaceio.com.br\/sobre\/wp-json\/wp\/v2\/media?parent=3132"}],"wp:term":[{"taxonomy":"category","embeddable":true,"href":"https:\/\/www.encontramaceio.com.br\/sobre\/wp-json\/wp\/v2\/categories?post=3132"},{"taxonomy":"post_tag","embeddable":true,"href":"https:\/\/www.encontramaceio.com.br\/sobre\/wp-json\/wp\/v2\/tags?post=3132"}],"curies":[{"name":"wp","href":"https:\/\/api.w.org\/{rel}","templated":true}]}}