{"id":3128,"date":"2025-12-09T12:07:00","date_gmt":"2025-12-09T15:07:00","guid":{"rendered":"https:\/\/www.encontramaceio.com.br\/sobre\/?p=3128"},"modified":"2025-12-09T12:07:00","modified_gmt":"2025-12-09T15:07:00","slug":"prefeitura-de-maceio-decreta-ponto-facultativo-nesta-sexta","status":"publish","type":"post","link":"https:\/\/www.encontramaceio.com.br\/sobre\/prefeitura-de-maceio-decreta-ponto-facultativo-nesta-sexta\/","title":{"rendered":"Prefeitura de Macei\u00f3 decreta ponto facultativo nesta sexta"},"content":{"rendered":"<div class=\"dcb782f0616bca5484400fea6b37e93d\" data-index=\"1\" style=\"float: none; margin:0px;\">\n<script async src=\"https:\/\/pagead2.googlesyndication.com\/pagead\/js\/adsbygoogle.js?client=ca-pub-8585364105181520\"\r\n     crossorigin=\"anonymous\"><\/script>\r\n<!-- Anuncio display - global -->\r\n<ins class=\"adsbygoogle\"\r\n     style=\"display:block\"\r\n     data-ad-client=\"ca-pub-8585364105181520\"\r\n     data-ad-slot=\"8789329856\"\r\n     data-ad-format=\"auto\"\r\n     data-full-width-responsive=\"true\"><\/ins>\r\n<script>\r\n     (adsbygoogle = window.adsbygoogle || []).push({});\r\n<\/script>\n<\/div>\n<h2>Entenda o que \u00e9 ponto facultativo<\/h2>\n<p>O ponto facultativo \u00e9 uma medida que permite que os \u00f3rg\u00e3os p\u00fablicos suspendam suas atividades em determinados dias, conforme o crit\u00e9rio da autoridade competente. Diferente dos feriados, que s\u00e3o datas espec\u00edficas e obrigat\u00f3rias, o ponto facultativo \u00e9 uma decis\u00e3o que pode ser adotada pela administra\u00e7\u00e3o p\u00fablica para facilitar a comemora\u00e7\u00e3o de datas festivas, como anivers\u00e1rios de cidades ou eventos religiosos. Nesse contexto, a popula\u00e7\u00e3o pode perceber uma diminui\u00e7\u00e3o nos servi\u00e7os oferecidos pelo governo municipal, por\u00e9m, essa pausa tem um significado maior relacionado \u00e0 celebra\u00e7\u00e3o e ao reconhecimento da import\u00e2ncia da data.<\/p>\n<p>Os pontos facultativos s\u00e3o estabelecidos por meio de decretos, sendo que a prefeitura municipal, como \u00e9 o caso de Macei\u00f3, avalia quando e como aplicar essa medida, levando em conta a necessidade de manter servi\u00e7os essenciais acess\u00edveis \u00e0 sociedade. Essa pr\u00e1tica busca equilibrar a pausa nas atividades administrativas com a manuten\u00e7\u00e3o de servi\u00e7os de sa\u00fade, seguran\u00e7a e transporte, os quais s\u00e3o fundamentais para o funcionamento da cidade.<\/p>\n<p>\u00c9 importante ressaltar que o ponto facultativo n\u00e3o se aplica apenas ao setor p\u00fablico, mas tamb\u00e9m pode influenciar atividades no setor privado que decidem seguir a mesma l\u00f3gica por afinidade ou por conveni\u00eancia.<\/p>\n<p><img decoding=\"async\" src=\"https:\/\/www.encontramaceio.com.br\/sobre\/wp-content\/uploads\/2025\/12\/prefeitura-de-maceio-decreta-ponto-facultativo-nesta-sexta.webp\" alt=\"ponto facultativo\" loading=\"lazy\" \/><\/p>\n<h2>Impacto do ponto facultativo nas reparti\u00e7\u00f5es<\/h2>\n<p>A declara\u00e7\u00e3o de um ponto facultativo em Macei\u00f3, como em outras cidades do Brasil, gera impactos significativos nas reparti\u00e7\u00f5es p\u00fablicas. Ao antecipar um feriado ou celebrar uma data de import\u00e2ncia regional, a prefeitura busca n\u00e3o apenas permitir que os funcion\u00e1rios desfrutem desse momento festivo, mas tamb\u00e9m refor\u00e7ar a identidade local e o sentido de comunidade.<\/p>\n<p>Nas reparti\u00e7\u00f5es municipais, o ponto facultativo resulta em uma pausa nas atividades administrativas, permitindo que os servidores p\u00fablicos possam se dedicar \u00e0s celebra\u00e7\u00f5es, seja participando de atos c\u00edvicos, eventos culturais ou festividades. Essa interrup\u00e7\u00e3o tempor\u00e1ria pode levar a um ac\u00famulo de servi\u00e7os e protocolos, que geralmente s\u00e3o retomados no dia seguinte. As reparti\u00e7\u00f5es se preparam para esse aumento de demanda, muitas vezes antecipando o atendimento nas semanas que precedem a data, gerenciando agendamentos e buscando minimizar o impacto da pausa na rotina da popula\u00e7\u00e3o.<\/p>\n<p>Ademais, o impacto vai al\u00e9m do funcionamento interno, pois um ponto facultativo pode influenciar tamb\u00e9m o setor privado. Muitas empresas seguem a pr\u00e1tica do servi\u00e7o p\u00fablico e fecham neste dia ou promovem hor\u00e1rios especiais, considerando que muitos de seus colaboradores podem estar aproveitando o feriado. \u00c9 fundamental que tanto a administra\u00e7\u00e3o p\u00fablica quanto as empresas mantenham uma comunica\u00e7\u00e3o clara sobre a programa\u00e7\u00e3o desse descanso, para que a popula\u00e7\u00e3o possa se planejar.<\/p>\n<h2>Servi\u00e7os essenciais: o que continua funcionando<\/h2>\n<p>Embora o ponto facultativo resulte na suspens\u00e3o das atividades em reparti\u00e7\u00f5es p\u00fablicas, os servi\u00e7os essenciais continuam funcionando normalmente. Isso \u00e9 crucial para garantir a seguran\u00e7a e o bem-estar da popula\u00e7\u00e3o, especialmente em um contexto de celebra\u00e7\u00e3o que pode trazer aglomera\u00e7\u00f5es e movimenta\u00e7\u00f5es significativas de pessoas.<\/p>\n<p>Os servi\u00e7os essenciais incluem \u00e1reas como sa\u00fade e seguran\u00e7a. As unidades de pronto atendimento (UPAs) e hospitais permanecem abertos, com equipes preparadas para atender \u00e0 popula\u00e7\u00e3o, independentemente das festividades. Al\u00e9m disso, as for\u00e7as de seguran\u00e7a, como a pol\u00edcia e os bombeiros, continuam a operar, garantindo que os cidad\u00e3os possam disfrutar das comemora\u00e7\u00f5es com tranquilidade.<\/p>\n<p>O setor de transporte p\u00fablico tamb\u00e9m \u00e9 considerado essencial, portanto linhas de \u00f4nibus e outros meios de transporte continuam, permitindo que os moradores se desloquem para participar das festividades ou resolver quest\u00f5es emergenciais. A presen\u00e7a de servi\u00e7os essenciais durante esses dias festivos \u00e9 uma estrat\u00e9gia importante de planejamento municipal e responsabilidade social, demonstrando o compromisso da administra\u00e7\u00e3o com a seguran\u00e7a p\u00fablica e a qualidade de vida da popula\u00e7\u00e3o.<\/p>\n<h2>Feriados municipais e suas datas<\/h2>\n<p>Macei\u00f3, como diversas capitais brasileiras, conta com uma s\u00e9rie de feriados municipais que s\u00e3o celebrados anualmente. Esses feriados podem incluir datas religiosas, como o Dia de Nossa Senhora da Concei\u00e7\u00e3o, ou datas c\u00edvicas, como o dia da emancipa\u00e7\u00e3o pol\u00edtica da cidade. Al\u00e9m dos breves per\u00edodos de ponto facultativo, esses feriados s\u00e3o momentos de grande import\u00e2ncia para a comunidade, pois refletem a hist\u00f3ria e a cultura local.<\/p>\n<p>Um dos principais feriados de Macei\u00f3 \u00e9 o anivers\u00e1rio da cidade, celebrado em 5 de dezembro. Este dia \u00e9 reservado para homenagens \u00e0 hist\u00f3ria e ao patrim\u00f4nio cultural da capital alagoana. Celebra\u00e7\u00f5es incluem desfiles, shows e eventos que re\u00fanem a popula\u00e7\u00e3o, destacando as tradi\u00e7\u00f5es e a identidade cultural da cidade. Outro feriado significativo \u00e9 o feriado de Nossa Senhora da Concei\u00e7\u00e3o, celebrado em 8 de dezembro, que \u00e9 um ponto de uni\u00e3o para as festividades religiosas que envolvem grande parte da popula\u00e7\u00e3o.<\/p>\n<p>Os feriados municipais s\u00e3o regulados por lei, e a informa\u00e7\u00e3o sobre suas datas \u00e9 amplamente divulgada pela prefeitura, permitindo que os cidad\u00e3os se programem com anteced\u00eancia. Essa divulga\u00e7\u00e3o, aliada \u00e0 comunica\u00e7\u00e3o de pontos facultativos, ajuda a minimizar transtornos no atendimento ao p\u00fablico e promove um melhor planejamento nas atividades do dia a dia.<\/p>\n<h2>O que diz a legisla\u00e7\u00e3o sobre ponto facultativo<\/h2>\n<p>A legisla\u00e7\u00e3o brasileira permite que a administra\u00e7\u00e3o p\u00fablica, tanto em \u00e2mbito federal quanto municipal, declare pontos facultativos. Essa prerrogativa est\u00e1 prevista em normativas que visam flexibilizar o funcionamento das reparti\u00e7\u00f5es p\u00fablicas, permitindo que o gestor p\u00fablico possa decidir sobre as datas que devem ser tratadas como ponto facultativo, em conson\u00e2ncia com o interesse da comunidade.<\/p>\n<p>O Decreto 2.596, de 7 de dezembro de 1998, por exemplo, estabelece diretrizes sobre o funcionamento dos \u00f3rg\u00e3os do poder executivo, permitindo a concess\u00e3o de pontos facultativos em datas espec\u00edficas. Em Macei\u00f3, a prefeitura segue regulamentos que garantem tamb\u00e9m que os servi\u00e7os essenciais n\u00e3o sejam impactados por essas decis\u00f5es, mantendo uma rede de assist\u00eancia para a popula\u00e7\u00e3o.<\/p>\n<p>Al\u00e9m disso, \u00e9 importante que os servidores p\u00fablicos e a popula\u00e7\u00e3o em geral estejam cientes dos direitos e deveres previstos na legisla\u00e7\u00e3o, para que possam usufruir das benesses de um ponto facultativo da melhor forma poss\u00edvel, conhecendo os hor\u00e1rios e as poss\u00edveis mudan\u00e7as nos servi\u00e7os dispon\u00edveis.<\/p>\n<h2>Expectativas da popula\u00e7\u00e3o para o feriado<\/h2>\n<p>Geralmente, quando um ponto facultativo \u00e9 anunciado, a expectativa da popula\u00e7\u00e3o \u00e9 elevada. As pessoas aproveitam esses dias para se reunir com amigos e familiares, participar de festividades e celebrar as tradi\u00e7\u00f5es locais. As celebra\u00e7\u00f5es em Macei\u00f3 costumam incluir eventos culturais, shows, e outras iniciativas que re\u00fanem a comunidade.<\/p>\n<p>Em tempos de pandemia, as expectativas podem ter mudado, mas a import\u00e2ncia de comemorar as datas festivas e honrar a identidade local continua a ser um elemento chave na cultura maceioense. O apoio \u00e0 economia local, atrav\u00e9s do turismo e do com\u00e9rcio, tamb\u00e9m se torna uma expectativa relevante, pois muitos moradores e visitantes buscam aproveit\u00e1-las atrav\u00e9s de atra\u00e7\u00f5es que estimulem o consumo e a uni\u00e3o da popula\u00e7\u00e3o.<\/p>\n<p>A rela\u00e7\u00e3o entre a administra\u00e7\u00e3o p\u00fablica e a popula\u00e7\u00e3o durante esse per\u00edodo \u00e9 um reflexo do quanto as comemora\u00e7\u00f5es s\u00e3o significativas. As expectativas s\u00e3o moldadas pela livre circula\u00e7\u00e3o de ideias e pela vontade de celebrar juntos, irradiando um sentimento de pertencimento \u00e0 cidade e suas tradi\u00e7\u00f5es.<\/p>\n<h2>Hist\u00f3ria do anivers\u00e1rio de Macei\u00f3<\/h2>\n<p>Macei\u00f3 foi fundada em 5 de dezembro de 1815, e desde ent\u00e3o, essa data \u00e9 celebrada como seu anivers\u00e1rio. A cidade cresceu e se desenvolveu ao longo dos anos, incorporando diversas influ\u00eancias culturais e hist\u00f3ricas que moldaram sua identidade. O estabelecimento de Macei\u00f3 como capital do estado de Alagoas consolidou sua import\u00e2ncia regional e cultural.<\/p>\n<p>As comemora\u00e7\u00f5es de anivers\u00e1rio ao longo dos anos t\u00eam evolu\u00eddo, refletindo as mudan\u00e7as sociais e culturais da cidade. Inicialmente, as festividades eram mais simples, mas ao longo do tempo, eventos como desfiles, apresenta\u00e7\u00f5es art\u00edsticas, e atividades culturais tomaram conta da celebra\u00e7\u00e3o, mostrando a diversidade e a riqueza cultural da capital.<\/p>\n<p>Atualmente, o anivers\u00e1rio de Macei\u00f3 \u00e9 motivo de orgulho para seus cidad\u00e3os, que veem nas celebra\u00e7\u00f5es uma oportunidade de se reconectar com a hist\u00f3ria e valores da cidade. A cada ano, a prefeitura se organiza para oferecer uma programa\u00e7\u00e3o diversificada e acess\u00edvel a todos, refor\u00e7ando a identidade maceioense.<\/p>\n<h2>Celebra\u00e7\u00f5es do anivers\u00e1rio da capital<\/h2>\n<p>As celebra\u00e7\u00f5es do anivers\u00e1rio de Macei\u00f3 s\u00e3o bastante esperadas pelos cidad\u00e3os e turistas. A programa\u00e7\u00e3o geralmente inclui shows, desfiles, feiras de artesanato, exposi\u00e7\u00f5es e diversas apresenta\u00e7\u00f5es culturais que evidenciam a riqueza art\u00edstica da cidade. Essas atividades s\u00e3o planejadas para atender a todas as idades e gostos, promovendo um ambiente festivo e inclusivo.<\/p>\n<p>A prefeitura, em colabora\u00e7\u00e3o com secretarias de cultura e turismo, busca durante essas comemora\u00e7\u00f5es promover a hist\u00f3ria e as tradi\u00e7\u00f5es locais. Muitas fam\u00edlias aproveitam o dia do anivers\u00e1rio da cidade para tomar parte nas festividades, trazendo crian\u00e7as, amigos e visitantes para as a\u00e7\u00f5es planejadas. Essa intera\u00e7\u00e3o entre diferentes grupos sociais contribui para fortalecer a comunidade e criar la\u00e7os mais profundos entre os cidad\u00e3os e a cidade.<\/p>\n<p>O envolvimento da popula\u00e7\u00e3o tamb\u00e9m \u00e9 sentido nas comunidades que se organizam para realizar eventos pr\u00f3prios, como shows em pra\u00e7as e manifesta\u00e7\u00f5es art\u00edsticas em diferentes bairros, enriquecendo ainda mais a programa\u00e7\u00e3o oficial. Essa aproxima\u00e7\u00e3o da comunidade e da administra\u00e7\u00e3o p\u00fablica \u00e9 fundamental para a constru\u00e7\u00e3o de um sentimento de pertencimento e valoriza\u00e7\u00e3o cultural.<\/p>\n<h2>Como a prefeitura se prepara para os feriados<\/h2>\n<p>Na anteced\u00eancia dos feriados, a prefeitura de Macei\u00f3 toma diversas medidas para garantir que todos os servi\u00e7os essenciais funcionem adequadamente durante os dias de ponto facultativo. O planejamento se torna uma prioridade, que envolve a coordena\u00e7\u00e3o entre diferentes secretarias e \u00f3rg\u00e3os governamentais. Atrav\u00e9s de reuni\u00f5es e discuss\u00f5es, a gest\u00e3o p\u00fablica define estrat\u00e9gias para que a popula\u00e7\u00e3o n\u00e3o sinta os efeitos da pausa nas reparti\u00e7\u00f5es.<\/p>\n<p>Essas prepara\u00e7\u00f5es incluem a comunica\u00e7\u00e3o com a popula\u00e7\u00e3o, onde s\u00e3o divulgados os servi\u00e7os que estar\u00e3o dispon\u00edveis, os hor\u00e1rios e a programa\u00e7\u00e3o de eventos festivos. A divulga\u00e7\u00e3o em canais oficiais, redes sociais, e outros meios de comunica\u00e7\u00e3o ajuda a garantir que a informa\u00e7\u00e3o chegue a todos.<\/p>\n<p>Al\u00e9m disso, a prefeitura organiza um esquema especial de limpeza e seguran\u00e7a nas \u00e1reas que sediar\u00e3o festividades, garantindo que a cidade permane\u00e7a limpa e segura durante as comemora\u00e7\u00f5es. O preparo \u00e9 um sinal de responsabilidade e respeito \u00e0 comunidade, que observa o comprometimento do governo com o bem-estar de seus cidad\u00e3os.<\/p>\n<h2>Informa\u00e7\u00f5es \u00fateis sobre servi\u00e7os municipais<\/h2>\n<p>Durante os per\u00edodos de ponto facultativo e feriados, \u00e9 essencial que a popula\u00e7\u00e3o esteja informada sobre a opera\u00e7\u00e3o dos servi\u00e7os municipais. O acesso \u00e0 informa\u00e7\u00e3o \u00e9 facilitado atrav\u00e9s do portal da transpar\u00eancia da prefeitura de Macei\u00f3, onde todos os cidad\u00e3os podem consultar quais servi\u00e7os estar\u00e3o dispon\u00edveis e os hor\u00e1rios de funcionamento.<\/p>\n<p>Al\u00e9m disso, canais de comunica\u00e7\u00e3o e redes sociais s\u00e3o frequentemente utilizados para dar suporte \u00e0 popula\u00e7\u00e3o, com atualiza\u00e7\u00f5es em tempo real sobre eventos e altera\u00e7\u00f5es nos servi\u00e7os. O n\u00famero de telefone da ouvidoria tamb\u00e9m \u00e9 uma ferramenta valiosa, permitindo que os cidad\u00e3os tirem suas d\u00favidas e fa\u00e7am reclama\u00e7\u00f5es, caso necess\u00e1rio.<\/p>\n<p>A prefeitura tamb\u00e9m disponibiliza uma lista de contatos relevantes e diretrizes sobre a utiliza\u00e7\u00e3o dos servi\u00e7os essenciais, garantindo que a popula\u00e7\u00e3o possa ter acesso a informa\u00e7\u00f5es \u00fateis, mesmo durante feriados e pontos facultativos. Dessa forma, garante-se que todos estejam informados para aproveitar ao m\u00e1ximo a programa\u00e7\u00e3o da cidade, sem riscos ou contratempos.<\/p>\n\n<div style=\"font-size: 0px; height: 0px; line-height: 0px; margin: 0; padding: 0; clear: both;\"><\/div>","protected":false},"excerpt":{"rendered":"<p>Prefeitura de Macei\u00f3 anuncia ponto facultativo nesta sexta-feira, celebrando o anivers\u00e1rio da capital alagoana.<\/p>\n","protected":false},"author":1,"featured_media":3127,"comment_status":"closed","ping_status":"closed","sticky":false,"template":"","format":"standard","meta":{"footnotes":""},"categories":[1],"tags":[],"class_list":["post-3128","post","type-post","status-publish","format-standard","has-post-thumbnail","hentry","category-noticias-em-maceio","has_thumb"],"aioseo_notices":[],"_links":{"self":[{"href":"https:\/\/www.encontramaceio.com.br\/sobre\/wp-json\/wp\/v2\/posts\/3128","targetHints":{"allow":["GET"]}}],"collection":[{"href":"https:\/\/www.encontramaceio.com.br\/sobre\/wp-json\/wp\/v2\/posts"}],"about":[{"href":"https:\/\/www.encontramaceio.com.br\/sobre\/wp-json\/wp\/v2\/types\/post"}],"author":[{"embeddable":true,"href":"https:\/\/www.encontramaceio.com.br\/sobre\/wp-json\/wp\/v2\/users\/1"}],"replies":[{"embeddable":true,"href":"https:\/\/www.encontramaceio.com.br\/sobre\/wp-json\/wp\/v2\/comments?post=3128"}],"version-history":[{"count":1,"href":"https:\/\/www.encontramaceio.com.br\/sobre\/wp-json\/wp\/v2\/posts\/3128\/revisions"}],"predecessor-version":[{"id":3134,"href":"https:\/\/www.encontramaceio.com.br\/sobre\/wp-json\/wp\/v2\/posts\/3128\/revisions\/3134"}],"wp:featuredmedia":[{"embeddable":true,"href":"https:\/\/www.encontramaceio.com.br\/sobre\/wp-json\/wp\/v2\/media\/3127"}],"wp:attachment":[{"href":"https:\/\/www.encontramaceio.com.br\/sobre\/wp-json\/wp\/v2\/media?parent=3128"}],"wp:term":[{"taxonomy":"category","embeddable":true,"href":"https:\/\/www.encontramaceio.com.br\/sobre\/wp-json\/wp\/v2\/categories?post=3128"},{"taxonomy":"post_tag","embeddable":true,"href":"https:\/\/www.encontramaceio.com.br\/sobre\/wp-json\/wp\/v2\/tags?post=3128"}],"curies":[{"name":"wp","href":"https:\/\/api.w.org\/{rel}","templated":true}]}}