{"id":3103,"date":"2025-12-05T07:02:00","date_gmt":"2025-12-05T10:02:00","guid":{"rendered":"https:\/\/www.encontramaceio.com.br\/sobre\/?p=3103"},"modified":"2025-12-05T07:02:00","modified_gmt":"2025-12-05T10:02:00","slug":"natal-de-maceio-tera-arvores-nos-bairros-tunel-luminoso-presepios-e-vilas-tematicas","status":"publish","type":"post","link":"https:\/\/www.encontramaceio.com.br\/sobre\/natal-de-maceio-tera-arvores-nos-bairros-tunel-luminoso-presepios-e-vilas-tematicas\/","title":{"rendered":"Natal de Macei\u00f3 ter\u00e1 \u00e1rvores nos bairros, t\u00fanel luminoso, pres\u00e9pios e vilas tem\u00e1ticas"},"content":{"rendered":"<div class=\"dcb782f0616bca5484400fea6b37e93d\" data-index=\"1\" style=\"float: none; margin:0px;\">\n<script async src=\"https:\/\/pagead2.googlesyndication.com\/pagead\/js\/adsbygoogle.js?client=ca-pub-8585364105181520\"\r\n     crossorigin=\"anonymous\"><\/script>\r\n<!-- Anuncio display - global -->\r\n<ins class=\"adsbygoogle\"\r\n     style=\"display:block\"\r\n     data-ad-client=\"ca-pub-8585364105181520\"\r\n     data-ad-slot=\"8789329856\"\r\n     data-ad-format=\"auto\"\r\n     data-full-width-responsive=\"true\"><\/ins>\r\n<script>\r\n     (adsbygoogle = window.adsbygoogle || []).push({});\r\n<\/script>\n<\/div>\n<h2>Transforma\u00e7\u00e3o da Cidade com Luzes e Cores<\/h2>\n<p>A ornamenta\u00e7\u00e3o natalina em Macei\u00f3 \u00e9 um espet\u00e1culo que transforma a cidade em um verdadeiro show de luzes e cores durante o final do ano. A Prefeitura, por meio da Autarquia Municipal de Ilumina\u00e7\u00e3o P\u00fablica (Ilumina), implementa, todos os anos, um projeto que resulta em uma decora\u00e7\u00e3o impressionante, capaz de atrair turistas e encantar os moradores locais. Para o Natal de 2025, Macei\u00f3 se prepara para exibir uma das suas mais brilhantes decora\u00e7\u00f5es natalinas, que promete criar um ambiente m\u00e1gico, onde a popula\u00e7\u00e3o pode vivenciar o esp\u00edrito natalino em seus mais diversos aspectos.<\/p>\n<p>A proposta deste ano inclui a instala\u00e7\u00e3o de \u00e1rvores natalinas luminosas, um t\u00fanel de luzes, ornamenta\u00e7\u00f5es tem\u00e1ticas e vilas de natal, que visam n\u00e3o apenas celebrar a \u00e9poca festiva, mas tamb\u00e9m valorizar e embelezar os espa\u00e7os p\u00fablicos. A combina\u00e7\u00e3o de tecnologias modernas e o uso de estruturas tradicionais do Natal brasileira trazem uma atmosfera de alegria, inova\u00e7\u00e3o e intera\u00e7\u00e3o com a hist\u00f3ria e cultura local. Os cidad\u00e3os e visitantes podem desfrutar de um passeio luminoso que se estende ao longo da orla de Macei\u00f3, oferecendo um visual fascinante para todos.<\/p>\n<h2>O Corredor Luminoso de Macei\u00f3<\/h2>\n<p>Dentre as v\u00e1rias inova\u00e7\u00f5es desta decora\u00e7\u00e3o natalina, destaca-se o Corredor Luminoso, que conecta v\u00e1rios pontos tur\u00edsticos da cidade. Essa estrutura foi elaborada com o intuito de proporcionar um espa\u00e7o seguro e acolhedor para as fam\u00edlias e amigos que desejam celebrar o Natal juntos. O corredor \u00e9 adornado com 532 ornamentos a\u00e9reos que iluminam os postes da orla, criando um efeito visual deslumbrante e convidativo.<\/p>\n<p><img decoding=\"async\" src=\"https:\/\/www.encontramaceio.com.br\/sobre\/wp-content\/uploads\/2025\/12\/natal-de-maceio-tera-arvores-nos-bairros-tunel-luminoso-presepios-e-vilas-tematicas.webp\" alt=\"Natal de Macei\u00f3\" loading=\"lazy\" \/><\/p>\n<p>O Corredor Luminoso n\u00e3o \u00e9 apenas um caminho de enfeites; \u00e9 um convite \u00e0 intera\u00e7\u00e3o e \u00e0 celebra\u00e7\u00e3o. Durante as festividades, muitas atividades s\u00e3o programadas ao longo deste corredor, como apresenta\u00e7\u00f5es culturais, feiras de artesanato, e degusta\u00e7\u00e3o da deliciosa culin\u00e1ria local. Essa iniciativa n\u00e3o apenas promove a uni\u00e3o entre as comunidades, mas tamb\u00e9m estimula o com\u00e9rcio local e o turismo, gerando uma atmosfera de alegria e confraterniza\u00e7\u00e3o.<\/p>\n<h2>As \u00c1rvores de Natal em Destaque<\/h2>\n<p>As \u00e1rvores de Natal s\u00e3o uma parte central da decora\u00e7\u00e3o festiva e em Macei\u00f3, isso n\u00e3o \u00e9 diferente. Neste ano, oito \u00e1rvores luminosas ser\u00e3o instaladas em diversos pontos da cidade. A principal delas, com 34 metros de altura, ser\u00e1 montada em um local estrat\u00e9gico para ser vista de longe, tornando-se um dos s\u00edmbolos do Natal de Macei\u00f3.<\/p>\n<p>A \u00e1rvore central ter\u00e1 um design inovador, composta de estrelas e equipada com ilumina\u00e7\u00e3o computadorizada que funciona atrav\u00e9s de uma rede 4G. Isso permitir\u00e1 que luzes e sons sejam sincronizados, criando um verdadeiro espet\u00e1culo que promete encantar todos os que passarem por ali. O posicionamento estrat\u00e9gico das \u00e1rvores nos bairros visa n\u00e3o somente a decora\u00e7\u00e3o, mas a cria\u00e7\u00e3o de um ambiente acolhedor que enaltece o esp\u00edrito comunit\u00e1rio e a viv\u00eancia em fam\u00edlia durante as festas de fim de ano.<\/p>\n<h2>T\u00fanel de Luz: Um Espet\u00e1culo Visual<\/h2>\n<p>Outro destaque significativo da decora\u00e7\u00e3o natalina em Macei\u00f3 \u00e9 o t\u00fanel de luz, que ser\u00e1 montado com 10 metros de extens\u00e3o em uma \u00e1rea de grande tr\u00e1fego e visibilidade. Esse t\u00fanel n\u00e3o apenas proporciona um momento est\u00e9tico impressionante, mas tamb\u00e9m se transforma em um espa\u00e7o instagram\u00e1vel, atraindo jovens e adultos a registrar momentos com a fam\u00edlia e amigos.<\/p>\n<p>A experi\u00eancia de passar pelo t\u00fanel de luz promete envolver todos os sentidos e criar mem\u00f3rias duradouras. Al\u00e9m disso, o uso de tecnologia para iluminar esse t\u00fanel associa modernidade e tradi\u00e7\u00e3o, um elemento fundamental para as celebra\u00e7\u00f5es natalinas contempor\u00e2neas. A intera\u00e7\u00e3o dos cidad\u00e3os com esse espa\u00e7o traz um sentimento de pertencimento e uni\u00e3o, caracter\u00edsticas que sempre estiveram atreladas ao Natal.<\/p>\n<h2>Villages Tem\u00e1ticas e Produtos Locais<\/h2>\n<p>A decora\u00e7\u00e3o do Natal em Macei\u00f3 n\u00e3o visa apenas a est\u00e9tica, mas tamb\u00e9m foca na valoriza\u00e7\u00e3o do que \u00e9 local e t\u00edpico. Neste esp\u00edrito, as tradicionais Vilas de Natal foram elaboradas para engajar a comunidade e promover o com\u00e9rcio local. As vilas contar\u00e3o com quiosques onde ser\u00e3o vendidos produtos t\u00edpicos da gastronomia e artesanato regional, oferecendo uma verdadeira experi\u00eancia cultural.<\/p>\n<p>As Vilas Natalinas estimular\u00e3o a intera\u00e7\u00e3o social e cultural, permitindo que os visitantes conhe\u00e7am e apreciem a rica diversidade de produtos e sabores da terra, enquanto desfrutam do cen\u00e1rio natalino. Produtos como artesanatos feitos \u00e0 m\u00e3o, doces t\u00edpicos e utilit\u00e1rios natalinos estar\u00e3o \u00e0 disposi\u00e7\u00e3o, criando um espa\u00e7o de incentivo ao empreendedorismo e valoriza\u00e7\u00e3o da cultura alagoana.<\/p>\n<h2>O Impacto da Tecnologia na Decora\u00e7\u00e3o<\/h2>\n<p>O Natal de Macei\u00f3 em 2025 incorpora tecnologia de ponta na sua ornamenta\u00e7\u00e3o. Desde a sincroniza\u00e7\u00e3o da ilumina\u00e7\u00e3o da \u00e1rvore de Natal at\u00e9 a estrutura do t\u00fanel de luz, \u00e9 evidente que a cidade est\u00e1 na vanguarda quando se trata da combina\u00e7\u00e3o de tradi\u00e7\u00f5es natalinas com inova\u00e7\u00f5es tecnol\u00f3gicas. Essa integra\u00e7\u00e3o resulta em decora\u00e7\u00f5es mais din\u00e2micas e atraentes, al\u00e9m de criar intera\u00e7\u00f5es diferenciadas e \u00fanicas entre os visitantes e a decora\u00e7\u00e3o.<\/p>\n<p>O uso de tecnologias para criar um espet\u00e1culo visual n\u00e3o apenas embeleza a cidade, mas tamb\u00e9m contribui para um espa\u00e7o urbano mais sustent\u00e1vel. A ilumina\u00e7\u00e3o LED e os sistemas de gerenciamento de energia para a ornamenta\u00e7\u00e3o s\u00e3o um passo significativo em dire\u00e7\u00e3o \u00e0 sustentabilidade ambiental, mostrando que Macei\u00f3 se preocupa em manter a tradi\u00e7\u00e3o natalina sem comprometer o futuro do ambiente.<\/p>\n<h2>Cidades do Brasil e suas Tradi\u00e7\u00f5es Natalinas<\/h2>\n<p>O Natal em Macei\u00f3 se destaca n\u00e3o apenas pela beleza e inova\u00e7\u00e3o, mas tamb\u00e9m pelas tradi\u00e7\u00f5es que traz. Assim como outras cidades do Brasil, que possuem caracter\u00edsticas pr\u00f3prias em rela\u00e7\u00e3o \u00e0 celebra\u00e7\u00e3o do Natal, Macei\u00f3 encontra sua singularidade na mistura de tradi\u00e7\u00f5es populares com modernidade. Em cidades como Natal (RN), o clima festivo \u00e9 celebrado com grandes festivais de luz e cor, atraindo turistas do mundo todo, enquanto em S\u00e3o Paulo (SP), a Avenida Paulista se transforma em um grande palco de eventos natalinos.<\/p>\n<p>Essas localidades t\u00eam suas pr\u00f3prias tradi\u00e7\u00f5es que incorporam elementos culturais \u00fanicos e caracter\u00edsticas locais, fazendo do Natal um momento de celebra\u00e7\u00e3o coletiva. Com a decora\u00e7\u00e3o inovadora e interativa de Macei\u00f3, a cidade se integra a esse panorama, se tornando um destino atrativo para fam\u00edlias e turistas em busca de vivenciar um Natal diferente, repleto de cor, luz e alegria.<\/p>\n<h2>Como Participar das Festividades<\/h2>\n<p>Participar das festividades de Natal em Macei\u00f3 \u00e9 uma experi\u00eancia enriquecedora e acess\u00edvel para todos. A programa\u00e7\u00e3o inclui diversas atividades que v\u00e3o desde apresenta\u00e7\u00f5es culturais, feiras, exposi\u00e7\u00f5es e eventos de gastronomia. O acesso \u00e0 maioria das atividades \u00e9 gratuito, permitindo que toda a comunidade possa vivenciar a magia do Natal.<\/p>\n<p>Os cidad\u00e3os s\u00e3o convidado a se envolver na festa de v\u00e1rias maneiras. Al\u00e9m de visitar os pontos ornamentados, participar de eventos organizados pela prefeitura e associa\u00e7\u00f5es locais \u00e9 uma forma justa de contribuir e se engajar com o esp\u00edrito coletivo das celebra\u00e7\u00f5es. Criar e compartilhar experi\u00eancias em fam\u00edlia, nas redes sociais, tamb\u00e9m \u00e9 uma maneira de incrementar a festividade, tornando-a ainda mais especial e pessoal.<\/p>\n<h2>O Papel da Prefeitura na Ornamenta\u00e7\u00e3o<\/h2>\n<p>O papel da Prefeitura de Macei\u00f3 na ornamenta\u00e7\u00e3o natalina vai al\u00e9m da simples montagem das decora\u00e7\u00f5es. A gest\u00e3o municipal \u00e9 respons\u00e1vel por elaborar um planejamento detalhado que considera as necessidades da cidade, os desejos da popula\u00e7\u00e3o e a preserva\u00e7\u00e3o do patrim\u00f4nio cultural. O investimento na decora\u00e7\u00e3o do Natal reflete a vis\u00e3o da administra\u00e7\u00e3o p\u00fablica em criar um ambiente mais atrativo e acolhedor.<\/p>\n<p>Atrav\u00e9s da Autarquia Municipal de Ilumina\u00e7\u00e3o P\u00fablica, a Prefeitura tem implementado uma s\u00e9rie de melhorias que n\u00e3o apenas para o Natal: a revitaliza\u00e7\u00e3o e a manuten\u00e7\u00e3o cont\u00ednua das \u00e1reas p\u00fablicas s\u00e3o essenciais para garantir que Macei\u00f3 seja um lugar vibrante e agrad\u00e1vel. Os esfor\u00e7os em promover eventos de inclus\u00e3o, seguran\u00e7a e lazer mostram um compromisso com a qualidade de vida dos cidad\u00e3os e visitantes.<\/p>\n<h2>Expectativas para o Natal de Macei\u00f3<\/h2>\n<p>A expectativa para o Natal deste ano \u00e9 bastante positiva. As novidades e inova\u00e7\u00f5es prometem trazer um ar de renova\u00e7\u00e3o e alegria \u00e0 cidade, instigando tanto a popula\u00e7\u00e3o quanto os turistas a vivenciarem o esp\u00edrito natalino de maneira diferente. O brilho das luzes e a beleza das decora\u00e7\u00f5es prometem atrair um n\u00famero significativo de visitantes, impulsionando o com\u00e9rcio local e a economia da cidade.<\/p>\n<p>Al\u00e9m das expectativas positivas em rela\u00e7\u00e3o ao turismo e \u00e0 economia, h\u00e1 um forte clamor por uni\u00e3o e confraterniza\u00e7\u00e3o entre as fam\u00edlias de Macei\u00f3. O Natal \u00e9 uma \u00e9poca m\u00e1gica que re\u00fane pessoas ao redor de valores essenciais, como amor, solidariedade e amizade. A celebra\u00e7\u00e3o das festividades de Natal em Macei\u00f3, portanto, representa uma oportunidade de resgatar a ess\u00eancia do ser humano, refor\u00e7ando la\u00e7os e promovendo momentos de alegria e harmonia em sociedade.<\/p>\n\n<div style=\"font-size: 0px; height: 0px; line-height: 0px; margin: 0; padding: 0; clear: both;\"><\/div>","protected":false},"excerpt":{"rendered":"<p>Natal de Macei\u00f3 traz \u00e1rvores, t\u00fanel luminoso, pres\u00e9pios e vilas tem\u00e1ticas.<\/p>\n","protected":false},"author":1,"featured_media":3102,"comment_status":"closed","ping_status":"closed","sticky":false,"template":"","format":"standard","meta":{"footnotes":""},"categories":[1],"tags":[],"class_list":["post-3103","post","type-post","status-publish","format-standard","has-post-thumbnail","hentry","category-noticias-em-maceio","has_thumb"],"aioseo_notices":[],"_links":{"self":[{"href":"https:\/\/www.encontramaceio.com.br\/sobre\/wp-json\/wp\/v2\/posts\/3103","targetHints":{"allow":["GET"]}}],"collection":[{"href":"https:\/\/www.encontramaceio.com.br\/sobre\/wp-json\/wp\/v2\/posts"}],"about":[{"href":"https:\/\/www.encontramaceio.com.br\/sobre\/wp-json\/wp\/v2\/types\/post"}],"author":[{"embeddable":true,"href":"https:\/\/www.encontramaceio.com.br\/sobre\/wp-json\/wp\/v2\/users\/1"}],"replies":[{"embeddable":true,"href":"https:\/\/www.encontramaceio.com.br\/sobre\/wp-json\/wp\/v2\/comments?post=3103"}],"version-history":[{"count":1,"href":"https:\/\/www.encontramaceio.com.br\/sobre\/wp-json\/wp\/v2\/posts\/3103\/revisions"}],"predecessor-version":[{"id":3104,"href":"https:\/\/www.encontramaceio.com.br\/sobre\/wp-json\/wp\/v2\/posts\/3103\/revisions\/3104"}],"wp:featuredmedia":[{"embeddable":true,"href":"https:\/\/www.encontramaceio.com.br\/sobre\/wp-json\/wp\/v2\/media\/3102"}],"wp:attachment":[{"href":"https:\/\/www.encontramaceio.com.br\/sobre\/wp-json\/wp\/v2\/media?parent=3103"}],"wp:term":[{"taxonomy":"category","embeddable":true,"href":"https:\/\/www.encontramaceio.com.br\/sobre\/wp-json\/wp\/v2\/categories?post=3103"},{"taxonomy":"post_tag","embeddable":true,"href":"https:\/\/www.encontramaceio.com.br\/sobre\/wp-json\/wp\/v2\/tags?post=3103"}],"curies":[{"name":"wp","href":"https:\/\/api.w.org\/{rel}","templated":true}]}}