{"id":3046,"date":"2025-11-28T10:30:00","date_gmt":"2025-11-28T13:30:00","guid":{"rendered":"https:\/\/www.encontramaceio.com.br\/sobre\/?p=3046"},"modified":"2025-11-28T10:30:00","modified_gmt":"2025-11-28T13:30:00","slug":"instalacao-de-passarela-fecha-trecho-da-av-durval-de-goes-monteiro-nos-dias-1o-8-e-9-de-novembro","status":"publish","type":"post","link":"https:\/\/www.encontramaceio.com.br\/sobre\/instalacao-de-passarela-fecha-trecho-da-av-durval-de-goes-monteiro-nos-dias-1o-8-e-9-de-novembro\/","title":{"rendered":"Instala\u00e7\u00e3o de passarela fecha trecho da Av. Durval de G\u00f3es Monteiro nos dias 1\u00ba, 8 e 9 de novembro"},"content":{"rendered":"<div class=\"dcb782f0616bca5484400fea6b37e93d\" data-index=\"1\" style=\"float: none; margin:0px;\">\n<script async src=\"https:\/\/pagead2.googlesyndication.com\/pagead\/js\/adsbygoogle.js?client=ca-pub-8585364105181520\"\r\n     crossorigin=\"anonymous\"><\/script>\r\n<!-- Anuncio display - global -->\r\n<ins class=\"adsbygoogle\"\r\n     style=\"display:block\"\r\n     data-ad-client=\"ca-pub-8585364105181520\"\r\n     data-ad-slot=\"8789329856\"\r\n     data-ad-format=\"auto\"\r\n     data-full-width-responsive=\"true\"><\/ins>\r\n<script>\r\n     (adsbygoogle = window.adsbygoogle || []).push({});\r\n<\/script>\n<\/div>\n<h2>Detalhes das Interdi\u00e7\u00f5es<\/h2>\n<p>Nos dias 1\u00ba, 8 e 9 de novembro, a Avenida Durval de G\u00f3es Monteiro enfrentar\u00e1 interdi\u00e7\u00f5es significativas para a instala\u00e7\u00e3o de uma nova passarela destinada \u00e0 travessia de pedestres. O bloqueio come\u00e7ar\u00e1 \u00e0s 12h e se estender\u00e1 at\u00e9 \u00e0s 19h nesses dias, afetando o fluxo de ve\u00edculos tanto no sentido Aeroporto quanto no sentido Centro.<\/p>\n<p>A primeira interdi\u00e7\u00e3o ser\u00e1 total, abrangendo todas as faixas pr\u00f3ximas ao canteiro central, e durar\u00e1 30 minutos. Durante esse per\u00edodo, os ve\u00edculos, incluindo \u00f4nibus e vans, ser\u00e3o desviados para a Rua Camaragibe e, em seguida, para a Rua Jornalista Pedro Afonso Collor de Mello, proseguindo para suas rotas normais.<\/p>\n<p>A partir do momento em que a movimenta\u00e7\u00e3o da infraestrutura come\u00e7ar, a interdi\u00e7\u00e3o ser\u00e1 parcial, permitindo que as vias laterais sejam utilizadas pelos motoristas, enquanto a montagem da passarela ocorrer\u00e1 nas pistas principais. No dia 8 de novembro, a interdi\u00e7\u00e3o ser\u00e1 igualmente total, mas concentrada no sentido Aeroporto, com os motoristas precisando seguir os mesmos desvios mencionados anteriormente.<\/p>\n<p><img decoding=\"async\" src=\"https:\/\/www.encontramaceio.com.br\/sobre\/wp-content\/uploads\/2025\/11\/instalacao-de-passarela-fecha-trecho-da-av-durval-de-goes-monteiro-nos-dias-1-8-e-9-de-novembro.webp\" alt=\"instala\u00e7\u00e3o de passarela\" loading=\"lazy\" \/><\/p>\n<p>No domingo, 9 de novembro, os trabalhos focar\u00e3o na dire\u00e7\u00e3o do Centro de Macei\u00f3. Os motoristas devem acessar as vias laterais da Av. Durval de G\u00f3es Monteiro e seguir as orienta\u00e7\u00f5es de desvio para evitar congestionamentos.<\/p>\n<h2>Como o Tr\u00e2nsito Ser\u00e1 Afetado<\/h2>\n<p>Ao longo dos dias de interdi\u00e7\u00e3o, o tr\u00e2nsito na Avenida Durval de G\u00f3es Monteiro ser\u00e1 consideravelmente impactado. \u00c9 imperativo que os motoristas estejam cientes das mudan\u00e7as no fluxo veicular e prestem aten\u00e7\u00e3o \u00e0s sinaliza\u00e7\u00f5es tempor\u00e1rias e orienta\u00e7\u00f5es dos agentes do Departamento Municipal de Transportes e Tr\u00e2nsito (DMTT).<\/p>\n<p>Durante o bloqueio total, estimativas indicam que o tr\u00e1fego ser\u00e1 significativamente reduzido, por\u00e9m, a fluidez em vias alternativas ser\u00e1 crucial para evitar congestionamentos graves. \u00c9 recomend\u00e1vel que os motoristas planejem suas rotas com anteced\u00eancia, considerando o fluxo previsto para o hor\u00e1rio e dia da interdi\u00e7\u00e3o. A integra\u00e7\u00e3o com aplicativos de navega\u00e7\u00e3o que fornecem informa\u00e7\u00f5es em tempo real sobre o tr\u00e1fego pode ser uma excelente maneira de contornar poss\u00edveis dificuldades.<\/p>\n<p>As interdi\u00e7\u00f5es foram programadas em per\u00edodos com menor fluxo, mas ainda assim, espera-se que haja um aumento de tempo nas viagens. A colabora\u00e7\u00e3o de todos os condutores ser\u00e1 essencial para minimizar atrasos e garantir a seguran\u00e7a no tr\u00e2nsito durante esses dias desafiadores.<\/p>\n<h2>Import\u00e2ncia da Nova Passarela<\/h2>\n<p>A constru\u00e7\u00e3o da nova passarela na Avenida Durval de G\u00f3es Monteiro \u00e9 uma a\u00e7\u00e3o de suma import\u00e2ncia para a seguran\u00e7a e o bem-estar da comunidade local. Com aproximadamente 61 metros de extens\u00e3o e 5,7 metros de altura, a passarela visa facilitar a travessia dos pedestres entre os bairros Cana\u00e3 e Santo Amaro, minimizando o risco de acidentes.<\/p>\n<p>Antes da implementa\u00e7\u00e3o da nova estrutura, a antiga passarela apresentava limita\u00e7\u00f5es e n\u00e3o atendia adequadamente \u00e0s necessidades dos cidad\u00e3os. A nova passarela contar\u00e1 com Elevadores e escadas laterais, a serem usados por pessoas com mobilidade reduzida, proporcionando acessibilidade e conforto a todos os usu\u00e1rios.<\/p>\n<p>Al\u00e9m de promover a seguran\u00e7a, a nova passarela tamb\u00e9m pode ter um impacto positivo no tr\u00e2nsito local ao incentivar uma maior intera\u00e7\u00e3o entre os moradores de ambos os bairros, promovendo um estilo de vida mais ativo, onde as pessoas s\u00e3o mais incentivadas a caminhar e usar a passarela para suas necessidades di\u00e1rias.<\/p>\n<p>Esse projeto \u00e9 parte de um acordo socioambiental firmado entre o Minist\u00e9rio P\u00fablico Federal (MPF) e a Braskem, com o intuito de mitigar os impactos sociais relacionados a deslocamentos em \u00e1reas suscet\u00edveis a riscos. \u00c9 fundamental que a comunidade reconhe\u00e7a a import\u00e2ncia dessas interven\u00e7\u00f5es e participe ativamente na preserva\u00e7\u00e3o e valoriza\u00e7\u00e3o das melhorias estruturais implementadas.<\/p>\n<h2>Estrutura da Passarela<\/h2>\n<p>A estrutura da nova passarela \u00e9 projetada para atender \u00e0s exig\u00eancias de seguran\u00e7a e funcionalidade. Com uma altura de 5,7 metros, a passarela foi idealizada para permitir o deslocamento seguro de pedestres, especialmente em uma \u00e1rea muito transitada, como a Avenida Durval de G\u00f3es Monteiro.<\/p>\n<p>O design inclui materiais de alta qualidade e resistentes, garantindo a durabilidade da passarela ao longo dos anos. A inclus\u00e3o de dois elevadores \u00e9 uma das principais melhorias em rela\u00e7\u00e3o \u00e0 antiga passarela, que n\u00e3o possu\u00eda essa infraestrutura. Essa adi\u00e7\u00e3o \u00e9 um marco importante em termos de acessibilidade, permitindo que pessoas com defici\u00eancia ou mobilidade reduzida tamb\u00e9m utilizem a travessia de forma segura e confort\u00e1vel.<\/p>\n<p>Al\u00e9m dos elevadores, a passarela contar\u00e1 com escadarias laterais, proporcionando op\u00e7\u00f5es para todos os usu\u00e1rios, seja atrav\u00e9s de rampas, escadas ou elevadores. Esse modelo flex\u00edvel \u00e9 crucial para atender a diversidade de necessidades na comunidade.<\/p>\n<p>A passarela ser\u00e1 situada a aproximadamente 300 metros da antiga loca\u00e7\u00e3o, uma escolha que tamb\u00e9m ajudar\u00e1 a aliviar a concentra\u00e7\u00e3o de pessoas em um \u00fanico ponto de passagem, distribuindo melhor o fluxo de pedestres na \u00e1rea.<\/p>\n<h2>Como Acessar as Vias Alternativas<\/h2>\n<p>Durante os dias em que a Avenida Durval de G\u00f3es Monteiro estar\u00e1 interditada, \u00e9 essencial que os motoristas conhe\u00e7am as vias alternativas dispon\u00edveis. Nos dias de bloqueio total, especialmente no dia 1\u00ba e 8 de novembro, os motoristas devem seguir as seguintes orienta\u00e7\u00f5es:<\/p>\n<p><strong>Para o sentido Aeroporto:<\/strong> O desvio come\u00e7a na Facima, onde os motoristas devem seguir para a Rua Camaragibe, depois para a Rua Jornalista Pedro Afonso Collor de Mello e, finalmente, retornar para a Avenida Durval de G\u00f3es Monteiro ap\u00f3s cruzar os desvios.<\/p>\n<p><strong>Para o sentido Centro de Macei\u00f3:<\/strong> No dia 9 de novembro, se dirigindo ao Centro, os motoristas devem acessar as vias laterais da Avenida Durval de G\u00f3es Monteiro, fazendo o retorno no sem\u00e1foro do Cana\u00e3. O percurso recomendado \u00e9 seguir pela Rua Jequi\u00e1, Rua Jundi\u00e1 e Rua Camaragibe at\u00e9 retomar \u00e0 Avenida Durval de G\u00f3es Monteiro.<\/p>\n<p>Contar com aplicativos de navega\u00e7\u00e3o e mapas online, que oferecem informa\u00e7\u00f5es atualizadas sobre o tr\u00e1fego e os desvios, pode ser extremamente \u00fatil para evitar congestionamentos.<\/p>\n<p>A comunica\u00e7\u00e3o constante das mudan\u00e7as de tr\u00e1fego programadas nos canais de informa\u00e7\u00f5es da Prefeitura de Macei\u00f3 ser\u00e1 uma ferramenta valiosa para que os motoristas possam se planejar adequadamente.<\/p>\n<h2>Orienta\u00e7\u00f5es para Motoristas<\/h2>\n<p>Para garantir uma navega\u00e7\u00e3o segura e eficiente durante os dias de interdi\u00e7\u00e3o, os motoristas devem seguir algumas orienta\u00e7\u00f5es pr\u00e1ticas:<\/p>\n<ul>\n<li><strong>Fique Atento \u00e0s Sinaliza\u00e7\u00f5es:<\/strong> \u00c9 fundamental prestar aten\u00e7\u00e3o a todas as sinaliza\u00e7\u00f5es tempor\u00e1rias que ser\u00e3o colocadas ao longo da Avenida e nos desvios. Essas orienta\u00e7\u00f5es t\u00eam o objetivo de garantir a seguran\u00e7a de tanto pedestres quanto motoristas.<\/li>\n<li><strong>Planeje Sua Viagem:<\/strong> Ao planejar seu trajeto com anteced\u00eancia, voc\u00ea poder\u00e1 escolher rotas alternativas e evitar \u00e1reas com congestionamento potencial.<\/li>\n<li><strong>Seja Paciente:<\/strong> O fechamento tempor\u00e1rio de uma via pode gerar atrasos; portanto, \u00e9 importante manter a calma e ter paci\u00eancia durante o processo.<\/li>\n<li><strong>Use Aplicativos de Tr\u00e2nsito:<\/strong> Utilize aplicativos como Google Maps ou Waze para obter informa\u00e7\u00f5es em tempo real sobre o tr\u00e1fego e poss\u00edveis desvios que possam economizar tempo.<\/li>\n<li><strong>Respeite as Orienta\u00e7\u00f5es dos Agentes:<\/strong> Os agentes do DMTT estar\u00e3o posicionados em pontos estrat\u00e9gicos para garantir a fluidez do tr\u00e1fego e orientar os motoristas. Obede\u00e7a as instru\u00e7\u00f5es dadas por eles.<\/li>\n<\/ul>\n<h2>Hor\u00e1rios das Interdi\u00e7\u00f5es<\/h2>\n<p>As interdi\u00e7\u00f5es na Avenida Durval de G\u00f3es Monteiro ocorrer\u00e3o conforme o seguinte cronograma:<\/p>\n<ul>\n<li><strong>1\u00ba de Novembro:<\/strong> 12h \u00e0s 19h &#8211; Interdi\u00e7\u00e3o total no sentido Aeroporto.<\/li>\n<li><strong>8 de Novembro:<\/strong> 12h \u00e0s 19h &#8211; Interdi\u00e7\u00e3o total no sentido Aeroporto.<\/li>\n<li><strong>9 de Novembro:<\/strong> 12h \u00e0s 19h &#8211; Interdi\u00e7\u00e3o parcial, com foco nas faixas que seguem rumo ao Centro de Macei\u00f3.<\/li>\n<\/ul>\n<p>Os motoristas devem estar cientes desses hor\u00e1rios e planejar suas viagens fora desses per\u00edodos, quando poss\u00edvel.<\/p>\n<h2>Benef\u00edcios para a Comunidade<\/h2>\n<p>A nova passarela traz uma s\u00e9rie de benef\u00edcios para a comunidade, tanto em termos de seguran\u00e7a quanto de qualidade de vida. Durante sua constru\u00e7\u00e3o, a passarela vai proporcionar maior seguran\u00e7a aos pedestres, evitando os riscos associados \u00e0 travessia em uma das avenidas mais movimentadas da cidade.<\/p>\n<p>Al\u00e9m da seguran\u00e7a, a passarela facilitar\u00e1 a conex\u00e3o entre os bairros Cana\u00e3 e Santo Amaro, incentivando o aumento de visitas e intera\u00e7\u00f5es sociais que fortale\u00e7am a comunidade. Isso tamb\u00e9m pode contribuir para o desenvolvimento econ\u00f4mico local, pois facilita o acesso a estabelecimentos comerciais em ambas as \u00e1reas.<\/p>\n<p>A nova estrutura deve inspirar um uso mais ativo do espa\u00e7o p\u00fablico, encorajando caminhadas e o uso de bicicletas, o que pode resultar em um estilo de vida mais saud\u00e1vel para os moradores da regi\u00e3o.<\/p>\n<p>Esses s\u00e3o apenas alguns dos impactos positivos esperados com a constru\u00e7\u00e3o da passarela, sinalizando um futuro melhor para a cidadania na cidade.<\/p>\n<h2>Contatos para Informa\u00e7\u00f5es<\/h2>\n<p>Para obter mais informa\u00e7\u00f5es sobre as interdi\u00e7\u00f5es e as obras, a popula\u00e7\u00e3o pode entrar em contato com o Departamento Municipal de Transportes e Tr\u00e2nsito (DMTT) por meio dos seguintes canais:<\/p>\n<p><strong>Telefone:<\/strong> (82) 3312-5330<\/p>\n<p><strong>Email:<\/strong> atendimento@dmtt.maceio.al.gov.br<\/p>\n<p>Os hor\u00e1rios de atendimento s\u00e3o de segunda a sexta, das 8h \u00e0s 14h. \u00c9 recomend\u00e1vel que os cidad\u00e3os busquem informa\u00e7\u00f5es antes de se deslocarem, especialmente durante os dias de interdi\u00e7\u00e3o.<\/p>\n<h2>Sobre o DMTT<\/h2>\n<p>O Departamento Municipal de Transportes e Tr\u00e2nsito (DMTT) \u00e9 respons\u00e1vel pela gest\u00e3o do tr\u00e2nsito na cidade de Macei\u00f3. Seu principal objetivo \u00e9 garantir a seguran\u00e7a vi\u00e1ria, coordenando o tr\u00e1fego, implementando sinaliza\u00e7\u00f5es e promovendo a mobilidade urbana adequada para todos os cidad\u00e3os.<\/p>\n<p>O DMTT tamb\u00e9m desempenha um papel essencial na execu\u00e7\u00e3o de projetos que visam melhorar a infraestrutura vi\u00e1ria e a seguran\u00e7a de pedestres, como a constru\u00e7\u00e3o da nova passarela. Atrav\u00e9s do trabalho cont\u00ednuo n\u00e3o s\u00f3 asseguram o bem-estar da comunidade, mas tamb\u00e9m fomentam o desenvolvimento urbano sustent\u00e1vel.<\/p>\n<p>Com um compromisso firme em prestar um servi\u00e7o de qualidade \u00e0 popula\u00e7\u00e3o, o DMTT facilita a comunica\u00e7\u00e3o e transpar\u00eancia em suas a\u00e7\u00f5es, permitindo que os cidad\u00e3os fiquem informados sobre todas as mudan\u00e7as e melhorias em infraestrutura que podiam impactar a vida urbana.<\/p>\n\n<div style=\"font-size: 0px; height: 0px; line-height: 0px; margin: 0; padding: 0; clear: both;\"><\/div>","protected":false},"excerpt":{"rendered":"<p>Interdi\u00e7\u00f5es na Av. Durval de G\u00f3es Monteiro para instala\u00e7\u00e3o de passarela nos dias 1\u00ba, 8 e 9 de novembro.<\/p>\n","protected":false},"author":1,"featured_media":3045,"comment_status":"closed","ping_status":"closed","sticky":false,"template":"","format":"standard","meta":{"footnotes":""},"categories":[1],"tags":[],"class_list":["post-3046","post","type-post","status-publish","format-standard","has-post-thumbnail","hentry","category-noticias-em-maceio","has_thumb"],"aioseo_notices":[],"_links":{"self":[{"href":"https:\/\/www.encontramaceio.com.br\/sobre\/wp-json\/wp\/v2\/posts\/3046","targetHints":{"allow":["GET"]}}],"collection":[{"href":"https:\/\/www.encontramaceio.com.br\/sobre\/wp-json\/wp\/v2\/posts"}],"about":[{"href":"https:\/\/www.encontramaceio.com.br\/sobre\/wp-json\/wp\/v2\/types\/post"}],"author":[{"embeddable":true,"href":"https:\/\/www.encontramaceio.com.br\/sobre\/wp-json\/wp\/v2\/users\/1"}],"replies":[{"embeddable":true,"href":"https:\/\/www.encontramaceio.com.br\/sobre\/wp-json\/wp\/v2\/comments?post=3046"}],"version-history":[{"count":1,"href":"https:\/\/www.encontramaceio.com.br\/sobre\/wp-json\/wp\/v2\/posts\/3046\/revisions"}],"predecessor-version":[{"id":3048,"href":"https:\/\/www.encontramaceio.com.br\/sobre\/wp-json\/wp\/v2\/posts\/3046\/revisions\/3048"}],"wp:featuredmedia":[{"embeddable":true,"href":"https:\/\/www.encontramaceio.com.br\/sobre\/wp-json\/wp\/v2\/media\/3045"}],"wp:attachment":[{"href":"https:\/\/www.encontramaceio.com.br\/sobre\/wp-json\/wp\/v2\/media?parent=3046"}],"wp:term":[{"taxonomy":"category","embeddable":true,"href":"https:\/\/www.encontramaceio.com.br\/sobre\/wp-json\/wp\/v2\/categories?post=3046"},{"taxonomy":"post_tag","embeddable":true,"href":"https:\/\/www.encontramaceio.com.br\/sobre\/wp-json\/wp\/v2\/tags?post=3046"}],"curies":[{"name":"wp","href":"https:\/\/api.w.org\/{rel}","templated":true}]}}