{"id":3003,"date":"2025-11-20T08:39:00","date_gmt":"2025-11-20T11:39:00","guid":{"rendered":"https:\/\/www.encontramaceio.com.br\/sobre\/cinco-motos-aquaticas-sao-apreendidas-em-operacao-integrada-no-porto\/"},"modified":"2025-11-20T08:39:00","modified_gmt":"2025-11-20T11:39:00","slug":"cinco-motos-aquaticas-sao-apreendidas-em-operacao-integrada-no-porto","status":"publish","type":"post","link":"https:\/\/www.encontramaceio.com.br\/sobre\/cinco-motos-aquaticas-sao-apreendidas-em-operacao-integrada-no-porto\/","title":{"rendered":"Cinco motos aqu\u00e1ticas s\u00e3o apreendidas em opera\u00e7\u00e3o integrada no Porto\u2026"},"content":{"rendered":"<div class=\"dcb782f0616bca5484400fea6b37e93d\" data-index=\"1\" style=\"float: none; margin:0px;\">\n<script async src=\"https:\/\/pagead2.googlesyndication.com\/pagead\/js\/adsbygoogle.js?client=ca-pub-8585364105181520\"\r\n     crossorigin=\"anonymous\"><\/script>\r\n<!-- Anuncio display - global -->\r\n<ins class=\"adsbygoogle\"\r\n     style=\"display:block\"\r\n     data-ad-client=\"ca-pub-8585364105181520\"\r\n     data-ad-slot=\"8789329856\"\r\n     data-ad-format=\"auto\"\r\n     data-full-width-responsive=\"true\"><\/ins>\r\n<script>\r\n     (adsbygoogle = window.adsbygoogle || []).push({});\r\n<\/script>\n<\/div>\n<h2>Opera\u00e7\u00e3o Integrada no Porto de Macei\u00f3<\/h2>\n<p>Na manh\u00e3 do dia 19 de novembro de 2025, uma a\u00e7\u00e3o significativa ocorreu no Porto de Macei\u00f3, demonstrando o comprometimento das autoridades locais com a seguran\u00e7a e a ordem p\u00fablica. A opera\u00e7\u00e3o resultou na apreens\u00e3o de cinco motos aqu\u00e1ticas, que estavam sob vigil\u00e2ncia regular devido a ind\u00edcios de comercializa\u00e7\u00e3o irregular na regi\u00e3o. Essa fiscaliza\u00e7\u00e3o foi realizada pela Secretaria Municipal de Seguran\u00e7a Cidad\u00e3 (Semsc), com a colabora\u00e7\u00e3o da Fiscaliza\u00e7\u00e3o de Posturas e da Guarda Civil Municipal de Macei\u00f3 (GCMM), al\u00e9m do apoio do Departamento Municipal de Transportes e Tr\u00e2nsito (DMTT).<\/p>\n<p>A iniciativa, que seguiu um planejamento estrat\u00e9gico, teve como objetivo principal garantir a integridade da popula\u00e7\u00e3o e a prote\u00e7\u00e3o do meio ambiente. A equipe da Semsc havia monitorado os equipamentos por aproximadamente tr\u00eas meses, instaurando uma vigil\u00e2ncia cont\u00ednua que culminou na a\u00e7\u00e3o decisiva daquele dia. A opera\u00e7\u00e3o, al\u00e9m de seu car\u00e1ter punitivo, visou tamb\u00e9m educar a popula\u00e7\u00e3o acerca dos perigos associados ao uso de motos aqu\u00e1ticas de forma irregular e suas implica\u00e7\u00f5es legais.<\/p>\n<h2>Dura\u00e7\u00e3o da Fiscaliza\u00e7\u00e3o<\/h2>\n<p>A fiscaliza\u00e7\u00e3o que levou \u00e0 apreens\u00e3o das motos aqu\u00e1ticas n\u00e3o foi um ato isolado, mas sim o resultado de um trabalho cont\u00ednuo e meticuloso por parte das autoridades. Ao longo de tr\u00eas meses, os agentes da Semsc observaram a movimenta\u00e7\u00e3o ao redor do Porto de Macei\u00f3, coletando informa\u00e7\u00f5es sobre atividades suspeitas e poss\u00edveis irregularidades. Essa abordagem sistem\u00e1tica permitiu que a opera\u00e7\u00e3o fosse realizada de maneira eficaz e bem-sucedida.<\/p>\n<p><img decoding=\"async\" src=\"https:\/\/www.encontramaceio.com.br\/sobre\/wp-content\/uploads\/2025\/11\/cinco-motos-aquaticas-sao-apreendidas-em-operacao-integrada-no-porto.webp\" alt=\"Cinco motos aqu\u00e1ticas apreendidas em opera\u00e7\u00e3o integrada no Porto de Macei\u00f3\" loading=\"lazy\" \/><\/p>\n<p>O monitoramento incluiu a an\u00e1lise de den\u00fancias recebidas pela popula\u00e7\u00e3o, bem como relat\u00f3rios de fiscaliza\u00e7\u00f5es anteriores que indicavam pr\u00e1ticas il\u00edcitas relacionadas ao aluguel de motos aqu\u00e1ticas. Esse processo de coleta de dados foi essencial para fundamentar a decis\u00e3o de realizar uma opera\u00e7\u00e3o integrada, visando n\u00e3o apenas a apreens\u00e3o dos ve\u00edculos, mas tamb\u00e9m a conscientiza\u00e7\u00e3o da comunidade sobre os riscos associados \u00e0 explora\u00e7\u00e3o comercial irregular desses equipamentos.<\/p>\n<h2>Motivos da Apreens\u00e3o<\/h2>\n<p>A apreens\u00e3o das cinco motos aqu\u00e1ticas se deu por uma s\u00e9rie de fatores relevantes que justificaram a interven\u00e7\u00e3o das autoridades. A pr\u00e1tica de comercializa\u00e7\u00e3o n\u00e3o autorizada desses ve\u00edculos representa um risco n\u00e3o apenas para a seguran\u00e7a dos usu\u00e1rios, mas tamb\u00e9m para a integridade do meio ambiente marinho, especialmente em uma regi\u00e3o t\u00e3o sens\u00edvel como Macei\u00f3, com suas belas praias e rica biodiversidade.<\/p>\n<p>Al\u00e9m disso, as opera\u00e7\u00f5es informais de aluguel de motos aqu\u00e1ticas em Macei\u00f3 s\u00e3o consideradas ilegais, uma vez que carecem de regulamenta\u00e7\u00e3o espec\u00edfica que garanta a seguran\u00e7a dos usu\u00e1rios. O hist\u00f3rico de acidentes nas \u00e1guas da regi\u00e3o, onde Alagoas lidera o n\u00famero de ocorr\u00eancias desse tipo no Nordeste nos \u00faltimos cinco anos, refor\u00e7a a necessidade de a\u00e7\u00f5es preventivas e corretivas como a realizada no Porto de Macei\u00f3.<\/p>\n<h2>Hist\u00f3rico de Irregularidades<\/h2>\n<p>O hist\u00f3rico de irregularidades relacionadas ao uso de motos aqu\u00e1ticas em Macei\u00f3 \u00e9 alarmante. Nos \u00faltimos anos, diversas den\u00fancias foram feitas sobre a opera\u00e7\u00e3o clandestina desses ve\u00edculos, frequentemente apresentando riscos \u00e0 seguran\u00e7a dos operadores e banhistas nas praias. Os registros de acidentes t\u00eam sido uma preocupa\u00e7\u00e3o constante, o que levou as autoridades a intensificar as fiscaliza\u00e7\u00f5es.<\/p>\n<p>A implementa\u00e7\u00e3o de a\u00e7\u00f5es regulares de fiscaliza\u00e7\u00e3o n\u00e3o apenas combate as irregularidades, mas tamb\u00e9m promove uma cultura de respeito \u00e0s leis e \u00e0 seguran\u00e7a mar\u00edtima. \u00c9 vital que os cidad\u00e3os compreendam os perigos que as atividades n\u00e3o regulamentadas podem trazer, tanto para a seguran\u00e7a individual quanto para a sa\u00fade do ecossistema local. Por meio de campanhas de conscientiza\u00e7\u00e3o aliadas a a\u00e7\u00f5es fiscalizat\u00f3rias rigorosas, espera-se reduzir a incid\u00eancia desses atos irregulares.<\/p>\n<h2>Import\u00e2ncia da Seguran\u00e7a Cidad\u00e3<\/h2>\n<p>A import\u00e2ncia da seguran\u00e7a cidad\u00e3 se destaca em a\u00e7\u00f5es como a apreens\u00e3o das motos aqu\u00e1ticas em Macei\u00f3. A presen\u00e7a eficiente das autoridades municipais atua como um fator desencorajador para pr\u00e1ticas ilegais, al\u00e9m de promover a confian\u00e7a da popula\u00e7\u00e3o nas institui\u00e7\u00f5es. Essa confian\u00e7a \u00e9 fundamental para o funcionamento saud\u00e1vel da sociedade, onde cada indiv\u00edduo se sinta seguro em usufruir dos espa\u00e7os p\u00fablicos sem o receio de acidentes ou infra\u00e7\u00f5es legais.<\/p>\n<p>Al\u00e9m da prote\u00e7\u00e3o imediata que a opera\u00e7\u00e3o oferece, ela tamb\u00e9m tem uma fun\u00e7\u00e3o educativa. Ao demonstrar que irregularidades n\u00e3o s\u00e3o toleradas, a Prefeitura de Macei\u00f3 refor\u00e7a a mensagem de que a seguran\u00e7a e o bem-estar coletivo s\u00e3o prioridades. A atua\u00e7\u00e3o integrada entre diferentes \u00f3rg\u00e3os p\u00fablicos sinaliza um compromisso com a transpar\u00eancia e a efic\u00e1cia das a\u00e7\u00f5es governamentais.<\/p>\n<h2>Rea\u00e7\u00f5es da Comunidade<\/h2>\n<p>As rea\u00e7\u00f5es da comunidade \u00e0 opera\u00e7\u00e3o realizada no Porto de Macei\u00f3 foram mistas. Muitos moradores e turistas expressaram satisfa\u00e7\u00e3o com a a\u00e7\u00e3o das autoridades, reconhecendo a import\u00e2ncia do combate \u00e0 explora\u00e7\u00e3o irregular de motos aqu\u00e1ticas, especialmente considerando os riscos associados a essa pr\u00e1tica. Para a parte da popula\u00e7\u00e3o, a medida foi vista como uma prote\u00e7\u00e3o n\u00e3o apenas para a seguran\u00e7a individual, mas tamb\u00e9m para a conserva\u00e7\u00e3o do meio ambiente local.<\/p>\n<p>No entanto, \u00e9 tamb\u00e9m poss\u00edvel que alguns grupos, especialmente aqueles que dependem da atividade econ\u00f4mica em torno do aluguel de motos aqu\u00e1ticas, tenham se mostrado insatisfeitos com a opera\u00e7\u00e3o. A regulamenta\u00e7\u00e3o e fiscaliza\u00e7\u00e3o em setores tur\u00edsticos, muitas vezes, geram resist\u00eancias, dado que criam barreiras para o fluxo de dinheiro nessas atividades. Portanto, as autoridades devem trabalhar para dialogar com essas partes envolvidas, oferecendo alternativas e solu\u00e7\u00f5es que garantam a seguran\u00e7a sem comprometer o sustento de muitos trabalhadores.<\/p>\n<h2>Impacto Ambiental das Motos Aqu\u00e1ticas<\/h2>\n<p>O impacto ambiental das motos aqu\u00e1ticas \u00e9 um tema de grande relev\u00e2ncia nas discuss\u00f5es sobre a regulamenta\u00e7\u00e3o dessa atividade. Essas embarca\u00e7\u00f5es, quando utilizadas de maneira imprudente, podem causar danos significativos ao ecossistema marinho, como a polui\u00e7\u00e3o da \u00e1gua e a destrui\u00e7\u00e3o de habitats naturais. O ru\u00eddo excessivo e a perturba\u00e7\u00e3o da vida marinha s\u00e3o outros efeitos adversos que precisam ser considerados.<\/p>\n<p>Al\u00e9m disso, a pr\u00e1tica da explora\u00e7\u00e3o irregular dessas motos aqu\u00e1ticas muitas vezes est\u00e1 ligada a uma falta de conscientiza\u00e7\u00e3o sobre como proteger os recursos naturais dispon\u00edveis. A conscientiza\u00e7\u00e3o da comunidade sobre a necessidade de um uso respons\u00e1vel do espa\u00e7o mar\u00edtimo \u00e9 crucial para preservar a qualidade das \u00e1guas e a biodiversidade que estas abrigam. Medidas como a apreens\u00e3o de motos aqu\u00e1ticas ilegais s\u00e3o, portanto, uma parte vital de um esfor\u00e7o mais amplo para proteger o meio ambiente e garantir que futuras gera\u00e7\u00f5es possam desfrutar da riqueza natural de Macei\u00f3.<\/p>\n<h2>Pap\u00e9is das Institui\u00e7\u00f5es Envolvidas<\/h2>\n<p>A a\u00e7\u00e3o realizada no Porto de Macei\u00f3 mobilizou diversas institui\u00e7\u00f5es, cada uma com fun\u00e7\u00f5es espec\u00edficas que se somaram para garantir a efic\u00e1cia da opera\u00e7\u00e3o. A Secretaria Municipal de Seguran\u00e7a Cidad\u00e3 (Semsc) teve um papel central, liderando a iniciativa de fiscaliza\u00e7\u00e3o. A coopera\u00e7\u00e3o da Guarda Civil Municipal foi essencial para a execu\u00e7\u00e3o da opera\u00e7\u00e3o, garantindo seguran\u00e7a durante o processo e a presen\u00e7a de autoridades vis\u00edveis \u00e0 popula\u00e7\u00e3o.<\/p>\n<p>O Departamento Municipal de Transportes e Tr\u00e2nsito (DMTT) tamb\u00e9m teve um papel importante, contribuindo para o monitoramento das atividades no Porto e a regula\u00e7\u00e3o do tr\u00e1fego na \u00e1rea, ajudando a manter a ordem durante a opera\u00e7\u00e3o. Essa colabora\u00e7\u00e3o interinstitucional demonstra a efic\u00e1cia da gest\u00e3o p\u00fablica quando diferentes \u00f3rg\u00e3os trabalham em sinergia em busca de um objetivo comum: a prote\u00e7\u00e3o dos cidad\u00e3os e do meio ambiente.<\/p>\n<h2>Futuras A\u00e7\u00f5es de Fiscaliza\u00e7\u00e3o<\/h2>\n<p>A apreens\u00e3o das cinco motos aqu\u00e1ticas n\u00e3o \u00e9 o final das a\u00e7\u00f5es de fiscaliza\u00e7\u00e3o no Porto de Macei\u00f3. A Prefeitura, por meio da Semsc e outros \u00f3rg\u00e3os competentes, j\u00e1 anunciou a continuidade do trabalho de monitoramento e fiscaliza\u00e7\u00e3o em toda a orla mar\u00edtima e nas \u00e1reas portu\u00e1rias. As a\u00e7\u00f5es pretendem ser um esfor\u00e7o cont\u00ednuo n\u00e3o apenas de repress\u00e3o, mas tamb\u00e9m de conscientiza\u00e7\u00e3o e educa\u00e7\u00e3o da popula\u00e7\u00e3o.<\/p>\n<p>Al\u00e9m disso, a realiza\u00e7\u00e3o de campanhas educativas sobre os riscos do uso inadequado de motos aqu\u00e1ticas e a regulamenta\u00e7\u00e3o dessas atividades s\u00e3o esperadas. O objetivo \u00e9 cultivar um ambiente seguro tanto para os moradores quanto para os turistas, promovendo uma percep\u00e7\u00e3o de que a seguran\u00e7a \u00e9 um valor coletivo. Espera-se que, com o comprometimento das autoridades e a conscientiza\u00e7\u00e3o do p\u00fablico, haja uma redu\u00e7\u00e3o significativa das ocorr\u00eancias irregulares e dos riscos associados.<\/p>\n<h2>Como Denunciar Irregularidades<\/h2>\n<p>A participa\u00e7\u00e3o da comunidade \u00e9 essencial na luta contra irregularidades como a explora\u00e7\u00e3o de motos aqu\u00e1ticas sem autoriza\u00e7\u00e3o. A Prefeitura de Macei\u00f3 disponibiliza canais para que cidad\u00e3os possam denunciar pr\u00e1ticas suspeitas. A Ouvidoria Municipal e o disque-den\u00fancia da Semsc s\u00e3o algumas das ferramentas essenciais para a popula\u00e7\u00e3o participar ativamente.<\/p>\n<p>Os cidad\u00e3os s\u00e3o encorajados a reportar atividades suspeitas relacionadas ao aluguel ou uso inadequado de motos aqu\u00e1ticas, visando n\u00e3o apenas a sua seguran\u00e7a, mas tamb\u00e9m a preserva\u00e7\u00e3o dos recursos naturais de Macei\u00f3. A colabora\u00e7\u00e3o da popula\u00e7\u00e3o com as autoridades \u00e9 fundamental para garantir um ambiente seguro e saud\u00e1vel, e a conscientiza\u00e7\u00e3o sobre essa responsabilidade deve ser uma prioridade cont\u00ednua.<\/p>\n\n<div style=\"font-size: 0px; height: 0px; line-height: 0px; margin: 0; padding: 0; clear: both;\"><\/div>","protected":false},"excerpt":{"rendered":"<p>Cinco motos aqu\u00e1ticas foram apreendidas no Porto de Macei\u00f3 durante uma opera\u00e7\u00e3o integrada.<\/p>\n","protected":false},"author":1,"featured_media":3002,"comment_status":"closed","ping_status":"closed","sticky":false,"template":"","format":"standard","meta":{"footnotes":""},"categories":[1],"tags":[],"class_list":["post-3003","post","type-post","status-publish","format-standard","has-post-thumbnail","hentry","category-noticias-em-maceio","has_thumb"],"aioseo_notices":[],"_links":{"self":[{"href":"https:\/\/www.encontramaceio.com.br\/sobre\/wp-json\/wp\/v2\/posts\/3003","targetHints":{"allow":["GET"]}}],"collection":[{"href":"https:\/\/www.encontramaceio.com.br\/sobre\/wp-json\/wp\/v2\/posts"}],"about":[{"href":"https:\/\/www.encontramaceio.com.br\/sobre\/wp-json\/wp\/v2\/types\/post"}],"author":[{"embeddable":true,"href":"https:\/\/www.encontramaceio.com.br\/sobre\/wp-json\/wp\/v2\/users\/1"}],"replies":[{"embeddable":true,"href":"https:\/\/www.encontramaceio.com.br\/sobre\/wp-json\/wp\/v2\/comments?post=3003"}],"version-history":[{"count":0,"href":"https:\/\/www.encontramaceio.com.br\/sobre\/wp-json\/wp\/v2\/posts\/3003\/revisions"}],"wp:featuredmedia":[{"embeddable":true,"href":"https:\/\/www.encontramaceio.com.br\/sobre\/wp-json\/wp\/v2\/media\/3002"}],"wp:attachment":[{"href":"https:\/\/www.encontramaceio.com.br\/sobre\/wp-json\/wp\/v2\/media?parent=3003"}],"wp:term":[{"taxonomy":"category","embeddable":true,"href":"https:\/\/www.encontramaceio.com.br\/sobre\/wp-json\/wp\/v2\/categories?post=3003"},{"taxonomy":"post_tag","embeddable":true,"href":"https:\/\/www.encontramaceio.com.br\/sobre\/wp-json\/wp\/v2\/tags?post=3003"}],"curies":[{"name":"wp","href":"https:\/\/api.w.org\/{rel}","templated":true}]}}