{"id":2975,"date":"2025-11-17T07:41:00","date_gmt":"2025-11-17T10:41:00","guid":{"rendered":"https:\/\/www.encontramaceio.com.br\/sobre\/prefeitura-de-maceio-realiza-edicao-do-saure-palmares-nesta-quarta\/"},"modified":"2025-11-17T07:41:00","modified_gmt":"2025-11-17T10:41:00","slug":"prefeitura-de-maceio-realiza-edicao-do-saure-palmares-nesta-quarta","status":"publish","type":"post","link":"https:\/\/www.encontramaceio.com.br\/sobre\/prefeitura-de-maceio-realiza-edicao-do-saure-palmares-nesta-quarta\/","title":{"rendered":"Prefeitura de Macei\u00f3 realiza edi\u00e7\u00e3o do Saur\u00ea Palmares nesta quarta"},"content":{"rendered":"<div class=\"dcb782f0616bca5484400fea6b37e93d\" data-index=\"1\" style=\"float: none; margin:0px;\">\n<script async src=\"https:\/\/pagead2.googlesyndication.com\/pagead\/js\/adsbygoogle.js?client=ca-pub-8585364105181520\"\r\n     crossorigin=\"anonymous\"><\/script>\r\n<!-- Anuncio display - global -->\r\n<ins class=\"adsbygoogle\"\r\n     style=\"display:block\"\r\n     data-ad-client=\"ca-pub-8585364105181520\"\r\n     data-ad-slot=\"8789329856\"\r\n     data-ad-format=\"auto\"\r\n     data-full-width-responsive=\"true\"><\/ins>\r\n<script>\r\n     (adsbygoogle = window.adsbygoogle || []).push({});\r\n<\/script>\n<\/div>\n<h2>O que \u00e9 o Saur\u00ea Palmares?<\/h2>\n<p>O Saur\u00ea Palmares \u00e9 um festival cultural realizado em Macei\u00f3, Alagoas, que visa celebrar e valorizar a cultura afro-brasileira. O evento \u00e9 promovido pela Funda\u00e7\u00e3o Municipal de A\u00e7\u00e3o Cultural (FMAC) e geralmente ocorre no M\u00eas da Consci\u00eancia Negra, em novembro. O festival n\u00e3o \u00e9 apenas uma festividade; ele serve como um importante espa\u00e7o de reflex\u00e3o sobre a hist\u00f3ria do povo negro no Brasil, homenageando figuras ic\u00f4nicas como Zumbi dos Palmares, um dos l\u00edderes mais not\u00e1veis na luta contra a escravid\u00e3o e pela liberdade.<\/p>\n<p>A escolha do nome &#8220;Saur\u00ea Palmares&#8221; j\u00e1 indica seu significado profundo, pois &#8220;Saur\u00ea&#8221; \u00e9 uma express\u00e3o que remete a uma celebra\u00e7\u00e3o, frequentemente usada em rituais e festas afro-brasileiras, enquanto &#8220;Palmares&#8221; evoca a mem\u00f3ria do Quilombo dos Palmares, um s\u00edmbolo de resist\u00eancia, liberdade e bravura do povo negro em busca de seus direitos ao longo da hist\u00f3ria.<\/p>\n<p>O festival inclui diversas atividades culturais, como m\u00fasica, dan\u00e7a, teatro e debates, que envolvem a participa\u00e7\u00e3o da comunidade local, artistas e estudiosos. As apresenta\u00e7\u00f5es art\u00edsticas variam entre ritmos como maracatu, samba, afox\u00e9, bossa nova e outros estilos caracter\u00edsticos da rica tradi\u00e7\u00e3o afro-brasileira, criando um ambiente vibrante e festivo que atrai pessoas de todas as idades.<\/p>\n<p><img decoding=\"async\" src=\"https:\/\/www.encontramaceio.com.br\/sobre\/wp-content\/uploads\/2025\/11\/prefeitura-de-maceio-realiza-edicao-do-saure-palmares-nesta-quarta.webp\" alt=\"Saur\u00ea Palmares\" loading=\"lazy\" \/><\/p>\n<p>Com o crescimento do evento ao longo dos anos, o Saur\u00ea Palmares se firmou como um dos principais eventos culturais do calend\u00e1rio de Macei\u00f3, destacando-se n\u00e3o apenas pela programa\u00e7\u00e3o art\u00edstica, mas tamb\u00e9m pela import\u00e2ncia social e educativa que promove. Portanto, ele se torna um espa\u00e7o de resist\u00eancia e de fortalecimento da identidade cultural afro-brasileira.<\/p>\n<h2>A Import\u00e2ncia da Consci\u00eancia Negra<\/h2>\n<p>A Consci\u00eancia Negra \u00e9 um conceito que remete \u00e0 valoriza\u00e7\u00e3o da cultura, hist\u00f3ria e contribui\u00e7\u00e3o dos afrodescendentes \u00e0 sociedade brasileira. O dia 20 de novembro, comemorado como o Dia da Consci\u00eancia Negra, marca a morte de Zumbi dos Palmares, um importante \u00edcone da luta pela liberdade dos negros escravizados.<\/p>\n<p>O Saur\u00ea Palmares, ao ser realizado neste per\u00edodo, desempenha um papel fundamental em promover a consci\u00eancia racial e a reflex\u00e3o sobre quest\u00f5es como a desigualdade social, racismo e direitos humanos. Celebrar a consci\u00eancia negra \u00e9 vital para educar as novas gera\u00e7\u00f5es sobre a luta dos ancestrais e os desafios que ainda persistem hoje.<\/p>\n<p>Al\u00e9m disso, o festival serve como uma plataforma para artistas e grupos perif\u00e9ricos, permitindo que suas vozes sejam ouvidas em um espa\u00e7o que valoriza suas express\u00f5es culturais. Essa visibilidade ajuda a resgatar a autoestima e o orgulho da identidade negra, elementos essenciais para o combate ao racismo e \u00e0 discrimina\u00e7\u00e3o.<\/p>\n<p>Nesse sentido, o Saur\u00ea Palmares contribui n\u00e3o apenas para a promo\u00e7\u00e3o das artes e tradi\u00e7\u00f5es afro-brasileiras, mas tamb\u00e9m para o fortalecimento da luta por igualdade e justi\u00e7a social. Atrav\u00e9s da celebra\u00e7\u00e3o de suas viv\u00eancias e express\u00f5es, festejamos e cultivamos uma sociedade mais justa e equitativa.<\/p>\n<h2>Programa\u00e7\u00e3o Musical do Festival<\/h2>\n<p>A programa\u00e7\u00e3o musical do Saur\u00ea Palmares \u00e9 uma das atra\u00e7\u00f5es mais esperadas do evento, reunindo artistas locais e nacionais que representam a diversidade e a riqueza da cultura afro-brasileira. A m\u00fasica \u00e9 um dos pilares dessa festividade, pois, al\u00e9m de entreter, educa e faz uma cr\u00edtica social.<\/p>\n<p>Entre as apresenta\u00e7\u00f5es, \u00e9 comum encontrar grupos de samba, como o Samba da Periferia, e bandas tradicionais como a Banda Olodum, famosa por suas apresenta\u00e7\u00f5es carregadas de ritmo e energia que contagiam todos os presentes. Festivais como esse s\u00e3o vitais, pois ajudam a preservar ritmos e mitos que fazem parte do patrim\u00f4nio cultural do Brasil.<\/p>\n<p>Al\u00e9m dos shows musicais, o festival tamb\u00e9m promove oficinas e encontros que discutem a import\u00e2ncia da m\u00fasica na resist\u00eancia cultural e na forma\u00e7\u00e3o da identidade negra. Os participantes s\u00e3o incentivados a aprender sobre a constru\u00e7\u00e3o dos ritmos, as letras que falam da luta e a forma como a m\u00fasica pode ser uma arma de consci\u00eancia e mudan\u00e7a social.<\/p>\n<p>Os ritmos afro-brasileiros, como o afox\u00e9 e o maracatu, tamb\u00e9m ocupam espa\u00e7o na programa\u00e7\u00e3o. Essas manifesta\u00e7\u00f5es culturais trazem a for\u00e7a das tradi\u00e7\u00f5es africanas para o cen\u00e1rio contempor\u00e2neo, criando um sentido de pertencimento e continuidade entre as gera\u00e7\u00f5es. Por meio da m\u00fasica, o Saur\u00ea Palmares prop\u00f5e uma reflex\u00e3o sobre a identidade, a resist\u00eancia e a mem\u00f3ria do povo negro, um aspecto essencial na forma\u00e7\u00e3o da nossa sociedade.<\/p>\n<h2>\u00c1reas de Atra\u00e7\u00e3o e Estacionamento<\/h2>\n<p>O Saur\u00ea Palmares, al\u00e9m de ser um evento cultural, tamb\u00e9m \u00e9 pensado para garantir que todos os participantes tenham conforto e seguran\u00e7a durante a festividade. A organiza\u00e7\u00e3o do evento se dedica a criar \u00e1reas de atra\u00e7\u00e3o, com palcos e espa\u00e7os para apresenta\u00e7\u00f5es que s\u00e3o acess\u00edveis a todos.<\/p>\n<p>As \u00e1reas de atra\u00e7\u00e3o s\u00e3o cuidadosamente selecionadas para criar um ambiente acolhedor e com f\u00e1cil acesso. Normalmente, o festival \u00e9 realizado em locais como o estacionamento do Mercado 31, local privilegiado que permite um bom fluxo de movimento e f\u00e1cil locomo\u00e7\u00e3o para o p\u00fablico. Para visitantes que v\u00eam de outras partes da cidade ou at\u00e9 mesmo de fora dela, quest\u00f5es como estacionamento s\u00e3o levadas em considera\u00e7\u00e3o. Com o aumento de p\u00fablico estimado, a prefeitura coordena os espa\u00e7os de estacionamento pr\u00f3ximos ao local do evento para garantir que todos possam aproveitar ao m\u00e1ximo a experi\u00eancia sem preocupa\u00e7\u00e3o.<\/p>\n<p>Adicionalmente, informa\u00e7\u00f5es sobre como chegar, op\u00e7\u00f5es de transporte p\u00fablico e seguran\u00e7a s\u00e3o disponibilizadas com anteced\u00eancia nas m\u00eddias sociais e tamb\u00e9m em sites oficiais. Desta forma, todos podem planejar melhor sua participa\u00e7\u00e3o, e aqueles que utilizam transporte coletivo tamb\u00e9m s\u00e3o incentivados a aproveitar as oportunidades que a cidade oferece.<\/p>\n<h2>Como o Saur\u00ea Palmares Celebra a Diversidade?<\/h2>\n<p>Um dos aspectos mais importantes do Saur\u00ea Palmares \u00e9 a sua capacidade de celebrar a diversidade. O festival se transforma em um espa\u00e7o onde diferentes express\u00f5es culturais se encontram e se entrela\u00e7am, promovendo um di\u00e1logo entre as v\u00e1rias identidades que comp\u00f5em o Brasil.<\/p>\n<p>O evento re\u00fane n\u00e3o apenas artistas e grupos afro-brasileiros, mas tamb\u00e9m convidados de diversas etnias e origens, promovendo um ambiente de respeito e troca cultural. Essa diversidade n\u00e3o se limita apenas \u00e0 m\u00fasica, mas tamb\u00e9m se estende a artes pl\u00e1sticas, dan\u00e7as e outras manifesta\u00e7\u00f5es culturais que representam a riqueza do Brasil.<\/p>\n<p>A programa\u00e7\u00e3o do festival \u00e9 cuidadosamente elaborada para garantir que todos os grupos sejam representados, refletindo assim a pluralidade e a riqueza cultural que existe n\u00e3o apenas em Macei\u00f3, mas em todo o pa\u00eds. Atrav\u00e9s do Saur\u00ea Palmares, a FMAC promove a cria\u00e7\u00e3 de novos la\u00e7os e redes entre grupos culturais, incentivando a troca de ideias e a inclus\u00e3o.<\/p>\n<p>Al\u00e9m disso, a inclus\u00e3o de debates e rodas de conversa durante o festival refor\u00e7a a import\u00e2ncia de compreender e discutir quest\u00f5es relacionadas \u00e0s identidades, ao racismo e \u00e0 luta por direitos. As atividades propostas n\u00e3o s\u00f3 entret\u00eam, mas tamb\u00e9m educam e conscientizam a popula\u00e7\u00e3o sobre a relev\u00e2ncia da diversidade no contexto atual, chamando a aten\u00e7\u00e3o para a import\u00e2ncia de um espa\u00e7o cultural inclusivo para todos.<\/p>\n<h2>A Banda Olodum e sua Influ\u00eancia<\/h2>\n<p>A Banda Olodum \u00e9 uma das principais atra\u00e7\u00f5es do Saur\u00ea Palmares, sendo um dos \u00edcones da m\u00fasica afro-brasileira e um s\u00edmbolo da luta cultural e social. Fundada em 1979, em Salvador, a banda tornou-se famosa por suas apresenta\u00e7\u00f5es vibrantes e engajadas, que misturam ritmos afro, samba e outras influ\u00eancias brasileiras. A forte presen\u00e7a da Banda Olodum no Saur\u00ea Palmares traz \u00e0 tona a import\u00e2ncia de suas letras, que falam sobre a luta contra o racismo e a valoriza\u00e7\u00e3o da cultura afro-brasileira.<\/p>\n<p>A influ\u00eancia da Banda Olodum vai al\u00e9m da m\u00fasica. O grupo \u00e9 tamb\u00e9m conhecido por seu trabalho comunit\u00e1rio e social, que visa promover a inclus\u00e3o e a participa\u00e7\u00e3o da popula\u00e7\u00e3o negra nas quest\u00f5es sociais e pol\u00edticas do Brasil. Suas apresenta\u00e7\u00f5es no festival s\u00e3o sempre recheadas de energia e emo\u00e7\u00e3o, unindo pessoas de diferentes origens em uma s\u00f3 celebra\u00e7\u00e3o. As batidas contagiantes da banda s\u00e3o um convite \u00e0 dan\u00e7a e \u00e0 celebra\u00e7\u00e3o da identidade afro-brasileira.<\/p>\n<p>Com sua participa\u00e7\u00e3o no Saur\u00ea Palmares, a Banda Olodum reafirma o papel da m\u00fasica como um meio poderoso de resist\u00eancia e transforma\u00e7\u00e3o social. A cada performance, ela resgata a hist\u00f3ria do povo negro e coloca em destaque a luta pela igualdade e pelos direitos, trazendo uma reflex\u00e3o importante sobre a cultura e a identidade brasileira.<\/p>\n<h2>Entrevista com o Presidente da FMAC<\/h2>\n<p>Na prepara\u00e7\u00e3o para a edi\u00e7\u00e3o deste ano do Saur\u00ea Palmares, a equipe da FMAC teve a oportunidade de conversar com o presidente da funda\u00e7\u00e3o, Myriel Neto. Em nossa conversa, ele compartilhou sobre os objetivos do festival e a import\u00e2ncia de celebrar a cultura afro-brasileira. Myriel enfatizou que \u201co Saur\u00ea Palmares \u00e9 mais do que um evento cultural, \u00e9 um espa\u00e7o de resist\u00eancia, de valoriza\u00e7\u00e3o da nossa hist\u00f3ria e de afirma\u00e7\u00e3o da identidade negra.\u201d<\/p>\n<p>Myriel tamb\u00e9m destacou a relev\u00e2ncia do festival para a cidade de Macei\u00f3 e a necessidade de fortalecer as pol\u00edticas p\u00fablicas voltadas \u00e0 cultura e diversidade. &#8220;A m\u00fasica e a arte s\u00e3o fundamentais na constru\u00e7\u00e3o da identidade e, ao promovermos eventos como o Saur\u00ea Palmares, reafirmamos nosso compromisso com a cultura de nosso povo,\u201d disse ele. Em sua vis\u00e3o, o festival \u00e9 essencial para a educar a popula\u00e7\u00e3o sobre a import\u00e2ncia da cultura afro-brasileira e para fornecer um espa\u00e7o de reconhecimento \u00e0quelas vozes que muitas vezes s\u00e3o silenciadas.<\/p>\n<p>Quando questionado sobre as expectativas para este ano, Myriel expressou grandes esperan\u00e7as quanto \u00e0 participa\u00e7\u00e3o da comunidade. &#8220;Esperamos que o p\u00fablico compare\u00e7a em peso, pois cada pessoa que vem contribui para o sucesso do evento. O Saur\u00ea Palmares \u00e9 um evento dos cidad\u00e3os, que se colocam em um lugar de celebra\u00e7\u00e3o e valoriza\u00e7\u00e3o de sua cultura.\u201d Ele tamb\u00e9m ressaltou que a FMAC est\u00e1 trabalhando para que o evento seja acess\u00edvel a todos, promovendo parcerias que garantam transporte e seguran\u00e7a para todos os participantes.<\/p>\n<h2>A Cultura Afro-Brasileira em Macei\u00f3<\/h2>\n<p>A cultura afro-brasileira desempenha um papel essencial na forma\u00e7\u00e3o da identidade cultural de Macei\u00f3. A cidade, com suas ra\u00edzes hist\u00f3ricas e diversos grupos \u00e9tnicos, \u00e9 um celeiro de tradi\u00e7\u00f5es que refletem a rica heran\u00e7a africana. Dentro desse contexto, o Saur\u00ea Palmares tem se tornado um importante canal de celebra\u00e7\u00e3o e preserva\u00e7\u00e3o dessas tradi\u00e7\u00f5es.<\/p>\n<p>Macei\u00f3 possui um legado cultural profundo que \u00e9 evidente em suas dan\u00e7as, m\u00fasicas e festas populares. A influ\u00eancia africana \u00e9 not\u00f3ria nos ritmos de coco, maracatu e na capoeira, que s\u00e3o parte das tradi\u00e7\u00f5es locais. Gra\u00e7as a festas como o Saur\u00ea Palmares, essas manifesta\u00e7\u00f5es culturais s\u00e3o mantidas vivas e adaptadas \u00e0s novas realidades, garantindo que as gera\u00e7\u00f5es futuras conhe\u00e7am e valorizem sua hist\u00f3ria.<\/p>\n<p>Nesse sentido, o festival n\u00e3o s\u00f3 promove as tradi\u00e7\u00f5es existentes, mas tamb\u00e9m abre espa\u00e7o para novas vozes e criadores. Artistas emergentes t\u00eam a oportunidade de apresentar suas obras e a comunidade tamb\u00e9m \u00e9 convidada a participar, contribuindo para um ambiente plural e din\u00e2mico.<\/p>\n<h2>Expectativas para o Evento deste Ano<\/h2>\n<p>As expectativas para o Saur\u00ea Palmares deste ano est\u00e3o elevadas. Com uma programa\u00e7\u00e3o diversificada e a participa\u00e7\u00e3o de artistas renomados, h\u00e1 muito entusiasmo em torno do evento. A FMAC tem se esfor\u00e7ado para proporcionar uma experi\u00eancia enriquecedora, n\u00e3o s\u00f3 do ponto de vista cultural, mas tamb\u00e9m social.<\/p>\n<p>As expectativas incluem um aumento no p\u00fablico e maior intera\u00e7\u00e3o entre os participantes. A organiza\u00e7\u00e3o est\u00e1 atenta \u00e0s quest\u00f5es de acessibilidade, promovendo cooperativas locais e garantindo que o evento seja aberto a todos. O festival tem atra\u00eddo cada vez mais turistas que se interessam por culturas e tradi\u00e7\u00f5es afro-brasileiras, tornando-o um atrativo tur\u00edstico mais importante na regi\u00e3o.<\/p>\n<p>A FMAC tamb\u00e9m implementou uma s\u00e9rie de atividades paralelas, como oficinas de dan\u00e7a e m\u00fasica, bem como debates sobre quest\u00f5es sociais que afetam a popula\u00e7\u00e3o negra. A meta \u00e9 fazer com que o Saur\u00ea Palmares seja um evento que n\u00e3o s\u00f3 celebre a cultura, mas tamb\u00e9m informe e eduque sobre a hist\u00f3ria e os desafios do povo afro-brasileiro.<\/p>\n<h2>Como Participar do Saur\u00ea Palmares<\/h2>\n<p>Participar do Saur\u00ea Palmares \u00e9 uma oportunidade incr\u00edvel para vivenciar e celebrar a cultura afro-brasileira de maneira festiva e educativa. O evento \u00e9 voltado para todos, e cada pessoa tem a chance de contribuir com sua presen\u00e7a e envolvimento nas atividades.<\/p>\n<p>Os interessados podem acompanhar as informa\u00e7\u00f5es e a programa\u00e7\u00e3o atrav\u00e9s do site oficial da prefeitura de Macei\u00f3 e das redes sociais da FMAC. As datas e hor\u00e1rios s\u00e3o divulgados com anteced\u00eancia, permitindo que as pessoas planejem suas visitas. Al\u00e9m disso, \u00e9 fundamental que a comunidade esteja ciente da import\u00e2ncia do evento e incentive amigos e familiares a comparecer.<\/p>\n<p>As oficinas e palestras s\u00e3o abertas para inscri\u00e7\u00f5es, e os participantes s\u00e3o bem-vindos a se envolverem ativamente nas discuss\u00f5es que permeiam a cultura e a identidade afro-brasileira. Para aqueles que forem ao festival, \u00e9 sempre bom chegar cedo para aproveitar toda a programa\u00e7\u00e3o e garantir um bom lugar para assistir \u00e0s apresenta\u00e7\u00f5es.<\/p>\n<p>Portanto, ao participar do Saur\u00ea Palmares, al\u00e9m de desfrutar de um evento incr\u00edvel, voc\u00ea tamb\u00e9m se une a um movimento maior de valoriza\u00e7\u00e3o e resist\u00eancia cultural. \u00c9 uma chance de contribuir para uma sociedade mais justa e igualit\u00e1ria, tornando-se parte da hist\u00f3ria e da luta do povo afro-brasileiro.<\/p>\n\n<div style=\"font-size: 0px; height: 0px; line-height: 0px; margin: 0; padding: 0; clear: both;\"><\/div>","protected":false},"excerpt":{"rendered":"<p>Saur\u00ea Palmares destaca a cultura afro-brasileira em Macei\u00f3 nesta quarta-feira (19).<\/p>\n","protected":false},"author":1,"featured_media":2974,"comment_status":"closed","ping_status":"closed","sticky":false,"template":"","format":"standard","meta":{"footnotes":""},"categories":[1],"tags":[],"class_list":["post-2975","post","type-post","status-publish","format-standard","has-post-thumbnail","hentry","category-noticias-em-maceio","has_thumb"],"aioseo_notices":[],"_links":{"self":[{"href":"https:\/\/www.encontramaceio.com.br\/sobre\/wp-json\/wp\/v2\/posts\/2975","targetHints":{"allow":["GET"]}}],"collection":[{"href":"https:\/\/www.encontramaceio.com.br\/sobre\/wp-json\/wp\/v2\/posts"}],"about":[{"href":"https:\/\/www.encontramaceio.com.br\/sobre\/wp-json\/wp\/v2\/types\/post"}],"author":[{"embeddable":true,"href":"https:\/\/www.encontramaceio.com.br\/sobre\/wp-json\/wp\/v2\/users\/1"}],"replies":[{"embeddable":true,"href":"https:\/\/www.encontramaceio.com.br\/sobre\/wp-json\/wp\/v2\/comments?post=2975"}],"version-history":[{"count":0,"href":"https:\/\/www.encontramaceio.com.br\/sobre\/wp-json\/wp\/v2\/posts\/2975\/revisions"}],"wp:featuredmedia":[{"embeddable":true,"href":"https:\/\/www.encontramaceio.com.br\/sobre\/wp-json\/wp\/v2\/media\/2974"}],"wp:attachment":[{"href":"https:\/\/www.encontramaceio.com.br\/sobre\/wp-json\/wp\/v2\/media?parent=2975"}],"wp:term":[{"taxonomy":"category","embeddable":true,"href":"https:\/\/www.encontramaceio.com.br\/sobre\/wp-json\/wp\/v2\/categories?post=2975"},{"taxonomy":"post_tag","embeddable":true,"href":"https:\/\/www.encontramaceio.com.br\/sobre\/wp-json\/wp\/v2\/tags?post=2975"}],"curies":[{"name":"wp","href":"https:\/\/api.w.org\/{rel}","templated":true}]}}