{"id":275,"date":"2013-06-26T00:01:53","date_gmt":"2013-06-26T03:01:53","guid":{"rendered":"http:\/\/www.encontramaceio.com.br\/noticias\/?p=275"},"modified":"2019-04-15T10:50:22","modified_gmt":"2019-04-15T13:50:22","slug":"agentes-de-saude-de-maceio-dizem-que-faltam-condicoes-de-trabalho","status":"publish","type":"post","link":"https:\/\/www.encontramaceio.com.br\/sobre\/agentes-de-saude-de-maceio-dizem-que-faltam-condicoes-de-trabalho\/","title":{"rendered":"Agentes de sa\u00fade de Macei\u00f3 dizem que faltam condi\u00e7\u00f5es de trabalho"},"content":{"rendered":"<div class=\"dcb782f0616bca5484400fea6b37e93d\" data-index=\"1\" style=\"float: none; margin:0px;\">\n<script async src=\"https:\/\/pagead2.googlesyndication.com\/pagead\/js\/adsbygoogle.js?client=ca-pub-8585364105181520\"\r\n     crossorigin=\"anonymous\"><\/script>\r\n<!-- Anuncio display - global -->\r\n<ins class=\"adsbygoogle\"\r\n     style=\"display:block\"\r\n     data-ad-client=\"ca-pub-8585364105181520\"\r\n     data-ad-slot=\"8789329856\"\r\n     data-ad-format=\"auto\"\r\n     data-full-width-responsive=\"true\"><\/ins>\r\n<script>\r\n     (adsbygoogle = window.adsbygoogle || []).push({});\r\n<\/script>\n<\/div>\n<p>A falta de Equipamentos de Prote\u00e7\u00e3o Individual (EPI), a exemplo de coletes e luvas para o manuseio de produtos t\u00f3xicos tem impedido agentes de combate \u00e0s endemias de desenvolver suas fun\u00e7\u00f5es em\u00a0Macei\u00f3. Al\u00e9m disso, a categoria reclama de falta de estrutura nos pontos de apoio nos bairros em que realizam as visitas \u00e0s casas da popula\u00e7\u00e3o.<\/p>\n<p>&#8220;N\u00e3o temos batas de identifica\u00e7\u00e3o sucifiente, as \u00faltimas nos foram dadas em 2011. N\u00f3s precisamos aplicar um produto nas resid\u00eancias em que tenham ac\u00famulos de \u00e1gua para combater o foco do mosquito da dengue. A Anvisa j\u00e1 o considerou altamente t\u00f3xico, mas s\u00f3 usamos uma luva usada em padaria, que n\u00e3o \u00e9 adequada para esse servi\u00e7o&#8221;, diz o presidente do Sindicato Municipal dos Agentes de Combate \u00e0s Endemias de Macei\u00f3 (Simacem), Arnaldo Luiz.<\/p>\n<p>Os cerca de 800 agentes de sa\u00fade s\u00e3o distribu\u00eddos em 11 distritos da capital alagoana. De acordo com o presidente do Simacem, falta estrutura nos pontos de apoio. &#8220;N\u00f3s ficamos em escolas ou \u00f3rg\u00e3os da prefeitura nos bairros, j\u00e1 que n\u00e3o nos querem nos postos de sa\u00fade por causa do produto forte que usamos. Nesses locais muitas vezes n\u00e3o t\u00eam banheiro e nem instala\u00e7\u00e3o adequada para a categoria&#8221;, destaca.<\/p>\n<p>&#8220;Por causa da falta de equipamentos, o pessoal acaba indo para os pontos de apoio, mas ficam de bra\u00e7os cruzados, s\u00f3 para cumprir hor\u00e1rio. Os outros agentes acabam sendo sobrecarregados e quem se prejudica \u00e9 a popula\u00e7\u00e3o, que fica sem o servi\u00e7o&#8221;, afirma.<\/p>\n<p>Segundo o sindicalista, os problemas que a categoria enfrentam j\u00e1 foram relatados ao secret\u00e1rio de Sa\u00fade de Macei\u00f3, na semana passada.<\/p>\n<p>&#8220;Na \u00faltima semana, falamos ao secret\u00e1rio que se o munic\u00edpio n\u00e3o se posicionar at\u00e9 a quinta-feira (27) n\u00f3s convocaremos uma assembleia-geral para discutir sobre indicativo de greve. Entramos com um processo administrativo no m\u00eas passado e estivemos presentes em uma audi\u00eancia p\u00fablica na C\u00e2mara de Vereadores para registrar nossos problemas&#8221;, frisa.<\/p>\n<p>Ainda de acordo com o sindicalista, a categoria cobra a inclus\u00e3o dos profissionais no Plano de Cargos e Carreira da Sa\u00fade e o pagamento de benef\u00edcios que, segundo ele, foi cortado com a mudan\u00e7a do regime estatut\u00e1rio.<\/p>\n<p>No \u00faltimo dia 8 de junho, quando a Secretaria do Estado da Sa\u00fade (Sesau) fechou o relat\u00f3rio da 23\u00aa semana epidemiol\u00f3gica, havia 2.346 casos confirmados de dengue no Estado, sendo 1602 notificados somente na capital alagoana.<\/p>\n<p>A reportagem entrou em contado com a Secretaria da Sa\u00fade sobre as den\u00fancias apresentadas pelos agentes, mas n\u00e3o obteve retorno at\u00e9 o fechamento desta mat\u00e9ria.<\/p>\n<p><em>Fonte: G1<\/em><\/p>\n\n<div style=\"font-size: 0px; height: 0px; line-height: 0px; margin: 0; padding: 0; clear: both;\"><\/div>","protected":false},"excerpt":{"rendered":"<p>A falta de Equipamentos de Prote\u00e7\u00e3o Individual (EPI), a exemplo de coletes e luvas para o manuseio de produtos t\u00f3xicos tem impedido agentes de combate \u00e0s endemias de desenvolver suas fun\u00e7\u00f5es em\u00a0Macei\u00f3. Al\u00e9m disso, a categoria reclama de falta de estrutura nos pontos de apoio nos bairros em que realizam as visitas \u00e0s casas da popula\u00e7\u00e3o. &#8220;N\u00e3o temos batas de identifica\u00e7\u00e3o sucifiente, as \u00faltimas nos foram dadas em 2011. N\u00f3s precisamos aplicar um produto nas resid\u00eancias em que tenham ac\u00famulos de \u00e1gua para combater o foco do mosquito da dengue. A Anvisa j\u00e1 o considerou altamente t\u00f3xico, mas s\u00f3 usamos <\/p>\n","protected":false},"author":1,"featured_media":0,"comment_status":"open","ping_status":"closed","sticky":false,"template":"","format":"standard","meta":{"footnotes":""},"categories":[1,7],"tags":[10],"class_list":["post-275","post","type-post","status-publish","format-standard","hentry","category-noticias-em-maceio","category-servicos-em-maceio","tag-maceio"],"aioseo_notices":[],"_links":{"self":[{"href":"https:\/\/www.encontramaceio.com.br\/sobre\/wp-json\/wp\/v2\/posts\/275","targetHints":{"allow":["GET"]}}],"collection":[{"href":"https:\/\/www.encontramaceio.com.br\/sobre\/wp-json\/wp\/v2\/posts"}],"about":[{"href":"https:\/\/www.encontramaceio.com.br\/sobre\/wp-json\/wp\/v2\/types\/post"}],"author":[{"embeddable":true,"href":"https:\/\/www.encontramaceio.com.br\/sobre\/wp-json\/wp\/v2\/users\/1"}],"replies":[{"embeddable":true,"href":"https:\/\/www.encontramaceio.com.br\/sobre\/wp-json\/wp\/v2\/comments?post=275"}],"version-history":[{"count":2,"href":"https:\/\/www.encontramaceio.com.br\/sobre\/wp-json\/wp\/v2\/posts\/275\/revisions"}],"predecessor-version":[{"id":412,"href":"https:\/\/www.encontramaceio.com.br\/sobre\/wp-json\/wp\/v2\/posts\/275\/revisions\/412"}],"wp:attachment":[{"href":"https:\/\/www.encontramaceio.com.br\/sobre\/wp-json\/wp\/v2\/media?parent=275"}],"wp:term":[{"taxonomy":"category","embeddable":true,"href":"https:\/\/www.encontramaceio.com.br\/sobre\/wp-json\/wp\/v2\/categories?post=275"},{"taxonomy":"post_tag","embeddable":true,"href":"https:\/\/www.encontramaceio.com.br\/sobre\/wp-json\/wp\/v2\/tags?post=275"}],"curies":[{"name":"wp","href":"https:\/\/api.w.org\/{rel}","templated":true}]}}