{"id":265,"date":"2013-06-20T00:01:51","date_gmt":"2013-06-20T03:01:51","guid":{"rendered":"http:\/\/www.encontramaceio.com.br\/noticias\/?p=265"},"modified":"2019-04-15T10:50:22","modified_gmt":"2019-04-15T13:50:22","slug":"teatro-gustavo-leite-em-maceio-sofre-com-a-falta-de-manutencao","status":"publish","type":"post","link":"https:\/\/www.encontramaceio.com.br\/sobre\/teatro-gustavo-leite-em-maceio-sofre-com-a-falta-de-manutencao\/","title":{"rendered":"Teatro Gustavo Leite em Macei\u00f3 sofre com a falta de manuten\u00e7\u00e3o"},"content":{"rendered":"<div class=\"dcb782f0616bca5484400fea6b37e93d\" data-index=\"1\" style=\"float: none; margin:0px;\">\n<script async src=\"https:\/\/pagead2.googlesyndication.com\/pagead\/js\/adsbygoogle.js?client=ca-pub-8585364105181520\"\r\n     crossorigin=\"anonymous\"><\/script>\r\n<!-- Anuncio display - global -->\r\n<ins class=\"adsbygoogle\"\r\n     style=\"display:block\"\r\n     data-ad-client=\"ca-pub-8585364105181520\"\r\n     data-ad-slot=\"8789329856\"\r\n     data-ad-format=\"auto\"\r\n     data-full-width-responsive=\"true\"><\/ins>\r\n<script>\r\n     (adsbygoogle = window.adsbygoogle || []).push({});\r\n<\/script>\n<\/div>\n<p>Inaugurado h\u00e1 8 anos em\u00a0Macei\u00f3, o Centro de Conven\u00e7\u00f5es recebe os maiores espet\u00e1culos nacionais e internacionais. O Teatro Gustavo Leite com capacidade para acomodar 1.200 pessoas sentadas confortavelmente chama a aten\u00e7\u00e3o pelo espa\u00e7o bem projetado. Mas quando olhamos detalhadamente o local feito para receber as diversas express\u00f5es culturais na capital alagoana, encontramos o descaso com a manuten\u00e7\u00e3o.<\/p>\n<p>Os carpetes est\u00e3o sujos, muito manchados e rasgados em v\u00e1rios pontos por onde circula o p\u00fablico. As poltronas n\u00e3o ficam atr\u00e1s, algumas est\u00e3o quebradas, com o encosto rasgado, o bra\u00e7o solto e acabamentos fora do lugar. Algumas luzes de sinaliza\u00e7\u00e3o para o p\u00fablico encontrar a poltrona no escuro est\u00e3o queimadas, outras danificadas.<\/p>\n<p>Muitas pessoas reclamam que pagam caro e o teatro n\u00e3o tem estrutura. &#8220;\u00c9 uma pena que um teatro como este esteja desse jeito. Os shows s\u00e3o uma fortuna e o que podemos perceber \u00e9 o local sujo e com a estrutura danificada&#8221;, diz um expectador.<\/p>\n<p>N\u00e3o \u00e9 s\u00f3 a falta de manuten\u00e7\u00e3o, o p\u00fablico tem a sua parcela de culpa. Flagramos dezenas de chicletes grudados nos assentos e nos carpetes. A parede do banheiro feminino tamb\u00e9m deixa a desejar. Parte do reboco caiu e deixou o local com cara de abandono.<\/p>\n<p>A Secretaria de Estado do Turismo \u00e9 a gestora do Centro de Conven\u00e7\u00f5es e respons\u00e1vel pela manuten\u00e7\u00e3o do local. A secret\u00e1ria Danielle Novis diz que foi feita uma manuten\u00e7\u00e3o no ano passado no Teatro Gustavo Leite. Sobre a limpeza dos carpetes, a secret\u00e1ria explicou que de tr\u00eas em tr\u00eas anos \u00e9 feita a limpeza.<\/p>\n<p>&#8220;S\u00f3 para fazer os reparos nas poltronas e carpetes mostrados na reportagem, seriam necess\u00e1rio quase R$ 2 milh\u00f5es. N\u00f3s temos outras prioridades. H\u00e1 um ano estamos na fase de climatiza\u00e7\u00e3o de todo o Centro de Conven\u00e7\u00f5es&#8221;, diz.<\/p>\n<p>Ainda segundo Danielle, j\u00e1 foram viabilizados mais de R$ 13 milh\u00f5es para a constru\u00e7\u00e3o de outros audit\u00f3rios no Centro de Conven\u00e7\u00f5es. &#8220;O que sobra da arrecada\u00e7\u00e3o dos espet\u00e1culos \u00e9 muito pouco e n\u00e3o tem como custear essas despesas&#8221;, afirma a secret\u00e1ria de Estado do Turismo, Danielle Novis.<\/p>\n<p><em>Fonte: G1<\/em><\/p>\n\n<div style=\"font-size: 0px; height: 0px; line-height: 0px; margin: 0; padding: 0; clear: both;\"><\/div>","protected":false},"excerpt":{"rendered":"<p>Inaugurado h\u00e1 8 anos em\u00a0Macei\u00f3, o Centro de Conven\u00e7\u00f5es recebe os maiores espet\u00e1culos nacionais e internacionais. O Teatro Gustavo Leite com capacidade para acomodar 1.200 pessoas sentadas confortavelmente chama a aten\u00e7\u00e3o pelo espa\u00e7o bem projetado. Mas quando olhamos detalhadamente o local feito para receber as diversas express\u00f5es culturais na capital alagoana, encontramos o descaso com a manuten\u00e7\u00e3o. Os carpetes est\u00e3o sujos, muito manchados e rasgados em v\u00e1rios pontos por onde circula o p\u00fablico. As poltronas n\u00e3o ficam atr\u00e1s, algumas est\u00e3o quebradas, com o encosto rasgado, o bra\u00e7o solto e acabamentos fora do lugar. Algumas luzes de sinaliza\u00e7\u00e3o para o p\u00fablico <\/p>\n","protected":false},"author":1,"featured_media":0,"comment_status":"open","ping_status":"closed","sticky":false,"template":"","format":"standard","meta":{"footnotes":""},"categories":[1,7],"tags":[10],"class_list":["post-265","post","type-post","status-publish","format-standard","hentry","category-noticias-em-maceio","category-servicos-em-maceio","tag-maceio"],"aioseo_notices":[],"_links":{"self":[{"href":"https:\/\/www.encontramaceio.com.br\/sobre\/wp-json\/wp\/v2\/posts\/265","targetHints":{"allow":["GET"]}}],"collection":[{"href":"https:\/\/www.encontramaceio.com.br\/sobre\/wp-json\/wp\/v2\/posts"}],"about":[{"href":"https:\/\/www.encontramaceio.com.br\/sobre\/wp-json\/wp\/v2\/types\/post"}],"author":[{"embeddable":true,"href":"https:\/\/www.encontramaceio.com.br\/sobre\/wp-json\/wp\/v2\/users\/1"}],"replies":[{"embeddable":true,"href":"https:\/\/www.encontramaceio.com.br\/sobre\/wp-json\/wp\/v2\/comments?post=265"}],"version-history":[{"count":1,"href":"https:\/\/www.encontramaceio.com.br\/sobre\/wp-json\/wp\/v2\/posts\/265\/revisions"}],"predecessor-version":[{"id":266,"href":"https:\/\/www.encontramaceio.com.br\/sobre\/wp-json\/wp\/v2\/posts\/265\/revisions\/266"}],"wp:attachment":[{"href":"https:\/\/www.encontramaceio.com.br\/sobre\/wp-json\/wp\/v2\/media?parent=265"}],"wp:term":[{"taxonomy":"category","embeddable":true,"href":"https:\/\/www.encontramaceio.com.br\/sobre\/wp-json\/wp\/v2\/categories?post=265"},{"taxonomy":"post_tag","embeddable":true,"href":"https:\/\/www.encontramaceio.com.br\/sobre\/wp-json\/wp\/v2\/tags?post=265"}],"curies":[{"name":"wp","href":"https:\/\/api.w.org\/{rel}","templated":true}]}}