{"id":263,"date":"2013-06-20T00:01:59","date_gmt":"2013-06-20T03:01:59","guid":{"rendered":"http:\/\/www.encontramaceio.com.br\/noticias\/?p=263"},"modified":"2019-04-15T10:50:22","modified_gmt":"2019-04-15T13:50:22","slug":"governo-divulga-feriados-estaduais-para-maceio-e-demais-cidades","status":"publish","type":"post","link":"https:\/\/www.encontramaceio.com.br\/sobre\/governo-divulga-feriados-estaduais-para-maceio-e-demais-cidades\/","title":{"rendered":"Governo divulga feriados estaduais para Macei\u00f3 e demais cidades"},"content":{"rendered":"<div class=\"dcb782f0616bca5484400fea6b37e93d\" data-index=\"1\" style=\"float: none; margin:0px;\">\n<script async src=\"https:\/\/pagead2.googlesyndication.com\/pagead\/js\/adsbygoogle.js?client=ca-pub-8585364105181520\"\r\n     crossorigin=\"anonymous\"><\/script>\r\n<!-- Anuncio display - global -->\r\n<ins class=\"adsbygoogle\"\r\n     style=\"display:block\"\r\n     data-ad-client=\"ca-pub-8585364105181520\"\r\n     data-ad-slot=\"8789329856\"\r\n     data-ad-format=\"auto\"\r\n     data-full-width-responsive=\"true\"><\/ins>\r\n<script>\r\n     (adsbygoogle = window.adsbygoogle || []).push({});\r\n<\/script>\n<\/div>\n<p>O Governo do Estado de Alagoas, por meio do Decreto n\u00ba 17.077, de 14 de dezembro de 2011, divulga que os dias 24 e 29 de junho s\u00e3o considerados feriados estaduais.<\/p>\n<p>Portanto, \u00f3rg\u00e3os e entidades da Administra\u00e7\u00e3o P\u00fablica Estadual do Poder Executivo ter\u00e3o suas atividades suspensas nessas duas datas. Os trabalhos em todas as reparti\u00e7\u00f5es p\u00fablicas voltar\u00e3o \u00e0 normalidade a partir do primeiro dia \u00fatil subsequente a cada data.<\/p>\n<p>O Decreto n\u00ba 17.077 foi publicado no Di\u00e1rio Oficial do Estado (DOE) em 15 de dezembro de 2011.<\/p>\n<p><em>Fonte: Alagoas 24 Horas<\/em><\/p>\n\n<div style=\"font-size: 0px; height: 0px; line-height: 0px; margin: 0; padding: 0; clear: both;\"><\/div>","protected":false},"excerpt":{"rendered":"<p>O Governo do Estado de Alagoas, por meio do Decreto n\u00ba 17.077, de 14 de dezembro de 2011, divulga que os dias 24 e 29 de junho s\u00e3o considerados feriados estaduais. Portanto, \u00f3rg\u00e3os e entidades da Administra\u00e7\u00e3o P\u00fablica Estadual do Poder Executivo ter\u00e3o suas atividades suspensas nessas duas datas. Os trabalhos em todas as reparti\u00e7\u00f5es p\u00fablicas voltar\u00e3o \u00e0 normalidade a partir do primeiro dia \u00fatil subsequente a cada data. O Decreto n\u00ba 17.077 foi publicado no Di\u00e1rio Oficial do Estado (DOE) em 15 de dezembro de 2011. Fonte: Alagoas 24 Horas<\/p>\n","protected":false},"author":1,"featured_media":0,"comment_status":"open","ping_status":"closed","sticky":false,"template":"","format":"standard","meta":{"footnotes":""},"categories":[1,7],"tags":[10],"class_list":["post-263","post","type-post","status-publish","format-standard","hentry","category-noticias-em-maceio","category-servicos-em-maceio","tag-maceio"],"aioseo_notices":[],"_links":{"self":[{"href":"https:\/\/www.encontramaceio.com.br\/sobre\/wp-json\/wp\/v2\/posts\/263","targetHints":{"allow":["GET"]}}],"collection":[{"href":"https:\/\/www.encontramaceio.com.br\/sobre\/wp-json\/wp\/v2\/posts"}],"about":[{"href":"https:\/\/www.encontramaceio.com.br\/sobre\/wp-json\/wp\/v2\/types\/post"}],"author":[{"embeddable":true,"href":"https:\/\/www.encontramaceio.com.br\/sobre\/wp-json\/wp\/v2\/users\/1"}],"replies":[{"embeddable":true,"href":"https:\/\/www.encontramaceio.com.br\/sobre\/wp-json\/wp\/v2\/comments?post=263"}],"version-history":[{"count":2,"href":"https:\/\/www.encontramaceio.com.br\/sobre\/wp-json\/wp\/v2\/posts\/263\/revisions"}],"predecessor-version":[{"id":2656,"href":"https:\/\/www.encontramaceio.com.br\/sobre\/wp-json\/wp\/v2\/posts\/263\/revisions\/2656"}],"wp:attachment":[{"href":"https:\/\/www.encontramaceio.com.br\/sobre\/wp-json\/wp\/v2\/media?parent=263"}],"wp:term":[{"taxonomy":"category","embeddable":true,"href":"https:\/\/www.encontramaceio.com.br\/sobre\/wp-json\/wp\/v2\/categories?post=263"},{"taxonomy":"post_tag","embeddable":true,"href":"https:\/\/www.encontramaceio.com.br\/sobre\/wp-json\/wp\/v2\/tags?post=263"}],"curies":[{"name":"wp","href":"https:\/\/api.w.org\/{rel}","templated":true}]}}