{"id":246,"date":"2013-06-04T00:01:59","date_gmt":"2013-06-04T03:01:59","guid":{"rendered":"http:\/\/www.encontramaceio.com.br\/noticias\/?p=246"},"modified":"2019-04-15T10:50:23","modified_gmt":"2019-04-15T13:50:23","slug":"prefeitura-lanca-programacao-de-sao-joao-de-maceio","status":"publish","type":"post","link":"https:\/\/www.encontramaceio.com.br\/sobre\/prefeitura-lanca-programacao-de-sao-joao-de-maceio\/","title":{"rendered":"Prefeitura lan\u00e7a programa\u00e7\u00e3o de S\u00e3o Jo\u00e3o de Macei\u00f3"},"content":{"rendered":"<div class=\"dcb782f0616bca5484400fea6b37e93d\" data-index=\"1\" style=\"float: none; margin:0px;\">\n<script async src=\"https:\/\/pagead2.googlesyndication.com\/pagead\/js\/adsbygoogle.js?client=ca-pub-8585364105181520\"\r\n     crossorigin=\"anonymous\"><\/script>\r\n<!-- Anuncio display - global -->\r\n<ins class=\"adsbygoogle\"\r\n     style=\"display:block\"\r\n     data-ad-client=\"ca-pub-8585364105181520\"\r\n     data-ad-slot=\"8789329856\"\r\n     data-ad-format=\"auto\"\r\n     data-full-width-responsive=\"true\"><\/ins>\r\n<script>\r\n     (adsbygoogle = window.adsbygoogle || []).push({});\r\n<\/script>\n<\/div>\n<p>O prefeito Rui Palmeira e o presidente da Funda\u00e7\u00e3o Municipal de A\u00e7\u00e3o Cultural (FMAC), Vinicius Palmeira, lan\u00e7aram nesta segunda-feira, 3, a programa\u00e7\u00e3o do S\u00e3o Jo\u00e3o da <a href=\"http:\/\/www.encontramaceio.com.br\" target=\"_blank\">cidade Macei\u00f3<\/a>. O lan\u00e7amento acontece durante caf\u00e9 da manh\u00e3, \u00e0s 8 horas, no Mercado de Jaragu\u00e1. Na oportunidade ainda ser\u00e3o entregues os certificados de premia\u00e7\u00e3o referentes aos tr\u00eas editais lan\u00e7ados para os festejos do S\u00e3o Jo\u00e3o.<\/p>\n<p>Segundo o presidente da FMAC, o S\u00e3o Jo\u00e3o de Macei\u00f3 (<a href=\"http:\/\/www.encontraal.com.br\" target=\"_blank\">Estado de AL<\/a>) est\u00e1 sendo constru\u00eddo de forma participativa e democr\u00e1tica. Para isso a Funda\u00e7\u00e3o adotou a pol\u00edtica de editais como meio de selecionar as empresas e institui\u00e7\u00f5es sem fins lucrativos que desejassem participar do projeto. Foram lan\u00e7adas minutas para sele\u00e7\u00e3o de ajuda de custo e concurso para arraiais juninos dos bairros de Macei\u00f3; para produ\u00e7\u00e3o dos festejos juninos; e para sele\u00e7\u00e3o de projetos de cenografia destinados ao arraial central das festas juninas do munic\u00edpio.<\/p>\n<p>Somados, os recursos destinados \u00e0s premia\u00e7\u00f5es dos editais chegam a R$ 480 mil. O munic\u00edpio est\u00e1 investindo ainda em uma programa\u00e7\u00e3o art\u00edstica de qualidade prezando pela contrata\u00e7\u00e3o de artistas alagoanos, ou mesmo grupos renomados nacionalmente desde que seus trabalhos estejam adequados ao projeto \u2018De Jacinto a Toror\u00f3, S\u00e3o Jo\u00e3o \u00e9 em Macei\u00f3\u2019.<\/p>\n<p>\u201cNossa produ\u00e7\u00e3o musical \u00e9 riqu\u00edssima e vamos valorizar nossos artistas colocando nos palcos mais de 70 grupos locais\u201d, diz Vinicius Palmeira. \u201cIsso n\u00e3o significa excluir os grandes nomes da m\u00fasica brasileira. J\u00e1 temos confirmadas as presen\u00e7as de Jorge de Altinho, Fl\u00e1vio Jos\u00e9, Alcimar Monteiro, Nando Cordel, Khrystal, Quinteto Violado e Cl\u00e3 Brasil\u201d, anuncia.<\/p>\n<p>Este ano, o <a title=\"Eventos em Macei\u00f3\" href=\"http:\/\/www.encontramaceio.com.br\/e\/eventos-em-maceio.shtml\" target=\"_blank\">evento na cidade de Macei\u00f3<\/a> conta com programa\u00e7\u00e3o oficial para o Arraial Central, no bairro Jaragu\u00e1, onde acontecer\u00e3o shows, concursos de quadrilha junina e coco de roda; os alternativos ter\u00e3o festa diferenciada no palco do Forrock, no Posto 7, na Praia de Jati\u00faca; e durante todas as sextas-feiras do m\u00eas de junho nove trios de forr\u00f3 far\u00e3o a festa junina nos Mercados P\u00fablicos do Jacintinho, Jaragu\u00e1 e do Artesanato.<\/p>\n<p><em>Fonte: Alagoas 24 Horas<\/em><\/p>\n\n<div style=\"font-size: 0px; height: 0px; line-height: 0px; margin: 0; padding: 0; clear: both;\"><\/div>","protected":false},"excerpt":{"rendered":"<p>O prefeito Rui Palmeira e o presidente da Funda\u00e7\u00e3o Municipal de A\u00e7\u00e3o Cultural (FMAC), Vinicius Palmeira, lan\u00e7aram nesta segunda-feira, 3, a programa\u00e7\u00e3o do S\u00e3o Jo\u00e3o da cidade Macei\u00f3. O lan\u00e7amento acontece durante caf\u00e9 da manh\u00e3, \u00e0s 8 horas, no Mercado de Jaragu\u00e1. Na oportunidade ainda ser\u00e3o entregues os certificados de premia\u00e7\u00e3o referentes aos tr\u00eas editais lan\u00e7ados para os festejos do S\u00e3o Jo\u00e3o. Segundo o presidente da FMAC, o S\u00e3o Jo\u00e3o de Macei\u00f3 (Estado de AL) est\u00e1 sendo constru\u00eddo de forma participativa e democr\u00e1tica. Para isso a Funda\u00e7\u00e3o adotou a pol\u00edtica de editais como meio de selecionar as empresas e institui\u00e7\u00f5es <\/p>\n","protected":false},"author":1,"featured_media":0,"comment_status":"open","ping_status":"closed","sticky":false,"template":"","format":"standard","meta":{"footnotes":""},"categories":[1,7],"tags":[10],"class_list":["post-246","post","type-post","status-publish","format-standard","hentry","category-noticias-em-maceio","category-servicos-em-maceio","tag-maceio"],"aioseo_notices":[],"_links":{"self":[{"href":"https:\/\/www.encontramaceio.com.br\/sobre\/wp-json\/wp\/v2\/posts\/246","targetHints":{"allow":["GET"]}}],"collection":[{"href":"https:\/\/www.encontramaceio.com.br\/sobre\/wp-json\/wp\/v2\/posts"}],"about":[{"href":"https:\/\/www.encontramaceio.com.br\/sobre\/wp-json\/wp\/v2\/types\/post"}],"author":[{"embeddable":true,"href":"https:\/\/www.encontramaceio.com.br\/sobre\/wp-json\/wp\/v2\/users\/1"}],"replies":[{"embeddable":true,"href":"https:\/\/www.encontramaceio.com.br\/sobre\/wp-json\/wp\/v2\/comments?post=246"}],"version-history":[{"count":3,"href":"https:\/\/www.encontramaceio.com.br\/sobre\/wp-json\/wp\/v2\/posts\/246\/revisions"}],"predecessor-version":[{"id":419,"href":"https:\/\/www.encontramaceio.com.br\/sobre\/wp-json\/wp\/v2\/posts\/246\/revisions\/419"}],"wp:attachment":[{"href":"https:\/\/www.encontramaceio.com.br\/sobre\/wp-json\/wp\/v2\/media?parent=246"}],"wp:term":[{"taxonomy":"category","embeddable":true,"href":"https:\/\/www.encontramaceio.com.br\/sobre\/wp-json\/wp\/v2\/categories?post=246"},{"taxonomy":"post_tag","embeddable":true,"href":"https:\/\/www.encontramaceio.com.br\/sobre\/wp-json\/wp\/v2\/tags?post=246"}],"curies":[{"name":"wp","href":"https:\/\/api.w.org\/{rel}","templated":true}]}}