{"id":1974,"date":"2019-02-14T15:52:33","date_gmt":"2019-02-14T17:52:33","guid":{"rendered":"https:\/\/www.encontramaceio.com.br\/sobre\/?p=1974"},"modified":"2019-04-15T10:48:12","modified_gmt":"2019-04-15T13:48:12","slug":"casa-vieira-maceio","status":"publish","type":"post","link":"https:\/\/www.encontramaceio.com.br\/sobre\/casa-vieira-maceio\/","title":{"rendered":"Casa Vieira Macei\u00f3"},"content":{"rendered":"<div class=\"dcb782f0616bca5484400fea6b37e93d\" data-index=\"1\" style=\"float: none; margin:0px;\">\n<script async src=\"https:\/\/pagead2.googlesyndication.com\/pagead\/js\/adsbygoogle.js?client=ca-pub-8585364105181520\"\r\n     crossorigin=\"anonymous\"><\/script>\r\n<!-- Anuncio display - global -->\r\n<ins class=\"adsbygoogle\"\r\n     style=\"display:block\"\r\n     data-ad-client=\"ca-pub-8585364105181520\"\r\n     data-ad-slot=\"8789329856\"\r\n     data-ad-format=\"auto\"\r\n     data-full-width-responsive=\"true\"><\/ins>\r\n<script>\r\n     (adsbygoogle = window.adsbygoogle || []).push({});\r\n<\/script>\n<\/div>\n<p>Em 1968 nasceu a <strong>Casa Vieira Macei\u00f3<\/strong>, um importante s\u00edmbolo do varejo alagoano e uma das empresas mais admiradas do seu setor.<\/p>\n<p>Aquela pequena loja na rua moreira lima, em macei\u00f3, cresceu, ganhou for\u00e7a e se expandiu, Conquistando prefer\u00eancias, superando concorr\u00eancias, tornando-se a mais importante loja de Departamentos de alagoas.<\/p>\n<p><img loading=\"lazy\" decoding=\"async\" class=\"aligncenter wp-image-1976 size-full\" title=\"Casa Vieira Macei\u00f3\" src=\"https:\/\/www.encontramaceio.com.br\/sobre\/wp-content\/uploads\/2019\/02\/casa-vieira-maceio.jpg\" alt=\"Casa Vieira Macei\u00f3\" width=\"680\" height=\"189\" srcset=\"https:\/\/www.encontramaceio.com.br\/sobre\/wp-content\/uploads\/2019\/02\/casa-vieira-maceio.jpg 680w, https:\/\/www.encontramaceio.com.br\/sobre\/wp-content\/uploads\/2019\/02\/casa-vieira-maceio-300x83.jpg 300w\" sizes=\"auto, (max-width: 680px) 100vw, 680px\" \/><\/p>\n<p>Tradicional e pioneira, a casa vieira \u00e9 genuinamente alagoana, carregando em cada alicerce a Gratid\u00e3o e o compromisso com sua terra e seus conterr\u00e2neos. 50 anos depois, \u00e9 reconhecida como uma empresa constru\u00edda com a solidez do trabalho, do Compromisso com cada colaborador e com o respeito a cada um dos seus fornecedores. A pequena loja se desenvolveu, tornando-se a semente de um complexo com quatro grandes E modernas lojas, distribu\u00eddas nos principais centros urbanos de macei\u00f3: centro, farol, shopping P\u00e1tio macei\u00f3 e a loja praia, no bairro de cruz das almas. E mais uma j\u00e1 em estudo e projetada Para se concretizar.<\/p>\n<p>Hoje, a casa vieira gera mais de 750 empregos diretos e se orgulha de contar com colaboradores Satisfeitos e de ser uma das maiores arrecadadoras de icms de alagoas. E essas caracter\u00edsticas s\u00e3o de fundamental import\u00e2ncia para o futuro de diversas fam\u00edlias e para O desenvolvimento econ\u00f4mico e estrutural do estado. Com sua estrat\u00e9gia de comunica\u00e7\u00e3o moderna e arrojada, a casa vieira rompe fronteiras e ganha Notoriedade e respeito equiparando-se \u00e0s principais lojas de departamento do pa\u00eds. Tudo isso, Sem sair da terra que tanto ama. Um lugar onde todos se sentem em casa, do colaborador ao cliente. Da dire\u00e7\u00e3o ao marketing. Um lugar do seu jeito, da sua maneira e que faz tudo para mostrar que\u2026 L\u00e1 voc\u00ea pode mais.<\/p>\n<h2>Casa Vieira Macei\u00f3 Aprendiz Legal<\/h2>\n<p>O <span style=\"text-decoration: underline;\">Aprendiz Legal<\/span> \u00e9 um programa de aprendizagem voltado para a prepara\u00e7\u00e3o e inser\u00e7\u00e3o de jovens no mundo do trabalho, que se apoia na Lei 10.097\/2000, a Lei da Aprendizagem. Com o Aprendiz Legal, pretendemos contribuir para a forma\u00e7\u00e3o de jovens aut\u00f4nomos, que saibam fazer novas leituras de mundo, tomar decis\u00f5es e intervir de forma positiva na sociedade. Acreditamos que \u00e9 responsabilidade compartilhada do Estado, da sociedade, da fam\u00edlia e dos pr\u00f3prios jovens fortalecer sua autoestima e sua condi\u00e7\u00e3o de cidad\u00e3os por meio do trabalho.<\/p>\n<p>A profissionaliza\u00e7\u00e3o do jovem \u00e9 uma etapa do seu processo educativo (ECA, art. 62) e, portanto, a raz\u00e3o de ser do trabalho \u00e9 a forma\u00e7\u00e3o, n\u00e3o a produ\u00e7\u00e3o. O <em>programa Aprendiz Legal<\/em>, ao basear-se na Lei 10.097\/2000 e em sua regulamenta\u00e7\u00e3o, o Decreto n\u00ba 5598\/2005, legitima a inten\u00e7\u00e3o e os esfor\u00e7os para contribuir com a empregabilidade de nossos jovens, especialmente os menos privilegiados. Este \u00e9 um passo para integrar a sociedade em torno de uma causa comum: atender \u00e0 necessidade dos jovens com suas diferen\u00e7as individuais, suas condi\u00e7\u00f5es espec\u00edficas, aprendendo a conviver com a diversidade humana sem preconceitos.<\/p>\n<h3>Casa Vieira Macei\u00f3 Trabalhe Conosco<\/h3>\n<p>Para aqueles que almejam <em>trabalhar<\/em> em uma empresa que preza por realizar servi\u00e7os da mais alta qualidade, e que zela por seus colaboradores e profissionalismo sempre, estes profissionais devem <em>trabalhar<\/em> na Casa Vieira Macei\u00f3, acesse o site para enviar seu <span style=\"text-decoration: underline;\">curr\u00edculo<\/span>.<\/p>\n<h3>Hor\u00e1rio de Funcionamento Casa Vieira Macei\u00f3<\/h3>\n<ul>\n<li><strong>Farol:<\/strong> Segunda a s\u00e1bado das 8h30 \u00e0s 21h \/ Domingo das 9h \u00e0s 20h<\/li>\n<li><strong>Cruz das Almas:<\/strong> Segunda a s\u00e1bado das 08h30 \u00e0s 21h \/ Domingo das 08h30 \u00e0s 20h<\/li>\n<li><strong>Cidade Universit\u00e1ria:<\/strong> Segunda a s\u00e1bado das 10h \u00e0s 22h \/ Domingo das 10 \u00e0s 20h<\/li>\n<li><strong>Centro:<\/strong> Segunda a sexta das 8h \u00e0s 18h \/ S\u00e1bado das 8h \u00e0s 14h<\/li>\n<\/ul>\n<h3>Onde Fica, Endere\u00e7o e Telefone Casa Vieira Macei\u00f3<\/h3>\n<ul>\n<li><strong>Farol:<\/strong> Av. Fernandes Lima, 2723 &#8211; Farol &#8211; Telefone: (82) 2123-4400<\/li>\n<li><strong>Cruz das Almas:<\/strong> Av. Comendador Gustavo Paiva, 4637 &#8211; Telefone: (82) 2123-4399<\/li>\n<li><strong>Cidade Universit\u00e1ria:<\/strong> Av. Menino Marcelo, 3800 &#8211; Telefone: (82) 2126-4500<\/li>\n<li><strong>Centro:<\/strong> Av. Moreira Lima, 310 &#8211; Centro &#8211; Telefone: (82) 2123-4467<\/li>\n<\/ul>\n<h4>Outras informa\u00e7\u00f5es e site<\/h4>\n<ul>\n<li>Mais informa\u00e7\u00f5es: <a href=\"http:\/\/www.casavieira.com.br\" target=\"_blank\" rel=\"noopener noreferrer\">www.casavieira.com.br<\/a><\/li>\n<\/ul>\n<h4>Mapa de localiza\u00e7\u00e3o Farol<\/h4>\n<a class=\"wp-colorbox-iframe\" href=\"https:\/\/www.google.com\/maps\/embed?pb=!1m18!1m12!1m3!1d15678848.139198715!2d-50.79287198568572!3d-16.381918295796655!2m3!1f0!2f0!3f0!3m2!1i1024!2i768!4f13.1!3m3!1m2!1s0x701458702d40add0x63efad80a043d5ab!2sCasa+Vieira!5e0!3m2!1spt-BR!2sbr!4v1550159943000\"><img decoding=\"async\" src=\"http:\/\/www.encontramaceio.com.br\/imgs\/maps-post.png\"><\/a>\n\n<div style=\"font-size: 0px; height: 0px; line-height: 0px; margin: 0; padding: 0; clear: both;\"><\/div>","protected":false},"excerpt":{"rendered":"<p>Em 1968 nasceu a Casa Vieira Macei\u00f3, um importante s\u00edmbolo do varejo alagoano e uma das empresas mais admiradas do seu setor. Aquela pequena loja na rua moreira lima, em macei\u00f3, cresceu, ganhou for\u00e7a e se expandiu, Conquistando prefer\u00eancias, superando concorr\u00eancias, tornando-se a mais importante loja de Departamentos de alagoas. Tradicional e pioneira, a casa vieira \u00e9 genuinamente alagoana, carregando em cada alicerce a Gratid\u00e3o e o compromisso com sua terra e seus conterr\u00e2neos. 50 anos depois, \u00e9 reconhecida como uma empresa constru\u00edda com a solidez do trabalho, do Compromisso com cada colaborador e com o respeito a cada um <\/p>\n","protected":false},"author":1,"featured_media":1976,"comment_status":"open","ping_status":"closed","sticky":false,"template":"","format":"standard","meta":{"footnotes":""},"categories":[35],"tags":[],"class_list":["post-1974","post","type-post","status-publish","format-standard","has-post-thumbnail","hentry","category-lojas-em-maceio","has_thumb"],"aioseo_notices":[],"_links":{"self":[{"href":"https:\/\/www.encontramaceio.com.br\/sobre\/wp-json\/wp\/v2\/posts\/1974","targetHints":{"allow":["GET"]}}],"collection":[{"href":"https:\/\/www.encontramaceio.com.br\/sobre\/wp-json\/wp\/v2\/posts"}],"about":[{"href":"https:\/\/www.encontramaceio.com.br\/sobre\/wp-json\/wp\/v2\/types\/post"}],"author":[{"embeddable":true,"href":"https:\/\/www.encontramaceio.com.br\/sobre\/wp-json\/wp\/v2\/users\/1"}],"replies":[{"embeddable":true,"href":"https:\/\/www.encontramaceio.com.br\/sobre\/wp-json\/wp\/v2\/comments?post=1974"}],"version-history":[{"count":1,"href":"https:\/\/www.encontramaceio.com.br\/sobre\/wp-json\/wp\/v2\/posts\/1974\/revisions"}],"predecessor-version":[{"id":1977,"href":"https:\/\/www.encontramaceio.com.br\/sobre\/wp-json\/wp\/v2\/posts\/1974\/revisions\/1977"}],"wp:featuredmedia":[{"embeddable":true,"href":"https:\/\/www.encontramaceio.com.br\/sobre\/wp-json\/wp\/v2\/media\/1976"}],"wp:attachment":[{"href":"https:\/\/www.encontramaceio.com.br\/sobre\/wp-json\/wp\/v2\/media?parent=1974"}],"wp:term":[{"taxonomy":"category","embeddable":true,"href":"https:\/\/www.encontramaceio.com.br\/sobre\/wp-json\/wp\/v2\/categories?post=1974"},{"taxonomy":"post_tag","embeddable":true,"href":"https:\/\/www.encontramaceio.com.br\/sobre\/wp-json\/wp\/v2\/tags?post=1974"}],"curies":[{"name":"wp","href":"https:\/\/api.w.org\/{rel}","templated":true}]}}